









{"id":8564,"date":"2019-11-13T17:15:01","date_gmt":"2019-11-13T15:15:01","guid":{"rendered":"https:\/\/peoplesphere.be\/fr\/?p=8564"},"modified":"2019-11-13T17:15:01","modified_gmt":"2019-11-13T15:15:01","slug":"place-mobile-learning-generation-entre-marche-travail-va-bousculer-habitudes-matiere-de-formation","status":"publish","type":"post","link":"https:\/\/peoplesphere.be\/fr\/place-mobile-learning-generation-entre-marche-travail-va-bousculer-habitudes-matiere-de-formation\/","title":{"rendered":"Place au Mobile Learning&#8230; ou comment la g\u00e9n\u00e9ration qui entre sur le march\u00e9 du travail va bousculer les habitudes en mati\u00e8re de formation."},"content":{"rendered":"<p>Le monde de la formation change et le monde de la formation digitale suit la cadence. Loin des heures de formation &lsquo;e-learning&rsquo; produites dans les ann\u00e9es 2000, contenu qui s\u2019apparentait plus \u00e0 du &lsquo;e-boring&rsquo;, l\u2019approche digitale de la formation prend un second souffle en changeant de &lsquo;device&rsquo;!\u00a0En effet, selon une enqu\u00eate du SPF \u00c9conomie de 2016, le pourcentage d\u2019utilisateurs qui surfent via leur smartphone est de 88% dans la tranche 25-34 ans, de 80% dans la tranche 35-44 ans. Aucun doute que ce pourcentage a \u00e9volu\u00e9 encore depuis lors.<em> \u00ab\u00a0Nous avons les bases d\u2019un changement de paradigme, principalement pour la g\u00e9n\u00e9ration qui entre dans le monde du travail,\u00a0\u00bb<\/em> soutient David Boulanger, d\u00e9sormais Country Manager de Teach on Mars.<!--more--><\/p>\n<p>Teach on Mars, \u00e9diteur de logiciel, a \u00e9t\u00e9 le pionnier sur le march\u00e9 du \u00ab\u00a0mobile learning\u201c en 2013 avec la toute premi\u00e8re plateforme de formation digitale \u201dmobile first\u201d, permettant aux apprenants de se former n&rsquo;importe o\u00f9, n&rsquo;importe quand et sur n\u2019importe quel device. Son \u00e9quipe de 80 collaborateurs, appuy\u00e9e d\u2019un r\u00e9seau de 50 partenaires internationaux, poursuit son expansion g\u00e9ographique afin de consolider son leadership europ\u00e9en dans le secteur du mobile learning. Elle annonce aujourd\u2019hui le d\u00e9ploiement de son activit\u00e9 en Belgique via une expansion au BeNeLux en souhaitant proposer \u00e0 ses organisations et apprenants le meilleur \u00e9cosyst\u00e8me de formation \u201cmobile first\u201c.<\/p>\n<p>Teach on Mars s\u2019appuie sur l\u2019expertise reconnue de David Boulanger en tant que \u201cCountry Manager\u201c pour orchestrer son d\u00e9ploiement au BeNeLux et y distribuer son offre de services \u00e0 destination des entreprises et des organisations. Avec dix-sept ann\u00e9es d\u2019exp\u00e9rience dans le secteur du digital learning, David Boulanger poursuit le d\u00e9veloppement des potentiels gr\u00e2ce \u00e0 un apprentissage multimodal et des solutions\u00a0ludiques et innovantes. <em>\u00ab\u00a0Je suis tr\u00e8s fier de repr\u00e9senter le leader europ\u00e9en du mobile learning en Belgique et au Benelux. J\u2019ai trouv\u00e9 dans la solution Teach on Mars une approche in\u00e9dite quant \u00e0 la mani\u00e8re de se former aujourd\u2019hui, avec un \u00e9cosyst\u00e8me innovant permettant de favoriser la mont\u00e9e en comp\u00e9tences des apprenants. J\u2019ai eu un v\u00e9ritable coup de coeur pour la marque et la solution !\u00a0\u00bb<\/em> pr\u00e9cise David Boulanger, Country Manager de Teach on Mars Belgique.<\/p>\n<p><em>\u00ab\u00a0Dans un environnement o\u00f9 nous ouvrons notre smartphone plus de 200 fois par jour, il est naturel que ce support ait un droit de cit\u00e9 dans les programmes de formation, et pas que pour ancrer un contenu ou comme pr\u00e9-requis.Le mobile learning est plus spontan\u00e9, intuitif, ergonomique et r\u00e9pond au besoin ambiant de nomadisme et de libert\u00e9. Les entreprises belges sont m\u00fbres, et souhaitent pour leur personnel que leur dispositif de formation soit plus accessible, plus facilement, en mode gaming et, de fa\u00e7on g\u00e9n\u00e9rale, plus court, tout en gardant une approche p\u00e9dagogique d\u2019apprentissage forte!\u00a0\u00bb<\/em><\/p>\n","protected":false},"excerpt":{"rendered":"<p>Le monde de la formation change et le monde de la formation digitale suit la cadence. Loin des heures de formation &lsquo;e-learning&rsquo; produites dans les ann\u00e9es 2000, contenu qui s\u2019apparentait plus \u00e0 du &lsquo;e-boring&rsquo;, l\u2019approche digitale de la formation prend [&hellip;]<\/p>\n","protected":false},"author":2,"featured_media":8567,"comment_status":"closed","ping_status":"open","sticky":false,"template":"","format":"standard","meta":[],"categories":[65,10],"tags":[77,419,48,51,37,2780],"yoast_head":"<!-- This site is optimized with the Yoast SEO plugin v21.0 - https:\/\/yoast.com\/wordpress\/plugins\/seo\/ -->\n<title>Place au Mobile Learning... ou comment la g\u00e9n\u00e9ration qui entre sur le march\u00e9 du travail va bousculer les habitudes en mati\u00e8re de formation. - Peoplesphere<\/title>\n<meta name=\"robots\" content=\"index, follow, max-snippet:-1, max-image-preview:large, max-video-preview:-1\" \/>\n<link rel=\"canonical\" href=\"https:\/\/peoplesphere.be\/fr\/place-mobile-learning-generation-entre-marche-travail-va-bousculer-habitudes-matiere-de-formation\/\" \/>\n<meta property=\"og:locale\" content=\"fr_FR\" \/>\n<meta property=\"og:type\" content=\"article\" \/>\n<meta property=\"og:title\" content=\"Place au Mobile Learning... ou comment la g\u00e9n\u00e9ration qui entre sur le march\u00e9 du travail va bousculer les habitudes en mati\u00e8re de formation. - Peoplesphere\" \/>\n<meta property=\"og:description\" content=\"Le monde de la formation change et le monde de la formation digitale suit la cadence. Loin des heures de formation &lsquo;e-learning&rsquo; produites dans les ann\u00e9es 2000, contenu qui s\u2019apparentait plus \u00e0 du &lsquo;e-boring&rsquo;, l\u2019approche digitale de la formation prend [&hellip;]\" \/>\n<meta property=\"og:url\" content=\"https:\/\/peoplesphere.be\/fr\/place-mobile-learning-generation-entre-marche-travail-va-bousculer-habitudes-matiere-de-formation\/\" \/>\n<meta property=\"og:site_name\" content=\"Peoplesphere\" \/>\n<meta property=\"article:publisher\" content=\"https:\/\/www.facebook.com\/peoplesphere\" \/>\n<meta property=\"article:published_time\" content=\"2019-11-13T15:15:01+00:00\" \/>\n<meta property=\"og:image\" content=\"https:\/\/peoplesphere.be\/fr\/wp-content\/uploads\/2019\/11\/Visuel_CP_CP_Partenariat_BeNeLux.jpg\" \/>\n\t<meta property=\"og:image:width\" content=\"1000\" \/>\n\t<meta property=\"og:image:height\" content=\"777\" \/>\n\t<meta property=\"og:image:type\" content=\"image\/jpeg\" \/>\n<meta name=\"author\" content=\"Jean-Paul Erhard\" \/>\n<meta name=\"twitter:card\" content=\"summary_large_image\" \/>\n<meta name=\"twitter:creator\" content=\"@PeoplesphereMag\" \/>\n<meta name=\"twitter:site\" content=\"@PeoplesphereMag\" \/>\n<meta name=\"twitter:label1\" content=\"\u00c9crit par\" \/>\n\t<meta name=\"twitter:data1\" content=\"Jean-Paul Erhard\" \/>\n\t<meta name=\"twitter:label2\" content=\"Dur\u00e9e de lecture estim\u00e9e\" \/>\n\t<meta name=\"twitter:data2\" content=\"2 minutes\" \/>\n<script type=\"application\/ld+json\" class=\"yoast-schema-graph\">{\"@context\":\"https:\/\/schema.org\",\"@graph\":[{\"@type\":\"Article\",\"@id\":\"https:\/\/peoplesphere.be\/fr\/place-mobile-learning-generation-entre-marche-travail-va-bousculer-habitudes-matiere-de-formation\/#article\",\"isPartOf\":{\"@id\":\"https:\/\/peoplesphere.be\/fr\/place-mobile-learning-generation-entre-marche-travail-va-bousculer-habitudes-matiere-de-formation\/\"},\"author\":{\"name\":\"Jean-Paul Erhard\",\"@id\":\"https:\/\/peoplesphere.be\/fr\/#\/schema\/person\/7976225ff17988604334abb7b3536a7e\"},\"headline\":\"Place au Mobile Learning&#8230; ou comment la g\u00e9n\u00e9ration qui entre sur le march\u00e9 du travail va bousculer les habitudes en mati\u00e8re de formation.\",\"datePublished\":\"2019-11-13T15:15:01+00:00\",\"dateModified\":\"2019-11-13T15:15:01+00:00\",\"mainEntityOfPage\":{\"@id\":\"https:\/\/peoplesphere.be\/fr\/place-mobile-learning-generation-entre-marche-travail-va-bousculer-habitudes-matiere-de-formation\/\"},\"wordCount\":511,\"publisher\":{\"@id\":\"https:\/\/peoplesphere.be\/fr\/#organization\"},\"keywords\":[\"digital\",\"e-learning\",\"Formation\",\"Learning\",\"mobile\",\"Teach on Mars\"],\"articleSection\":[\"Actualit\u00e9s\",\"Digital\"],\"inLanguage\":\"fr-FR\"},{\"@type\":\"WebPage\",\"@id\":\"https:\/\/peoplesphere.be\/fr\/place-mobile-learning-generation-entre-marche-travail-va-bousculer-habitudes-matiere-de-formation\/\",\"url\":\"https:\/\/peoplesphere.be\/fr\/place-mobile-learning-generation-entre-marche-travail-va-bousculer-habitudes-matiere-de-formation\/\",\"name\":\"Place au Mobile Learning... ou comment la g\u00e9n\u00e9ration qui entre sur le march\u00e9 du travail va bousculer les habitudes en mati\u00e8re de formation. - Peoplesphere\",\"isPartOf\":{\"@id\":\"https:\/\/peoplesphere.be\/fr\/#website\"},\"datePublished\":\"2019-11-13T15:15:01+00:00\",\"dateModified\":\"2019-11-13T15:15:01+00:00\",\"breadcrumb\":{\"@id\":\"https:\/\/peoplesphere.be\/fr\/place-mobile-learning-generation-entre-marche-travail-va-bousculer-habitudes-matiere-de-formation\/#breadcrumb\"},\"inLanguage\":\"fr-FR\",\"potentialAction\":[{\"@type\":\"ReadAction\",\"target\":[\"https:\/\/peoplesphere.be\/fr\/place-mobile-learning-generation-entre-marche-travail-va-bousculer-habitudes-matiere-de-formation\/\"]}]},{\"@type\":\"BreadcrumbList\",\"@id\":\"https:\/\/peoplesphere.be\/fr\/place-mobile-learning-generation-entre-marche-travail-va-bousculer-habitudes-matiere-de-formation\/#breadcrumb\",\"itemListElement\":[{\"@type\":\"ListItem\",\"position\":1,\"name\":\"Accueil\",\"item\":\"https:\/\/peoplesphere.be\/fr\/\"},{\"@type\":\"ListItem\",\"position\":2,\"name\":\"Place au Mobile Learning&#8230; ou comment la g\u00e9n\u00e9ration qui entre sur le march\u00e9 du travail va bousculer les habitudes en mati\u00e8re de formation.\"}]},{\"@type\":\"WebSite\",\"@id\":\"https:\/\/peoplesphere.be\/fr\/#website\",\"url\":\"https:\/\/peoplesphere.be\/fr\/\",\"name\":\"Peoplesphere\",\"description\":\"The People Managers Magazine\",\"publisher\":{\"@id\":\"https:\/\/peoplesphere.be\/fr\/#organization\"},\"potentialAction\":[{\"@type\":\"SearchAction\",\"target\":{\"@type\":\"EntryPoint\",\"urlTemplate\":\"https:\/\/peoplesphere.be\/fr\/?s={search_term_string}\"},\"query-input\":\"required name=search_term_string\"}],\"inLanguage\":\"fr-FR\"},{\"@type\":\"Organization\",\"@id\":\"https:\/\/peoplesphere.be\/fr\/#organization\",\"name\":\"Peoplesphere Company srl\",\"url\":\"https:\/\/peoplesphere.be\/fr\/\",\"logo\":{\"@type\":\"ImageObject\",\"inLanguage\":\"fr-FR\",\"@id\":\"https:\/\/peoplesphere.be\/fr\/#\/schema\/logo\/image\/\",\"url\":\"https:\/\/peoplesphere.be\/fr\/wp-content\/uploads\/2023\/07\/peoplesphere-lgo-new-generik.jpg\",\"contentUrl\":\"https:\/\/peoplesphere.be\/fr\/wp-content\/uploads\/2023\/07\/peoplesphere-lgo-new-generik.jpg\",\"width\":1031,\"height\":1479,\"caption\":\"Peoplesphere Company srl\"},\"image\":{\"@id\":\"https:\/\/peoplesphere.be\/fr\/#\/schema\/logo\/image\/\"},\"sameAs\":[\"https:\/\/www.facebook.com\/peoplesphere\",\"https:\/\/twitter.com\/PeoplesphereMag\",\"https:\/\/www.linkedin.com\/company\/7587361?trk\",\"http:\/\/youtube.com\/peoplesphere\"]},{\"@type\":\"Person\",\"@id\":\"https:\/\/peoplesphere.be\/fr\/#\/schema\/person\/7976225ff17988604334abb7b3536a7e\",\"name\":\"Jean-Paul Erhard\",\"image\":{\"@type\":\"ImageObject\",\"inLanguage\":\"fr-FR\",\"@id\":\"https:\/\/peoplesphere.be\/fr\/#\/schema\/person\/image\/\",\"url\":\"https:\/\/secure.gravatar.com\/avatar\/f941e681460179738071629a51574930?s=96&d=mm&r=g\",\"contentUrl\":\"https:\/\/secure.gravatar.com\/avatar\/f941e681460179738071629a51574930?s=96&d=mm&r=g\",\"caption\":\"Jean-Paul Erhard\"},\"url\":\"https:\/\/peoplesphere.be\/fr\/author\/jpe\/\"}]}<\/script>\n<!-- \/ Yoast SEO plugin. -->","yoast_head_json":{"title":"Place au Mobile Learning... ou comment la g\u00e9n\u00e9ration qui entre sur le march\u00e9 du travail va bousculer les habitudes en mati\u00e8re de formation. - Peoplesphere","robots":{"index":"index","follow":"follow","max-snippet":"max-snippet:-1","max-image-preview":"max-image-preview:large","max-video-preview":"max-video-preview:-1"},"canonical":"https:\/\/peoplesphere.be\/fr\/place-mobile-learning-generation-entre-marche-travail-va-bousculer-habitudes-matiere-de-formation\/","og_locale":"fr_FR","og_type":"article","og_title":"Place au Mobile Learning... ou comment la g\u00e9n\u00e9ration qui entre sur le march\u00e9 du travail va bousculer les habitudes en mati\u00e8re de formation. - Peoplesphere","og_description":"Le monde de la formation change et le monde de la formation digitale suit la cadence. Loin des heures de formation &lsquo;e-learning&rsquo; produites dans les ann\u00e9es 2000, contenu qui s\u2019apparentait plus \u00e0 du &lsquo;e-boring&rsquo;, l\u2019approche digitale de la formation prend [&hellip;]","og_url":"https:\/\/peoplesphere.be\/fr\/place-mobile-learning-generation-entre-marche-travail-va-bousculer-habitudes-matiere-de-formation\/","og_site_name":"Peoplesphere","article_publisher":"https:\/\/www.facebook.com\/peoplesphere","article_published_time":"2019-11-13T15:15:01+00:00","og_image":[{"width":1000,"height":777,"url":"https:\/\/peoplesphere.be\/fr\/wp-content\/uploads\/2019\/11\/Visuel_CP_CP_Partenariat_BeNeLux.jpg","type":"image\/jpeg"}],"author":"Jean-Paul Erhard","twitter_card":"summary_large_image","twitter_creator":"@PeoplesphereMag","twitter_site":"@PeoplesphereMag","twitter_misc":{"\u00c9crit par":"Jean-Paul Erhard","Dur\u00e9e de lecture estim\u00e9e":"2 minutes"},"schema":{"@context":"https:\/\/schema.org","@graph":[{"@type":"Article","@id":"https:\/\/peoplesphere.be\/fr\/place-mobile-learning-generation-entre-marche-travail-va-bousculer-habitudes-matiere-de-formation\/#article","isPartOf":{"@id":"https:\/\/peoplesphere.be\/fr\/place-mobile-learning-generation-entre-marche-travail-va-bousculer-habitudes-matiere-de-formation\/"},"author":{"name":"Jean-Paul Erhard","@id":"https:\/\/peoplesphere.be\/fr\/#\/schema\/person\/7976225ff17988604334abb7b3536a7e"},"headline":"Place au Mobile Learning&#8230; ou comment la g\u00e9n\u00e9ration qui entre sur le march\u00e9 du travail va bousculer les habitudes en mati\u00e8re de formation.","datePublished":"2019-11-13T15:15:01+00:00","dateModified":"2019-11-13T15:15:01+00:00","mainEntityOfPage":{"@id":"https:\/\/peoplesphere.be\/fr\/place-mobile-learning-generation-entre-marche-travail-va-bousculer-habitudes-matiere-de-formation\/"},"wordCount":511,"publisher":{"@id":"https:\/\/peoplesphere.be\/fr\/#organization"},"keywords":["digital","e-learning","Formation","Learning","mobile","Teach on Mars"],"articleSection":["Actualit\u00e9s","Digital"],"inLanguage":"fr-FR"},{"@type":"WebPage","@id":"https:\/\/peoplesphere.be\/fr\/place-mobile-learning-generation-entre-marche-travail-va-bousculer-habitudes-matiere-de-formation\/","url":"https:\/\/peoplesphere.be\/fr\/place-mobile-learning-generation-entre-marche-travail-va-bousculer-habitudes-matiere-de-formation\/","name":"Place au Mobile Learning... ou comment la g\u00e9n\u00e9ration qui entre sur le march\u00e9 du travail va bousculer les habitudes en mati\u00e8re de formation. - Peoplesphere","isPartOf":{"@id":"https:\/\/peoplesphere.be\/fr\/#website"},"datePublished":"2019-11-13T15:15:01+00:00","dateModified":"2019-11-13T15:15:01+00:00","breadcrumb":{"@id":"https:\/\/peoplesphere.be\/fr\/place-mobile-learning-generation-entre-marche-travail-va-bousculer-habitudes-matiere-de-formation\/#breadcrumb"},"inLanguage":"fr-FR","potentialAction":[{"@type":"ReadAction","target":["https:\/\/peoplesphere.be\/fr\/place-mobile-learning-generation-entre-marche-travail-va-bousculer-habitudes-matiere-de-formation\/"]}]},{"@type":"BreadcrumbList","@id":"https:\/\/peoplesphere.be\/fr\/place-mobile-learning-generation-entre-marche-travail-va-bousculer-habitudes-matiere-de-formation\/#breadcrumb","itemListElement":[{"@type":"ListItem","position":1,"name":"Accueil","item":"https:\/\/peoplesphere.be\/fr\/"},{"@type":"ListItem","position":2,"name":"Place au Mobile Learning&#8230; ou comment la g\u00e9n\u00e9ration qui entre sur le march\u00e9 du travail va bousculer les habitudes en mati\u00e8re de formation."}]},{"@type":"WebSite","@id":"https:\/\/peoplesphere.be\/fr\/#website","url":"https:\/\/peoplesphere.be\/fr\/","name":"Peoplesphere","description":"The People Managers Magazine","publisher":{"@id":"https:\/\/peoplesphere.be\/fr\/#organization"},"potentialAction":[{"@type":"SearchAction","target":{"@type":"EntryPoint","urlTemplate":"https:\/\/peoplesphere.be\/fr\/?s={search_term_string}"},"query-input":"required name=search_term_string"}],"inLanguage":"fr-FR"},{"@type":"Organization","@id":"https:\/\/peoplesphere.be\/fr\/#organization","name":"Peoplesphere Company srl","url":"https:\/\/peoplesphere.be\/fr\/","logo":{"@type":"ImageObject","inLanguage":"fr-FR","@id":"https:\/\/peoplesphere.be\/fr\/#\/schema\/logo\/image\/","url":"https:\/\/peoplesphere.be\/fr\/wp-content\/uploads\/2023\/07\/peoplesphere-lgo-new-generik.jpg","contentUrl":"https:\/\/peoplesphere.be\/fr\/wp-content\/uploads\/2023\/07\/peoplesphere-lgo-new-generik.jpg","width":1031,"height":1479,"caption":"Peoplesphere Company srl"},"image":{"@id":"https:\/\/peoplesphere.be\/fr\/#\/schema\/logo\/image\/"},"sameAs":["https:\/\/www.facebook.com\/peoplesphere","https:\/\/twitter.com\/PeoplesphereMag","https:\/\/www.linkedin.com\/company\/7587361?trk","http:\/\/youtube.com\/peoplesphere"]},{"@type":"Person","@id":"https:\/\/peoplesphere.be\/fr\/#\/schema\/person\/7976225ff17988604334abb7b3536a7e","name":"Jean-Paul Erhard","image":{"@type":"ImageObject","inLanguage":"fr-FR","@id":"https:\/\/peoplesphere.be\/fr\/#\/schema\/person\/image\/","url":"https:\/\/secure.gravatar.com\/avatar\/f941e681460179738071629a51574930?s=96&d=mm&r=g","contentUrl":"https:\/\/secure.gravatar.com\/avatar\/f941e681460179738071629a51574930?s=96&d=mm&r=g","caption":"Jean-Paul Erhard"},"url":"https:\/\/peoplesphere.be\/fr\/author\/jpe\/"}]}},"_links":{"self":[{"href":"https:\/\/peoplesphere.be\/fr\/wp-json\/wp\/v2\/posts\/8564"}],"collection":[{"href":"https:\/\/peoplesphere.be\/fr\/wp-json\/wp\/v2\/posts"}],"about":[{"href":"https:\/\/peoplesphere.be\/fr\/wp-json\/wp\/v2\/types\/post"}],"author":[{"embeddable":true,"href":"https:\/\/peoplesphere.be\/fr\/wp-json\/wp\/v2\/users\/2"}],"replies":[{"embeddable":true,"href":"https:\/\/peoplesphere.be\/fr\/wp-json\/wp\/v2\/comments?post=8564"}],"version-history":[{"count":3,"href":"https:\/\/peoplesphere.be\/fr\/wp-json\/wp\/v2\/posts\/8564\/revisions"}],"predecessor-version":[{"id":8569,"href":"https:\/\/peoplesphere.be\/fr\/wp-json\/wp\/v2\/posts\/8564\/revisions\/8569"}],"wp:featuredmedia":[{"embeddable":true,"href":"https:\/\/peoplesphere.be\/fr\/wp-json\/wp\/v2\/media\/8567"}],"wp:attachment":[{"href":"https:\/\/peoplesphere.be\/fr\/wp-json\/wp\/v2\/media?parent=8564"}],"wp:term":[{"taxonomy":"category","embeddable":true,"href":"https:\/\/peoplesphere.be\/fr\/wp-json\/wp\/v2\/categories?post=8564"},{"taxonomy":"post_tag","embeddable":true,"href":"https:\/\/peoplesphere.be\/fr\/wp-json\/wp\/v2\/tags?post=8564"}],"curies":[{"name":"wp","href":"https:\/\/api.w.org\/{rel}","templated":true}]}}