









{"id":8570,"date":"2019-11-14T05:50:55","date_gmt":"2019-11-14T03:50:55","guid":{"rendered":"https:\/\/peoplesphere.be\/fr\/?p=8570"},"modified":"2019-11-14T05:50:55","modified_gmt":"2019-11-14T03:50:55","slug":"51-000-wallons-travaillent-flandre-bilinguisme-ne-semble-indispensable","status":"publish","type":"post","link":"https:\/\/peoplesphere.be\/fr\/51-000-wallons-travaillent-flandre-bilinguisme-ne-semble-indispensable\/","title":{"rendered":"51.000 Wallons travaillent en Flandre et le bilinguisme ne semble pas indispensable&#8230;"},"content":{"rendered":"<p>Le Forem et le VDAB collaborent activement pour encourager la mobilit\u00e9 interr\u00e9gionale. Tout au long de la Werkweek qui se tiendra du 18 au 22 novembre \u2013 autrement dit la semaine du \u00ab travail en Flandre \u00bb \u2013, pr\u00e8s de 40 activit\u00e9s seront organis\u00e9es sur l\u2019ensemble de la r\u00e9gion, afin d\u2019encourager les demandeurs d\u2019emploi \u00e0 postuler aussi en Flandre. Pour 2019, 21.752 demandeurs d\u2019emploi ont \u00e9t\u00e9 engag\u00e9s dans une entreprise flamande soit une augmentation de 10 % par rapport \u00e0 la m\u00eame \u00e9poque l\u2019ann\u00e9e pass\u00e9e.<!--more--><\/p>\n<p>Actuellement, La Werkweek constitue une opportunit\u00e9 pour tout savoir sur le march\u00e9 de l\u2019emploi en Flandre : les conseillers en mobilit\u00e9 interr\u00e9gionale r\u00e9pondent \u00e0 toutes les questions et accueillent les demandeurs d\u2019emploi lors d\u2019ateliers et de s\u00e9ances d\u2019infos pour les pr\u00e9parer au travail en Flandre. C\u2019est l\u2019occasion de s&rsquo;informer sur les opportunit\u00e9s de travail en Flandre, de\u00a0rechercher des offres d\u2019emploi ou m\u00eame recevoir des propositions concr\u00e8tes d\u2019emploi en Flandre,\u00a0ou encore de s&rsquo;inscrire comme demandeur d\u2019emploi sur le site du VDAB et recevoir ainsi des offres d\u2019emploi de Flandre.<\/p>\n<p>Des Job Days sont organis\u00e9s \u00e0 Louvain-la-Neuve le 21 novembre de 9h \u00e0 12h pour la STIB, Bpost et Unique interim, \u00e0 Mouscron le 23 novembre de 9h30 \u00e0 12h et \u00e0 Genk le 21 novembre, de 13 \u00e0 19 heures, en collaboration avec le VDAB. Pour ce dernier Job Day, pr\u00e8s d\u2019une centaine d\u2019entreprises \u00e0 la recherche de nombreux talents seront pr\u00e9sentes. Les secteurs repr\u00e9sent\u00e9s sont nombreux : industrie, construction, bois, secteur vert, transport, logistique, entretien-nettoyage, soins de sant\u00e9, commerce, pouvoirs publics\u2026 Afin de mettre les demandeurs d\u2019emploi dans les meilleures conditions, des s\u00e9ances de coaching pr\u00e9alables au Job Day sont propos\u00e9es aux participants et des trajets en car sont organis\u00e9s.<\/p>\n<p><strong><em>Bilinguisme indispensable ?<\/em><\/strong><\/p>\n<p>Contrairement aux id\u00e9es re\u00e7ues, il faut savoir que 80% des offres d\u2019emploi diffus\u00e9es sur le territoire wallon concernant un job en Flandre ne demandent pas ou peu de connaissance du n\u00e9erlandais. N\u00e9anmoins, lors de la Werkweek, les demandeurs d\u2019emploi qui le souhaitent pourront n\u00e9anmoins s\u2019informer sur les diff\u00e9rentes formations en n\u00e9erlandais disponibles au Forem, passer un test pour \u00e9valuer leur niveau de langue sur l\u2019\u00e9chelle europ\u00e9enne (ELAO) ou participer \u00e0 un cours d\u2019essai. En 2018, le Forem a dispens\u00e9 plus de 120.000 heures de formation en n\u00e9erlandais. Les aides \u00e0 l\u2019embauche Impulsion sont \u00e9galement valables pour les entreprises en Flandre<\/p>\n<p>Une collaboration forte existe depuis 2008 entre le VDAB et le Forem dans la gestion des offres d\u2019emploi \u00e9manant des entreprises flamandes. Ce travail collaboratif se nourrit de part et d\u2019autre d\u2019efforts importants de sensibilisation des entreprises flamandes \u00e0 l\u2019accueil des demandeurs d\u2019emploi wallons, et des demandeurs d\u2019emploi wallons aux nombreuses opportunit\u00e9s d\u2019emploi offertes au sein d\u2019entreprises flamandes.<\/p>\n<p>La collaboration entre les services du Forem et du VDAB porte prioritairement sur les emplois vacants en Flandre qui correspondent \u00e0 des profils pour lesquels la Wallonie dispose d\u2019un important volume de main-d\u2019\u0153uvre disponible. Entre janvier et octobre 2019, le Forem a g\u00e9r\u00e9 plus de 3.000 opportunit\u00e9s d\u2019emploi ; le VDAB a diffus\u00e9 sur le site du Forem plus de 60.000 offres.<\/p>\n<p><em>Source: Forem<\/em><\/p>\n","protected":false},"excerpt":{"rendered":"<p>Le Forem et le VDAB collaborent activement pour encourager la mobilit\u00e9 interr\u00e9gionale. Tout au long de la Werkweek qui se tiendra du 18 au 22 novembre \u2013 autrement dit la semaine du \u00ab travail en Flandre \u00bb \u2013, pr\u00e8s de [&hellip;]<\/p>\n","protected":false},"author":2,"featured_media":0,"comment_status":"closed","ping_status":"open","sticky":false,"template":"","format":"standard","meta":[],"categories":[65,10],"tags":[2781,1957,331,48,72,1287,2782],"yoast_head":"<!-- This site is optimized with the Yoast SEO plugin v21.0 - https:\/\/yoast.com\/wordpress\/plugins\/seo\/ -->\n<title>51.000 Wallons travaillent en Flandre et le bilinguisme ne semble pas indispensable... - Peoplesphere<\/title>\n<meta name=\"robots\" content=\"index, follow, max-snippet:-1, max-image-preview:large, max-video-preview:-1\" \/>\n<link rel=\"canonical\" href=\"https:\/\/peoplesphere.be\/fr\/51-000-wallons-travaillent-flandre-bilinguisme-ne-semble-indispensable\/\" \/>\n<meta property=\"og:locale\" content=\"fr_FR\" \/>\n<meta property=\"og:type\" content=\"article\" \/>\n<meta property=\"og:title\" content=\"51.000 Wallons travaillent en Flandre et le bilinguisme ne semble pas indispensable... - Peoplesphere\" \/>\n<meta property=\"og:description\" content=\"Le Forem et le VDAB collaborent activement pour encourager la mobilit\u00e9 interr\u00e9gionale. Tout au long de la Werkweek qui se tiendra du 18 au 22 novembre \u2013 autrement dit la semaine du \u00ab travail en Flandre \u00bb \u2013, pr\u00e8s de [&hellip;]\" \/>\n<meta property=\"og:url\" content=\"https:\/\/peoplesphere.be\/fr\/51-000-wallons-travaillent-flandre-bilinguisme-ne-semble-indispensable\/\" \/>\n<meta property=\"og:site_name\" content=\"Peoplesphere\" \/>\n<meta property=\"article:publisher\" content=\"https:\/\/www.facebook.com\/peoplesphere\" \/>\n<meta property=\"article:published_time\" content=\"2019-11-14T03:50:55+00:00\" \/>\n<meta property=\"og:image\" content=\"http:\/\/www.peoplesphere.be\/fr\/wp-content\/uploads\/2016\/07\/facebook-default-posting-1200x628px.jpg\" \/>\n<meta name=\"author\" content=\"Jean-Paul Erhard\" \/>\n<meta name=\"twitter:card\" content=\"summary_large_image\" \/>\n<meta name=\"twitter:creator\" content=\"@PeoplesphereMag\" \/>\n<meta name=\"twitter:site\" content=\"@PeoplesphereMag\" \/>\n<meta name=\"twitter:label1\" content=\"\u00c9crit par\" \/>\n\t<meta name=\"twitter:data1\" content=\"Jean-Paul Erhard\" \/>\n\t<meta name=\"twitter:label2\" content=\"Dur\u00e9e de lecture estim\u00e9e\" \/>\n\t<meta name=\"twitter:data2\" content=\"3 minutes\" \/>\n<script type=\"application\/ld+json\" class=\"yoast-schema-graph\">{\"@context\":\"https:\/\/schema.org\",\"@graph\":[{\"@type\":\"Article\",\"@id\":\"https:\/\/peoplesphere.be\/fr\/51-000-wallons-travaillent-flandre-bilinguisme-ne-semble-indispensable\/#article\",\"isPartOf\":{\"@id\":\"https:\/\/peoplesphere.be\/fr\/51-000-wallons-travaillent-flandre-bilinguisme-ne-semble-indispensable\/\"},\"author\":{\"name\":\"Jean-Paul Erhard\",\"@id\":\"https:\/\/peoplesphere.be\/fr\/#\/schema\/person\/7976225ff17988604334abb7b3536a7e\"},\"headline\":\"51.000 Wallons travaillent en Flandre et le bilinguisme ne semble pas indispensable&#8230;\",\"datePublished\":\"2019-11-14T03:50:55+00:00\",\"dateModified\":\"2019-11-14T03:50:55+00:00\",\"mainEntityOfPage\":{\"@id\":\"https:\/\/peoplesphere.be\/fr\/51-000-wallons-travaillent-flandre-bilinguisme-ne-semble-indispensable\/\"},\"wordCount\":555,\"publisher\":{\"@id\":\"https:\/\/peoplesphere.be\/fr\/#organization\"},\"keywords\":[\"bilinguisme\",\"comp\u00e9tences linguistiques\",\"forem\",\"Formation\",\"recrutement\",\"vdab\",\"Werkweek\"],\"articleSection\":[\"Actualit\u00e9s\",\"Digital\"],\"inLanguage\":\"fr-FR\"},{\"@type\":\"WebPage\",\"@id\":\"https:\/\/peoplesphere.be\/fr\/51-000-wallons-travaillent-flandre-bilinguisme-ne-semble-indispensable\/\",\"url\":\"https:\/\/peoplesphere.be\/fr\/51-000-wallons-travaillent-flandre-bilinguisme-ne-semble-indispensable\/\",\"name\":\"51.000 Wallons travaillent en Flandre et le bilinguisme ne semble pas indispensable... - Peoplesphere\",\"isPartOf\":{\"@id\":\"https:\/\/peoplesphere.be\/fr\/#website\"},\"datePublished\":\"2019-11-14T03:50:55+00:00\",\"dateModified\":\"2019-11-14T03:50:55+00:00\",\"breadcrumb\":{\"@id\":\"https:\/\/peoplesphere.be\/fr\/51-000-wallons-travaillent-flandre-bilinguisme-ne-semble-indispensable\/#breadcrumb\"},\"inLanguage\":\"fr-FR\",\"potentialAction\":[{\"@type\":\"ReadAction\",\"target\":[\"https:\/\/peoplesphere.be\/fr\/51-000-wallons-travaillent-flandre-bilinguisme-ne-semble-indispensable\/\"]}]},{\"@type\":\"BreadcrumbList\",\"@id\":\"https:\/\/peoplesphere.be\/fr\/51-000-wallons-travaillent-flandre-bilinguisme-ne-semble-indispensable\/#breadcrumb\",\"itemListElement\":[{\"@type\":\"ListItem\",\"position\":1,\"name\":\"Accueil\",\"item\":\"https:\/\/peoplesphere.be\/fr\/\"},{\"@type\":\"ListItem\",\"position\":2,\"name\":\"51.000 Wallons travaillent en Flandre et le bilinguisme ne semble pas indispensable&#8230;\"}]},{\"@type\":\"WebSite\",\"@id\":\"https:\/\/peoplesphere.be\/fr\/#website\",\"url\":\"https:\/\/peoplesphere.be\/fr\/\",\"name\":\"Peoplesphere\",\"description\":\"The People Managers Magazine\",\"publisher\":{\"@id\":\"https:\/\/peoplesphere.be\/fr\/#organization\"},\"potentialAction\":[{\"@type\":\"SearchAction\",\"target\":{\"@type\":\"EntryPoint\",\"urlTemplate\":\"https:\/\/peoplesphere.be\/fr\/?s={search_term_string}\"},\"query-input\":\"required name=search_term_string\"}],\"inLanguage\":\"fr-FR\"},{\"@type\":\"Organization\",\"@id\":\"https:\/\/peoplesphere.be\/fr\/#organization\",\"name\":\"Peoplesphere Company srl\",\"url\":\"https:\/\/peoplesphere.be\/fr\/\",\"logo\":{\"@type\":\"ImageObject\",\"inLanguage\":\"fr-FR\",\"@id\":\"https:\/\/peoplesphere.be\/fr\/#\/schema\/logo\/image\/\",\"url\":\"https:\/\/peoplesphere.be\/fr\/wp-content\/uploads\/2023\/07\/peoplesphere-lgo-new-generik.jpg\",\"contentUrl\":\"https:\/\/peoplesphere.be\/fr\/wp-content\/uploads\/2023\/07\/peoplesphere-lgo-new-generik.jpg\",\"width\":1031,\"height\":1479,\"caption\":\"Peoplesphere Company srl\"},\"image\":{\"@id\":\"https:\/\/peoplesphere.be\/fr\/#\/schema\/logo\/image\/\"},\"sameAs\":[\"https:\/\/www.facebook.com\/peoplesphere\",\"https:\/\/twitter.com\/PeoplesphereMag\",\"https:\/\/www.linkedin.com\/company\/7587361?trk\",\"http:\/\/youtube.com\/peoplesphere\"]},{\"@type\":\"Person\",\"@id\":\"https:\/\/peoplesphere.be\/fr\/#\/schema\/person\/7976225ff17988604334abb7b3536a7e\",\"name\":\"Jean-Paul Erhard\",\"image\":{\"@type\":\"ImageObject\",\"inLanguage\":\"fr-FR\",\"@id\":\"https:\/\/peoplesphere.be\/fr\/#\/schema\/person\/image\/\",\"url\":\"https:\/\/secure.gravatar.com\/avatar\/f941e681460179738071629a51574930?s=96&d=mm&r=g\",\"contentUrl\":\"https:\/\/secure.gravatar.com\/avatar\/f941e681460179738071629a51574930?s=96&d=mm&r=g\",\"caption\":\"Jean-Paul Erhard\"},\"url\":\"https:\/\/peoplesphere.be\/fr\/author\/jpe\/\"}]}<\/script>\n<!-- \/ Yoast SEO plugin. -->","yoast_head_json":{"title":"51.000 Wallons travaillent en Flandre et le bilinguisme ne semble pas indispensable... - Peoplesphere","robots":{"index":"index","follow":"follow","max-snippet":"max-snippet:-1","max-image-preview":"max-image-preview:large","max-video-preview":"max-video-preview:-1"},"canonical":"https:\/\/peoplesphere.be\/fr\/51-000-wallons-travaillent-flandre-bilinguisme-ne-semble-indispensable\/","og_locale":"fr_FR","og_type":"article","og_title":"51.000 Wallons travaillent en Flandre et le bilinguisme ne semble pas indispensable... - Peoplesphere","og_description":"Le Forem et le VDAB collaborent activement pour encourager la mobilit\u00e9 interr\u00e9gionale. Tout au long de la Werkweek qui se tiendra du 18 au 22 novembre \u2013 autrement dit la semaine du \u00ab travail en Flandre \u00bb \u2013, pr\u00e8s de [&hellip;]","og_url":"https:\/\/peoplesphere.be\/fr\/51-000-wallons-travaillent-flandre-bilinguisme-ne-semble-indispensable\/","og_site_name":"Peoplesphere","article_publisher":"https:\/\/www.facebook.com\/peoplesphere","article_published_time":"2019-11-14T03:50:55+00:00","og_image":[{"url":"http:\/\/www.peoplesphere.be\/fr\/wp-content\/uploads\/2016\/07\/facebook-default-posting-1200x628px.jpg"}],"author":"Jean-Paul Erhard","twitter_card":"summary_large_image","twitter_creator":"@PeoplesphereMag","twitter_site":"@PeoplesphereMag","twitter_misc":{"\u00c9crit par":"Jean-Paul Erhard","Dur\u00e9e de lecture estim\u00e9e":"3 minutes"},"schema":{"@context":"https:\/\/schema.org","@graph":[{"@type":"Article","@id":"https:\/\/peoplesphere.be\/fr\/51-000-wallons-travaillent-flandre-bilinguisme-ne-semble-indispensable\/#article","isPartOf":{"@id":"https:\/\/peoplesphere.be\/fr\/51-000-wallons-travaillent-flandre-bilinguisme-ne-semble-indispensable\/"},"author":{"name":"Jean-Paul Erhard","@id":"https:\/\/peoplesphere.be\/fr\/#\/schema\/person\/7976225ff17988604334abb7b3536a7e"},"headline":"51.000 Wallons travaillent en Flandre et le bilinguisme ne semble pas indispensable&#8230;","datePublished":"2019-11-14T03:50:55+00:00","dateModified":"2019-11-14T03:50:55+00:00","mainEntityOfPage":{"@id":"https:\/\/peoplesphere.be\/fr\/51-000-wallons-travaillent-flandre-bilinguisme-ne-semble-indispensable\/"},"wordCount":555,"publisher":{"@id":"https:\/\/peoplesphere.be\/fr\/#organization"},"keywords":["bilinguisme","comp\u00e9tences linguistiques","forem","Formation","recrutement","vdab","Werkweek"],"articleSection":["Actualit\u00e9s","Digital"],"inLanguage":"fr-FR"},{"@type":"WebPage","@id":"https:\/\/peoplesphere.be\/fr\/51-000-wallons-travaillent-flandre-bilinguisme-ne-semble-indispensable\/","url":"https:\/\/peoplesphere.be\/fr\/51-000-wallons-travaillent-flandre-bilinguisme-ne-semble-indispensable\/","name":"51.000 Wallons travaillent en Flandre et le bilinguisme ne semble pas indispensable... - Peoplesphere","isPartOf":{"@id":"https:\/\/peoplesphere.be\/fr\/#website"},"datePublished":"2019-11-14T03:50:55+00:00","dateModified":"2019-11-14T03:50:55+00:00","breadcrumb":{"@id":"https:\/\/peoplesphere.be\/fr\/51-000-wallons-travaillent-flandre-bilinguisme-ne-semble-indispensable\/#breadcrumb"},"inLanguage":"fr-FR","potentialAction":[{"@type":"ReadAction","target":["https:\/\/peoplesphere.be\/fr\/51-000-wallons-travaillent-flandre-bilinguisme-ne-semble-indispensable\/"]}]},{"@type":"BreadcrumbList","@id":"https:\/\/peoplesphere.be\/fr\/51-000-wallons-travaillent-flandre-bilinguisme-ne-semble-indispensable\/#breadcrumb","itemListElement":[{"@type":"ListItem","position":1,"name":"Accueil","item":"https:\/\/peoplesphere.be\/fr\/"},{"@type":"ListItem","position":2,"name":"51.000 Wallons travaillent en Flandre et le bilinguisme ne semble pas indispensable&#8230;"}]},{"@type":"WebSite","@id":"https:\/\/peoplesphere.be\/fr\/#website","url":"https:\/\/peoplesphere.be\/fr\/","name":"Peoplesphere","description":"The People Managers Magazine","publisher":{"@id":"https:\/\/peoplesphere.be\/fr\/#organization"},"potentialAction":[{"@type":"SearchAction","target":{"@type":"EntryPoint","urlTemplate":"https:\/\/peoplesphere.be\/fr\/?s={search_term_string}"},"query-input":"required name=search_term_string"}],"inLanguage":"fr-FR"},{"@type":"Organization","@id":"https:\/\/peoplesphere.be\/fr\/#organization","name":"Peoplesphere Company srl","url":"https:\/\/peoplesphere.be\/fr\/","logo":{"@type":"ImageObject","inLanguage":"fr-FR","@id":"https:\/\/peoplesphere.be\/fr\/#\/schema\/logo\/image\/","url":"https:\/\/peoplesphere.be\/fr\/wp-content\/uploads\/2023\/07\/peoplesphere-lgo-new-generik.jpg","contentUrl":"https:\/\/peoplesphere.be\/fr\/wp-content\/uploads\/2023\/07\/peoplesphere-lgo-new-generik.jpg","width":1031,"height":1479,"caption":"Peoplesphere Company srl"},"image":{"@id":"https:\/\/peoplesphere.be\/fr\/#\/schema\/logo\/image\/"},"sameAs":["https:\/\/www.facebook.com\/peoplesphere","https:\/\/twitter.com\/PeoplesphereMag","https:\/\/www.linkedin.com\/company\/7587361?trk","http:\/\/youtube.com\/peoplesphere"]},{"@type":"Person","@id":"https:\/\/peoplesphere.be\/fr\/#\/schema\/person\/7976225ff17988604334abb7b3536a7e","name":"Jean-Paul Erhard","image":{"@type":"ImageObject","inLanguage":"fr-FR","@id":"https:\/\/peoplesphere.be\/fr\/#\/schema\/person\/image\/","url":"https:\/\/secure.gravatar.com\/avatar\/f941e681460179738071629a51574930?s=96&d=mm&r=g","contentUrl":"https:\/\/secure.gravatar.com\/avatar\/f941e681460179738071629a51574930?s=96&d=mm&r=g","caption":"Jean-Paul Erhard"},"url":"https:\/\/peoplesphere.be\/fr\/author\/jpe\/"}]}},"_links":{"self":[{"href":"https:\/\/peoplesphere.be\/fr\/wp-json\/wp\/v2\/posts\/8570"}],"collection":[{"href":"https:\/\/peoplesphere.be\/fr\/wp-json\/wp\/v2\/posts"}],"about":[{"href":"https:\/\/peoplesphere.be\/fr\/wp-json\/wp\/v2\/types\/post"}],"author":[{"embeddable":true,"href":"https:\/\/peoplesphere.be\/fr\/wp-json\/wp\/v2\/users\/2"}],"replies":[{"embeddable":true,"href":"https:\/\/peoplesphere.be\/fr\/wp-json\/wp\/v2\/comments?post=8570"}],"version-history":[{"count":1,"href":"https:\/\/peoplesphere.be\/fr\/wp-json\/wp\/v2\/posts\/8570\/revisions"}],"predecessor-version":[{"id":8571,"href":"https:\/\/peoplesphere.be\/fr\/wp-json\/wp\/v2\/posts\/8570\/revisions\/8571"}],"wp:attachment":[{"href":"https:\/\/peoplesphere.be\/fr\/wp-json\/wp\/v2\/media?parent=8570"}],"wp:term":[{"taxonomy":"category","embeddable":true,"href":"https:\/\/peoplesphere.be\/fr\/wp-json\/wp\/v2\/categories?post=8570"},{"taxonomy":"post_tag","embeddable":true,"href":"https:\/\/peoplesphere.be\/fr\/wp-json\/wp\/v2\/tags?post=8570"}],"curies":[{"name":"wp","href":"https:\/\/api.w.org\/{rel}","templated":true}]}}