









{"id":8580,"date":"2019-11-15T09:16:35","date_gmt":"2019-11-15T07:16:35","guid":{"rendered":"https:\/\/peoplesphere.be\/fr\/?p=8580"},"modified":"2019-11-15T09:16:35","modified_gmt":"2019-11-15T07:16:35","slug":"employeurs-cherchent-meilleur-equilibre-entre-temps-consacre-recrutement-celui-dedie-developpement-competences","status":"publish","type":"post","link":"https:\/\/peoplesphere.be\/fr\/employeurs-cherchent-meilleur-equilibre-entre-temps-consacre-recrutement-celui-dedie-developpement-competences\/","title":{"rendered":"Les employeurs cherchent encore le meilleur \u00e9quilibre entre le temps consacr\u00e9 au recrutement et celui d\u00e9di\u00e9 au d\u00e9veloppement des comp\u00e9tences."},"content":{"rendered":"<p>\u00c0 l\u2019heure actuelle, le potentiel constitue le principal crit\u00e8re d\u2019engagement des employ\u00e9s chez pr\u00e8s de 30 % des employeurs. Les connaissances et l\u2019exp\u00e9rience suivent \u00e0 la seconde place. Pas moins de 77 % des employeurs d\u00e9clarent encore proc\u00e9der \u00e0 l\u2019\u00e9valuation du potentiel apr\u00e8s l\u2019embauche, et 61,7 % le mesurent chaque ann\u00e9e. Selon l&rsquo;enqu\u00eate port\u00e9e par Acerta, m\u00eame si le recrutement sur base du potentiel \u00e0 d\u00e9velopper monte en puissance, il appara\u00eet que les mesures de ce potentiel ne sont pas encore bien exploit\u00e9es.<!--more--><\/p>\n<p>Le potentiel joue un r\u00f4le essentiel pour attirer de nouveaux collaborateurs, comme le confirment presque tous les employeurs. Toutefois, nous remarquons une diff\u00e9rence frappante entre les employ\u00e9s et les ouvriers : pour attirer des employ\u00e9s, 86 % d\u00e9clarent que le potentiel est tr\u00e8s voire extr\u00eamement important. Pour les ouvriers, les employeurs se montrent plus prudents : la majorit\u00e9 estime cela important, mais seuls 50 % y accordent une grande voire extr\u00eame importance.<\/p>\n<p>Beno\u00eet Caufriez, Director Acerta Consult :\u00a0<em>\u00ab Tout \u00e9volue tellement vite que cela a aussi l\u2019impact n\u00e9cessaire sur le lieu de travail. C\u2019est pourquoi il importe de ne pas s\u2019arr\u00eater \u00e0 l\u2019employabilit\u00e9 directe d&rsquo;un collaborateur aujourd&rsquo;hui. Le potentiel ne se limite pas aux comp\u00e9tences et \u00e0 la motivation ; il s\u2019agit aussi de la capacit\u00e9 d\u2019apprentissage, de la flexibilit\u00e9, de l\u2019attitude et de la correspondance avec les valeurs de votre organisation. Pour les ouvriers \u00e9galement, nous sommes persuad\u00e9s qu&rsquo;il est sans cesse plus important de se pencher davantage sur le potentiel, au lieu de v\u00e9rifier uniquement l\u2019expertise directe. \u00bb<\/em><\/p>\n<p><em><strong>Consid\u00e9rer le potentiel en priorit\u00e9 lors de l\u2019embauche d&rsquo;un employ\u00e9?<\/strong><\/em><\/p>\n<p>Parmi les employeurs, 29,6 % estiment que le potentiel d\u2019un candidat employ\u00e9 pour la fonction pour laquelle il postule est le crit\u00e8re principal. \u00c0 cet \u00e9gard, le potentiel devance la connaissance et l\u2019exp\u00e9rience, privil\u00e9gi\u00e9s par 26,5 %.<\/p>\n<p>Pour les ouvriers, nous constatons qu&rsquo;un employeur sur trois \u00e9value en premier lieu l\u2019attitude au travail, et que 24,4 % mettent la connaissance et l\u2019exp\u00e9rience sur la premi\u00e8re marche du podium. \u00ab Hire for attitude and train for skills \u00bb re\u00e7oit donc ici une autre interpr\u00e9tation. Mais pour attirer des ouvriers \u00e9galement, les employeurs ne prennent pas seulement en consid\u00e9ration ce que la personne sait d\u00e9j\u00e0 faire ou conna\u00eet d\u00e9j\u00e0 aujourd&rsquo;hui : le potentiel obtient le troisi\u00e8me meilleur score et 17,8 % privil\u00e9gient le potentiel pour les candidats ouvriers.<\/p>\n<p>Beno\u00eet Caufriez : <em>\u00ab Les organisations osent donc d\u00e9j\u00e0 plus prendre le risque \u00ab\u00a0calcul\u00e9\u00a0\u00bb d\u2019engager en fonction du potentiel et d\u2019investir dans le d\u00e9veloppement. Il serait encore mieux de subordonner la d\u00e9cision d\u2019engager ou non au potentiel des personnes vis-\u00e0-vis des futures fonctions. Car quelle est la viabilit\u00e9 d&rsquo;une fonction \u00e0 l\u2019heure actuelle ? Mais les employeurs n\u2019en sont pas encore l\u00e0, selon notre enqu\u00eate. L\u2019\u00e9valuation et la valorisation du potentiel pour les futures fonctions sont pratiquement inexistantes \u00e0 ce jour. Il s\u2019agit encore d&rsquo;une \u00e9tape essentielle \u00e0 accomplir. \u00bb<\/em><\/p>\n<p><strong><em>Embaucher plus vite pour se concentrer sur le d\u00e9veloppement?<\/em><\/strong><\/p>\n<p>Publier une offre d\u2019emploi, effectuer des s\u00e9lections, signer le contrat puis attendre que le nouveau collaborateur puisse commencer&#8230; Toute la proc\u00e9dure d\u2019embauche demande du temps. Entre le lancement d\u2019une offre d\u2019emploi et la signature du contrat de travail, il s\u2019\u00e9coule au moins deux mois en moyenne dans 51 % des cas pour les employ\u00e9s. Dans 37,6 % des cas, deux mois s\u2019ajoutent avant le premier jour de travail effectif.<\/p>\n<p>Pour les ouvriers, nous constatons que le temps d\u2019embauche est plus rapide. La p\u00e9riode entre la publication de l&rsquo;offre d\u2019emploi et la signature du contrat ainsi que le d\u00e9marrage effectif dure plus d&rsquo;un mois dans moins de 20 % des cas seulement.<\/p>\n<p><em>\u00ab Dans la pratique, nous remarquons deux gros obstacles qui entravent l\u2019embauche selon le potentiel. D\u2019une part, l\u2019embauche d\u2019apr\u00e8s l\u2019exp\u00e9rience offre plus de prise dans le processus de s\u00e9lection et l\u2019\u00e9valuation du potentiel reste encore souvent limit\u00e9e \u00e0 un ressenti. D\u2019autre part, les embauches ont encore trop souvent lieu en derni\u00e8re minute, de sorte que l\u2019excuse du manque de temps pour former les collaborateurs est utilis\u00e9e. Les employeurs oublient qu\u2019il existe un lien entre le temps d\u2019embauche et le temps de d\u00e9veloppement. Si un employeur opte pour une correspondance \u00e0 100 %, cela prolonge le temps d\u2019embauche. Ce \u00ab\u00a0temps d\u2019attente\u00a0\u00bb est synonyme de temps perdu, la formation d\u2019une personne dot\u00e9e de potentiel aurait d\u00e9j\u00e0 pu commencer. En fait, les employeurs devraient d\u00e9duire le temps d\u2019attente du temps de d\u00e9veloppement, de sorte qu\u2019il devient imm\u00e9diatement plus attrayant de former soi-m\u00eame les collaborateurs. Cet argument joue \u00e9galement en la faveur de l\u2019embauche en fonction du potentiel. \u00bb<\/em><\/p>\n<p><em><strong>Comment mieux \u00e9valuer le potentiel ? <\/strong><\/em><\/p>\n<p>Embaucher d\u2019apr\u00e8s le potentiel uniquement ne suffit pas. Il importe de dialoguer continuellement avec le collaborateur et de le soutenir dans son d\u00e9veloppement. Quelque six employeurs sur dix affirment mesurer le potentiel de leurs employ\u00e9s au moins une fois par an. Cinq sur dix le font \u00e0 la m\u00eame fr\u00e9quence pour leurs ouvriers. Beno\u00eet Caufriez : <em>\u00ab Nous ne pouvons qu\u2019applaudir ces chiffres \u00e9galement. Cependant, il est possible d\u2019am\u00e9liorer la m\u00e9thode de mesure du potentiel du travailleur qui est d\u00e9j\u00e0 en service. Aujourd&rsquo;hui, les employeurs ont principalement recours au feed-back du dirigeant, ce qui revient donc \u00e0 une seule source et subjective (peut-\u00eatre inconsciemment). Il vaut mieux enrichir cela avec le feed-back du collaborateur m\u00eame et de ses coll\u00e8gues, par exemple \u00e0 l\u2019aide d\u2019un feed-back \u00e0 360 degr\u00e9s, id\u00e9alement accompagn\u00e9 d\u2019une mesure objective au moyen d\u2019un outil \u00e9tay\u00e9. \u00bb<\/em><\/p>\n<p>&nbsp;<\/p>\n<p><em>Source: le panel d\u2019ACERTA se compose de 676 membres soigneusement s\u00e9lectionn\u00e9s de petites, moyennes et grandes entreprises. L\u2019enqu\u00eate a \u00e9t\u00e9 effectu\u00e9e entre le 10 et le 25 septembre 2019. Les participants exercent les fonctions suivantes : CEO, directeur RH, HR business partner, manager RH ou responsable payroll.<\/em><\/p>\n","protected":false},"excerpt":{"rendered":"<p>\u00c0 l\u2019heure actuelle, le potentiel constitue le principal crit\u00e8re d\u2019engagement des employ\u00e9s chez pr\u00e8s de 30 % des employeurs. Les connaissances et l\u2019exp\u00e9rience suivent \u00e0 la seconde place. Pas moins de 77 % des employeurs d\u00e9clarent encore proc\u00e9der \u00e0 l\u2019\u00e9valuation [&hellip;]<\/p>\n","protected":false},"author":2,"featured_media":0,"comment_status":"closed","ping_status":"open","sticky":false,"template":"","format":"standard","meta":[],"categories":[65,10],"tags":[271,114,48,72,299],"yoast_head":"<!-- This site is optimized with the Yoast SEO plugin v21.0 - https:\/\/yoast.com\/wordpress\/plugins\/seo\/ -->\n<title>Les employeurs cherchent encore le meilleur \u00e9quilibre entre le temps consacr\u00e9 au recrutement et celui d\u00e9di\u00e9 au d\u00e9veloppement des comp\u00e9tences. - Peoplesphere<\/title>\n<meta name=\"robots\" content=\"index, follow, max-snippet:-1, max-image-preview:large, max-video-preview:-1\" \/>\n<link rel=\"canonical\" href=\"https:\/\/peoplesphere.be\/fr\/employeurs-cherchent-meilleur-equilibre-entre-temps-consacre-recrutement-celui-dedie-developpement-competences\/\" \/>\n<meta property=\"og:locale\" content=\"fr_FR\" \/>\n<meta property=\"og:type\" content=\"article\" \/>\n<meta property=\"og:title\" content=\"Les employeurs cherchent encore le meilleur \u00e9quilibre entre le temps consacr\u00e9 au recrutement et celui d\u00e9di\u00e9 au d\u00e9veloppement des comp\u00e9tences. - Peoplesphere\" \/>\n<meta property=\"og:description\" content=\"\u00c0 l\u2019heure actuelle, le potentiel constitue le principal crit\u00e8re d\u2019engagement des employ\u00e9s chez pr\u00e8s de 30 % des employeurs. Les connaissances et l\u2019exp\u00e9rience suivent \u00e0 la seconde place. Pas moins de 77 % des employeurs d\u00e9clarent encore proc\u00e9der \u00e0 l\u2019\u00e9valuation [&hellip;]\" \/>\n<meta property=\"og:url\" content=\"https:\/\/peoplesphere.be\/fr\/employeurs-cherchent-meilleur-equilibre-entre-temps-consacre-recrutement-celui-dedie-developpement-competences\/\" \/>\n<meta property=\"og:site_name\" content=\"Peoplesphere\" \/>\n<meta property=\"article:publisher\" content=\"https:\/\/www.facebook.com\/peoplesphere\" \/>\n<meta property=\"article:published_time\" content=\"2019-11-15T07:16:35+00:00\" \/>\n<meta property=\"og:image\" content=\"http:\/\/www.peoplesphere.be\/fr\/wp-content\/uploads\/2016\/07\/facebook-default-posting-1200x628px.jpg\" \/>\n<meta name=\"author\" content=\"Jean-Paul Erhard\" \/>\n<meta name=\"twitter:card\" content=\"summary_large_image\" \/>\n<meta name=\"twitter:creator\" content=\"@PeoplesphereMag\" \/>\n<meta name=\"twitter:site\" content=\"@PeoplesphereMag\" \/>\n<meta name=\"twitter:label1\" content=\"\u00c9crit par\" \/>\n\t<meta name=\"twitter:data1\" content=\"Jean-Paul Erhard\" \/>\n\t<meta name=\"twitter:label2\" content=\"Dur\u00e9e de lecture estim\u00e9e\" \/>\n\t<meta name=\"twitter:data2\" content=\"5 minutes\" \/>\n<script type=\"application\/ld+json\" class=\"yoast-schema-graph\">{\"@context\":\"https:\/\/schema.org\",\"@graph\":[{\"@type\":\"Article\",\"@id\":\"https:\/\/peoplesphere.be\/fr\/employeurs-cherchent-meilleur-equilibre-entre-temps-consacre-recrutement-celui-dedie-developpement-competences\/#article\",\"isPartOf\":{\"@id\":\"https:\/\/peoplesphere.be\/fr\/employeurs-cherchent-meilleur-equilibre-entre-temps-consacre-recrutement-celui-dedie-developpement-competences\/\"},\"author\":{\"name\":\"Jean-Paul Erhard\",\"@id\":\"https:\/\/peoplesphere.be\/fr\/#\/schema\/person\/7976225ff17988604334abb7b3536a7e\"},\"headline\":\"Les employeurs cherchent encore le meilleur \u00e9quilibre entre le temps consacr\u00e9 au recrutement et celui d\u00e9di\u00e9 au d\u00e9veloppement des comp\u00e9tences.\",\"datePublished\":\"2019-11-15T07:16:35+00:00\",\"dateModified\":\"2019-11-15T07:16:35+00:00\",\"mainEntityOfPage\":{\"@id\":\"https:\/\/peoplesphere.be\/fr\/employeurs-cherchent-meilleur-equilibre-entre-temps-consacre-recrutement-celui-dedie-developpement-competences\/\"},\"wordCount\":1048,\"publisher\":{\"@id\":\"https:\/\/peoplesphere.be\/fr\/#organization\"},\"keywords\":[\"acerta\",\"\u00e9valuation\",\"Formation\",\"recrutement\",\"r\u00e9tention\"],\"articleSection\":[\"Actualit\u00e9s\",\"Digital\"],\"inLanguage\":\"fr-FR\"},{\"@type\":\"WebPage\",\"@id\":\"https:\/\/peoplesphere.be\/fr\/employeurs-cherchent-meilleur-equilibre-entre-temps-consacre-recrutement-celui-dedie-developpement-competences\/\",\"url\":\"https:\/\/peoplesphere.be\/fr\/employeurs-cherchent-meilleur-equilibre-entre-temps-consacre-recrutement-celui-dedie-developpement-competences\/\",\"name\":\"Les employeurs cherchent encore le meilleur \u00e9quilibre entre le temps consacr\u00e9 au recrutement et celui d\u00e9di\u00e9 au d\u00e9veloppement des comp\u00e9tences. - Peoplesphere\",\"isPartOf\":{\"@id\":\"https:\/\/peoplesphere.be\/fr\/#website\"},\"datePublished\":\"2019-11-15T07:16:35+00:00\",\"dateModified\":\"2019-11-15T07:16:35+00:00\",\"breadcrumb\":{\"@id\":\"https:\/\/peoplesphere.be\/fr\/employeurs-cherchent-meilleur-equilibre-entre-temps-consacre-recrutement-celui-dedie-developpement-competences\/#breadcrumb\"},\"inLanguage\":\"fr-FR\",\"potentialAction\":[{\"@type\":\"ReadAction\",\"target\":[\"https:\/\/peoplesphere.be\/fr\/employeurs-cherchent-meilleur-equilibre-entre-temps-consacre-recrutement-celui-dedie-developpement-competences\/\"]}]},{\"@type\":\"BreadcrumbList\",\"@id\":\"https:\/\/peoplesphere.be\/fr\/employeurs-cherchent-meilleur-equilibre-entre-temps-consacre-recrutement-celui-dedie-developpement-competences\/#breadcrumb\",\"itemListElement\":[{\"@type\":\"ListItem\",\"position\":1,\"name\":\"Accueil\",\"item\":\"https:\/\/peoplesphere.be\/fr\/\"},{\"@type\":\"ListItem\",\"position\":2,\"name\":\"Les employeurs cherchent encore le meilleur \u00e9quilibre entre le temps consacr\u00e9 au recrutement et celui d\u00e9di\u00e9 au d\u00e9veloppement des comp\u00e9tences.\"}]},{\"@type\":\"WebSite\",\"@id\":\"https:\/\/peoplesphere.be\/fr\/#website\",\"url\":\"https:\/\/peoplesphere.be\/fr\/\",\"name\":\"Peoplesphere\",\"description\":\"The People Managers Magazine\",\"publisher\":{\"@id\":\"https:\/\/peoplesphere.be\/fr\/#organization\"},\"potentialAction\":[{\"@type\":\"SearchAction\",\"target\":{\"@type\":\"EntryPoint\",\"urlTemplate\":\"https:\/\/peoplesphere.be\/fr\/?s={search_term_string}\"},\"query-input\":\"required name=search_term_string\"}],\"inLanguage\":\"fr-FR\"},{\"@type\":\"Organization\",\"@id\":\"https:\/\/peoplesphere.be\/fr\/#organization\",\"name\":\"Peoplesphere Company srl\",\"url\":\"https:\/\/peoplesphere.be\/fr\/\",\"logo\":{\"@type\":\"ImageObject\",\"inLanguage\":\"fr-FR\",\"@id\":\"https:\/\/peoplesphere.be\/fr\/#\/schema\/logo\/image\/\",\"url\":\"https:\/\/peoplesphere.be\/fr\/wp-content\/uploads\/2023\/07\/peoplesphere-lgo-new-generik.jpg\",\"contentUrl\":\"https:\/\/peoplesphere.be\/fr\/wp-content\/uploads\/2023\/07\/peoplesphere-lgo-new-generik.jpg\",\"width\":1031,\"height\":1479,\"caption\":\"Peoplesphere Company srl\"},\"image\":{\"@id\":\"https:\/\/peoplesphere.be\/fr\/#\/schema\/logo\/image\/\"},\"sameAs\":[\"https:\/\/www.facebook.com\/peoplesphere\",\"https:\/\/twitter.com\/PeoplesphereMag\",\"https:\/\/www.linkedin.com\/company\/7587361?trk\",\"http:\/\/youtube.com\/peoplesphere\"]},{\"@type\":\"Person\",\"@id\":\"https:\/\/peoplesphere.be\/fr\/#\/schema\/person\/7976225ff17988604334abb7b3536a7e\",\"name\":\"Jean-Paul Erhard\",\"image\":{\"@type\":\"ImageObject\",\"inLanguage\":\"fr-FR\",\"@id\":\"https:\/\/peoplesphere.be\/fr\/#\/schema\/person\/image\/\",\"url\":\"https:\/\/secure.gravatar.com\/avatar\/f941e681460179738071629a51574930?s=96&d=mm&r=g\",\"contentUrl\":\"https:\/\/secure.gravatar.com\/avatar\/f941e681460179738071629a51574930?s=96&d=mm&r=g\",\"caption\":\"Jean-Paul Erhard\"},\"url\":\"https:\/\/peoplesphere.be\/fr\/author\/jpe\/\"}]}<\/script>\n<!-- \/ Yoast SEO plugin. -->","yoast_head_json":{"title":"Les employeurs cherchent encore le meilleur \u00e9quilibre entre le temps consacr\u00e9 au recrutement et celui d\u00e9di\u00e9 au d\u00e9veloppement des comp\u00e9tences. - Peoplesphere","robots":{"index":"index","follow":"follow","max-snippet":"max-snippet:-1","max-image-preview":"max-image-preview:large","max-video-preview":"max-video-preview:-1"},"canonical":"https:\/\/peoplesphere.be\/fr\/employeurs-cherchent-meilleur-equilibre-entre-temps-consacre-recrutement-celui-dedie-developpement-competences\/","og_locale":"fr_FR","og_type":"article","og_title":"Les employeurs cherchent encore le meilleur \u00e9quilibre entre le temps consacr\u00e9 au recrutement et celui d\u00e9di\u00e9 au d\u00e9veloppement des comp\u00e9tences. - Peoplesphere","og_description":"\u00c0 l\u2019heure actuelle, le potentiel constitue le principal crit\u00e8re d\u2019engagement des employ\u00e9s chez pr\u00e8s de 30 % des employeurs. Les connaissances et l\u2019exp\u00e9rience suivent \u00e0 la seconde place. Pas moins de 77 % des employeurs d\u00e9clarent encore proc\u00e9der \u00e0 l\u2019\u00e9valuation [&hellip;]","og_url":"https:\/\/peoplesphere.be\/fr\/employeurs-cherchent-meilleur-equilibre-entre-temps-consacre-recrutement-celui-dedie-developpement-competences\/","og_site_name":"Peoplesphere","article_publisher":"https:\/\/www.facebook.com\/peoplesphere","article_published_time":"2019-11-15T07:16:35+00:00","og_image":[{"url":"http:\/\/www.peoplesphere.be\/fr\/wp-content\/uploads\/2016\/07\/facebook-default-posting-1200x628px.jpg"}],"author":"Jean-Paul Erhard","twitter_card":"summary_large_image","twitter_creator":"@PeoplesphereMag","twitter_site":"@PeoplesphereMag","twitter_misc":{"\u00c9crit par":"Jean-Paul Erhard","Dur\u00e9e de lecture estim\u00e9e":"5 minutes"},"schema":{"@context":"https:\/\/schema.org","@graph":[{"@type":"Article","@id":"https:\/\/peoplesphere.be\/fr\/employeurs-cherchent-meilleur-equilibre-entre-temps-consacre-recrutement-celui-dedie-developpement-competences\/#article","isPartOf":{"@id":"https:\/\/peoplesphere.be\/fr\/employeurs-cherchent-meilleur-equilibre-entre-temps-consacre-recrutement-celui-dedie-developpement-competences\/"},"author":{"name":"Jean-Paul Erhard","@id":"https:\/\/peoplesphere.be\/fr\/#\/schema\/person\/7976225ff17988604334abb7b3536a7e"},"headline":"Les employeurs cherchent encore le meilleur \u00e9quilibre entre le temps consacr\u00e9 au recrutement et celui d\u00e9di\u00e9 au d\u00e9veloppement des comp\u00e9tences.","datePublished":"2019-11-15T07:16:35+00:00","dateModified":"2019-11-15T07:16:35+00:00","mainEntityOfPage":{"@id":"https:\/\/peoplesphere.be\/fr\/employeurs-cherchent-meilleur-equilibre-entre-temps-consacre-recrutement-celui-dedie-developpement-competences\/"},"wordCount":1048,"publisher":{"@id":"https:\/\/peoplesphere.be\/fr\/#organization"},"keywords":["acerta","\u00e9valuation","Formation","recrutement","r\u00e9tention"],"articleSection":["Actualit\u00e9s","Digital"],"inLanguage":"fr-FR"},{"@type":"WebPage","@id":"https:\/\/peoplesphere.be\/fr\/employeurs-cherchent-meilleur-equilibre-entre-temps-consacre-recrutement-celui-dedie-developpement-competences\/","url":"https:\/\/peoplesphere.be\/fr\/employeurs-cherchent-meilleur-equilibre-entre-temps-consacre-recrutement-celui-dedie-developpement-competences\/","name":"Les employeurs cherchent encore le meilleur \u00e9quilibre entre le temps consacr\u00e9 au recrutement et celui d\u00e9di\u00e9 au d\u00e9veloppement des comp\u00e9tences. - Peoplesphere","isPartOf":{"@id":"https:\/\/peoplesphere.be\/fr\/#website"},"datePublished":"2019-11-15T07:16:35+00:00","dateModified":"2019-11-15T07:16:35+00:00","breadcrumb":{"@id":"https:\/\/peoplesphere.be\/fr\/employeurs-cherchent-meilleur-equilibre-entre-temps-consacre-recrutement-celui-dedie-developpement-competences\/#breadcrumb"},"inLanguage":"fr-FR","potentialAction":[{"@type":"ReadAction","target":["https:\/\/peoplesphere.be\/fr\/employeurs-cherchent-meilleur-equilibre-entre-temps-consacre-recrutement-celui-dedie-developpement-competences\/"]}]},{"@type":"BreadcrumbList","@id":"https:\/\/peoplesphere.be\/fr\/employeurs-cherchent-meilleur-equilibre-entre-temps-consacre-recrutement-celui-dedie-developpement-competences\/#breadcrumb","itemListElement":[{"@type":"ListItem","position":1,"name":"Accueil","item":"https:\/\/peoplesphere.be\/fr\/"},{"@type":"ListItem","position":2,"name":"Les employeurs cherchent encore le meilleur \u00e9quilibre entre le temps consacr\u00e9 au recrutement et celui d\u00e9di\u00e9 au d\u00e9veloppement des comp\u00e9tences."}]},{"@type":"WebSite","@id":"https:\/\/peoplesphere.be\/fr\/#website","url":"https:\/\/peoplesphere.be\/fr\/","name":"Peoplesphere","description":"The People Managers Magazine","publisher":{"@id":"https:\/\/peoplesphere.be\/fr\/#organization"},"potentialAction":[{"@type":"SearchAction","target":{"@type":"EntryPoint","urlTemplate":"https:\/\/peoplesphere.be\/fr\/?s={search_term_string}"},"query-input":"required name=search_term_string"}],"inLanguage":"fr-FR"},{"@type":"Organization","@id":"https:\/\/peoplesphere.be\/fr\/#organization","name":"Peoplesphere Company srl","url":"https:\/\/peoplesphere.be\/fr\/","logo":{"@type":"ImageObject","inLanguage":"fr-FR","@id":"https:\/\/peoplesphere.be\/fr\/#\/schema\/logo\/image\/","url":"https:\/\/peoplesphere.be\/fr\/wp-content\/uploads\/2023\/07\/peoplesphere-lgo-new-generik.jpg","contentUrl":"https:\/\/peoplesphere.be\/fr\/wp-content\/uploads\/2023\/07\/peoplesphere-lgo-new-generik.jpg","width":1031,"height":1479,"caption":"Peoplesphere Company srl"},"image":{"@id":"https:\/\/peoplesphere.be\/fr\/#\/schema\/logo\/image\/"},"sameAs":["https:\/\/www.facebook.com\/peoplesphere","https:\/\/twitter.com\/PeoplesphereMag","https:\/\/www.linkedin.com\/company\/7587361?trk","http:\/\/youtube.com\/peoplesphere"]},{"@type":"Person","@id":"https:\/\/peoplesphere.be\/fr\/#\/schema\/person\/7976225ff17988604334abb7b3536a7e","name":"Jean-Paul Erhard","image":{"@type":"ImageObject","inLanguage":"fr-FR","@id":"https:\/\/peoplesphere.be\/fr\/#\/schema\/person\/image\/","url":"https:\/\/secure.gravatar.com\/avatar\/f941e681460179738071629a51574930?s=96&d=mm&r=g","contentUrl":"https:\/\/secure.gravatar.com\/avatar\/f941e681460179738071629a51574930?s=96&d=mm&r=g","caption":"Jean-Paul Erhard"},"url":"https:\/\/peoplesphere.be\/fr\/author\/jpe\/"}]}},"_links":{"self":[{"href":"https:\/\/peoplesphere.be\/fr\/wp-json\/wp\/v2\/posts\/8580"}],"collection":[{"href":"https:\/\/peoplesphere.be\/fr\/wp-json\/wp\/v2\/posts"}],"about":[{"href":"https:\/\/peoplesphere.be\/fr\/wp-json\/wp\/v2\/types\/post"}],"author":[{"embeddable":true,"href":"https:\/\/peoplesphere.be\/fr\/wp-json\/wp\/v2\/users\/2"}],"replies":[{"embeddable":true,"href":"https:\/\/peoplesphere.be\/fr\/wp-json\/wp\/v2\/comments?post=8580"}],"version-history":[{"count":1,"href":"https:\/\/peoplesphere.be\/fr\/wp-json\/wp\/v2\/posts\/8580\/revisions"}],"predecessor-version":[{"id":8581,"href":"https:\/\/peoplesphere.be\/fr\/wp-json\/wp\/v2\/posts\/8580\/revisions\/8581"}],"wp:attachment":[{"href":"https:\/\/peoplesphere.be\/fr\/wp-json\/wp\/v2\/media?parent=8580"}],"wp:term":[{"taxonomy":"category","embeddable":true,"href":"https:\/\/peoplesphere.be\/fr\/wp-json\/wp\/v2\/categories?post=8580"},{"taxonomy":"post_tag","embeddable":true,"href":"https:\/\/peoplesphere.be\/fr\/wp-json\/wp\/v2\/tags?post=8580"}],"curies":[{"name":"wp","href":"https:\/\/api.w.org\/{rel}","templated":true}]}}