









{"id":8657,"date":"2019-11-25T09:11:52","date_gmt":"2019-11-25T07:11:52","guid":{"rendered":"https:\/\/peoplesphere.be\/fr\/?p=8657"},"modified":"2019-11-25T09:11:52","modified_gmt":"2019-11-25T07:11:52","slug":"175-jobs-de-conseillers-formateurs-autres-chefs-de-projets-ouverts-forem","status":"publish","type":"post","link":"https:\/\/peoplesphere.be\/fr\/175-jobs-de-conseillers-formateurs-autres-chefs-de-projets-ouverts-forem\/","title":{"rendered":"175 jobs de conseillers, formateurs et autres chefs de projets sont ouverts au Forem."},"content":{"rendered":"<p>Ce samedi 23 novembre, le Forem organisait \u00e0 Namur son second jobday. L\u2019objectif \u00e9tait d\u2019attirer de nouveaux talents pour continuer \u00e0 renforcer et compl\u00e9ter les \u00e9quipes. 887 personnes sont venues s\u2019informer sur les 175 opportunit\u00e9s d\u2019emploi disponibles et 272 ont d\u00e9j\u00e0 postul\u00e9 pour l\u2019une de ces fonctions.<!--more--><\/p>\n<p>Tout au long de cette journ\u00e9e, de nombreux collaborateurs du Forem \u00e9taient mobilis\u00e9s pour r\u00e9pondre aux diff\u00e9rentes questions du public et t\u00e9moigner de la richesse de leur m\u00e9tier au quotidien. Chaque visiteur a pu b\u00e9n\u00e9ficier de renseignements personnalis\u00e9s sur les postes disponibles au sein de l\u2019Office, sur les conditions de travail et sur les modalit\u00e9s pour postuler. Il \u00e9tait aussi possible de postuler sur place et 272 personnes ont profit\u00e9 de l\u2019occasion. Les personnes qui le souhaitent peuvent encore d\u00e9poser leur candidature sur le site Internet du Forem.<\/p>\n<p>Pour 2020, une s\u00e9rie de postes sont \u00e0 pourvoir. Le Forem est \u00e0 la recherche de : 87 conseillers\/\u00e8res, 44 formateurs\/trices, 12 collaborateurs\/trices ALE et 32 chefs\/fes de projet, analystes, d\u00e9veloppeurs et architectes (secteur IT et digital).<\/p>\n<p>Les candidats qui auront \u00e9t\u00e9 retenus pour les postes de conseillers seront invit\u00e9s \u00e0 une \u00e9preuve qui se d\u00e9roulera le 5 f\u00e9vrier prochain \u00e0 La Louvi\u00e8re. En ce qui concerne les candidats formateurs, les \u00e9preuves techniques et p\u00e9dagogiques se tiendront \u00e0 partir du mois de f\u00e9vrier.<\/p>\n<p>Plus d\u2019infos : <a href=\"https:\/\/travailler-au-forem.leforem.be\">https:\/\/travailler-au-forem.leforem.be<\/a><\/p>\n","protected":false},"excerpt":{"rendered":"<p>Ce samedi 23 novembre, le Forem organisait \u00e0 Namur son second jobday. L\u2019objectif \u00e9tait d\u2019attirer de nouveaux talents pour continuer \u00e0 renforcer et compl\u00e9ter les \u00e9quipes. 887 personnes sont venues s\u2019informer sur les 175 opportunit\u00e9s d\u2019emploi disponibles et 272 ont [&hellip;]<\/p>\n","protected":false},"author":2,"featured_media":0,"comment_status":"closed","ping_status":"open","sticky":false,"template":"","format":"standard","meta":[],"categories":[65,10],"tags":[2801,331,2800,105,267],"yoast_head":"<!-- This site is optimized with the Yoast SEO plugin v21.0 - https:\/\/yoast.com\/wordpress\/plugins\/seo\/ -->\n<title>175 jobs de conseillers, formateurs et autres chefs de projets sont ouverts au Forem. - Peoplesphere<\/title>\n<meta name=\"robots\" content=\"index, follow, max-snippet:-1, max-image-preview:large, max-video-preview:-1\" \/>\n<link rel=\"canonical\" href=\"https:\/\/peoplesphere.be\/fr\/175-jobs-de-conseillers-formateurs-autres-chefs-de-projets-ouverts-forem\/\" \/>\n<meta property=\"og:locale\" content=\"fr_FR\" \/>\n<meta property=\"og:type\" content=\"article\" \/>\n<meta property=\"og:title\" content=\"175 jobs de conseillers, formateurs et autres chefs de projets sont ouverts au Forem. - Peoplesphere\" \/>\n<meta property=\"og:description\" content=\"Ce samedi 23 novembre, le Forem organisait \u00e0 Namur son second jobday. L\u2019objectif \u00e9tait d\u2019attirer de nouveaux talents pour continuer \u00e0 renforcer et compl\u00e9ter les \u00e9quipes. 887 personnes sont venues s\u2019informer sur les 175 opportunit\u00e9s d\u2019emploi disponibles et 272 ont [&hellip;]\" \/>\n<meta property=\"og:url\" content=\"https:\/\/peoplesphere.be\/fr\/175-jobs-de-conseillers-formateurs-autres-chefs-de-projets-ouverts-forem\/\" \/>\n<meta property=\"og:site_name\" content=\"Peoplesphere\" \/>\n<meta property=\"article:publisher\" content=\"https:\/\/www.facebook.com\/peoplesphere\" \/>\n<meta property=\"article:published_time\" content=\"2019-11-25T07:11:52+00:00\" \/>\n<meta property=\"og:image\" content=\"http:\/\/www.peoplesphere.be\/fr\/wp-content\/uploads\/2016\/07\/facebook-default-posting-1200x628px.jpg\" \/>\n<meta name=\"author\" content=\"Jean-Paul Erhard\" \/>\n<meta name=\"twitter:card\" content=\"summary_large_image\" \/>\n<meta name=\"twitter:creator\" content=\"@PeoplesphereMag\" \/>\n<meta name=\"twitter:site\" content=\"@PeoplesphereMag\" \/>\n<meta name=\"twitter:label1\" content=\"\u00c9crit par\" \/>\n\t<meta name=\"twitter:data1\" content=\"Jean-Paul Erhard\" \/>\n\t<meta name=\"twitter:label2\" content=\"Dur\u00e9e de lecture estim\u00e9e\" \/>\n\t<meta name=\"twitter:data2\" content=\"1 minute\" \/>\n<script type=\"application\/ld+json\" class=\"yoast-schema-graph\">{\"@context\":\"https:\/\/schema.org\",\"@graph\":[{\"@type\":\"Article\",\"@id\":\"https:\/\/peoplesphere.be\/fr\/175-jobs-de-conseillers-formateurs-autres-chefs-de-projets-ouverts-forem\/#article\",\"isPartOf\":{\"@id\":\"https:\/\/peoplesphere.be\/fr\/175-jobs-de-conseillers-formateurs-autres-chefs-de-projets-ouverts-forem\/\"},\"author\":{\"name\":\"Jean-Paul Erhard\",\"@id\":\"https:\/\/peoplesphere.be\/fr\/#\/schema\/person\/7976225ff17988604334abb7b3536a7e\"},\"headline\":\"175 jobs de conseillers, formateurs et autres chefs de projets sont ouverts au Forem.\",\"datePublished\":\"2019-11-25T07:11:52+00:00\",\"dateModified\":\"2019-11-25T07:11:52+00:00\",\"mainEntityOfPage\":{\"@id\":\"https:\/\/peoplesphere.be\/fr\/175-jobs-de-conseillers-formateurs-autres-chefs-de-projets-ouverts-forem\/\"},\"wordCount\":252,\"publisher\":{\"@id\":\"https:\/\/peoplesphere.be\/fr\/#organization\"},\"keywords\":[\"conseiller en insertion\",\"forem\",\"formateurs\",\"offres d'emploi\",\"secteur public\"],\"articleSection\":[\"Actualit\u00e9s\",\"Digital\"],\"inLanguage\":\"fr-FR\"},{\"@type\":\"WebPage\",\"@id\":\"https:\/\/peoplesphere.be\/fr\/175-jobs-de-conseillers-formateurs-autres-chefs-de-projets-ouverts-forem\/\",\"url\":\"https:\/\/peoplesphere.be\/fr\/175-jobs-de-conseillers-formateurs-autres-chefs-de-projets-ouverts-forem\/\",\"name\":\"175 jobs de conseillers, formateurs et autres chefs de projets sont ouverts au Forem. - Peoplesphere\",\"isPartOf\":{\"@id\":\"https:\/\/peoplesphere.be\/fr\/#website\"},\"datePublished\":\"2019-11-25T07:11:52+00:00\",\"dateModified\":\"2019-11-25T07:11:52+00:00\",\"breadcrumb\":{\"@id\":\"https:\/\/peoplesphere.be\/fr\/175-jobs-de-conseillers-formateurs-autres-chefs-de-projets-ouverts-forem\/#breadcrumb\"},\"inLanguage\":\"fr-FR\",\"potentialAction\":[{\"@type\":\"ReadAction\",\"target\":[\"https:\/\/peoplesphere.be\/fr\/175-jobs-de-conseillers-formateurs-autres-chefs-de-projets-ouverts-forem\/\"]}]},{\"@type\":\"BreadcrumbList\",\"@id\":\"https:\/\/peoplesphere.be\/fr\/175-jobs-de-conseillers-formateurs-autres-chefs-de-projets-ouverts-forem\/#breadcrumb\",\"itemListElement\":[{\"@type\":\"ListItem\",\"position\":1,\"name\":\"Accueil\",\"item\":\"https:\/\/peoplesphere.be\/fr\/\"},{\"@type\":\"ListItem\",\"position\":2,\"name\":\"175 jobs de conseillers, formateurs et autres chefs de projets sont ouverts au Forem.\"}]},{\"@type\":\"WebSite\",\"@id\":\"https:\/\/peoplesphere.be\/fr\/#website\",\"url\":\"https:\/\/peoplesphere.be\/fr\/\",\"name\":\"Peoplesphere\",\"description\":\"The People Managers Magazine\",\"publisher\":{\"@id\":\"https:\/\/peoplesphere.be\/fr\/#organization\"},\"potentialAction\":[{\"@type\":\"SearchAction\",\"target\":{\"@type\":\"EntryPoint\",\"urlTemplate\":\"https:\/\/peoplesphere.be\/fr\/?s={search_term_string}\"},\"query-input\":\"required name=search_term_string\"}],\"inLanguage\":\"fr-FR\"},{\"@type\":\"Organization\",\"@id\":\"https:\/\/peoplesphere.be\/fr\/#organization\",\"name\":\"Peoplesphere Company srl\",\"url\":\"https:\/\/peoplesphere.be\/fr\/\",\"logo\":{\"@type\":\"ImageObject\",\"inLanguage\":\"fr-FR\",\"@id\":\"https:\/\/peoplesphere.be\/fr\/#\/schema\/logo\/image\/\",\"url\":\"https:\/\/peoplesphere.be\/fr\/wp-content\/uploads\/2023\/07\/peoplesphere-lgo-new-generik.jpg\",\"contentUrl\":\"https:\/\/peoplesphere.be\/fr\/wp-content\/uploads\/2023\/07\/peoplesphere-lgo-new-generik.jpg\",\"width\":1031,\"height\":1479,\"caption\":\"Peoplesphere Company srl\"},\"image\":{\"@id\":\"https:\/\/peoplesphere.be\/fr\/#\/schema\/logo\/image\/\"},\"sameAs\":[\"https:\/\/www.facebook.com\/peoplesphere\",\"https:\/\/twitter.com\/PeoplesphereMag\",\"https:\/\/www.linkedin.com\/company\/7587361?trk\",\"http:\/\/youtube.com\/peoplesphere\"]},{\"@type\":\"Person\",\"@id\":\"https:\/\/peoplesphere.be\/fr\/#\/schema\/person\/7976225ff17988604334abb7b3536a7e\",\"name\":\"Jean-Paul Erhard\",\"image\":{\"@type\":\"ImageObject\",\"inLanguage\":\"fr-FR\",\"@id\":\"https:\/\/peoplesphere.be\/fr\/#\/schema\/person\/image\/\",\"url\":\"https:\/\/secure.gravatar.com\/avatar\/f941e681460179738071629a51574930?s=96&d=mm&r=g\",\"contentUrl\":\"https:\/\/secure.gravatar.com\/avatar\/f941e681460179738071629a51574930?s=96&d=mm&r=g\",\"caption\":\"Jean-Paul Erhard\"},\"url\":\"https:\/\/peoplesphere.be\/fr\/author\/jpe\/\"}]}<\/script>\n<!-- \/ Yoast SEO plugin. -->","yoast_head_json":{"title":"175 jobs de conseillers, formateurs et autres chefs de projets sont ouverts au Forem. - Peoplesphere","robots":{"index":"index","follow":"follow","max-snippet":"max-snippet:-1","max-image-preview":"max-image-preview:large","max-video-preview":"max-video-preview:-1"},"canonical":"https:\/\/peoplesphere.be\/fr\/175-jobs-de-conseillers-formateurs-autres-chefs-de-projets-ouverts-forem\/","og_locale":"fr_FR","og_type":"article","og_title":"175 jobs de conseillers, formateurs et autres chefs de projets sont ouverts au Forem. - Peoplesphere","og_description":"Ce samedi 23 novembre, le Forem organisait \u00e0 Namur son second jobday. L\u2019objectif \u00e9tait d\u2019attirer de nouveaux talents pour continuer \u00e0 renforcer et compl\u00e9ter les \u00e9quipes. 887 personnes sont venues s\u2019informer sur les 175 opportunit\u00e9s d\u2019emploi disponibles et 272 ont [&hellip;]","og_url":"https:\/\/peoplesphere.be\/fr\/175-jobs-de-conseillers-formateurs-autres-chefs-de-projets-ouverts-forem\/","og_site_name":"Peoplesphere","article_publisher":"https:\/\/www.facebook.com\/peoplesphere","article_published_time":"2019-11-25T07:11:52+00:00","og_image":[{"url":"http:\/\/www.peoplesphere.be\/fr\/wp-content\/uploads\/2016\/07\/facebook-default-posting-1200x628px.jpg"}],"author":"Jean-Paul Erhard","twitter_card":"summary_large_image","twitter_creator":"@PeoplesphereMag","twitter_site":"@PeoplesphereMag","twitter_misc":{"\u00c9crit par":"Jean-Paul Erhard","Dur\u00e9e de lecture estim\u00e9e":"1 minute"},"schema":{"@context":"https:\/\/schema.org","@graph":[{"@type":"Article","@id":"https:\/\/peoplesphere.be\/fr\/175-jobs-de-conseillers-formateurs-autres-chefs-de-projets-ouverts-forem\/#article","isPartOf":{"@id":"https:\/\/peoplesphere.be\/fr\/175-jobs-de-conseillers-formateurs-autres-chefs-de-projets-ouverts-forem\/"},"author":{"name":"Jean-Paul Erhard","@id":"https:\/\/peoplesphere.be\/fr\/#\/schema\/person\/7976225ff17988604334abb7b3536a7e"},"headline":"175 jobs de conseillers, formateurs et autres chefs de projets sont ouverts au Forem.","datePublished":"2019-11-25T07:11:52+00:00","dateModified":"2019-11-25T07:11:52+00:00","mainEntityOfPage":{"@id":"https:\/\/peoplesphere.be\/fr\/175-jobs-de-conseillers-formateurs-autres-chefs-de-projets-ouverts-forem\/"},"wordCount":252,"publisher":{"@id":"https:\/\/peoplesphere.be\/fr\/#organization"},"keywords":["conseiller en insertion","forem","formateurs","offres d'emploi","secteur public"],"articleSection":["Actualit\u00e9s","Digital"],"inLanguage":"fr-FR"},{"@type":"WebPage","@id":"https:\/\/peoplesphere.be\/fr\/175-jobs-de-conseillers-formateurs-autres-chefs-de-projets-ouverts-forem\/","url":"https:\/\/peoplesphere.be\/fr\/175-jobs-de-conseillers-formateurs-autres-chefs-de-projets-ouverts-forem\/","name":"175 jobs de conseillers, formateurs et autres chefs de projets sont ouverts au Forem. - Peoplesphere","isPartOf":{"@id":"https:\/\/peoplesphere.be\/fr\/#website"},"datePublished":"2019-11-25T07:11:52+00:00","dateModified":"2019-11-25T07:11:52+00:00","breadcrumb":{"@id":"https:\/\/peoplesphere.be\/fr\/175-jobs-de-conseillers-formateurs-autres-chefs-de-projets-ouverts-forem\/#breadcrumb"},"inLanguage":"fr-FR","potentialAction":[{"@type":"ReadAction","target":["https:\/\/peoplesphere.be\/fr\/175-jobs-de-conseillers-formateurs-autres-chefs-de-projets-ouverts-forem\/"]}]},{"@type":"BreadcrumbList","@id":"https:\/\/peoplesphere.be\/fr\/175-jobs-de-conseillers-formateurs-autres-chefs-de-projets-ouverts-forem\/#breadcrumb","itemListElement":[{"@type":"ListItem","position":1,"name":"Accueil","item":"https:\/\/peoplesphere.be\/fr\/"},{"@type":"ListItem","position":2,"name":"175 jobs de conseillers, formateurs et autres chefs de projets sont ouverts au Forem."}]},{"@type":"WebSite","@id":"https:\/\/peoplesphere.be\/fr\/#website","url":"https:\/\/peoplesphere.be\/fr\/","name":"Peoplesphere","description":"The People Managers Magazine","publisher":{"@id":"https:\/\/peoplesphere.be\/fr\/#organization"},"potentialAction":[{"@type":"SearchAction","target":{"@type":"EntryPoint","urlTemplate":"https:\/\/peoplesphere.be\/fr\/?s={search_term_string}"},"query-input":"required name=search_term_string"}],"inLanguage":"fr-FR"},{"@type":"Organization","@id":"https:\/\/peoplesphere.be\/fr\/#organization","name":"Peoplesphere Company srl","url":"https:\/\/peoplesphere.be\/fr\/","logo":{"@type":"ImageObject","inLanguage":"fr-FR","@id":"https:\/\/peoplesphere.be\/fr\/#\/schema\/logo\/image\/","url":"https:\/\/peoplesphere.be\/fr\/wp-content\/uploads\/2023\/07\/peoplesphere-lgo-new-generik.jpg","contentUrl":"https:\/\/peoplesphere.be\/fr\/wp-content\/uploads\/2023\/07\/peoplesphere-lgo-new-generik.jpg","width":1031,"height":1479,"caption":"Peoplesphere Company srl"},"image":{"@id":"https:\/\/peoplesphere.be\/fr\/#\/schema\/logo\/image\/"},"sameAs":["https:\/\/www.facebook.com\/peoplesphere","https:\/\/twitter.com\/PeoplesphereMag","https:\/\/www.linkedin.com\/company\/7587361?trk","http:\/\/youtube.com\/peoplesphere"]},{"@type":"Person","@id":"https:\/\/peoplesphere.be\/fr\/#\/schema\/person\/7976225ff17988604334abb7b3536a7e","name":"Jean-Paul Erhard","image":{"@type":"ImageObject","inLanguage":"fr-FR","@id":"https:\/\/peoplesphere.be\/fr\/#\/schema\/person\/image\/","url":"https:\/\/secure.gravatar.com\/avatar\/f941e681460179738071629a51574930?s=96&d=mm&r=g","contentUrl":"https:\/\/secure.gravatar.com\/avatar\/f941e681460179738071629a51574930?s=96&d=mm&r=g","caption":"Jean-Paul Erhard"},"url":"https:\/\/peoplesphere.be\/fr\/author\/jpe\/"}]}},"_links":{"self":[{"href":"https:\/\/peoplesphere.be\/fr\/wp-json\/wp\/v2\/posts\/8657"}],"collection":[{"href":"https:\/\/peoplesphere.be\/fr\/wp-json\/wp\/v2\/posts"}],"about":[{"href":"https:\/\/peoplesphere.be\/fr\/wp-json\/wp\/v2\/types\/post"}],"author":[{"embeddable":true,"href":"https:\/\/peoplesphere.be\/fr\/wp-json\/wp\/v2\/users\/2"}],"replies":[{"embeddable":true,"href":"https:\/\/peoplesphere.be\/fr\/wp-json\/wp\/v2\/comments?post=8657"}],"version-history":[{"count":1,"href":"https:\/\/peoplesphere.be\/fr\/wp-json\/wp\/v2\/posts\/8657\/revisions"}],"predecessor-version":[{"id":8658,"href":"https:\/\/peoplesphere.be\/fr\/wp-json\/wp\/v2\/posts\/8657\/revisions\/8658"}],"wp:attachment":[{"href":"https:\/\/peoplesphere.be\/fr\/wp-json\/wp\/v2\/media?parent=8657"}],"wp:term":[{"taxonomy":"category","embeddable":true,"href":"https:\/\/peoplesphere.be\/fr\/wp-json\/wp\/v2\/categories?post=8657"},{"taxonomy":"post_tag","embeddable":true,"href":"https:\/\/peoplesphere.be\/fr\/wp-json\/wp\/v2\/tags?post=8657"}],"curies":[{"name":"wp","href":"https:\/\/api.w.org\/{rel}","templated":true}]}}