









{"id":869,"date":"2015-05-24T16:02:29","date_gmt":"2015-05-24T14:02:29","guid":{"rendered":"http:\/\/www.peoplesphere.be\/wp\/?p=869"},"modified":"2015-06-25T16:07:08","modified_gmt":"2015-06-25T14:07:08","slug":"absences-au-travail-en-wallonie-focus-sur-les-seniors-et-les-ouvriers","status":"publish","type":"post","link":"https:\/\/peoplesphere.be\/fr\/absences-au-travail-en-wallonie-focus-sur-les-seniors-et-les-ouvriers\/","title":{"rendered":"Absences au travail en Wallonie : focus sur les seniors et les ouvriers"},"content":{"rendered":"<h1>L&rsquo;Union Wallonne des Entreprises et Partena Professional se sont associ\u00e9s pour la 9e ann\u00e9e cons\u00e9cutive afin d\u2019identifier l\u2019ensemble des motifs pour lesquels un salari\u00e9 n\u2019est pas pr\u00e9sent sur son lieu de travail en R\u00e9gion wallonne. L&rsquo;\u00e9tude met en \u00e9vidence les disparit\u00e9s en fonction des cat\u00e9gories d&rsquo;\u00e2ge en mati\u00e8re d&rsquo;absences pour incapacit\u00e9s non-professionnelles.<!--more--><\/h1>\n<p>Alors que le nombre moyen de jours d\u2019absence est de 8 jours par an pour les salari\u00e9s de moins de 25 ans, il grimpe \u00e0 \u2026 47 jours pour les salari\u00e9s de 55 ans et plus. Ce qui donne un rapport de 1 \u00e0 6 ! Ces absences ont un co\u00fbt important, tant pour l\u2019entreprise que pour la collectivit\u00e9, sans n\u00e9gliger leur impact pour les salari\u00e9s concern\u00e9s.<\/p>\n<p>Cette neuvi\u00e8me \u00e9tude (r\u00e9alis\u00e9e de juin 2013 \u00e0 juin 2014) dresse plusieurs constats dont certains exercent un impact r\u00e9el sur les co\u00fbts r\u00e9els support\u00e9s par les entreprises.<\/p>\n<p>On observe ainsi que le salari\u00e9 wallon est absent 43 jours par an (pour un total stable de 192 jours de prestation), dont 21 jours pour cause de maladie et 22 jours pour d&rsquo;autres raisons (cong\u00e9s extra-l\u00e9gaux, ch\u00f4mage temporaire, cr\u00e9dit-temps&#8230;). La principale cause d&rsquo;absence ? Les incapacit\u00e9s non professionnelles de courte dur\u00e9e (moins de 30 jours). Ce ph\u00e9nom\u00e8ne inqui\u00e9tant semble confirm\u00e9 par plusieurs \u00e9tudes de l&rsquo;INAMI. L&rsquo;UWE souligne qu&rsquo;elle impacte \u00e9videmment, au-del\u00e0 des personnes concern\u00e9es, les entreprises confront\u00e9es \u00e0 des probl\u00e8mes d&rsquo;organisation et des co\u00fbts suppl\u00e9mentaires.<\/p>\n<p>L&rsquo;\u00e9tude met \u00e9galement en \u00e9vidence que le taux d&rsquo;absence des ouvriers serait d&rsquo;un tiers sup\u00e9rieur \u00e0 celui des employ\u00e9s. M\u00eame si l&rsquo;\u00e9cart se r\u00e9duit, l&rsquo;UWE souligne que celui-ci reste interpellant tandis que le d\u00e9bat entre les interlocuteurs sociaux autour du statut unique se poursuit.<\/p>\n","protected":false},"excerpt":{"rendered":"<p>L&rsquo;Union Wallonne des Entreprises et Partena Professional se sont associ\u00e9s pour la 9e ann\u00e9e cons\u00e9cutive afin d\u2019identifier l\u2019ensemble des motifs pour lesquels un salari\u00e9 n\u2019est pas pr\u00e9sent sur son lieu de travail en R\u00e9gion wallonne. L&rsquo;\u00e9tude met en \u00e9vidence les [&hellip;]<\/p>\n","protected":false},"author":1,"featured_media":0,"comment_status":"closed","ping_status":"open","sticky":false,"template":"","format":"standard","meta":[],"categories":[65],"tags":[],"yoast_head":"<!-- This site is optimized with the Yoast SEO plugin v21.0 - https:\/\/yoast.com\/wordpress\/plugins\/seo\/ -->\n<title>Absences au travail en Wallonie : focus sur les seniors et les ouvriers - Peoplesphere<\/title>\n<meta name=\"robots\" content=\"index, follow, max-snippet:-1, max-image-preview:large, max-video-preview:-1\" \/>\n<link rel=\"canonical\" href=\"https:\/\/peoplesphere.be\/fr\/absences-au-travail-en-wallonie-focus-sur-les-seniors-et-les-ouvriers\/\" \/>\n<meta property=\"og:locale\" content=\"fr_FR\" \/>\n<meta property=\"og:type\" content=\"article\" \/>\n<meta property=\"og:title\" content=\"Absences au travail en Wallonie : focus sur les seniors et les ouvriers - Peoplesphere\" \/>\n<meta property=\"og:description\" content=\"L&rsquo;Union Wallonne des Entreprises et Partena Professional se sont associ\u00e9s pour la 9e ann\u00e9e cons\u00e9cutive afin d\u2019identifier l\u2019ensemble des motifs pour lesquels un salari\u00e9 n\u2019est pas pr\u00e9sent sur son lieu de travail en R\u00e9gion wallonne. L&rsquo;\u00e9tude met en \u00e9vidence les [&hellip;]\" \/>\n<meta property=\"og:url\" content=\"https:\/\/peoplesphere.be\/fr\/absences-au-travail-en-wallonie-focus-sur-les-seniors-et-les-ouvriers\/\" \/>\n<meta property=\"og:site_name\" content=\"Peoplesphere\" \/>\n<meta property=\"article:publisher\" content=\"https:\/\/www.facebook.com\/peoplesphere\" \/>\n<meta property=\"article:published_time\" content=\"2015-05-24T14:02:29+00:00\" \/>\n<meta property=\"article:modified_time\" content=\"2015-06-25T14:07:08+00:00\" \/>\n<meta property=\"og:image\" content=\"http:\/\/www.peoplesphere.be\/fr\/wp-content\/uploads\/2016\/07\/facebook-default-posting-1200x628px.jpg\" \/>\n<meta name=\"author\" content=\"admin\" \/>\n<meta name=\"twitter:card\" content=\"summary_large_image\" \/>\n<meta name=\"twitter:creator\" content=\"@PeoplesphereMag\" \/>\n<meta name=\"twitter:site\" content=\"@PeoplesphereMag\" \/>\n<meta name=\"twitter:label1\" content=\"\u00c9crit par\" \/>\n\t<meta name=\"twitter:data1\" content=\"admin\" \/>\n\t<meta name=\"twitter:label2\" content=\"Dur\u00e9e de lecture estim\u00e9e\" \/>\n\t<meta name=\"twitter:data2\" content=\"2 minutes\" \/>\n<script type=\"application\/ld+json\" class=\"yoast-schema-graph\">{\"@context\":\"https:\/\/schema.org\",\"@graph\":[{\"@type\":\"Article\",\"@id\":\"https:\/\/peoplesphere.be\/fr\/absences-au-travail-en-wallonie-focus-sur-les-seniors-et-les-ouvriers\/#article\",\"isPartOf\":{\"@id\":\"https:\/\/peoplesphere.be\/fr\/absences-au-travail-en-wallonie-focus-sur-les-seniors-et-les-ouvriers\/\"},\"author\":{\"name\":\"admin\",\"@id\":\"https:\/\/peoplesphere.be\/fr\/#\/schema\/person\/31e983479d7c6c2adc52372e64a85ae6\"},\"headline\":\"Absences au travail en Wallonie : focus sur les seniors et les ouvriers\",\"datePublished\":\"2015-05-24T14:02:29+00:00\",\"dateModified\":\"2015-06-25T14:07:08+00:00\",\"mainEntityOfPage\":{\"@id\":\"https:\/\/peoplesphere.be\/fr\/absences-au-travail-en-wallonie-focus-sur-les-seniors-et-les-ouvriers\/\"},\"wordCount\":317,\"publisher\":{\"@id\":\"https:\/\/peoplesphere.be\/fr\/#organization\"},\"articleSection\":[\"Actualit\u00e9s\"],\"inLanguage\":\"fr-FR\"},{\"@type\":\"WebPage\",\"@id\":\"https:\/\/peoplesphere.be\/fr\/absences-au-travail-en-wallonie-focus-sur-les-seniors-et-les-ouvriers\/\",\"url\":\"https:\/\/peoplesphere.be\/fr\/absences-au-travail-en-wallonie-focus-sur-les-seniors-et-les-ouvriers\/\",\"name\":\"Absences au travail en Wallonie : focus sur les seniors et les ouvriers - Peoplesphere\",\"isPartOf\":{\"@id\":\"https:\/\/peoplesphere.be\/fr\/#website\"},\"datePublished\":\"2015-05-24T14:02:29+00:00\",\"dateModified\":\"2015-06-25T14:07:08+00:00\",\"breadcrumb\":{\"@id\":\"https:\/\/peoplesphere.be\/fr\/absences-au-travail-en-wallonie-focus-sur-les-seniors-et-les-ouvriers\/#breadcrumb\"},\"inLanguage\":\"fr-FR\",\"potentialAction\":[{\"@type\":\"ReadAction\",\"target\":[\"https:\/\/peoplesphere.be\/fr\/absences-au-travail-en-wallonie-focus-sur-les-seniors-et-les-ouvriers\/\"]}]},{\"@type\":\"BreadcrumbList\",\"@id\":\"https:\/\/peoplesphere.be\/fr\/absences-au-travail-en-wallonie-focus-sur-les-seniors-et-les-ouvriers\/#breadcrumb\",\"itemListElement\":[{\"@type\":\"ListItem\",\"position\":1,\"name\":\"Accueil\",\"item\":\"https:\/\/peoplesphere.be\/fr\/\"},{\"@type\":\"ListItem\",\"position\":2,\"name\":\"Absences au travail en Wallonie : focus sur les seniors et les ouvriers\"}]},{\"@type\":\"WebSite\",\"@id\":\"https:\/\/peoplesphere.be\/fr\/#website\",\"url\":\"https:\/\/peoplesphere.be\/fr\/\",\"name\":\"Peoplesphere\",\"description\":\"The People Managers Magazine\",\"publisher\":{\"@id\":\"https:\/\/peoplesphere.be\/fr\/#organization\"},\"potentialAction\":[{\"@type\":\"SearchAction\",\"target\":{\"@type\":\"EntryPoint\",\"urlTemplate\":\"https:\/\/peoplesphere.be\/fr\/?s={search_term_string}\"},\"query-input\":\"required name=search_term_string\"}],\"inLanguage\":\"fr-FR\"},{\"@type\":\"Organization\",\"@id\":\"https:\/\/peoplesphere.be\/fr\/#organization\",\"name\":\"Peoplesphere Company srl\",\"url\":\"https:\/\/peoplesphere.be\/fr\/\",\"logo\":{\"@type\":\"ImageObject\",\"inLanguage\":\"fr-FR\",\"@id\":\"https:\/\/peoplesphere.be\/fr\/#\/schema\/logo\/image\/\",\"url\":\"https:\/\/peoplesphere.be\/fr\/wp-content\/uploads\/2023\/07\/peoplesphere-lgo-new-generik.jpg\",\"contentUrl\":\"https:\/\/peoplesphere.be\/fr\/wp-content\/uploads\/2023\/07\/peoplesphere-lgo-new-generik.jpg\",\"width\":1031,\"height\":1479,\"caption\":\"Peoplesphere Company srl\"},\"image\":{\"@id\":\"https:\/\/peoplesphere.be\/fr\/#\/schema\/logo\/image\/\"},\"sameAs\":[\"https:\/\/www.facebook.com\/peoplesphere\",\"https:\/\/twitter.com\/PeoplesphereMag\",\"https:\/\/www.linkedin.com\/company\/7587361?trk\",\"http:\/\/youtube.com\/peoplesphere\"]},{\"@type\":\"Person\",\"@id\":\"https:\/\/peoplesphere.be\/fr\/#\/schema\/person\/31e983479d7c6c2adc52372e64a85ae6\",\"name\":\"admin\",\"image\":{\"@type\":\"ImageObject\",\"inLanguage\":\"fr-FR\",\"@id\":\"https:\/\/peoplesphere.be\/fr\/#\/schema\/person\/image\/\",\"url\":\"https:\/\/secure.gravatar.com\/avatar\/d20f4a44ec8508c3a90cb5021a329512?s=96&d=mm&r=g\",\"contentUrl\":\"https:\/\/secure.gravatar.com\/avatar\/d20f4a44ec8508c3a90cb5021a329512?s=96&d=mm&r=g\",\"caption\":\"admin\"},\"url\":\"https:\/\/peoplesphere.be\/fr\/author\/admin\/\"}]}<\/script>\n<!-- \/ Yoast SEO plugin. -->","yoast_head_json":{"title":"Absences au travail en Wallonie : focus sur les seniors et les ouvriers - Peoplesphere","robots":{"index":"index","follow":"follow","max-snippet":"max-snippet:-1","max-image-preview":"max-image-preview:large","max-video-preview":"max-video-preview:-1"},"canonical":"https:\/\/peoplesphere.be\/fr\/absences-au-travail-en-wallonie-focus-sur-les-seniors-et-les-ouvriers\/","og_locale":"fr_FR","og_type":"article","og_title":"Absences au travail en Wallonie : focus sur les seniors et les ouvriers - Peoplesphere","og_description":"L&rsquo;Union Wallonne des Entreprises et Partena Professional se sont associ\u00e9s pour la 9e ann\u00e9e cons\u00e9cutive afin d\u2019identifier l\u2019ensemble des motifs pour lesquels un salari\u00e9 n\u2019est pas pr\u00e9sent sur son lieu de travail en R\u00e9gion wallonne. L&rsquo;\u00e9tude met en \u00e9vidence les [&hellip;]","og_url":"https:\/\/peoplesphere.be\/fr\/absences-au-travail-en-wallonie-focus-sur-les-seniors-et-les-ouvriers\/","og_site_name":"Peoplesphere","article_publisher":"https:\/\/www.facebook.com\/peoplesphere","article_published_time":"2015-05-24T14:02:29+00:00","article_modified_time":"2015-06-25T14:07:08+00:00","og_image":[{"url":"http:\/\/www.peoplesphere.be\/fr\/wp-content\/uploads\/2016\/07\/facebook-default-posting-1200x628px.jpg"}],"author":"admin","twitter_card":"summary_large_image","twitter_creator":"@PeoplesphereMag","twitter_site":"@PeoplesphereMag","twitter_misc":{"\u00c9crit par":"admin","Dur\u00e9e de lecture estim\u00e9e":"2 minutes"},"schema":{"@context":"https:\/\/schema.org","@graph":[{"@type":"Article","@id":"https:\/\/peoplesphere.be\/fr\/absences-au-travail-en-wallonie-focus-sur-les-seniors-et-les-ouvriers\/#article","isPartOf":{"@id":"https:\/\/peoplesphere.be\/fr\/absences-au-travail-en-wallonie-focus-sur-les-seniors-et-les-ouvriers\/"},"author":{"name":"admin","@id":"https:\/\/peoplesphere.be\/fr\/#\/schema\/person\/31e983479d7c6c2adc52372e64a85ae6"},"headline":"Absences au travail en Wallonie : focus sur les seniors et les ouvriers","datePublished":"2015-05-24T14:02:29+00:00","dateModified":"2015-06-25T14:07:08+00:00","mainEntityOfPage":{"@id":"https:\/\/peoplesphere.be\/fr\/absences-au-travail-en-wallonie-focus-sur-les-seniors-et-les-ouvriers\/"},"wordCount":317,"publisher":{"@id":"https:\/\/peoplesphere.be\/fr\/#organization"},"articleSection":["Actualit\u00e9s"],"inLanguage":"fr-FR"},{"@type":"WebPage","@id":"https:\/\/peoplesphere.be\/fr\/absences-au-travail-en-wallonie-focus-sur-les-seniors-et-les-ouvriers\/","url":"https:\/\/peoplesphere.be\/fr\/absences-au-travail-en-wallonie-focus-sur-les-seniors-et-les-ouvriers\/","name":"Absences au travail en Wallonie : focus sur les seniors et les ouvriers - Peoplesphere","isPartOf":{"@id":"https:\/\/peoplesphere.be\/fr\/#website"},"datePublished":"2015-05-24T14:02:29+00:00","dateModified":"2015-06-25T14:07:08+00:00","breadcrumb":{"@id":"https:\/\/peoplesphere.be\/fr\/absences-au-travail-en-wallonie-focus-sur-les-seniors-et-les-ouvriers\/#breadcrumb"},"inLanguage":"fr-FR","potentialAction":[{"@type":"ReadAction","target":["https:\/\/peoplesphere.be\/fr\/absences-au-travail-en-wallonie-focus-sur-les-seniors-et-les-ouvriers\/"]}]},{"@type":"BreadcrumbList","@id":"https:\/\/peoplesphere.be\/fr\/absences-au-travail-en-wallonie-focus-sur-les-seniors-et-les-ouvriers\/#breadcrumb","itemListElement":[{"@type":"ListItem","position":1,"name":"Accueil","item":"https:\/\/peoplesphere.be\/fr\/"},{"@type":"ListItem","position":2,"name":"Absences au travail en Wallonie : focus sur les seniors et les ouvriers"}]},{"@type":"WebSite","@id":"https:\/\/peoplesphere.be\/fr\/#website","url":"https:\/\/peoplesphere.be\/fr\/","name":"Peoplesphere","description":"The People Managers Magazine","publisher":{"@id":"https:\/\/peoplesphere.be\/fr\/#organization"},"potentialAction":[{"@type":"SearchAction","target":{"@type":"EntryPoint","urlTemplate":"https:\/\/peoplesphere.be\/fr\/?s={search_term_string}"},"query-input":"required name=search_term_string"}],"inLanguage":"fr-FR"},{"@type":"Organization","@id":"https:\/\/peoplesphere.be\/fr\/#organization","name":"Peoplesphere Company srl","url":"https:\/\/peoplesphere.be\/fr\/","logo":{"@type":"ImageObject","inLanguage":"fr-FR","@id":"https:\/\/peoplesphere.be\/fr\/#\/schema\/logo\/image\/","url":"https:\/\/peoplesphere.be\/fr\/wp-content\/uploads\/2023\/07\/peoplesphere-lgo-new-generik.jpg","contentUrl":"https:\/\/peoplesphere.be\/fr\/wp-content\/uploads\/2023\/07\/peoplesphere-lgo-new-generik.jpg","width":1031,"height":1479,"caption":"Peoplesphere Company srl"},"image":{"@id":"https:\/\/peoplesphere.be\/fr\/#\/schema\/logo\/image\/"},"sameAs":["https:\/\/www.facebook.com\/peoplesphere","https:\/\/twitter.com\/PeoplesphereMag","https:\/\/www.linkedin.com\/company\/7587361?trk","http:\/\/youtube.com\/peoplesphere"]},{"@type":"Person","@id":"https:\/\/peoplesphere.be\/fr\/#\/schema\/person\/31e983479d7c6c2adc52372e64a85ae6","name":"admin","image":{"@type":"ImageObject","inLanguage":"fr-FR","@id":"https:\/\/peoplesphere.be\/fr\/#\/schema\/person\/image\/","url":"https:\/\/secure.gravatar.com\/avatar\/d20f4a44ec8508c3a90cb5021a329512?s=96&d=mm&r=g","contentUrl":"https:\/\/secure.gravatar.com\/avatar\/d20f4a44ec8508c3a90cb5021a329512?s=96&d=mm&r=g","caption":"admin"},"url":"https:\/\/peoplesphere.be\/fr\/author\/admin\/"}]}},"_links":{"self":[{"href":"https:\/\/peoplesphere.be\/fr\/wp-json\/wp\/v2\/posts\/869"}],"collection":[{"href":"https:\/\/peoplesphere.be\/fr\/wp-json\/wp\/v2\/posts"}],"about":[{"href":"https:\/\/peoplesphere.be\/fr\/wp-json\/wp\/v2\/types\/post"}],"author":[{"embeddable":true,"href":"https:\/\/peoplesphere.be\/fr\/wp-json\/wp\/v2\/users\/1"}],"replies":[{"embeddable":true,"href":"https:\/\/peoplesphere.be\/fr\/wp-json\/wp\/v2\/comments?post=869"}],"version-history":[{"count":1,"href":"https:\/\/peoplesphere.be\/fr\/wp-json\/wp\/v2\/posts\/869\/revisions"}],"predecessor-version":[{"id":870,"href":"https:\/\/peoplesphere.be\/fr\/wp-json\/wp\/v2\/posts\/869\/revisions\/870"}],"wp:attachment":[{"href":"https:\/\/peoplesphere.be\/fr\/wp-json\/wp\/v2\/media?parent=869"}],"wp:term":[{"taxonomy":"category","embeddable":true,"href":"https:\/\/peoplesphere.be\/fr\/wp-json\/wp\/v2\/categories?post=869"},{"taxonomy":"post_tag","embeddable":true,"href":"https:\/\/peoplesphere.be\/fr\/wp-json\/wp\/v2\/tags?post=869"}],"curies":[{"name":"wp","href":"https:\/\/api.w.org\/{rel}","templated":true}]}}