









{"id":8708,"date":"2019-12-02T16:59:40","date_gmt":"2019-12-02T14:59:40","guid":{"rendered":"https:\/\/peoplesphere.be\/fr\/?p=8708"},"modified":"2019-12-02T16:59:40","modified_gmt":"2019-12-02T14:59:40","slug":"nombre-de-demandeurs-demploi-passe-enfin-barre-200-000-wallonie","status":"publish","type":"post","link":"https:\/\/peoplesphere.be\/fr\/nombre-de-demandeurs-demploi-passe-enfin-barre-200-000-wallonie\/","title":{"rendered":"Le nombre de demandeurs d&#8217;emploi passe enfin sous la barre des 200.000 en Wallonie."},"content":{"rendered":"<p>Le nombre de demandeurs d\u2019emploi en Wallonie se situe, fin novembre, \u00e0 199.128 personnes inoccup\u00e9es, soit 8.541 personnes de moins qu\u2019il y a un an (- 4,1 %). C\u2019est parmi les jeunes \u00e2g\u00e9s de 25 \u00e0 moins de 30 ans que la diminution est la plus marqu\u00e9e.<!--more--><\/p>\n<p>Fin novembre 2019, la Wallonie compte 125.326 demandeurs d\u2019emploi (D.E.) demandeurs d\u2019allocations (dont 1.493 en Communaut\u00e9 germanophone) et 29.599 jeunes en stage d\u2019insertion professionnelle (dont 157 en Communaut\u00e9 germanophone).<\/p>\n<p>Le nombre de demandeurs d\u2019emploi inoccup\u00e9s en Wallonie comprend \u00e9galement 30.152 demandeurs d\u2019emploi inscrits obligatoirement et 14.051 demandeurs d\u2019emploi inscrits librement, soit un total de 199.128 D.E.I. \u00e0 fin novembre 2019. Ceux-ci repr\u00e9sentent 12,5 % de la population active wallonne (taux de demande d\u2019emploi). Il y a un an, en novembre 2018, ce taux \u00e9tait de 13,1 %.<\/p>\n<p>Parmi ces 199.128 D.E.I. wallons :<br \/>\n&#8211; 52 % sont des hommes ;<br \/>\n&#8211; 20 % sont \u00e2g\u00e9s de moins de 25 ans, 26 % ont 50 ans et plus ;<br \/>\n&#8211; 45 % sont au plus dipl\u00f4m\u00e9s de l\u2019enseignement secondaire du 2\u00e8me degr\u00e9 ;<br \/>\n&#8211; 32 % sont inoccup\u00e9s depuis moins de six mois et 39 % depuis deux ans et plus.<\/p>\n<p><em><strong>4.930 demandeurs d\u2019emploi de moins par rapport \u00e0 octobre 2019.<\/strong><\/em><\/p>\n<p>La demande d\u2019emploi \u00e9volue de mani\u00e8re cyclique. Apr\u00e8s la hausse \u00e0 un mois d\u2019\u00e9cart caract\u00e9risant le mois de juillet, et plus mod\u00e9r\u00e9ment le mois d\u2019ao\u00fbt, une diminution du volume de la demande d\u2019emploi est habituellement observ\u00e9e les mois suivants.<\/p>\n<p>Le nombre de D.E.I. a en effet baiss\u00e9 de 2,4 %, \u00e9quivalant \u00e0 4.930 personnes de moins dans la demande d\u2019emploi qu\u2019en octobre 2019.<\/p>\n<p>La demande d\u2019emploi reste orient\u00e9e \u00e0 la baisse en Wallonie sur base annuelle. \u00c0 la fin novembre 2019, le nombre total de D.E.I. diminue de 4,1 % par rapport \u00e0 novembre 2018. Cela correspond \u00e0 une diminution nette de 8.541 personnes.<\/p>\n<p>Les \u00e9volutions sur base annuelle varient selon les cat\u00e9gories administratives de demandeurs d\u2019emploi :<br \/>\ndemandeurs d\u2019emploi demandeurs d\u2019allocations : &#8211; 3,7 % (soit &#8211; 4.752 personnes) ;<br \/>\njeunes en stage d\u2019insertion : &#8211; 6,3 % (soit &#8211; 1.991 personnes) ;<br \/>\ndemandeurs d\u2019emploi inscrits obligatoirement : &#8211; 7,3 % (soit &#8211; 2.382 personnes) ;<br \/>\ndemandeurs d\u2019emploi inscrits librement : + 4,3 % (soit + 584 personnes).<\/p>\n<p>L\u2019ensemble des classes d\u2019\u00e2ges sont en recul \u00e0 un an d\u2019\u00e9cart. C\u2019est parmi les D.E.I. \u00e2g\u00e9s de moins de 30 ans que les diminutions sont les plus marqu\u00e9es : &#8211; 8,6 % aupr\u00e8s des personnes \u00e2g\u00e9es de 25 ans \u00e0 moins de 30 ans et &#8211; 6 % parmi celles de moins de 25 ans.<\/p>\n<p>Entre novembre 2018 et novembre 2019, le nombre de demandeurs d\u2019emploi inoccup\u00e9s depuis moins de 6 mois augmente l\u00e9g\u00e8rement (+ 1, 8 %). Les autres classes de dur\u00e9e d\u2019inoccupation diminuent ou restent stables.<br \/>\nLes reculs les plus notables concernent les publics inoccup\u00e9s depuis un an \u00e0 moins de deux ans (- 16,3 %) et ceux depuis six mois \u00e0 moins d\u2019un an (-7,6 %).<\/p>\n<p><em>Source: Forem<\/em><\/p>\n","protected":false},"excerpt":{"rendered":"<p>Le nombre de demandeurs d\u2019emploi en Wallonie se situe, fin novembre, \u00e0 199.128 personnes inoccup\u00e9es, soit 8.541 personnes de moins qu\u2019il y a un an (- 4,1 %). C\u2019est parmi les jeunes \u00e2g\u00e9s de 25 \u00e0 moins de 30 ans [&hellip;]<\/p>\n","protected":false},"author":2,"featured_media":0,"comment_status":"closed","ping_status":"open","sticky":false,"template":"","format":"standard","meta":[],"categories":[65,10],"tags":[92,2195,331,702],"yoast_head":"<!-- This site is optimized with the Yoast SEO plugin v21.0 - https:\/\/yoast.com\/wordpress\/plugins\/seo\/ -->\n<title>Le nombre de demandeurs d&#039;emploi passe enfin sous la barre des 200.000 en Wallonie. - Peoplesphere<\/title>\n<meta name=\"robots\" content=\"index, follow, max-snippet:-1, max-image-preview:large, max-video-preview:-1\" \/>\n<link rel=\"canonical\" href=\"https:\/\/peoplesphere.be\/fr\/nombre-de-demandeurs-demploi-passe-enfin-barre-200-000-wallonie\/\" \/>\n<meta property=\"og:locale\" content=\"fr_FR\" \/>\n<meta property=\"og:type\" content=\"article\" \/>\n<meta property=\"og:title\" content=\"Le nombre de demandeurs d&#039;emploi passe enfin sous la barre des 200.000 en Wallonie. - Peoplesphere\" \/>\n<meta property=\"og:description\" content=\"Le nombre de demandeurs d\u2019emploi en Wallonie se situe, fin novembre, \u00e0 199.128 personnes inoccup\u00e9es, soit 8.541 personnes de moins qu\u2019il y a un an (- 4,1 %). C\u2019est parmi les jeunes \u00e2g\u00e9s de 25 \u00e0 moins de 30 ans [&hellip;]\" \/>\n<meta property=\"og:url\" content=\"https:\/\/peoplesphere.be\/fr\/nombre-de-demandeurs-demploi-passe-enfin-barre-200-000-wallonie\/\" \/>\n<meta property=\"og:site_name\" content=\"Peoplesphere\" \/>\n<meta property=\"article:publisher\" content=\"https:\/\/www.facebook.com\/peoplesphere\" \/>\n<meta property=\"article:published_time\" content=\"2019-12-02T14:59:40+00:00\" \/>\n<meta property=\"og:image\" content=\"http:\/\/www.peoplesphere.be\/fr\/wp-content\/uploads\/2016\/07\/facebook-default-posting-1200x628px.jpg\" \/>\n<meta name=\"author\" content=\"Jean-Paul Erhard\" \/>\n<meta name=\"twitter:card\" content=\"summary_large_image\" \/>\n<meta name=\"twitter:creator\" content=\"@PeoplesphereMag\" \/>\n<meta name=\"twitter:site\" content=\"@PeoplesphereMag\" \/>\n<meta name=\"twitter:label1\" content=\"\u00c9crit par\" \/>\n\t<meta name=\"twitter:data1\" content=\"Jean-Paul Erhard\" \/>\n\t<meta name=\"twitter:label2\" content=\"Dur\u00e9e de lecture estim\u00e9e\" \/>\n\t<meta name=\"twitter:data2\" content=\"2 minutes\" \/>\n<script type=\"application\/ld+json\" class=\"yoast-schema-graph\">{\"@context\":\"https:\/\/schema.org\",\"@graph\":[{\"@type\":\"Article\",\"@id\":\"https:\/\/peoplesphere.be\/fr\/nombre-de-demandeurs-demploi-passe-enfin-barre-200-000-wallonie\/#article\",\"isPartOf\":{\"@id\":\"https:\/\/peoplesphere.be\/fr\/nombre-de-demandeurs-demploi-passe-enfin-barre-200-000-wallonie\/\"},\"author\":{\"name\":\"Jean-Paul Erhard\",\"@id\":\"https:\/\/peoplesphere.be\/fr\/#\/schema\/person\/7976225ff17988604334abb7b3536a7e\"},\"headline\":\"Le nombre de demandeurs d&#8217;emploi passe enfin sous la barre des 200.000 en Wallonie.\",\"datePublished\":\"2019-12-02T14:59:40+00:00\",\"dateModified\":\"2019-12-02T14:59:40+00:00\",\"mainEntityOfPage\":{\"@id\":\"https:\/\/peoplesphere.be\/fr\/nombre-de-demandeurs-demploi-passe-enfin-barre-200-000-wallonie\/\"},\"wordCount\":475,\"publisher\":{\"@id\":\"https:\/\/peoplesphere.be\/fr\/#organization\"},\"keywords\":[\"ch\u00f4mage\",\"ch\u00f4mage des jeunes\",\"forem\",\"march\u00e9 de l'emploi\"],\"articleSection\":[\"Actualit\u00e9s\",\"Digital\"],\"inLanguage\":\"fr-FR\"},{\"@type\":\"WebPage\",\"@id\":\"https:\/\/peoplesphere.be\/fr\/nombre-de-demandeurs-demploi-passe-enfin-barre-200-000-wallonie\/\",\"url\":\"https:\/\/peoplesphere.be\/fr\/nombre-de-demandeurs-demploi-passe-enfin-barre-200-000-wallonie\/\",\"name\":\"Le nombre de demandeurs d'emploi passe enfin sous la barre des 200.000 en Wallonie. - Peoplesphere\",\"isPartOf\":{\"@id\":\"https:\/\/peoplesphere.be\/fr\/#website\"},\"datePublished\":\"2019-12-02T14:59:40+00:00\",\"dateModified\":\"2019-12-02T14:59:40+00:00\",\"breadcrumb\":{\"@id\":\"https:\/\/peoplesphere.be\/fr\/nombre-de-demandeurs-demploi-passe-enfin-barre-200-000-wallonie\/#breadcrumb\"},\"inLanguage\":\"fr-FR\",\"potentialAction\":[{\"@type\":\"ReadAction\",\"target\":[\"https:\/\/peoplesphere.be\/fr\/nombre-de-demandeurs-demploi-passe-enfin-barre-200-000-wallonie\/\"]}]},{\"@type\":\"BreadcrumbList\",\"@id\":\"https:\/\/peoplesphere.be\/fr\/nombre-de-demandeurs-demploi-passe-enfin-barre-200-000-wallonie\/#breadcrumb\",\"itemListElement\":[{\"@type\":\"ListItem\",\"position\":1,\"name\":\"Accueil\",\"item\":\"https:\/\/peoplesphere.be\/fr\/\"},{\"@type\":\"ListItem\",\"position\":2,\"name\":\"Le nombre de demandeurs d&#8217;emploi passe enfin sous la barre des 200.000 en Wallonie.\"}]},{\"@type\":\"WebSite\",\"@id\":\"https:\/\/peoplesphere.be\/fr\/#website\",\"url\":\"https:\/\/peoplesphere.be\/fr\/\",\"name\":\"Peoplesphere\",\"description\":\"The People Managers Magazine\",\"publisher\":{\"@id\":\"https:\/\/peoplesphere.be\/fr\/#organization\"},\"potentialAction\":[{\"@type\":\"SearchAction\",\"target\":{\"@type\":\"EntryPoint\",\"urlTemplate\":\"https:\/\/peoplesphere.be\/fr\/?s={search_term_string}\"},\"query-input\":\"required name=search_term_string\"}],\"inLanguage\":\"fr-FR\"},{\"@type\":\"Organization\",\"@id\":\"https:\/\/peoplesphere.be\/fr\/#organization\",\"name\":\"Peoplesphere Company srl\",\"url\":\"https:\/\/peoplesphere.be\/fr\/\",\"logo\":{\"@type\":\"ImageObject\",\"inLanguage\":\"fr-FR\",\"@id\":\"https:\/\/peoplesphere.be\/fr\/#\/schema\/logo\/image\/\",\"url\":\"https:\/\/peoplesphere.be\/fr\/wp-content\/uploads\/2023\/07\/peoplesphere-lgo-new-generik.jpg\",\"contentUrl\":\"https:\/\/peoplesphere.be\/fr\/wp-content\/uploads\/2023\/07\/peoplesphere-lgo-new-generik.jpg\",\"width\":1031,\"height\":1479,\"caption\":\"Peoplesphere Company srl\"},\"image\":{\"@id\":\"https:\/\/peoplesphere.be\/fr\/#\/schema\/logo\/image\/\"},\"sameAs\":[\"https:\/\/www.facebook.com\/peoplesphere\",\"https:\/\/twitter.com\/PeoplesphereMag\",\"https:\/\/www.linkedin.com\/company\/7587361?trk\",\"http:\/\/youtube.com\/peoplesphere\"]},{\"@type\":\"Person\",\"@id\":\"https:\/\/peoplesphere.be\/fr\/#\/schema\/person\/7976225ff17988604334abb7b3536a7e\",\"name\":\"Jean-Paul Erhard\",\"image\":{\"@type\":\"ImageObject\",\"inLanguage\":\"fr-FR\",\"@id\":\"https:\/\/peoplesphere.be\/fr\/#\/schema\/person\/image\/\",\"url\":\"https:\/\/secure.gravatar.com\/avatar\/f941e681460179738071629a51574930?s=96&d=mm&r=g\",\"contentUrl\":\"https:\/\/secure.gravatar.com\/avatar\/f941e681460179738071629a51574930?s=96&d=mm&r=g\",\"caption\":\"Jean-Paul Erhard\"},\"url\":\"https:\/\/peoplesphere.be\/fr\/author\/jpe\/\"}]}<\/script>\n<!-- \/ Yoast SEO plugin. -->","yoast_head_json":{"title":"Le nombre de demandeurs d'emploi passe enfin sous la barre des 200.000 en Wallonie. - Peoplesphere","robots":{"index":"index","follow":"follow","max-snippet":"max-snippet:-1","max-image-preview":"max-image-preview:large","max-video-preview":"max-video-preview:-1"},"canonical":"https:\/\/peoplesphere.be\/fr\/nombre-de-demandeurs-demploi-passe-enfin-barre-200-000-wallonie\/","og_locale":"fr_FR","og_type":"article","og_title":"Le nombre de demandeurs d'emploi passe enfin sous la barre des 200.000 en Wallonie. - Peoplesphere","og_description":"Le nombre de demandeurs d\u2019emploi en Wallonie se situe, fin novembre, \u00e0 199.128 personnes inoccup\u00e9es, soit 8.541 personnes de moins qu\u2019il y a un an (- 4,1 %). C\u2019est parmi les jeunes \u00e2g\u00e9s de 25 \u00e0 moins de 30 ans [&hellip;]","og_url":"https:\/\/peoplesphere.be\/fr\/nombre-de-demandeurs-demploi-passe-enfin-barre-200-000-wallonie\/","og_site_name":"Peoplesphere","article_publisher":"https:\/\/www.facebook.com\/peoplesphere","article_published_time":"2019-12-02T14:59:40+00:00","og_image":[{"url":"http:\/\/www.peoplesphere.be\/fr\/wp-content\/uploads\/2016\/07\/facebook-default-posting-1200x628px.jpg"}],"author":"Jean-Paul Erhard","twitter_card":"summary_large_image","twitter_creator":"@PeoplesphereMag","twitter_site":"@PeoplesphereMag","twitter_misc":{"\u00c9crit par":"Jean-Paul Erhard","Dur\u00e9e de lecture estim\u00e9e":"2 minutes"},"schema":{"@context":"https:\/\/schema.org","@graph":[{"@type":"Article","@id":"https:\/\/peoplesphere.be\/fr\/nombre-de-demandeurs-demploi-passe-enfin-barre-200-000-wallonie\/#article","isPartOf":{"@id":"https:\/\/peoplesphere.be\/fr\/nombre-de-demandeurs-demploi-passe-enfin-barre-200-000-wallonie\/"},"author":{"name":"Jean-Paul Erhard","@id":"https:\/\/peoplesphere.be\/fr\/#\/schema\/person\/7976225ff17988604334abb7b3536a7e"},"headline":"Le nombre de demandeurs d&#8217;emploi passe enfin sous la barre des 200.000 en Wallonie.","datePublished":"2019-12-02T14:59:40+00:00","dateModified":"2019-12-02T14:59:40+00:00","mainEntityOfPage":{"@id":"https:\/\/peoplesphere.be\/fr\/nombre-de-demandeurs-demploi-passe-enfin-barre-200-000-wallonie\/"},"wordCount":475,"publisher":{"@id":"https:\/\/peoplesphere.be\/fr\/#organization"},"keywords":["ch\u00f4mage","ch\u00f4mage des jeunes","forem","march\u00e9 de l'emploi"],"articleSection":["Actualit\u00e9s","Digital"],"inLanguage":"fr-FR"},{"@type":"WebPage","@id":"https:\/\/peoplesphere.be\/fr\/nombre-de-demandeurs-demploi-passe-enfin-barre-200-000-wallonie\/","url":"https:\/\/peoplesphere.be\/fr\/nombre-de-demandeurs-demploi-passe-enfin-barre-200-000-wallonie\/","name":"Le nombre de demandeurs d'emploi passe enfin sous la barre des 200.000 en Wallonie. - Peoplesphere","isPartOf":{"@id":"https:\/\/peoplesphere.be\/fr\/#website"},"datePublished":"2019-12-02T14:59:40+00:00","dateModified":"2019-12-02T14:59:40+00:00","breadcrumb":{"@id":"https:\/\/peoplesphere.be\/fr\/nombre-de-demandeurs-demploi-passe-enfin-barre-200-000-wallonie\/#breadcrumb"},"inLanguage":"fr-FR","potentialAction":[{"@type":"ReadAction","target":["https:\/\/peoplesphere.be\/fr\/nombre-de-demandeurs-demploi-passe-enfin-barre-200-000-wallonie\/"]}]},{"@type":"BreadcrumbList","@id":"https:\/\/peoplesphere.be\/fr\/nombre-de-demandeurs-demploi-passe-enfin-barre-200-000-wallonie\/#breadcrumb","itemListElement":[{"@type":"ListItem","position":1,"name":"Accueil","item":"https:\/\/peoplesphere.be\/fr\/"},{"@type":"ListItem","position":2,"name":"Le nombre de demandeurs d&#8217;emploi passe enfin sous la barre des 200.000 en Wallonie."}]},{"@type":"WebSite","@id":"https:\/\/peoplesphere.be\/fr\/#website","url":"https:\/\/peoplesphere.be\/fr\/","name":"Peoplesphere","description":"The People Managers Magazine","publisher":{"@id":"https:\/\/peoplesphere.be\/fr\/#organization"},"potentialAction":[{"@type":"SearchAction","target":{"@type":"EntryPoint","urlTemplate":"https:\/\/peoplesphere.be\/fr\/?s={search_term_string}"},"query-input":"required name=search_term_string"}],"inLanguage":"fr-FR"},{"@type":"Organization","@id":"https:\/\/peoplesphere.be\/fr\/#organization","name":"Peoplesphere Company srl","url":"https:\/\/peoplesphere.be\/fr\/","logo":{"@type":"ImageObject","inLanguage":"fr-FR","@id":"https:\/\/peoplesphere.be\/fr\/#\/schema\/logo\/image\/","url":"https:\/\/peoplesphere.be\/fr\/wp-content\/uploads\/2023\/07\/peoplesphere-lgo-new-generik.jpg","contentUrl":"https:\/\/peoplesphere.be\/fr\/wp-content\/uploads\/2023\/07\/peoplesphere-lgo-new-generik.jpg","width":1031,"height":1479,"caption":"Peoplesphere Company srl"},"image":{"@id":"https:\/\/peoplesphere.be\/fr\/#\/schema\/logo\/image\/"},"sameAs":["https:\/\/www.facebook.com\/peoplesphere","https:\/\/twitter.com\/PeoplesphereMag","https:\/\/www.linkedin.com\/company\/7587361?trk","http:\/\/youtube.com\/peoplesphere"]},{"@type":"Person","@id":"https:\/\/peoplesphere.be\/fr\/#\/schema\/person\/7976225ff17988604334abb7b3536a7e","name":"Jean-Paul Erhard","image":{"@type":"ImageObject","inLanguage":"fr-FR","@id":"https:\/\/peoplesphere.be\/fr\/#\/schema\/person\/image\/","url":"https:\/\/secure.gravatar.com\/avatar\/f941e681460179738071629a51574930?s=96&d=mm&r=g","contentUrl":"https:\/\/secure.gravatar.com\/avatar\/f941e681460179738071629a51574930?s=96&d=mm&r=g","caption":"Jean-Paul Erhard"},"url":"https:\/\/peoplesphere.be\/fr\/author\/jpe\/"}]}},"_links":{"self":[{"href":"https:\/\/peoplesphere.be\/fr\/wp-json\/wp\/v2\/posts\/8708"}],"collection":[{"href":"https:\/\/peoplesphere.be\/fr\/wp-json\/wp\/v2\/posts"}],"about":[{"href":"https:\/\/peoplesphere.be\/fr\/wp-json\/wp\/v2\/types\/post"}],"author":[{"embeddable":true,"href":"https:\/\/peoplesphere.be\/fr\/wp-json\/wp\/v2\/users\/2"}],"replies":[{"embeddable":true,"href":"https:\/\/peoplesphere.be\/fr\/wp-json\/wp\/v2\/comments?post=8708"}],"version-history":[{"count":1,"href":"https:\/\/peoplesphere.be\/fr\/wp-json\/wp\/v2\/posts\/8708\/revisions"}],"predecessor-version":[{"id":8709,"href":"https:\/\/peoplesphere.be\/fr\/wp-json\/wp\/v2\/posts\/8708\/revisions\/8709"}],"wp:attachment":[{"href":"https:\/\/peoplesphere.be\/fr\/wp-json\/wp\/v2\/media?parent=8708"}],"wp:term":[{"taxonomy":"category","embeddable":true,"href":"https:\/\/peoplesphere.be\/fr\/wp-json\/wp\/v2\/categories?post=8708"},{"taxonomy":"post_tag","embeddable":true,"href":"https:\/\/peoplesphere.be\/fr\/wp-json\/wp\/v2\/tags?post=8708"}],"curies":[{"name":"wp","href":"https:\/\/api.w.org\/{rel}","templated":true}]}}