









{"id":871,"date":"2015-05-26T16:07:32","date_gmt":"2015-05-26T14:07:32","guid":{"rendered":"http:\/\/www.peoplesphere.be\/wp\/?p=871"},"modified":"2015-06-25T16:08:00","modified_gmt":"2015-06-25T14:08:00","slug":"linterim-en-hausse-confirmation-de-la-reprise","status":"publish","type":"post","link":"https:\/\/peoplesphere.be\/fr\/linterim-en-hausse-confirmation-de-la-reprise\/","title":{"rendered":"L&rsquo;int\u00e9rim en hausse, confirmation de la reprise"},"content":{"rendered":"<h1>Si besoin \u00e9tait&#8230; La hausse du recours \u00e0 l&rsquo;int\u00e9rim &#8211; en comparaison aux chiffres de l&rsquo;ann\u00e9e derni\u00e8re \u00e0 la m\u00eame p\u00e9riode &#8211; est spectaculaire. Difficile cependant de se prononcer d\u00e9finitivement : est-ce la confirmation &#8211; une de plus! &#8211; de la reprise \u00e9conomique ou un signal de prudence de la part des employeurs privil\u00e9giant des contrats temporaires avant d&rsquo;engager durablement. Entre-temps, voici les donn\u00e9es statistiques communiqu\u00e9es par Federgon.<!--more--><\/h1>\n<p>Au mois d\u2019avril 2015, le nombre d\u2019heures d\u2019int\u00e9rim prest\u00e9es a augment\u00e9 de 1,33% par rapport au mois pr\u00e9c\u00e9dent (en donn\u00e9es corrig\u00e9es des variations saisonni\u00e8res et des effets de calendrier). Cette hausse r\u00e9sulte d\u2019une \u00e9volution positive dans les deux segments : le nombre d\u2019heures prest\u00e9es a augment\u00e9 de 1,51% du c\u00f4t\u00e9 des ouvriers et de 1,10% du c\u00f4t\u00e9 des employ\u00e9s.<\/p>\n<p>Par rapport au mois d\u2019avril de l\u2019ann\u00e9e pr\u00e9c\u00e9dente, le secteur de l\u2019int\u00e9rim affiche une croissance de 9,73% (contre 8,19% en mars 2015). Ce chiffre r\u00e9sulte d\u2019une augmentation de 9,41% dans le segment des ouvriers et de 10,17% dans le segment des employ\u00e9s.<\/p>\n<p>L\u2019indice Federgon a atteint 238,5 points en avril 2015 contre 235,8 points en mars. Cet indice rend compte du niveau de l\u2019activit\u00e9 au cours du mois \u00e9tudi\u00e9 par rapport au mois de janvier 1995 (base 100), en chiffres d\u00e9saisonnalis\u00e9s.<\/p>\n","protected":false},"excerpt":{"rendered":"<p>Si besoin \u00e9tait&#8230; La hausse du recours \u00e0 l&rsquo;int\u00e9rim &#8211; en comparaison aux chiffres de l&rsquo;ann\u00e9e derni\u00e8re \u00e0 la m\u00eame p\u00e9riode &#8211; est spectaculaire. Difficile cependant de se prononcer d\u00e9finitivement : est-ce la confirmation &#8211; une de plus! &#8211; de [&hellip;]<\/p>\n","protected":false},"author":1,"featured_media":0,"comment_status":"closed","ping_status":"open","sticky":false,"template":"","format":"standard","meta":[],"categories":[65],"tags":[],"yoast_head":"<!-- This site is optimized with the Yoast SEO plugin v21.0 - https:\/\/yoast.com\/wordpress\/plugins\/seo\/ -->\n<title>L&#039;int\u00e9rim en hausse, confirmation de la reprise - Peoplesphere<\/title>\n<meta name=\"robots\" content=\"index, follow, max-snippet:-1, max-image-preview:large, max-video-preview:-1\" \/>\n<link rel=\"canonical\" href=\"https:\/\/peoplesphere.be\/fr\/linterim-en-hausse-confirmation-de-la-reprise\/\" \/>\n<meta property=\"og:locale\" content=\"fr_FR\" \/>\n<meta property=\"og:type\" content=\"article\" \/>\n<meta property=\"og:title\" content=\"L&#039;int\u00e9rim en hausse, confirmation de la reprise - Peoplesphere\" \/>\n<meta property=\"og:description\" content=\"Si besoin \u00e9tait&#8230; La hausse du recours \u00e0 l&rsquo;int\u00e9rim &#8211; en comparaison aux chiffres de l&rsquo;ann\u00e9e derni\u00e8re \u00e0 la m\u00eame p\u00e9riode &#8211; est spectaculaire. Difficile cependant de se prononcer d\u00e9finitivement : est-ce la confirmation &#8211; une de plus! &#8211; de [&hellip;]\" \/>\n<meta property=\"og:url\" content=\"https:\/\/peoplesphere.be\/fr\/linterim-en-hausse-confirmation-de-la-reprise\/\" \/>\n<meta property=\"og:site_name\" content=\"Peoplesphere\" \/>\n<meta property=\"article:publisher\" content=\"https:\/\/www.facebook.com\/peoplesphere\" \/>\n<meta property=\"article:published_time\" content=\"2015-05-26T14:07:32+00:00\" \/>\n<meta property=\"article:modified_time\" content=\"2015-06-25T14:08:00+00:00\" \/>\n<meta property=\"og:image\" content=\"http:\/\/www.peoplesphere.be\/fr\/wp-content\/uploads\/2016\/07\/facebook-default-posting-1200x628px.jpg\" \/>\n<meta name=\"author\" content=\"admin\" \/>\n<meta name=\"twitter:card\" content=\"summary_large_image\" \/>\n<meta name=\"twitter:creator\" content=\"@PeoplesphereMag\" \/>\n<meta name=\"twitter:site\" content=\"@PeoplesphereMag\" \/>\n<meta name=\"twitter:label1\" content=\"\u00c9crit par\" \/>\n\t<meta name=\"twitter:data1\" content=\"admin\" \/>\n\t<meta name=\"twitter:label2\" content=\"Dur\u00e9e de lecture estim\u00e9e\" \/>\n\t<meta name=\"twitter:data2\" content=\"1 minute\" \/>\n<script type=\"application\/ld+json\" class=\"yoast-schema-graph\">{\"@context\":\"https:\/\/schema.org\",\"@graph\":[{\"@type\":\"Article\",\"@id\":\"https:\/\/peoplesphere.be\/fr\/linterim-en-hausse-confirmation-de-la-reprise\/#article\",\"isPartOf\":{\"@id\":\"https:\/\/peoplesphere.be\/fr\/linterim-en-hausse-confirmation-de-la-reprise\/\"},\"author\":{\"name\":\"admin\",\"@id\":\"https:\/\/peoplesphere.be\/fr\/#\/schema\/person\/31e983479d7c6c2adc52372e64a85ae6\"},\"headline\":\"L&rsquo;int\u00e9rim en hausse, confirmation de la reprise\",\"datePublished\":\"2015-05-26T14:07:32+00:00\",\"dateModified\":\"2015-06-25T14:08:00+00:00\",\"mainEntityOfPage\":{\"@id\":\"https:\/\/peoplesphere.be\/fr\/linterim-en-hausse-confirmation-de-la-reprise\/\"},\"wordCount\":238,\"publisher\":{\"@id\":\"https:\/\/peoplesphere.be\/fr\/#organization\"},\"articleSection\":[\"Actualit\u00e9s\"],\"inLanguage\":\"fr-FR\"},{\"@type\":\"WebPage\",\"@id\":\"https:\/\/peoplesphere.be\/fr\/linterim-en-hausse-confirmation-de-la-reprise\/\",\"url\":\"https:\/\/peoplesphere.be\/fr\/linterim-en-hausse-confirmation-de-la-reprise\/\",\"name\":\"L'int\u00e9rim en hausse, confirmation de la reprise - Peoplesphere\",\"isPartOf\":{\"@id\":\"https:\/\/peoplesphere.be\/fr\/#website\"},\"datePublished\":\"2015-05-26T14:07:32+00:00\",\"dateModified\":\"2015-06-25T14:08:00+00:00\",\"breadcrumb\":{\"@id\":\"https:\/\/peoplesphere.be\/fr\/linterim-en-hausse-confirmation-de-la-reprise\/#breadcrumb\"},\"inLanguage\":\"fr-FR\",\"potentialAction\":[{\"@type\":\"ReadAction\",\"target\":[\"https:\/\/peoplesphere.be\/fr\/linterim-en-hausse-confirmation-de-la-reprise\/\"]}]},{\"@type\":\"BreadcrumbList\",\"@id\":\"https:\/\/peoplesphere.be\/fr\/linterim-en-hausse-confirmation-de-la-reprise\/#breadcrumb\",\"itemListElement\":[{\"@type\":\"ListItem\",\"position\":1,\"name\":\"Accueil\",\"item\":\"https:\/\/peoplesphere.be\/fr\/\"},{\"@type\":\"ListItem\",\"position\":2,\"name\":\"L&rsquo;int\u00e9rim en hausse, confirmation de la reprise\"}]},{\"@type\":\"WebSite\",\"@id\":\"https:\/\/peoplesphere.be\/fr\/#website\",\"url\":\"https:\/\/peoplesphere.be\/fr\/\",\"name\":\"Peoplesphere\",\"description\":\"The People Managers Magazine\",\"publisher\":{\"@id\":\"https:\/\/peoplesphere.be\/fr\/#organization\"},\"potentialAction\":[{\"@type\":\"SearchAction\",\"target\":{\"@type\":\"EntryPoint\",\"urlTemplate\":\"https:\/\/peoplesphere.be\/fr\/?s={search_term_string}\"},\"query-input\":\"required name=search_term_string\"}],\"inLanguage\":\"fr-FR\"},{\"@type\":\"Organization\",\"@id\":\"https:\/\/peoplesphere.be\/fr\/#organization\",\"name\":\"Peoplesphere Company srl\",\"url\":\"https:\/\/peoplesphere.be\/fr\/\",\"logo\":{\"@type\":\"ImageObject\",\"inLanguage\":\"fr-FR\",\"@id\":\"https:\/\/peoplesphere.be\/fr\/#\/schema\/logo\/image\/\",\"url\":\"https:\/\/peoplesphere.be\/fr\/wp-content\/uploads\/2023\/07\/peoplesphere-lgo-new-generik.jpg\",\"contentUrl\":\"https:\/\/peoplesphere.be\/fr\/wp-content\/uploads\/2023\/07\/peoplesphere-lgo-new-generik.jpg\",\"width\":1031,\"height\":1479,\"caption\":\"Peoplesphere Company srl\"},\"image\":{\"@id\":\"https:\/\/peoplesphere.be\/fr\/#\/schema\/logo\/image\/\"},\"sameAs\":[\"https:\/\/www.facebook.com\/peoplesphere\",\"https:\/\/twitter.com\/PeoplesphereMag\",\"https:\/\/www.linkedin.com\/company\/7587361?trk\",\"http:\/\/youtube.com\/peoplesphere\"]},{\"@type\":\"Person\",\"@id\":\"https:\/\/peoplesphere.be\/fr\/#\/schema\/person\/31e983479d7c6c2adc52372e64a85ae6\",\"name\":\"admin\",\"image\":{\"@type\":\"ImageObject\",\"inLanguage\":\"fr-FR\",\"@id\":\"https:\/\/peoplesphere.be\/fr\/#\/schema\/person\/image\/\",\"url\":\"https:\/\/secure.gravatar.com\/avatar\/d20f4a44ec8508c3a90cb5021a329512?s=96&d=mm&r=g\",\"contentUrl\":\"https:\/\/secure.gravatar.com\/avatar\/d20f4a44ec8508c3a90cb5021a329512?s=96&d=mm&r=g\",\"caption\":\"admin\"},\"url\":\"https:\/\/peoplesphere.be\/fr\/author\/admin\/\"}]}<\/script>\n<!-- \/ Yoast SEO plugin. -->","yoast_head_json":{"title":"L'int\u00e9rim en hausse, confirmation de la reprise - Peoplesphere","robots":{"index":"index","follow":"follow","max-snippet":"max-snippet:-1","max-image-preview":"max-image-preview:large","max-video-preview":"max-video-preview:-1"},"canonical":"https:\/\/peoplesphere.be\/fr\/linterim-en-hausse-confirmation-de-la-reprise\/","og_locale":"fr_FR","og_type":"article","og_title":"L'int\u00e9rim en hausse, confirmation de la reprise - Peoplesphere","og_description":"Si besoin \u00e9tait&#8230; La hausse du recours \u00e0 l&rsquo;int\u00e9rim &#8211; en comparaison aux chiffres de l&rsquo;ann\u00e9e derni\u00e8re \u00e0 la m\u00eame p\u00e9riode &#8211; est spectaculaire. Difficile cependant de se prononcer d\u00e9finitivement : est-ce la confirmation &#8211; une de plus! &#8211; de [&hellip;]","og_url":"https:\/\/peoplesphere.be\/fr\/linterim-en-hausse-confirmation-de-la-reprise\/","og_site_name":"Peoplesphere","article_publisher":"https:\/\/www.facebook.com\/peoplesphere","article_published_time":"2015-05-26T14:07:32+00:00","article_modified_time":"2015-06-25T14:08:00+00:00","og_image":[{"url":"http:\/\/www.peoplesphere.be\/fr\/wp-content\/uploads\/2016\/07\/facebook-default-posting-1200x628px.jpg"}],"author":"admin","twitter_card":"summary_large_image","twitter_creator":"@PeoplesphereMag","twitter_site":"@PeoplesphereMag","twitter_misc":{"\u00c9crit par":"admin","Dur\u00e9e de lecture estim\u00e9e":"1 minute"},"schema":{"@context":"https:\/\/schema.org","@graph":[{"@type":"Article","@id":"https:\/\/peoplesphere.be\/fr\/linterim-en-hausse-confirmation-de-la-reprise\/#article","isPartOf":{"@id":"https:\/\/peoplesphere.be\/fr\/linterim-en-hausse-confirmation-de-la-reprise\/"},"author":{"name":"admin","@id":"https:\/\/peoplesphere.be\/fr\/#\/schema\/person\/31e983479d7c6c2adc52372e64a85ae6"},"headline":"L&rsquo;int\u00e9rim en hausse, confirmation de la reprise","datePublished":"2015-05-26T14:07:32+00:00","dateModified":"2015-06-25T14:08:00+00:00","mainEntityOfPage":{"@id":"https:\/\/peoplesphere.be\/fr\/linterim-en-hausse-confirmation-de-la-reprise\/"},"wordCount":238,"publisher":{"@id":"https:\/\/peoplesphere.be\/fr\/#organization"},"articleSection":["Actualit\u00e9s"],"inLanguage":"fr-FR"},{"@type":"WebPage","@id":"https:\/\/peoplesphere.be\/fr\/linterim-en-hausse-confirmation-de-la-reprise\/","url":"https:\/\/peoplesphere.be\/fr\/linterim-en-hausse-confirmation-de-la-reprise\/","name":"L'int\u00e9rim en hausse, confirmation de la reprise - Peoplesphere","isPartOf":{"@id":"https:\/\/peoplesphere.be\/fr\/#website"},"datePublished":"2015-05-26T14:07:32+00:00","dateModified":"2015-06-25T14:08:00+00:00","breadcrumb":{"@id":"https:\/\/peoplesphere.be\/fr\/linterim-en-hausse-confirmation-de-la-reprise\/#breadcrumb"},"inLanguage":"fr-FR","potentialAction":[{"@type":"ReadAction","target":["https:\/\/peoplesphere.be\/fr\/linterim-en-hausse-confirmation-de-la-reprise\/"]}]},{"@type":"BreadcrumbList","@id":"https:\/\/peoplesphere.be\/fr\/linterim-en-hausse-confirmation-de-la-reprise\/#breadcrumb","itemListElement":[{"@type":"ListItem","position":1,"name":"Accueil","item":"https:\/\/peoplesphere.be\/fr\/"},{"@type":"ListItem","position":2,"name":"L&rsquo;int\u00e9rim en hausse, confirmation de la reprise"}]},{"@type":"WebSite","@id":"https:\/\/peoplesphere.be\/fr\/#website","url":"https:\/\/peoplesphere.be\/fr\/","name":"Peoplesphere","description":"The People Managers Magazine","publisher":{"@id":"https:\/\/peoplesphere.be\/fr\/#organization"},"potentialAction":[{"@type":"SearchAction","target":{"@type":"EntryPoint","urlTemplate":"https:\/\/peoplesphere.be\/fr\/?s={search_term_string}"},"query-input":"required name=search_term_string"}],"inLanguage":"fr-FR"},{"@type":"Organization","@id":"https:\/\/peoplesphere.be\/fr\/#organization","name":"Peoplesphere Company srl","url":"https:\/\/peoplesphere.be\/fr\/","logo":{"@type":"ImageObject","inLanguage":"fr-FR","@id":"https:\/\/peoplesphere.be\/fr\/#\/schema\/logo\/image\/","url":"https:\/\/peoplesphere.be\/fr\/wp-content\/uploads\/2023\/07\/peoplesphere-lgo-new-generik.jpg","contentUrl":"https:\/\/peoplesphere.be\/fr\/wp-content\/uploads\/2023\/07\/peoplesphere-lgo-new-generik.jpg","width":1031,"height":1479,"caption":"Peoplesphere Company srl"},"image":{"@id":"https:\/\/peoplesphere.be\/fr\/#\/schema\/logo\/image\/"},"sameAs":["https:\/\/www.facebook.com\/peoplesphere","https:\/\/twitter.com\/PeoplesphereMag","https:\/\/www.linkedin.com\/company\/7587361?trk","http:\/\/youtube.com\/peoplesphere"]},{"@type":"Person","@id":"https:\/\/peoplesphere.be\/fr\/#\/schema\/person\/31e983479d7c6c2adc52372e64a85ae6","name":"admin","image":{"@type":"ImageObject","inLanguage":"fr-FR","@id":"https:\/\/peoplesphere.be\/fr\/#\/schema\/person\/image\/","url":"https:\/\/secure.gravatar.com\/avatar\/d20f4a44ec8508c3a90cb5021a329512?s=96&d=mm&r=g","contentUrl":"https:\/\/secure.gravatar.com\/avatar\/d20f4a44ec8508c3a90cb5021a329512?s=96&d=mm&r=g","caption":"admin"},"url":"https:\/\/peoplesphere.be\/fr\/author\/admin\/"}]}},"_links":{"self":[{"href":"https:\/\/peoplesphere.be\/fr\/wp-json\/wp\/v2\/posts\/871"}],"collection":[{"href":"https:\/\/peoplesphere.be\/fr\/wp-json\/wp\/v2\/posts"}],"about":[{"href":"https:\/\/peoplesphere.be\/fr\/wp-json\/wp\/v2\/types\/post"}],"author":[{"embeddable":true,"href":"https:\/\/peoplesphere.be\/fr\/wp-json\/wp\/v2\/users\/1"}],"replies":[{"embeddable":true,"href":"https:\/\/peoplesphere.be\/fr\/wp-json\/wp\/v2\/comments?post=871"}],"version-history":[{"count":1,"href":"https:\/\/peoplesphere.be\/fr\/wp-json\/wp\/v2\/posts\/871\/revisions"}],"predecessor-version":[{"id":872,"href":"https:\/\/peoplesphere.be\/fr\/wp-json\/wp\/v2\/posts\/871\/revisions\/872"}],"wp:attachment":[{"href":"https:\/\/peoplesphere.be\/fr\/wp-json\/wp\/v2\/media?parent=871"}],"wp:term":[{"taxonomy":"category","embeddable":true,"href":"https:\/\/peoplesphere.be\/fr\/wp-json\/wp\/v2\/categories?post=871"},{"taxonomy":"post_tag","embeddable":true,"href":"https:\/\/peoplesphere.be\/fr\/wp-json\/wp\/v2\/tags?post=871"}],"curies":[{"name":"wp","href":"https:\/\/api.w.org\/{rel}","templated":true}]}}