









{"id":873,"date":"2015-05-26T16:09:23","date_gmt":"2015-05-26T14:09:23","guid":{"rendered":"http:\/\/www.peoplesphere.be\/wp\/?p=873"},"modified":"2015-06-25T16:13:32","modified_gmt":"2015-06-25T14:13:32","slug":"petit-dej-adp-liege-le-19-juin-la-reforme-des-pensions","status":"publish","type":"post","link":"https:\/\/peoplesphere.be\/fr\/petit-dej-adp-liege-le-19-juin-la-reforme-des-pensions\/","title":{"rendered":"Petit-d\u00e9j&rsquo; ADP Li\u00e8ge le 19 juin : la r\u00e9forme des pensions"},"content":{"rendered":"<h1>Le prochain \u00ab Petit D\u00e9jeuner ressources humaines \u00bb organis\u00e9 par l\u2019ADP Li\u00e8ge se tiendra \u00e0 Li\u00e8ge Airport (BIERSET) le vendredi 19 juin 2015 de 8h \u00e0 10h. Un sujet br\u00fblant \u00e0 l&rsquo;agenda : mesurez l\u2019impact de la r\u00e9forme des pensions sur votre entreprise.<!--more--><\/h1>\n<p>Quelles sont les questions qui seront abord\u00e9es \u00e0 l&rsquo;occasion du prochain petit-d\u00e9jeuner de l&rsquo;ADP Li\u00e8ge, en compagnie de Florence Delogne &#8211; Directrice Adjointe du cabinet du Ministre des Pensions.<\/p>\n<p>\u2022 Quid du rel\u00e8vement de l\u2019\u00e2ge de d\u00e9part \u00e0 la retraite, suppression du bonus pension ou encore cumul autoris\u00e9 d\u2019une pension avec un revenu sans limite? Quelles ont \u00e9t\u00e9 les modifications exactes ?<br \/>\n\u2022 Quels en seront les impacts pour les entreprises et leurs travailleurs ?<br \/>\n\u2022 Quelles sont les priorit\u00e9s du gouvernement en mati\u00e8re de pensions compl\u00e9mentaires ?<\/p>\n<h2>Informations pratiques<\/h2>\n<p>O\u00f9? Restaurant \u00abLE LONG COURS\u00bb (Hall de d\u00e9part 2\u00e8me \u00e9tage)<\/p>\n<p>Participation aux frais : 25,00\u20ac pour les non-membres &#8211; gratuit pour les membres ADP. Le montant est \u00e0 verser ANTICIPATIVEMENT sur le compte BE46 0680 4057 6036 de l\u2019ADP &#8211; 33, rue du Gros Gland \u00e0 4000 Li\u00e8ge avec mention : \u00abPetit D\u00e9jeuner ADP 19.06.15 : NOM et Pr\u00e9nom\u00bb.<\/p>\n<p><a href=\"http:\/\/www.adp-liege.be\/fr\/inscription\" target=\"_blank\">http:\/\/www.adp-liege.be\/fr\/inscription<\/a><\/p>\n","protected":false},"excerpt":{"rendered":"<p>Le prochain \u00ab Petit D\u00e9jeuner ressources humaines \u00bb organis\u00e9 par l\u2019ADP Li\u00e8ge se tiendra \u00e0 Li\u00e8ge Airport (BIERSET) le vendredi 19 juin 2015 de 8h \u00e0 10h. Un sujet br\u00fblant \u00e0 l&rsquo;agenda : mesurez l\u2019impact de la r\u00e9forme des pensions [&hellip;]<\/p>\n","protected":false},"author":1,"featured_media":0,"comment_status":"closed","ping_status":"open","sticky":false,"template":"","format":"standard","meta":[],"categories":[67],"tags":[],"yoast_head":"<!-- This site is optimized with the Yoast SEO plugin v21.0 - https:\/\/yoast.com\/wordpress\/plugins\/seo\/ -->\n<title>Petit-d\u00e9j&#039; ADP Li\u00e8ge le 19 juin : la r\u00e9forme des pensions - Peoplesphere<\/title>\n<meta name=\"robots\" content=\"index, follow, max-snippet:-1, max-image-preview:large, max-video-preview:-1\" \/>\n<link rel=\"canonical\" href=\"https:\/\/peoplesphere.be\/fr\/petit-dej-adp-liege-le-19-juin-la-reforme-des-pensions\/\" \/>\n<meta property=\"og:locale\" content=\"fr_FR\" \/>\n<meta property=\"og:type\" content=\"article\" \/>\n<meta property=\"og:title\" content=\"Petit-d\u00e9j&#039; ADP Li\u00e8ge le 19 juin : la r\u00e9forme des pensions - Peoplesphere\" \/>\n<meta property=\"og:description\" content=\"Le prochain \u00ab Petit D\u00e9jeuner ressources humaines \u00bb organis\u00e9 par l\u2019ADP Li\u00e8ge se tiendra \u00e0 Li\u00e8ge Airport (BIERSET) le vendredi 19 juin 2015 de 8h \u00e0 10h. Un sujet br\u00fblant \u00e0 l&rsquo;agenda : mesurez l\u2019impact de la r\u00e9forme des pensions [&hellip;]\" \/>\n<meta property=\"og:url\" content=\"https:\/\/peoplesphere.be\/fr\/petit-dej-adp-liege-le-19-juin-la-reforme-des-pensions\/\" \/>\n<meta property=\"og:site_name\" content=\"Peoplesphere\" \/>\n<meta property=\"article:publisher\" content=\"https:\/\/www.facebook.com\/peoplesphere\" \/>\n<meta property=\"article:published_time\" content=\"2015-05-26T14:09:23+00:00\" \/>\n<meta property=\"article:modified_time\" content=\"2015-06-25T14:13:32+00:00\" \/>\n<meta property=\"og:image\" content=\"http:\/\/www.peoplesphere.be\/fr\/wp-content\/uploads\/2016\/07\/facebook-default-posting-1200x628px.jpg\" \/>\n<meta name=\"author\" content=\"admin\" \/>\n<meta name=\"twitter:card\" content=\"summary_large_image\" \/>\n<meta name=\"twitter:creator\" content=\"@PeoplesphereMag\" \/>\n<meta name=\"twitter:site\" content=\"@PeoplesphereMag\" \/>\n<meta name=\"twitter:label1\" content=\"\u00c9crit par\" \/>\n\t<meta name=\"twitter:data1\" content=\"admin\" \/>\n\t<meta name=\"twitter:label2\" content=\"Dur\u00e9e de lecture estim\u00e9e\" \/>\n\t<meta name=\"twitter:data2\" content=\"1 minute\" \/>\n<script type=\"application\/ld+json\" class=\"yoast-schema-graph\">{\"@context\":\"https:\/\/schema.org\",\"@graph\":[{\"@type\":\"Article\",\"@id\":\"https:\/\/peoplesphere.be\/fr\/petit-dej-adp-liege-le-19-juin-la-reforme-des-pensions\/#article\",\"isPartOf\":{\"@id\":\"https:\/\/peoplesphere.be\/fr\/petit-dej-adp-liege-le-19-juin-la-reforme-des-pensions\/\"},\"author\":{\"name\":\"admin\",\"@id\":\"https:\/\/peoplesphere.be\/fr\/#\/schema\/person\/31e983479d7c6c2adc52372e64a85ae6\"},\"headline\":\"Petit-d\u00e9j&rsquo; ADP Li\u00e8ge le 19 juin : la r\u00e9forme des pensions\",\"datePublished\":\"2015-05-26T14:09:23+00:00\",\"dateModified\":\"2015-06-25T14:13:32+00:00\",\"mainEntityOfPage\":{\"@id\":\"https:\/\/peoplesphere.be\/fr\/petit-dej-adp-liege-le-19-juin-la-reforme-des-pensions\/\"},\"wordCount\":204,\"publisher\":{\"@id\":\"https:\/\/peoplesphere.be\/fr\/#organization\"},\"articleSection\":[\"Calendrier\"],\"inLanguage\":\"fr-FR\"},{\"@type\":\"WebPage\",\"@id\":\"https:\/\/peoplesphere.be\/fr\/petit-dej-adp-liege-le-19-juin-la-reforme-des-pensions\/\",\"url\":\"https:\/\/peoplesphere.be\/fr\/petit-dej-adp-liege-le-19-juin-la-reforme-des-pensions\/\",\"name\":\"Petit-d\u00e9j' ADP Li\u00e8ge le 19 juin : la r\u00e9forme des pensions - Peoplesphere\",\"isPartOf\":{\"@id\":\"https:\/\/peoplesphere.be\/fr\/#website\"},\"datePublished\":\"2015-05-26T14:09:23+00:00\",\"dateModified\":\"2015-06-25T14:13:32+00:00\",\"breadcrumb\":{\"@id\":\"https:\/\/peoplesphere.be\/fr\/petit-dej-adp-liege-le-19-juin-la-reforme-des-pensions\/#breadcrumb\"},\"inLanguage\":\"fr-FR\",\"potentialAction\":[{\"@type\":\"ReadAction\",\"target\":[\"https:\/\/peoplesphere.be\/fr\/petit-dej-adp-liege-le-19-juin-la-reforme-des-pensions\/\"]}]},{\"@type\":\"BreadcrumbList\",\"@id\":\"https:\/\/peoplesphere.be\/fr\/petit-dej-adp-liege-le-19-juin-la-reforme-des-pensions\/#breadcrumb\",\"itemListElement\":[{\"@type\":\"ListItem\",\"position\":1,\"name\":\"Accueil\",\"item\":\"https:\/\/peoplesphere.be\/fr\/\"},{\"@type\":\"ListItem\",\"position\":2,\"name\":\"Petit-d\u00e9j&rsquo; ADP Li\u00e8ge le 19 juin : la r\u00e9forme des pensions\"}]},{\"@type\":\"WebSite\",\"@id\":\"https:\/\/peoplesphere.be\/fr\/#website\",\"url\":\"https:\/\/peoplesphere.be\/fr\/\",\"name\":\"Peoplesphere\",\"description\":\"The People Managers Magazine\",\"publisher\":{\"@id\":\"https:\/\/peoplesphere.be\/fr\/#organization\"},\"potentialAction\":[{\"@type\":\"SearchAction\",\"target\":{\"@type\":\"EntryPoint\",\"urlTemplate\":\"https:\/\/peoplesphere.be\/fr\/?s={search_term_string}\"},\"query-input\":\"required name=search_term_string\"}],\"inLanguage\":\"fr-FR\"},{\"@type\":\"Organization\",\"@id\":\"https:\/\/peoplesphere.be\/fr\/#organization\",\"name\":\"Peoplesphere Company srl\",\"url\":\"https:\/\/peoplesphere.be\/fr\/\",\"logo\":{\"@type\":\"ImageObject\",\"inLanguage\":\"fr-FR\",\"@id\":\"https:\/\/peoplesphere.be\/fr\/#\/schema\/logo\/image\/\",\"url\":\"https:\/\/peoplesphere.be\/fr\/wp-content\/uploads\/2023\/07\/peoplesphere-lgo-new-generik.jpg\",\"contentUrl\":\"https:\/\/peoplesphere.be\/fr\/wp-content\/uploads\/2023\/07\/peoplesphere-lgo-new-generik.jpg\",\"width\":1031,\"height\":1479,\"caption\":\"Peoplesphere Company srl\"},\"image\":{\"@id\":\"https:\/\/peoplesphere.be\/fr\/#\/schema\/logo\/image\/\"},\"sameAs\":[\"https:\/\/www.facebook.com\/peoplesphere\",\"https:\/\/twitter.com\/PeoplesphereMag\",\"https:\/\/www.linkedin.com\/company\/7587361?trk\",\"http:\/\/youtube.com\/peoplesphere\"]},{\"@type\":\"Person\",\"@id\":\"https:\/\/peoplesphere.be\/fr\/#\/schema\/person\/31e983479d7c6c2adc52372e64a85ae6\",\"name\":\"admin\",\"image\":{\"@type\":\"ImageObject\",\"inLanguage\":\"fr-FR\",\"@id\":\"https:\/\/peoplesphere.be\/fr\/#\/schema\/person\/image\/\",\"url\":\"https:\/\/secure.gravatar.com\/avatar\/d20f4a44ec8508c3a90cb5021a329512?s=96&d=mm&r=g\",\"contentUrl\":\"https:\/\/secure.gravatar.com\/avatar\/d20f4a44ec8508c3a90cb5021a329512?s=96&d=mm&r=g\",\"caption\":\"admin\"},\"url\":\"https:\/\/peoplesphere.be\/fr\/author\/admin\/\"}]}<\/script>\n<!-- \/ Yoast SEO plugin. -->","yoast_head_json":{"title":"Petit-d\u00e9j' ADP Li\u00e8ge le 19 juin : la r\u00e9forme des pensions - Peoplesphere","robots":{"index":"index","follow":"follow","max-snippet":"max-snippet:-1","max-image-preview":"max-image-preview:large","max-video-preview":"max-video-preview:-1"},"canonical":"https:\/\/peoplesphere.be\/fr\/petit-dej-adp-liege-le-19-juin-la-reforme-des-pensions\/","og_locale":"fr_FR","og_type":"article","og_title":"Petit-d\u00e9j' ADP Li\u00e8ge le 19 juin : la r\u00e9forme des pensions - Peoplesphere","og_description":"Le prochain \u00ab Petit D\u00e9jeuner ressources humaines \u00bb organis\u00e9 par l\u2019ADP Li\u00e8ge se tiendra \u00e0 Li\u00e8ge Airport (BIERSET) le vendredi 19 juin 2015 de 8h \u00e0 10h. Un sujet br\u00fblant \u00e0 l&rsquo;agenda : mesurez l\u2019impact de la r\u00e9forme des pensions [&hellip;]","og_url":"https:\/\/peoplesphere.be\/fr\/petit-dej-adp-liege-le-19-juin-la-reforme-des-pensions\/","og_site_name":"Peoplesphere","article_publisher":"https:\/\/www.facebook.com\/peoplesphere","article_published_time":"2015-05-26T14:09:23+00:00","article_modified_time":"2015-06-25T14:13:32+00:00","og_image":[{"url":"http:\/\/www.peoplesphere.be\/fr\/wp-content\/uploads\/2016\/07\/facebook-default-posting-1200x628px.jpg"}],"author":"admin","twitter_card":"summary_large_image","twitter_creator":"@PeoplesphereMag","twitter_site":"@PeoplesphereMag","twitter_misc":{"\u00c9crit par":"admin","Dur\u00e9e de lecture estim\u00e9e":"1 minute"},"schema":{"@context":"https:\/\/schema.org","@graph":[{"@type":"Article","@id":"https:\/\/peoplesphere.be\/fr\/petit-dej-adp-liege-le-19-juin-la-reforme-des-pensions\/#article","isPartOf":{"@id":"https:\/\/peoplesphere.be\/fr\/petit-dej-adp-liege-le-19-juin-la-reforme-des-pensions\/"},"author":{"name":"admin","@id":"https:\/\/peoplesphere.be\/fr\/#\/schema\/person\/31e983479d7c6c2adc52372e64a85ae6"},"headline":"Petit-d\u00e9j&rsquo; ADP Li\u00e8ge le 19 juin : la r\u00e9forme des pensions","datePublished":"2015-05-26T14:09:23+00:00","dateModified":"2015-06-25T14:13:32+00:00","mainEntityOfPage":{"@id":"https:\/\/peoplesphere.be\/fr\/petit-dej-adp-liege-le-19-juin-la-reforme-des-pensions\/"},"wordCount":204,"publisher":{"@id":"https:\/\/peoplesphere.be\/fr\/#organization"},"articleSection":["Calendrier"],"inLanguage":"fr-FR"},{"@type":"WebPage","@id":"https:\/\/peoplesphere.be\/fr\/petit-dej-adp-liege-le-19-juin-la-reforme-des-pensions\/","url":"https:\/\/peoplesphere.be\/fr\/petit-dej-adp-liege-le-19-juin-la-reforme-des-pensions\/","name":"Petit-d\u00e9j' ADP Li\u00e8ge le 19 juin : la r\u00e9forme des pensions - Peoplesphere","isPartOf":{"@id":"https:\/\/peoplesphere.be\/fr\/#website"},"datePublished":"2015-05-26T14:09:23+00:00","dateModified":"2015-06-25T14:13:32+00:00","breadcrumb":{"@id":"https:\/\/peoplesphere.be\/fr\/petit-dej-adp-liege-le-19-juin-la-reforme-des-pensions\/#breadcrumb"},"inLanguage":"fr-FR","potentialAction":[{"@type":"ReadAction","target":["https:\/\/peoplesphere.be\/fr\/petit-dej-adp-liege-le-19-juin-la-reforme-des-pensions\/"]}]},{"@type":"BreadcrumbList","@id":"https:\/\/peoplesphere.be\/fr\/petit-dej-adp-liege-le-19-juin-la-reforme-des-pensions\/#breadcrumb","itemListElement":[{"@type":"ListItem","position":1,"name":"Accueil","item":"https:\/\/peoplesphere.be\/fr\/"},{"@type":"ListItem","position":2,"name":"Petit-d\u00e9j&rsquo; ADP Li\u00e8ge le 19 juin : la r\u00e9forme des pensions"}]},{"@type":"WebSite","@id":"https:\/\/peoplesphere.be\/fr\/#website","url":"https:\/\/peoplesphere.be\/fr\/","name":"Peoplesphere","description":"The People Managers Magazine","publisher":{"@id":"https:\/\/peoplesphere.be\/fr\/#organization"},"potentialAction":[{"@type":"SearchAction","target":{"@type":"EntryPoint","urlTemplate":"https:\/\/peoplesphere.be\/fr\/?s={search_term_string}"},"query-input":"required name=search_term_string"}],"inLanguage":"fr-FR"},{"@type":"Organization","@id":"https:\/\/peoplesphere.be\/fr\/#organization","name":"Peoplesphere Company srl","url":"https:\/\/peoplesphere.be\/fr\/","logo":{"@type":"ImageObject","inLanguage":"fr-FR","@id":"https:\/\/peoplesphere.be\/fr\/#\/schema\/logo\/image\/","url":"https:\/\/peoplesphere.be\/fr\/wp-content\/uploads\/2023\/07\/peoplesphere-lgo-new-generik.jpg","contentUrl":"https:\/\/peoplesphere.be\/fr\/wp-content\/uploads\/2023\/07\/peoplesphere-lgo-new-generik.jpg","width":1031,"height":1479,"caption":"Peoplesphere Company srl"},"image":{"@id":"https:\/\/peoplesphere.be\/fr\/#\/schema\/logo\/image\/"},"sameAs":["https:\/\/www.facebook.com\/peoplesphere","https:\/\/twitter.com\/PeoplesphereMag","https:\/\/www.linkedin.com\/company\/7587361?trk","http:\/\/youtube.com\/peoplesphere"]},{"@type":"Person","@id":"https:\/\/peoplesphere.be\/fr\/#\/schema\/person\/31e983479d7c6c2adc52372e64a85ae6","name":"admin","image":{"@type":"ImageObject","inLanguage":"fr-FR","@id":"https:\/\/peoplesphere.be\/fr\/#\/schema\/person\/image\/","url":"https:\/\/secure.gravatar.com\/avatar\/d20f4a44ec8508c3a90cb5021a329512?s=96&d=mm&r=g","contentUrl":"https:\/\/secure.gravatar.com\/avatar\/d20f4a44ec8508c3a90cb5021a329512?s=96&d=mm&r=g","caption":"admin"},"url":"https:\/\/peoplesphere.be\/fr\/author\/admin\/"}]}},"_links":{"self":[{"href":"https:\/\/peoplesphere.be\/fr\/wp-json\/wp\/v2\/posts\/873"}],"collection":[{"href":"https:\/\/peoplesphere.be\/fr\/wp-json\/wp\/v2\/posts"}],"about":[{"href":"https:\/\/peoplesphere.be\/fr\/wp-json\/wp\/v2\/types\/post"}],"author":[{"embeddable":true,"href":"https:\/\/peoplesphere.be\/fr\/wp-json\/wp\/v2\/users\/1"}],"replies":[{"embeddable":true,"href":"https:\/\/peoplesphere.be\/fr\/wp-json\/wp\/v2\/comments?post=873"}],"version-history":[{"count":1,"href":"https:\/\/peoplesphere.be\/fr\/wp-json\/wp\/v2\/posts\/873\/revisions"}],"predecessor-version":[{"id":874,"href":"https:\/\/peoplesphere.be\/fr\/wp-json\/wp\/v2\/posts\/873\/revisions\/874"}],"wp:attachment":[{"href":"https:\/\/peoplesphere.be\/fr\/wp-json\/wp\/v2\/media?parent=873"}],"wp:term":[{"taxonomy":"category","embeddable":true,"href":"https:\/\/peoplesphere.be\/fr\/wp-json\/wp\/v2\/categories?post=873"},{"taxonomy":"post_tag","embeddable":true,"href":"https:\/\/peoplesphere.be\/fr\/wp-json\/wp\/v2\/tags?post=873"}],"curies":[{"name":"wp","href":"https:\/\/api.w.org\/{rel}","templated":true}]}}