









{"id":8744,"date":"2019-12-09T13:02:49","date_gmt":"2019-12-09T11:02:49","guid":{"rendered":"https:\/\/peoplesphere.be\/fr\/?p=8744"},"modified":"2019-12-09T13:02:49","modified_gmt":"2019-12-09T11:02:49","slug":"140-900-emplois-vacants-repertories-belgique-cette-fin-dannee-2019","status":"publish","type":"post","link":"https:\/\/peoplesphere.be\/fr\/140-900-emplois-vacants-repertories-belgique-cette-fin-dannee-2019\/","title":{"rendered":"140.900 emplois vacants r\u00e9pertori\u00e9s en Belgique en cette fin d&rsquo;ann\u00e9e 2019."},"content":{"rendered":"<p>Au troisi\u00e8me trimestre 2019, les entreprises belges offraient 140.900 emplois vacants contre 139.000 au deuxi\u00e8me trimestre 2019. C\u2019est ce qui ressort des nouveaux chiffres de Statbel, l&rsquo;office belge de statistique. Le taux de vacance d\u2019emploi &#8211; le nombre d&#8217;emplois vacants par rapport au nombre total d&#8217;emplois dans l&rsquo;entreprise &#8211; a lui aussi l\u00e9g\u00e8rement augment\u00e9 de 3,41% \u00e0 3,44%.<!--more--><\/p>\n<p>Les trois r\u00e9gions, Bruxelles, Flandre et Wallonie, ont connu une hausse, avec respectivement +288, +259 et +1.433 emplois vacants en plus par rapport au deuxi\u00e8me trimestre 2019. Le taux de vacance d\u2019emploi est plus \u00e9lev\u00e9 en Flandre (3,8%) et \u00e0 Bruxelles (3,1%) qu&rsquo;en Wallonie (2,7%).<\/p>\n<p>Les grandes et moyennes entreprises offrent le plus d&#8217;emplois vacants (79,5% du total). Le taux de vacance d\u2019emploi dans ces entreprises se chiffre \u00e0 3,2%. Ce chiffre est nettement inf\u00e9rieur au taux de vacance d\u2019emploi de 5,3% enregistr\u00e9 dans les entreprises occupant moins de 10 salari\u00e9s.<\/p>\n<p>Plus des trois quarts (76,6%) des emplois vacants se concentrent dans cinq secteurs \u00e9conomiques:<\/p>\n<ul>\n<li>Le secteur non marchand (23,9% du total): 33.600 emplois vacants<\/li>\n<li>Les sciences et les services (16,5%): 23.200 emplois vacants<\/li>\n<li>Le commerce (13,7%): 19.300 emplois vacants<\/li>\n<li>L\u2019industrie (12,8%): 18.100 emplois vacants<\/li>\n<li>La construction (9,8%): 13.800 emplois vacants.<\/li>\n<\/ul>\n<p>Les secteurs \u00e9conomiques suivants affichent le taux de vacance d\u2019emploi le plus \u00e9lev\u00e9:<\/p>\n<ul>\n<li>Les activit\u00e9s sp\u00e9cialis\u00e9es, scientifiques et techniques : 6,62%<\/li>\n<li>L\u2019information et la communication (TIC) : 6,36%<\/li>\n<li>La construction: 5,89%<\/li>\n<li>L\u2019h\u00e9bergement et la restauration (Horeca): 5,22%<\/li>\n<li>Le secteur des arts, spectacles et activit\u00e9s r\u00e9cr\u00e9atives : 4,49%<\/li>\n<li>Les activit\u00e9s immobili\u00e8res : 4,03%<\/li>\n<li>Le commerce : 3,53%.<\/li>\n<\/ul>\n<p>Le taux de vacance d\u2019emploi diminue (troisi\u00e8me trimestre 2019 versus deuxi\u00e8me trimestre 2019) dans les secteurs de l\u2019information et communication (-0,61 point de pourcentage), des sciences et services (-0,46 point de pourcentage), de l\u2019h\u00e9bergement et de la restauration (-0,38 point de pourcentage), de l\u2019industrie (-0,12 point de pourcentage), de la construction (-0,08 point de pourcentage). Des hausses sont observ\u00e9es dans les secteurs des activit\u00e9s immobili\u00e8res (+1,61 point de pourcentage), des autres services (+0,68 point de pourcentage), du commerce (+0,34 point de pourcentage), de la finance et des assurances (+0,32 point de pourcentage) et du secteur non marchand (+0,14 point de pourcentage).<\/p>\n","protected":false},"excerpt":{"rendered":"<p>Au troisi\u00e8me trimestre 2019, les entreprises belges offraient 140.900 emplois vacants contre 139.000 au deuxi\u00e8me trimestre 2019. C\u2019est ce qui ressort des nouveaux chiffres de Statbel, l&rsquo;office belge de statistique. Le taux de vacance d\u2019emploi &#8211; le nombre d&#8217;emplois vacants [&hellip;]<\/p>\n","protected":false},"author":2,"featured_media":0,"comment_status":"closed","ping_status":"open","sticky":false,"template":"","format":"standard","meta":[],"categories":[65,10],"tags":[2099,72,2283,394],"yoast_head":"<!-- This site is optimized with the Yoast SEO plugin v21.0 - https:\/\/yoast.com\/wordpress\/plugins\/seo\/ -->\n<title>140.900 emplois vacants r\u00e9pertori\u00e9s en Belgique en cette fin d&#039;ann\u00e9e 2019. - Peoplesphere<\/title>\n<meta name=\"robots\" content=\"index, follow, max-snippet:-1, max-image-preview:large, max-video-preview:-1\" \/>\n<link rel=\"canonical\" href=\"https:\/\/peoplesphere.be\/fr\/140-900-emplois-vacants-repertories-belgique-cette-fin-dannee-2019\/\" \/>\n<meta property=\"og:locale\" content=\"fr_FR\" \/>\n<meta property=\"og:type\" content=\"article\" \/>\n<meta property=\"og:title\" content=\"140.900 emplois vacants r\u00e9pertori\u00e9s en Belgique en cette fin d&#039;ann\u00e9e 2019. - Peoplesphere\" \/>\n<meta property=\"og:description\" content=\"Au troisi\u00e8me trimestre 2019, les entreprises belges offraient 140.900 emplois vacants contre 139.000 au deuxi\u00e8me trimestre 2019. C\u2019est ce qui ressort des nouveaux chiffres de Statbel, l&rsquo;office belge de statistique. Le taux de vacance d\u2019emploi &#8211; le nombre d&#8217;emplois vacants [&hellip;]\" \/>\n<meta property=\"og:url\" content=\"https:\/\/peoplesphere.be\/fr\/140-900-emplois-vacants-repertories-belgique-cette-fin-dannee-2019\/\" \/>\n<meta property=\"og:site_name\" content=\"Peoplesphere\" \/>\n<meta property=\"article:publisher\" content=\"https:\/\/www.facebook.com\/peoplesphere\" \/>\n<meta property=\"article:published_time\" content=\"2019-12-09T11:02:49+00:00\" \/>\n<meta property=\"og:image\" content=\"http:\/\/www.peoplesphere.be\/fr\/wp-content\/uploads\/2016\/07\/facebook-default-posting-1200x628px.jpg\" \/>\n<meta name=\"author\" content=\"Jean-Paul Erhard\" \/>\n<meta name=\"twitter:card\" content=\"summary_large_image\" \/>\n<meta name=\"twitter:creator\" content=\"@PeoplesphereMag\" \/>\n<meta name=\"twitter:site\" content=\"@PeoplesphereMag\" \/>\n<meta name=\"twitter:label1\" content=\"\u00c9crit par\" \/>\n\t<meta name=\"twitter:data1\" content=\"Jean-Paul Erhard\" \/>\n\t<meta name=\"twitter:label2\" content=\"Dur\u00e9e de lecture estim\u00e9e\" \/>\n\t<meta name=\"twitter:data2\" content=\"2 minutes\" \/>\n<script type=\"application\/ld+json\" class=\"yoast-schema-graph\">{\"@context\":\"https:\/\/schema.org\",\"@graph\":[{\"@type\":\"Article\",\"@id\":\"https:\/\/peoplesphere.be\/fr\/140-900-emplois-vacants-repertories-belgique-cette-fin-dannee-2019\/#article\",\"isPartOf\":{\"@id\":\"https:\/\/peoplesphere.be\/fr\/140-900-emplois-vacants-repertories-belgique-cette-fin-dannee-2019\/\"},\"author\":{\"name\":\"Jean-Paul Erhard\",\"@id\":\"https:\/\/peoplesphere.be\/fr\/#\/schema\/person\/7976225ff17988604334abb7b3536a7e\"},\"headline\":\"140.900 emplois vacants r\u00e9pertori\u00e9s en Belgique en cette fin d&rsquo;ann\u00e9e 2019.\",\"datePublished\":\"2019-12-09T11:02:49+00:00\",\"dateModified\":\"2019-12-09T11:02:49+00:00\",\"mainEntityOfPage\":{\"@id\":\"https:\/\/peoplesphere.be\/fr\/140-900-emplois-vacants-repertories-belgique-cette-fin-dannee-2019\/\"},\"wordCount\":354,\"publisher\":{\"@id\":\"https:\/\/peoplesphere.be\/fr\/#organization\"},\"keywords\":[\"emplois vacants\",\"recrutement\",\"statbel\",\"taux d'emploi\"],\"articleSection\":[\"Actualit\u00e9s\",\"Digital\"],\"inLanguage\":\"fr-FR\"},{\"@type\":\"WebPage\",\"@id\":\"https:\/\/peoplesphere.be\/fr\/140-900-emplois-vacants-repertories-belgique-cette-fin-dannee-2019\/\",\"url\":\"https:\/\/peoplesphere.be\/fr\/140-900-emplois-vacants-repertories-belgique-cette-fin-dannee-2019\/\",\"name\":\"140.900 emplois vacants r\u00e9pertori\u00e9s en Belgique en cette fin d'ann\u00e9e 2019. - Peoplesphere\",\"isPartOf\":{\"@id\":\"https:\/\/peoplesphere.be\/fr\/#website\"},\"datePublished\":\"2019-12-09T11:02:49+00:00\",\"dateModified\":\"2019-12-09T11:02:49+00:00\",\"breadcrumb\":{\"@id\":\"https:\/\/peoplesphere.be\/fr\/140-900-emplois-vacants-repertories-belgique-cette-fin-dannee-2019\/#breadcrumb\"},\"inLanguage\":\"fr-FR\",\"potentialAction\":[{\"@type\":\"ReadAction\",\"target\":[\"https:\/\/peoplesphere.be\/fr\/140-900-emplois-vacants-repertories-belgique-cette-fin-dannee-2019\/\"]}]},{\"@type\":\"BreadcrumbList\",\"@id\":\"https:\/\/peoplesphere.be\/fr\/140-900-emplois-vacants-repertories-belgique-cette-fin-dannee-2019\/#breadcrumb\",\"itemListElement\":[{\"@type\":\"ListItem\",\"position\":1,\"name\":\"Accueil\",\"item\":\"https:\/\/peoplesphere.be\/fr\/\"},{\"@type\":\"ListItem\",\"position\":2,\"name\":\"140.900 emplois vacants r\u00e9pertori\u00e9s en Belgique en cette fin d&rsquo;ann\u00e9e 2019.\"}]},{\"@type\":\"WebSite\",\"@id\":\"https:\/\/peoplesphere.be\/fr\/#website\",\"url\":\"https:\/\/peoplesphere.be\/fr\/\",\"name\":\"Peoplesphere\",\"description\":\"The People Managers Magazine\",\"publisher\":{\"@id\":\"https:\/\/peoplesphere.be\/fr\/#organization\"},\"potentialAction\":[{\"@type\":\"SearchAction\",\"target\":{\"@type\":\"EntryPoint\",\"urlTemplate\":\"https:\/\/peoplesphere.be\/fr\/?s={search_term_string}\"},\"query-input\":\"required name=search_term_string\"}],\"inLanguage\":\"fr-FR\"},{\"@type\":\"Organization\",\"@id\":\"https:\/\/peoplesphere.be\/fr\/#organization\",\"name\":\"Peoplesphere Company srl\",\"url\":\"https:\/\/peoplesphere.be\/fr\/\",\"logo\":{\"@type\":\"ImageObject\",\"inLanguage\":\"fr-FR\",\"@id\":\"https:\/\/peoplesphere.be\/fr\/#\/schema\/logo\/image\/\",\"url\":\"https:\/\/peoplesphere.be\/fr\/wp-content\/uploads\/2023\/07\/peoplesphere-lgo-new-generik.jpg\",\"contentUrl\":\"https:\/\/peoplesphere.be\/fr\/wp-content\/uploads\/2023\/07\/peoplesphere-lgo-new-generik.jpg\",\"width\":1031,\"height\":1479,\"caption\":\"Peoplesphere Company srl\"},\"image\":{\"@id\":\"https:\/\/peoplesphere.be\/fr\/#\/schema\/logo\/image\/\"},\"sameAs\":[\"https:\/\/www.facebook.com\/peoplesphere\",\"https:\/\/twitter.com\/PeoplesphereMag\",\"https:\/\/www.linkedin.com\/company\/7587361?trk\",\"http:\/\/youtube.com\/peoplesphere\"]},{\"@type\":\"Person\",\"@id\":\"https:\/\/peoplesphere.be\/fr\/#\/schema\/person\/7976225ff17988604334abb7b3536a7e\",\"name\":\"Jean-Paul Erhard\",\"image\":{\"@type\":\"ImageObject\",\"inLanguage\":\"fr-FR\",\"@id\":\"https:\/\/peoplesphere.be\/fr\/#\/schema\/person\/image\/\",\"url\":\"https:\/\/secure.gravatar.com\/avatar\/f941e681460179738071629a51574930?s=96&d=mm&r=g\",\"contentUrl\":\"https:\/\/secure.gravatar.com\/avatar\/f941e681460179738071629a51574930?s=96&d=mm&r=g\",\"caption\":\"Jean-Paul Erhard\"},\"url\":\"https:\/\/peoplesphere.be\/fr\/author\/jpe\/\"}]}<\/script>\n<!-- \/ Yoast SEO plugin. -->","yoast_head_json":{"title":"140.900 emplois vacants r\u00e9pertori\u00e9s en Belgique en cette fin d'ann\u00e9e 2019. - Peoplesphere","robots":{"index":"index","follow":"follow","max-snippet":"max-snippet:-1","max-image-preview":"max-image-preview:large","max-video-preview":"max-video-preview:-1"},"canonical":"https:\/\/peoplesphere.be\/fr\/140-900-emplois-vacants-repertories-belgique-cette-fin-dannee-2019\/","og_locale":"fr_FR","og_type":"article","og_title":"140.900 emplois vacants r\u00e9pertori\u00e9s en Belgique en cette fin d'ann\u00e9e 2019. - Peoplesphere","og_description":"Au troisi\u00e8me trimestre 2019, les entreprises belges offraient 140.900 emplois vacants contre 139.000 au deuxi\u00e8me trimestre 2019. C\u2019est ce qui ressort des nouveaux chiffres de Statbel, l&rsquo;office belge de statistique. Le taux de vacance d\u2019emploi &#8211; le nombre d&#8217;emplois vacants [&hellip;]","og_url":"https:\/\/peoplesphere.be\/fr\/140-900-emplois-vacants-repertories-belgique-cette-fin-dannee-2019\/","og_site_name":"Peoplesphere","article_publisher":"https:\/\/www.facebook.com\/peoplesphere","article_published_time":"2019-12-09T11:02:49+00:00","og_image":[{"url":"http:\/\/www.peoplesphere.be\/fr\/wp-content\/uploads\/2016\/07\/facebook-default-posting-1200x628px.jpg"}],"author":"Jean-Paul Erhard","twitter_card":"summary_large_image","twitter_creator":"@PeoplesphereMag","twitter_site":"@PeoplesphereMag","twitter_misc":{"\u00c9crit par":"Jean-Paul Erhard","Dur\u00e9e de lecture estim\u00e9e":"2 minutes"},"schema":{"@context":"https:\/\/schema.org","@graph":[{"@type":"Article","@id":"https:\/\/peoplesphere.be\/fr\/140-900-emplois-vacants-repertories-belgique-cette-fin-dannee-2019\/#article","isPartOf":{"@id":"https:\/\/peoplesphere.be\/fr\/140-900-emplois-vacants-repertories-belgique-cette-fin-dannee-2019\/"},"author":{"name":"Jean-Paul Erhard","@id":"https:\/\/peoplesphere.be\/fr\/#\/schema\/person\/7976225ff17988604334abb7b3536a7e"},"headline":"140.900 emplois vacants r\u00e9pertori\u00e9s en Belgique en cette fin d&rsquo;ann\u00e9e 2019.","datePublished":"2019-12-09T11:02:49+00:00","dateModified":"2019-12-09T11:02:49+00:00","mainEntityOfPage":{"@id":"https:\/\/peoplesphere.be\/fr\/140-900-emplois-vacants-repertories-belgique-cette-fin-dannee-2019\/"},"wordCount":354,"publisher":{"@id":"https:\/\/peoplesphere.be\/fr\/#organization"},"keywords":["emplois vacants","recrutement","statbel","taux d'emploi"],"articleSection":["Actualit\u00e9s","Digital"],"inLanguage":"fr-FR"},{"@type":"WebPage","@id":"https:\/\/peoplesphere.be\/fr\/140-900-emplois-vacants-repertories-belgique-cette-fin-dannee-2019\/","url":"https:\/\/peoplesphere.be\/fr\/140-900-emplois-vacants-repertories-belgique-cette-fin-dannee-2019\/","name":"140.900 emplois vacants r\u00e9pertori\u00e9s en Belgique en cette fin d'ann\u00e9e 2019. - Peoplesphere","isPartOf":{"@id":"https:\/\/peoplesphere.be\/fr\/#website"},"datePublished":"2019-12-09T11:02:49+00:00","dateModified":"2019-12-09T11:02:49+00:00","breadcrumb":{"@id":"https:\/\/peoplesphere.be\/fr\/140-900-emplois-vacants-repertories-belgique-cette-fin-dannee-2019\/#breadcrumb"},"inLanguage":"fr-FR","potentialAction":[{"@type":"ReadAction","target":["https:\/\/peoplesphere.be\/fr\/140-900-emplois-vacants-repertories-belgique-cette-fin-dannee-2019\/"]}]},{"@type":"BreadcrumbList","@id":"https:\/\/peoplesphere.be\/fr\/140-900-emplois-vacants-repertories-belgique-cette-fin-dannee-2019\/#breadcrumb","itemListElement":[{"@type":"ListItem","position":1,"name":"Accueil","item":"https:\/\/peoplesphere.be\/fr\/"},{"@type":"ListItem","position":2,"name":"140.900 emplois vacants r\u00e9pertori\u00e9s en Belgique en cette fin d&rsquo;ann\u00e9e 2019."}]},{"@type":"WebSite","@id":"https:\/\/peoplesphere.be\/fr\/#website","url":"https:\/\/peoplesphere.be\/fr\/","name":"Peoplesphere","description":"The People Managers Magazine","publisher":{"@id":"https:\/\/peoplesphere.be\/fr\/#organization"},"potentialAction":[{"@type":"SearchAction","target":{"@type":"EntryPoint","urlTemplate":"https:\/\/peoplesphere.be\/fr\/?s={search_term_string}"},"query-input":"required name=search_term_string"}],"inLanguage":"fr-FR"},{"@type":"Organization","@id":"https:\/\/peoplesphere.be\/fr\/#organization","name":"Peoplesphere Company srl","url":"https:\/\/peoplesphere.be\/fr\/","logo":{"@type":"ImageObject","inLanguage":"fr-FR","@id":"https:\/\/peoplesphere.be\/fr\/#\/schema\/logo\/image\/","url":"https:\/\/peoplesphere.be\/fr\/wp-content\/uploads\/2023\/07\/peoplesphere-lgo-new-generik.jpg","contentUrl":"https:\/\/peoplesphere.be\/fr\/wp-content\/uploads\/2023\/07\/peoplesphere-lgo-new-generik.jpg","width":1031,"height":1479,"caption":"Peoplesphere Company srl"},"image":{"@id":"https:\/\/peoplesphere.be\/fr\/#\/schema\/logo\/image\/"},"sameAs":["https:\/\/www.facebook.com\/peoplesphere","https:\/\/twitter.com\/PeoplesphereMag","https:\/\/www.linkedin.com\/company\/7587361?trk","http:\/\/youtube.com\/peoplesphere"]},{"@type":"Person","@id":"https:\/\/peoplesphere.be\/fr\/#\/schema\/person\/7976225ff17988604334abb7b3536a7e","name":"Jean-Paul Erhard","image":{"@type":"ImageObject","inLanguage":"fr-FR","@id":"https:\/\/peoplesphere.be\/fr\/#\/schema\/person\/image\/","url":"https:\/\/secure.gravatar.com\/avatar\/f941e681460179738071629a51574930?s=96&d=mm&r=g","contentUrl":"https:\/\/secure.gravatar.com\/avatar\/f941e681460179738071629a51574930?s=96&d=mm&r=g","caption":"Jean-Paul Erhard"},"url":"https:\/\/peoplesphere.be\/fr\/author\/jpe\/"}]}},"_links":{"self":[{"href":"https:\/\/peoplesphere.be\/fr\/wp-json\/wp\/v2\/posts\/8744"}],"collection":[{"href":"https:\/\/peoplesphere.be\/fr\/wp-json\/wp\/v2\/posts"}],"about":[{"href":"https:\/\/peoplesphere.be\/fr\/wp-json\/wp\/v2\/types\/post"}],"author":[{"embeddable":true,"href":"https:\/\/peoplesphere.be\/fr\/wp-json\/wp\/v2\/users\/2"}],"replies":[{"embeddable":true,"href":"https:\/\/peoplesphere.be\/fr\/wp-json\/wp\/v2\/comments?post=8744"}],"version-history":[{"count":1,"href":"https:\/\/peoplesphere.be\/fr\/wp-json\/wp\/v2\/posts\/8744\/revisions"}],"predecessor-version":[{"id":8745,"href":"https:\/\/peoplesphere.be\/fr\/wp-json\/wp\/v2\/posts\/8744\/revisions\/8745"}],"wp:attachment":[{"href":"https:\/\/peoplesphere.be\/fr\/wp-json\/wp\/v2\/media?parent=8744"}],"wp:term":[{"taxonomy":"category","embeddable":true,"href":"https:\/\/peoplesphere.be\/fr\/wp-json\/wp\/v2\/categories?post=8744"},{"taxonomy":"post_tag","embeddable":true,"href":"https:\/\/peoplesphere.be\/fr\/wp-json\/wp\/v2\/tags?post=8744"}],"curies":[{"name":"wp","href":"https:\/\/api.w.org\/{rel}","templated":true}]}}