









{"id":8762,"date":"2019-12-11T09:56:39","date_gmt":"2019-12-11T07:56:39","guid":{"rendered":"https:\/\/peoplesphere.be\/fr\/?p=8762"},"modified":"2019-12-11T09:56:39","modified_gmt":"2019-12-11T07:56:39","slug":"travailleurs-independants-restent-inquiets-quant-montant-de-pension-cherchent-moyens-surs-de-compenser-perte-de-revenus","status":"publish","type":"post","link":"https:\/\/peoplesphere.be\/fr\/travailleurs-independants-restent-inquiets-quant-montant-de-pension-cherchent-moyens-surs-de-compenser-perte-de-revenus\/","title":{"rendered":"Les travailleurs ind\u00e9pendants restent inquiets quant au montant de leur pension et cherchent des moyens s\u00fbrs de compenser la perte de revenus."},"content":{"rendered":"<p>6 Belges sur 10 actifs en tant qu\u2019ind\u00e9pendant \u00e0 titre compl\u00e9mentaire ne passent pas le cap d\u2019ind\u00e9pendant \u00e0 titre principal en raison d\u2019une pension inf\u00e9rieure, selon une enqu\u00eate de la Caisse d\u2019assurances sociales Acerta men\u00e9e aupr\u00e8s de quelque 2000 ind\u00e9pendants belges. 58 % des ind\u00e9pendants, tant en activit\u00e9 compl\u00e9mentaire que principale, conseillent de d\u00e9marrer une \u00e9pargne-pension avant l\u2019\u00e2ge de 35 ans. 54 % des ind\u00e9pendants affirment aussi continuer \u00e0 travailler apr\u00e8s l\u2019\u00e2ge de la pension. La moiti\u00e9 d\u2019entre eux parce qu\u2019ils aiment travailler, l\u2019autre en raison de leur situation financi\u00e8re.<!--more--><\/p>\n<p>Comme le reste de la population belge, les ind\u00e9pendants accordent une importance certaine \u00e0 leur pension. 72 % des ind\u00e9pendants ne laissent pas les incertitudes concernant la pension les emp\u00eacher de se lancer comme ind\u00e9pendant. Il est toutefois surprenant que 59 % des ind\u00e9pendants \u00e0 titre compl\u00e9mentaire mentionnent la pension comme raison de ne pas passer en ind\u00e9pendant \u00e0 titre principal. Ils se sentent en effet plus \u00e0 l\u2019aise avec le filet de s\u00e9curit\u00e9 qu\u2019offre leur pension de travailleur. 81 % sont convaincus qu\u2019ils se feraient plus de soucis pour leur pension s\u2019ils \u00e9taient ind\u00e9pendants \u00e0 titre principal. 60 % des ind\u00e9pendants pensent que, s\u2019ils \u00e9taient travailleurs, la pension les inqui\u00e9terait moins.<\/p>\n<p><strong><em>67 % des ind\u00e9pendants \u00e0 titre principal sont inquiets du montant de leur pension<\/em><\/strong><\/p>\n<p>Un autre tracas qu\u2019\u00e9prouvent les ind\u00e9pendants est li\u00e9 au montant de pension : c\u2019est une inqui\u00e9tude qu\u2019\u00e9prouvent 67 % des ind\u00e9pendants \u00e0 titre principal contre 32 % des ind\u00e9pendants \u00e0 titre compl\u00e9mentaire.<\/p>\n<p>Nadine Morren, Directrice Service \u00e0 la Client\u00e8le chez Acerta, d\u00e9clare : \u00ab<em> Les ind\u00e9pendants aimeraient savoir quel impact les d\u00e9cisions de carri\u00e8re peuvent avoir sur leur pension. Cependant, ils ne trouvent pas (assez) d\u2019informations sur leur pension bas\u00e9es sur leur situation concr\u00e8te \u00e0 l\u2019heure actuelle. Le fait que les ind\u00e9pendants \u00e0 titre principal sont plus inquiets que ceux en activit\u00e9 compl\u00e9mentaire est probablement d\u00fb \u00e0 un sentiment d\u2019incertitude. \u00catre travailleur est encore toujours consid\u00e9r\u00e9 comme une sorte de s\u00e9curit\u00e9. Si vous \u00eates licenci\u00e9(e), vous pouvez toucher des allocations de ch\u00f4mage et continuez \u00e0 constituer des droits de pension. En outre, la plupart des ind\u00e9pendants ont tout juste droit \u00e0 la pension l\u00e9gale minimum alors que les travailleurs tirent g\u00e9n\u00e9ralement mieux leur \u00e9pingle du jeu, car une diff\u00e9rence de calcul demeure malgr\u00e9 le minimum l\u00e9gal. Les plus grandes entreprises offrent en g\u00e9n\u00e9ral aussi des avantages tels que l\u2019assurance groupe. \u00bb<\/em><\/p>\n<p><strong><em>6 ind\u00e9pendants sur 10 ont une pension compl\u00e9mentaire et la commencent au plus t\u00f4t.<\/em><\/strong><\/p>\n<p>Une autre constatation qui ressort de l\u2019\u00e9tude de la Caisse d\u2019assurances sociales Acerta est que 61% des ind\u00e9pendants ont d\u00e9j\u00e0 pris des mesures pour augmenter leur constitution de pension. 56% des ind\u00e9pendants qui d\u00e9cident de constituer une pension compl\u00e9mentaire optent pour la Pension compl\u00e9mentaire libre pour ind\u00e9pendants (PCLI) ou une autre assurance compl\u00e9mentaire. Il s\u2019agit alors surtout d\u2019ind\u00e9pendants en activit\u00e9 principale : 75% d\u2019entre eux ont une PCLI. La PCLI a moins de succ\u00e8s aupr\u00e8s des ind\u00e9pendants \u00e0 titre compl\u00e9mentaire en tant que constitution de pension suppl\u00e9mentaire (31%).<\/p>\n<p>Nadine Morren : <em>\u00ab Le livret d\u2019\u00e9pargne, les placements, les actions et l\u2019immobilier \u2013 le domicile propre, le magasin, une seconde r\u00e9sidence&#8230; \u2013 sont consid\u00e9r\u00e9s par les ind\u00e9pendants comme une pomme pour la soif. Remettre leur affaire au moment de la pension peut aussi \u00eatre une fa\u00e7on d\u2019augmenter leur pension.\u00bb<\/em><\/p>\n<p>58% des ind\u00e9pendants estiment qu\u2019il vaut mieux commencer \u00e0 \u00e9pargner pour la pension directement et avant ses 35 ans, en tant que jeune starter donc. Seuls 14% pensent que ceci peut attendre jusqu\u2019apr\u00e8s 45 ans. Fait surprenant : ce sont surtout les plus jeunes ind\u00e9pendants qui consid\u00e8rent qu\u2019il vaut mieux commencer t\u00f4t \u00e0 \u00e9pargner pour la pension. Ce n\u2019est donc pas une le\u00e7on que les ind\u00e9pendants apprennent au fil des ann\u00e9es.<\/p>\n<p><strong><em>Actif apr\u00e8s la pension : 45% pour l\u2019argent, mais 54% pour le travail en lui-m\u00eame<\/em><\/strong><\/p>\n<p>Pourtant, les ind\u00e9pendants ne laissent pas la pension d\u00e9terminer le chemin qu\u2019ils empruntent. Ils se tournent surtout vers le Gouvernement (31% d\u2019entre eux vers l\u2019Office national des pensions) pour se d\u00e9faire de leurs inqui\u00e9tudes et vers leur comptable (22%) ou la caisse d\u2019assurances sociales (22%) pour des conseils. Mais entretemps, l\u2019ind\u00e9pendant pers\u00e9v\u00e8re. Un peu plus de la moiti\u00e9 \u2013 54% \u2013 pr\u00e9voit m\u00eame de continuer \u00e0 travailler apr\u00e8s l\u2019\u00e2ge de la pension. Pourquoi ? Pour un peu moins de la moiti\u00e9 (45%), le c\u00f4t\u00e9 financier joue un r\u00f4le. Toutefois, la plupart des ind\u00e9pendants qui continuent \u00e0 travailler (54%) aiment simplement leur m\u00e9tier. Et non, ce ne sont pas seulement les jeunes ind\u00e9pendants qui pr\u00e9voient de le faire quand le moment sera venu. Les ind\u00e9pendants proches de la pension aussi d\u00e9cident souvent de continuer.<\/p>\n<p><em>Source: Acerta &#8211; Ces chiffres sont issus d\u2019une enqu\u00eate sur le th\u00e8me des pensions effectu\u00e9e entre le 5 septembre et le 3 octobre 2019. 1936 ind\u00e9pendants y ont pris part.<\/em><\/p>\n","protected":false},"excerpt":{"rendered":"<p>6 Belges sur 10 actifs en tant qu\u2019ind\u00e9pendant \u00e0 titre compl\u00e9mentaire ne passent pas le cap d\u2019ind\u00e9pendant \u00e0 titre principal en raison d\u2019une pension inf\u00e9rieure, selon une enqu\u00eate de la Caisse d\u2019assurances sociales Acerta men\u00e9e aupr\u00e8s de quelque 2000 ind\u00e9pendants [&hellip;]<\/p>\n","protected":false},"author":2,"featured_media":0,"comment_status":"closed","ping_status":"open","sticky":false,"template":"","format":"standard","meta":[],"categories":[65,10],"tags":[2830,13,374,688,2342],"yoast_head":"<!-- This site is optimized with the Yoast SEO plugin v21.0 - https:\/\/yoast.com\/wordpress\/plugins\/seo\/ -->\n<title>Les travailleurs ind\u00e9pendants restent inquiets quant au montant de leur pension et cherchent des moyens s\u00fbrs de compenser la perte de revenus. - Peoplesphere<\/title>\n<meta name=\"robots\" content=\"index, follow, max-snippet:-1, max-image-preview:large, max-video-preview:-1\" \/>\n<link rel=\"canonical\" href=\"https:\/\/peoplesphere.be\/fr\/travailleurs-independants-restent-inquiets-quant-montant-de-pension-cherchent-moyens-surs-de-compenser-perte-de-revenus\/\" \/>\n<meta property=\"og:locale\" content=\"fr_FR\" \/>\n<meta property=\"og:type\" content=\"article\" \/>\n<meta property=\"og:title\" content=\"Les travailleurs ind\u00e9pendants restent inquiets quant au montant de leur pension et cherchent des moyens s\u00fbrs de compenser la perte de revenus. - Peoplesphere\" \/>\n<meta property=\"og:description\" content=\"6 Belges sur 10 actifs en tant qu\u2019ind\u00e9pendant \u00e0 titre compl\u00e9mentaire ne passent pas le cap d\u2019ind\u00e9pendant \u00e0 titre principal en raison d\u2019une pension inf\u00e9rieure, selon une enqu\u00eate de la Caisse d\u2019assurances sociales Acerta men\u00e9e aupr\u00e8s de quelque 2000 ind\u00e9pendants [&hellip;]\" \/>\n<meta property=\"og:url\" content=\"https:\/\/peoplesphere.be\/fr\/travailleurs-independants-restent-inquiets-quant-montant-de-pension-cherchent-moyens-surs-de-compenser-perte-de-revenus\/\" \/>\n<meta property=\"og:site_name\" content=\"Peoplesphere\" \/>\n<meta property=\"article:publisher\" content=\"https:\/\/www.facebook.com\/peoplesphere\" \/>\n<meta property=\"article:published_time\" content=\"2019-12-11T07:56:39+00:00\" \/>\n<meta property=\"og:image\" content=\"http:\/\/www.peoplesphere.be\/fr\/wp-content\/uploads\/2016\/07\/facebook-default-posting-1200x628px.jpg\" \/>\n<meta name=\"author\" content=\"Jean-Paul Erhard\" \/>\n<meta name=\"twitter:card\" content=\"summary_large_image\" \/>\n<meta name=\"twitter:creator\" content=\"@PeoplesphereMag\" \/>\n<meta name=\"twitter:site\" content=\"@PeoplesphereMag\" \/>\n<meta name=\"twitter:label1\" content=\"\u00c9crit par\" \/>\n\t<meta name=\"twitter:data1\" content=\"Jean-Paul Erhard\" \/>\n\t<meta name=\"twitter:label2\" content=\"Dur\u00e9e de lecture estim\u00e9e\" \/>\n\t<meta name=\"twitter:data2\" content=\"4 minutes\" \/>\n<script type=\"application\/ld+json\" class=\"yoast-schema-graph\">{\"@context\":\"https:\/\/schema.org\",\"@graph\":[{\"@type\":\"Article\",\"@id\":\"https:\/\/peoplesphere.be\/fr\/travailleurs-independants-restent-inquiets-quant-montant-de-pension-cherchent-moyens-surs-de-compenser-perte-de-revenus\/#article\",\"isPartOf\":{\"@id\":\"https:\/\/peoplesphere.be\/fr\/travailleurs-independants-restent-inquiets-quant-montant-de-pension-cherchent-moyens-surs-de-compenser-perte-de-revenus\/\"},\"author\":{\"name\":\"Jean-Paul Erhard\",\"@id\":\"https:\/\/peoplesphere.be\/fr\/#\/schema\/person\/7976225ff17988604334abb7b3536a7e\"},\"headline\":\"Les travailleurs ind\u00e9pendants restent inquiets quant au montant de leur pension et cherchent des moyens s\u00fbrs de compenser la perte de revenus.\",\"datePublished\":\"2019-12-11T07:56:39+00:00\",\"dateModified\":\"2019-12-11T07:56:39+00:00\",\"mainEntityOfPage\":{\"@id\":\"https:\/\/peoplesphere.be\/fr\/travailleurs-independants-restent-inquiets-quant-montant-de-pension-cherchent-moyens-surs-de-compenser-perte-de-revenus\/\"},\"wordCount\":889,\"publisher\":{\"@id\":\"https:\/\/peoplesphere.be\/fr\/#organization\"},\"keywords\":[\"assurances sociales\",\"Pension\",\"r\u00e9mun\u00e9rations\",\"retraite\",\"statut ind\u00e9pendant\"],\"articleSection\":[\"Actualit\u00e9s\",\"Digital\"],\"inLanguage\":\"fr-FR\"},{\"@type\":\"WebPage\",\"@id\":\"https:\/\/peoplesphere.be\/fr\/travailleurs-independants-restent-inquiets-quant-montant-de-pension-cherchent-moyens-surs-de-compenser-perte-de-revenus\/\",\"url\":\"https:\/\/peoplesphere.be\/fr\/travailleurs-independants-restent-inquiets-quant-montant-de-pension-cherchent-moyens-surs-de-compenser-perte-de-revenus\/\",\"name\":\"Les travailleurs ind\u00e9pendants restent inquiets quant au montant de leur pension et cherchent des moyens s\u00fbrs de compenser la perte de revenus. - Peoplesphere\",\"isPartOf\":{\"@id\":\"https:\/\/peoplesphere.be\/fr\/#website\"},\"datePublished\":\"2019-12-11T07:56:39+00:00\",\"dateModified\":\"2019-12-11T07:56:39+00:00\",\"breadcrumb\":{\"@id\":\"https:\/\/peoplesphere.be\/fr\/travailleurs-independants-restent-inquiets-quant-montant-de-pension-cherchent-moyens-surs-de-compenser-perte-de-revenus\/#breadcrumb\"},\"inLanguage\":\"fr-FR\",\"potentialAction\":[{\"@type\":\"ReadAction\",\"target\":[\"https:\/\/peoplesphere.be\/fr\/travailleurs-independants-restent-inquiets-quant-montant-de-pension-cherchent-moyens-surs-de-compenser-perte-de-revenus\/\"]}]},{\"@type\":\"BreadcrumbList\",\"@id\":\"https:\/\/peoplesphere.be\/fr\/travailleurs-independants-restent-inquiets-quant-montant-de-pension-cherchent-moyens-surs-de-compenser-perte-de-revenus\/#breadcrumb\",\"itemListElement\":[{\"@type\":\"ListItem\",\"position\":1,\"name\":\"Accueil\",\"item\":\"https:\/\/peoplesphere.be\/fr\/\"},{\"@type\":\"ListItem\",\"position\":2,\"name\":\"Les travailleurs ind\u00e9pendants restent inquiets quant au montant de leur pension et cherchent des moyens s\u00fbrs de compenser la perte de revenus.\"}]},{\"@type\":\"WebSite\",\"@id\":\"https:\/\/peoplesphere.be\/fr\/#website\",\"url\":\"https:\/\/peoplesphere.be\/fr\/\",\"name\":\"Peoplesphere\",\"description\":\"The People Managers Magazine\",\"publisher\":{\"@id\":\"https:\/\/peoplesphere.be\/fr\/#organization\"},\"potentialAction\":[{\"@type\":\"SearchAction\",\"target\":{\"@type\":\"EntryPoint\",\"urlTemplate\":\"https:\/\/peoplesphere.be\/fr\/?s={search_term_string}\"},\"query-input\":\"required name=search_term_string\"}],\"inLanguage\":\"fr-FR\"},{\"@type\":\"Organization\",\"@id\":\"https:\/\/peoplesphere.be\/fr\/#organization\",\"name\":\"Peoplesphere Company srl\",\"url\":\"https:\/\/peoplesphere.be\/fr\/\",\"logo\":{\"@type\":\"ImageObject\",\"inLanguage\":\"fr-FR\",\"@id\":\"https:\/\/peoplesphere.be\/fr\/#\/schema\/logo\/image\/\",\"url\":\"https:\/\/peoplesphere.be\/fr\/wp-content\/uploads\/2023\/07\/peoplesphere-lgo-new-generik.jpg\",\"contentUrl\":\"https:\/\/peoplesphere.be\/fr\/wp-content\/uploads\/2023\/07\/peoplesphere-lgo-new-generik.jpg\",\"width\":1031,\"height\":1479,\"caption\":\"Peoplesphere Company srl\"},\"image\":{\"@id\":\"https:\/\/peoplesphere.be\/fr\/#\/schema\/logo\/image\/\"},\"sameAs\":[\"https:\/\/www.facebook.com\/peoplesphere\",\"https:\/\/twitter.com\/PeoplesphereMag\",\"https:\/\/www.linkedin.com\/company\/7587361?trk\",\"http:\/\/youtube.com\/peoplesphere\"]},{\"@type\":\"Person\",\"@id\":\"https:\/\/peoplesphere.be\/fr\/#\/schema\/person\/7976225ff17988604334abb7b3536a7e\",\"name\":\"Jean-Paul Erhard\",\"image\":{\"@type\":\"ImageObject\",\"inLanguage\":\"fr-FR\",\"@id\":\"https:\/\/peoplesphere.be\/fr\/#\/schema\/person\/image\/\",\"url\":\"https:\/\/secure.gravatar.com\/avatar\/f941e681460179738071629a51574930?s=96&d=mm&r=g\",\"contentUrl\":\"https:\/\/secure.gravatar.com\/avatar\/f941e681460179738071629a51574930?s=96&d=mm&r=g\",\"caption\":\"Jean-Paul Erhard\"},\"url\":\"https:\/\/peoplesphere.be\/fr\/author\/jpe\/\"}]}<\/script>\n<!-- \/ Yoast SEO plugin. -->","yoast_head_json":{"title":"Les travailleurs ind\u00e9pendants restent inquiets quant au montant de leur pension et cherchent des moyens s\u00fbrs de compenser la perte de revenus. - Peoplesphere","robots":{"index":"index","follow":"follow","max-snippet":"max-snippet:-1","max-image-preview":"max-image-preview:large","max-video-preview":"max-video-preview:-1"},"canonical":"https:\/\/peoplesphere.be\/fr\/travailleurs-independants-restent-inquiets-quant-montant-de-pension-cherchent-moyens-surs-de-compenser-perte-de-revenus\/","og_locale":"fr_FR","og_type":"article","og_title":"Les travailleurs ind\u00e9pendants restent inquiets quant au montant de leur pension et cherchent des moyens s\u00fbrs de compenser la perte de revenus. - Peoplesphere","og_description":"6 Belges sur 10 actifs en tant qu\u2019ind\u00e9pendant \u00e0 titre compl\u00e9mentaire ne passent pas le cap d\u2019ind\u00e9pendant \u00e0 titre principal en raison d\u2019une pension inf\u00e9rieure, selon une enqu\u00eate de la Caisse d\u2019assurances sociales Acerta men\u00e9e aupr\u00e8s de quelque 2000 ind\u00e9pendants [&hellip;]","og_url":"https:\/\/peoplesphere.be\/fr\/travailleurs-independants-restent-inquiets-quant-montant-de-pension-cherchent-moyens-surs-de-compenser-perte-de-revenus\/","og_site_name":"Peoplesphere","article_publisher":"https:\/\/www.facebook.com\/peoplesphere","article_published_time":"2019-12-11T07:56:39+00:00","og_image":[{"url":"http:\/\/www.peoplesphere.be\/fr\/wp-content\/uploads\/2016\/07\/facebook-default-posting-1200x628px.jpg"}],"author":"Jean-Paul Erhard","twitter_card":"summary_large_image","twitter_creator":"@PeoplesphereMag","twitter_site":"@PeoplesphereMag","twitter_misc":{"\u00c9crit par":"Jean-Paul Erhard","Dur\u00e9e de lecture estim\u00e9e":"4 minutes"},"schema":{"@context":"https:\/\/schema.org","@graph":[{"@type":"Article","@id":"https:\/\/peoplesphere.be\/fr\/travailleurs-independants-restent-inquiets-quant-montant-de-pension-cherchent-moyens-surs-de-compenser-perte-de-revenus\/#article","isPartOf":{"@id":"https:\/\/peoplesphere.be\/fr\/travailleurs-independants-restent-inquiets-quant-montant-de-pension-cherchent-moyens-surs-de-compenser-perte-de-revenus\/"},"author":{"name":"Jean-Paul Erhard","@id":"https:\/\/peoplesphere.be\/fr\/#\/schema\/person\/7976225ff17988604334abb7b3536a7e"},"headline":"Les travailleurs ind\u00e9pendants restent inquiets quant au montant de leur pension et cherchent des moyens s\u00fbrs de compenser la perte de revenus.","datePublished":"2019-12-11T07:56:39+00:00","dateModified":"2019-12-11T07:56:39+00:00","mainEntityOfPage":{"@id":"https:\/\/peoplesphere.be\/fr\/travailleurs-independants-restent-inquiets-quant-montant-de-pension-cherchent-moyens-surs-de-compenser-perte-de-revenus\/"},"wordCount":889,"publisher":{"@id":"https:\/\/peoplesphere.be\/fr\/#organization"},"keywords":["assurances sociales","Pension","r\u00e9mun\u00e9rations","retraite","statut ind\u00e9pendant"],"articleSection":["Actualit\u00e9s","Digital"],"inLanguage":"fr-FR"},{"@type":"WebPage","@id":"https:\/\/peoplesphere.be\/fr\/travailleurs-independants-restent-inquiets-quant-montant-de-pension-cherchent-moyens-surs-de-compenser-perte-de-revenus\/","url":"https:\/\/peoplesphere.be\/fr\/travailleurs-independants-restent-inquiets-quant-montant-de-pension-cherchent-moyens-surs-de-compenser-perte-de-revenus\/","name":"Les travailleurs ind\u00e9pendants restent inquiets quant au montant de leur pension et cherchent des moyens s\u00fbrs de compenser la perte de revenus. - Peoplesphere","isPartOf":{"@id":"https:\/\/peoplesphere.be\/fr\/#website"},"datePublished":"2019-12-11T07:56:39+00:00","dateModified":"2019-12-11T07:56:39+00:00","breadcrumb":{"@id":"https:\/\/peoplesphere.be\/fr\/travailleurs-independants-restent-inquiets-quant-montant-de-pension-cherchent-moyens-surs-de-compenser-perte-de-revenus\/#breadcrumb"},"inLanguage":"fr-FR","potentialAction":[{"@type":"ReadAction","target":["https:\/\/peoplesphere.be\/fr\/travailleurs-independants-restent-inquiets-quant-montant-de-pension-cherchent-moyens-surs-de-compenser-perte-de-revenus\/"]}]},{"@type":"BreadcrumbList","@id":"https:\/\/peoplesphere.be\/fr\/travailleurs-independants-restent-inquiets-quant-montant-de-pension-cherchent-moyens-surs-de-compenser-perte-de-revenus\/#breadcrumb","itemListElement":[{"@type":"ListItem","position":1,"name":"Accueil","item":"https:\/\/peoplesphere.be\/fr\/"},{"@type":"ListItem","position":2,"name":"Les travailleurs ind\u00e9pendants restent inquiets quant au montant de leur pension et cherchent des moyens s\u00fbrs de compenser la perte de revenus."}]},{"@type":"WebSite","@id":"https:\/\/peoplesphere.be\/fr\/#website","url":"https:\/\/peoplesphere.be\/fr\/","name":"Peoplesphere","description":"The People Managers Magazine","publisher":{"@id":"https:\/\/peoplesphere.be\/fr\/#organization"},"potentialAction":[{"@type":"SearchAction","target":{"@type":"EntryPoint","urlTemplate":"https:\/\/peoplesphere.be\/fr\/?s={search_term_string}"},"query-input":"required name=search_term_string"}],"inLanguage":"fr-FR"},{"@type":"Organization","@id":"https:\/\/peoplesphere.be\/fr\/#organization","name":"Peoplesphere Company srl","url":"https:\/\/peoplesphere.be\/fr\/","logo":{"@type":"ImageObject","inLanguage":"fr-FR","@id":"https:\/\/peoplesphere.be\/fr\/#\/schema\/logo\/image\/","url":"https:\/\/peoplesphere.be\/fr\/wp-content\/uploads\/2023\/07\/peoplesphere-lgo-new-generik.jpg","contentUrl":"https:\/\/peoplesphere.be\/fr\/wp-content\/uploads\/2023\/07\/peoplesphere-lgo-new-generik.jpg","width":1031,"height":1479,"caption":"Peoplesphere Company srl"},"image":{"@id":"https:\/\/peoplesphere.be\/fr\/#\/schema\/logo\/image\/"},"sameAs":["https:\/\/www.facebook.com\/peoplesphere","https:\/\/twitter.com\/PeoplesphereMag","https:\/\/www.linkedin.com\/company\/7587361?trk","http:\/\/youtube.com\/peoplesphere"]},{"@type":"Person","@id":"https:\/\/peoplesphere.be\/fr\/#\/schema\/person\/7976225ff17988604334abb7b3536a7e","name":"Jean-Paul Erhard","image":{"@type":"ImageObject","inLanguage":"fr-FR","@id":"https:\/\/peoplesphere.be\/fr\/#\/schema\/person\/image\/","url":"https:\/\/secure.gravatar.com\/avatar\/f941e681460179738071629a51574930?s=96&d=mm&r=g","contentUrl":"https:\/\/secure.gravatar.com\/avatar\/f941e681460179738071629a51574930?s=96&d=mm&r=g","caption":"Jean-Paul Erhard"},"url":"https:\/\/peoplesphere.be\/fr\/author\/jpe\/"}]}},"_links":{"self":[{"href":"https:\/\/peoplesphere.be\/fr\/wp-json\/wp\/v2\/posts\/8762"}],"collection":[{"href":"https:\/\/peoplesphere.be\/fr\/wp-json\/wp\/v2\/posts"}],"about":[{"href":"https:\/\/peoplesphere.be\/fr\/wp-json\/wp\/v2\/types\/post"}],"author":[{"embeddable":true,"href":"https:\/\/peoplesphere.be\/fr\/wp-json\/wp\/v2\/users\/2"}],"replies":[{"embeddable":true,"href":"https:\/\/peoplesphere.be\/fr\/wp-json\/wp\/v2\/comments?post=8762"}],"version-history":[{"count":1,"href":"https:\/\/peoplesphere.be\/fr\/wp-json\/wp\/v2\/posts\/8762\/revisions"}],"predecessor-version":[{"id":8763,"href":"https:\/\/peoplesphere.be\/fr\/wp-json\/wp\/v2\/posts\/8762\/revisions\/8763"}],"wp:attachment":[{"href":"https:\/\/peoplesphere.be\/fr\/wp-json\/wp\/v2\/media?parent=8762"}],"wp:term":[{"taxonomy":"category","embeddable":true,"href":"https:\/\/peoplesphere.be\/fr\/wp-json\/wp\/v2\/categories?post=8762"},{"taxonomy":"post_tag","embeddable":true,"href":"https:\/\/peoplesphere.be\/fr\/wp-json\/wp\/v2\/tags?post=8762"}],"curies":[{"name":"wp","href":"https:\/\/api.w.org\/{rel}","templated":true}]}}