









{"id":8772,"date":"2019-12-13T09:09:02","date_gmt":"2019-12-13T07:09:02","guid":{"rendered":"https:\/\/peoplesphere.be\/fr\/?p=8772"},"modified":"2019-12-13T09:09:02","modified_gmt":"2019-12-13T07:09:02","slug":"procedure-elections-sociales-plus-complexe-suite-a-derniere-reforme-selon-feb","status":"publish","type":"post","link":"https:\/\/peoplesphere.be\/fr\/procedure-elections-sociales-plus-complexe-suite-a-derniere-reforme-selon-feb\/","title":{"rendered":"La proc\u00e9dure des \u00e9lections sociales est encore plus complexe suite \u00e0 la derni\u00e8re r\u00e9forme, selon la FEB."},"content":{"rendered":"<p>A dater de ce 11 d\u00e9cembre et jusqu&rsquo;\u00e0 la fin mai 2020, nos entreprises sont engag\u00e9es dans l\u2019organisation des \u00e9lections sociales, qui s&rsquo;assimile selon la FEB \u00e0 un vaste labyrinthe administratif. Membre du Conseil national du travail, la f\u00e9d\u00e9ration patronale a particip\u00e9 aux toutes premi\u00e8res discussions relatives au processus de modernisation de la proc\u00e9dure, en concertation avec le SPF Emploi. Selon elle, la proc\u00e9dure a malheureusement encore gagn\u00e9 en complexit\u00e9 suite \u00e0 la derni\u00e8re r\u00e9forme.<!--more--><\/p>\n<p>Parmi les changements intervenus dans la r\u00e9forme, les int\u00e9rimaires ont re\u00e7u \u2018in extremis\u2019 le droit de voter au sein des entreprises utilisatrices par la voie d\u2019un amendement approuv\u00e9 en commission parlementaire. <em>\u00ab\u00a0La proposition de loi d\u00e9pos\u00e9e initialement ne contenait en effet pas cette nouveaut\u00e9. Et pour cause, puisque l\u2019avis unanime des partenaires sociaux ne pr\u00e9voyait pas le droit de vote pour les int\u00e9rimaires.\u00a0La FEB d\u00e9nonce le caract\u00e8re b\u00e2cl\u00e9 du texte l\u00e9gal qui impose notamment aux entreprises de pr\u00e9dire, d\u00e8s le jour de l\u2019affichage de l\u2019avis des \u00e9lections (jour X), si les int\u00e9rimaires seront occup\u00e9s pendant 26 jours de travail au cours d\u2019une p\u00e9riode de 77 jours \u00e0 partir du jour X. Cet exercice est quasiment \u2018mission impossible\u2019 puisque les int\u00e9rimaires peuvent \u00e9videmment d\u00e9cider de ne pas renouveler leur contrat entre le jour X et le jour X+77.\u00a0Le Parlement a donc accord\u00e9 le droit de vote aux int\u00e9rimaires, mais il n\u2019a pas modifi\u00e9 l\u2019interdiction d\u2019occuper tout int\u00e9rimaire en cas de gr\u00e8ve . En r\u00e9alit\u00e9, \u00e0 chaque mouvement de gr\u00e8ve, les int\u00e9rimaires sont pris en otage et priv\u00e9s de leur r\u00e9mun\u00e9ration. Pourquoi ce d\u00e9bat ne peut-il \u00eatre mis sur la table ? Quel est le sens d\u2019accorder le droit de vote \u00e0 une cat\u00e9gorie de travailleurs qui n\u2019a pas la libert\u00e9 de travailler lors d\u2019une gr\u00e8ve ?\u00a0\u00bb<\/em><\/p>\n<p>La FEB s\u2019inqui\u00e8te \u00e9galement de l\u2019absence de consid\u00e9ration pour l\u2019augmentation colossale de la charge administrative. Alors qu\u2019elle a toujours d\u00e9fendu la suppression du registre des int\u00e9rimaires qui portait sur une p\u00e9riode de 3 mois pour les grandes entreprises, il faudra d\u00e9sormais comptabiliser le nombre de jours de travail des int\u00e9rimaires pendant une p\u00e9riode de 9 mois (!).<\/p>\n<p><strong><em>Protection des candidats aux \u00e9lections<\/em><\/strong><\/p>\n<p>Autre volet significatif de la r\u00e9forme: la protection des candidats. La FEB d\u00e9plore que ceux-ci b\u00e9n\u00e9ficient d\u2019une protection qui n\u2019est plus en phase avec le monde actuel. <em>\u00ab\u00a0Celle-ci peut en effet aller jusqu\u2019au paiement d\u2019une indemnit\u00e9 de rupture de contrat \u00e9gale \u00e0 8 ans de r\u00e9mun\u00e9ration. Ils b\u00e9n\u00e9ficient en outre du statut de travailleur prot\u00e9g\u00e9 65 jours avant la publication des listes de candidats. Durant cette p\u00e9riode, un employeur ne sait pas encore qui posera sa candidature et il ne peut licencier personne, m\u00eame en cas de n\u00e9gligence grave, sans savoir si cette personne sera candidate et donc prot\u00e9g\u00e9e.\u00a0Une r\u00e9forme de la port\u00e9e de cette protection avait d\u00e9j\u00e0 \u00e9t\u00e9 demand\u00e9e par la FEB lors des derni\u00e8res \u00e9lections sociales. Il existe de nombreux cas d\u2019abus o\u00f9 la candidature aux \u00e9lections est pos\u00e9e par int\u00e9r\u00eat personnel. Or le sens d\u2019une candidature doit d\u2019abord \u00eatre la volont\u00e9 de repr\u00e9senter et d\u00e9fendre les int\u00e9r\u00eats de la collectivit\u00e9 des travailleurs. M\u00eame en cas de motif grave, il est actuellement pratiquement impossible de licencier un mandataire syndical, ce qui signifie que la protection est disproportionn\u00e9e.\u00a0La protection des personnes non \u00e9lues devrait donc \u00eatre r\u00e9duite comme la plupart des pays \u00e9trangers le font.\u00a0\u00bb<\/em><\/p>\n<p><em>\u00ab Il est d\u00e9cevant de constater qu\u2019au niveau des entreprises, le cadre des relations sociales n\u2019a pas suivi la m\u00eame \u00e9volution qu\u2019au sein de notre soci\u00e9t\u00e9. Aujourd\u2019hui, il est acquis que tout acteur de la soci\u00e9t\u00e9 civile doit r\u00e9pondre de ses actes. Ce qui n\u2019est plus admissible dans la soci\u00e9t\u00e9 civile ne doit plus l\u2019\u00eatre non plus dans l\u2019enceinte des entreprises. Or la protection li\u00e9e aux \u00e9lections sociales autorise encore des abus qui sont parfois, sur le plan de la responsabilit\u00e9, finalement imput\u00e9s \u00e0 l\u2019employeur \u00bb<\/em>, conclut Monica De Jonghe, directrice g\u00e9n\u00e9rale de la FEB.<\/p>\n","protected":false},"excerpt":{"rendered":"<p>A dater de ce 11 d\u00e9cembre et jusqu&rsquo;\u00e0 la fin mai 2020, nos entreprises sont engag\u00e9es dans l\u2019organisation des \u00e9lections sociales, qui s&rsquo;assimile selon la FEB \u00e0 un vaste labyrinthe administratif. Membre du Conseil national du travail, la f\u00e9d\u00e9ration patronale [&hellip;]<\/p>\n","protected":false},"author":2,"featured_media":0,"comment_status":"closed","ping_status":"open","sticky":false,"template":"","format":"standard","meta":[],"categories":[65,10],"tags":[332,2836,275,1207,529,2835,2832,110],"yoast_head":"<!-- This site is optimized with the Yoast SEO plugin v21.0 - https:\/\/yoast.com\/wordpress\/plugins\/seo\/ -->\n<title>La proc\u00e9dure des \u00e9lections sociales est encore plus complexe suite \u00e0 la derni\u00e8re r\u00e9forme, selon la FEB. - Peoplesphere<\/title>\n<meta name=\"robots\" content=\"index, follow, max-snippet:-1, max-image-preview:large, max-video-preview:-1\" \/>\n<link rel=\"canonical\" href=\"https:\/\/peoplesphere.be\/fr\/procedure-elections-sociales-plus-complexe-suite-a-derniere-reforme-selon-feb\/\" \/>\n<meta property=\"og:locale\" content=\"fr_FR\" \/>\n<meta property=\"og:type\" content=\"article\" \/>\n<meta property=\"og:title\" content=\"La proc\u00e9dure des \u00e9lections sociales est encore plus complexe suite \u00e0 la derni\u00e8re r\u00e9forme, selon la FEB. - Peoplesphere\" \/>\n<meta property=\"og:description\" content=\"A dater de ce 11 d\u00e9cembre et jusqu&rsquo;\u00e0 la fin mai 2020, nos entreprises sont engag\u00e9es dans l\u2019organisation des \u00e9lections sociales, qui s&rsquo;assimile selon la FEB \u00e0 un vaste labyrinthe administratif. Membre du Conseil national du travail, la f\u00e9d\u00e9ration patronale [&hellip;]\" \/>\n<meta property=\"og:url\" content=\"https:\/\/peoplesphere.be\/fr\/procedure-elections-sociales-plus-complexe-suite-a-derniere-reforme-selon-feb\/\" \/>\n<meta property=\"og:site_name\" content=\"Peoplesphere\" \/>\n<meta property=\"article:publisher\" content=\"https:\/\/www.facebook.com\/peoplesphere\" \/>\n<meta property=\"article:published_time\" content=\"2019-12-13T07:09:02+00:00\" \/>\n<meta property=\"og:image\" content=\"http:\/\/www.peoplesphere.be\/fr\/wp-content\/uploads\/2016\/07\/facebook-default-posting-1200x628px.jpg\" \/>\n<meta name=\"author\" content=\"Jean-Paul Erhard\" \/>\n<meta name=\"twitter:card\" content=\"summary_large_image\" \/>\n<meta name=\"twitter:creator\" content=\"@PeoplesphereMag\" \/>\n<meta name=\"twitter:site\" content=\"@PeoplesphereMag\" \/>\n<meta name=\"twitter:label1\" content=\"\u00c9crit par\" \/>\n\t<meta name=\"twitter:data1\" content=\"Jean-Paul Erhard\" \/>\n\t<meta name=\"twitter:label2\" content=\"Dur\u00e9e de lecture estim\u00e9e\" \/>\n\t<meta name=\"twitter:data2\" content=\"4 minutes\" \/>\n<script type=\"application\/ld+json\" class=\"yoast-schema-graph\">{\"@context\":\"https:\/\/schema.org\",\"@graph\":[{\"@type\":\"Article\",\"@id\":\"https:\/\/peoplesphere.be\/fr\/procedure-elections-sociales-plus-complexe-suite-a-derniere-reforme-selon-feb\/#article\",\"isPartOf\":{\"@id\":\"https:\/\/peoplesphere.be\/fr\/procedure-elections-sociales-plus-complexe-suite-a-derniere-reforme-selon-feb\/\"},\"author\":{\"name\":\"Jean-Paul Erhard\",\"@id\":\"https:\/\/peoplesphere.be\/fr\/#\/schema\/person\/7976225ff17988604334abb7b3536a7e\"},\"headline\":\"La proc\u00e9dure des \u00e9lections sociales est encore plus complexe suite \u00e0 la derni\u00e8re r\u00e9forme, selon la FEB.\",\"datePublished\":\"2019-12-13T07:09:02+00:00\",\"dateModified\":\"2019-12-13T07:09:02+00:00\",\"mainEntityOfPage\":{\"@id\":\"https:\/\/peoplesphere.be\/fr\/procedure-elections-sociales-plus-complexe-suite-a-derniere-reforme-selon-feb\/\"},\"wordCount\":762,\"publisher\":{\"@id\":\"https:\/\/peoplesphere.be\/fr\/#organization\"},\"keywords\":[\"concertation sociale\",\"droit de vite\",\"\u00e9lections sociales\",\"FEB\",\"int\u00e9rimaires\",\"protection des candidats\",\"repr\u00e9sentation des travailleurs\",\"syndicats\"],\"articleSection\":[\"Actualit\u00e9s\",\"Digital\"],\"inLanguage\":\"fr-FR\"},{\"@type\":\"WebPage\",\"@id\":\"https:\/\/peoplesphere.be\/fr\/procedure-elections-sociales-plus-complexe-suite-a-derniere-reforme-selon-feb\/\",\"url\":\"https:\/\/peoplesphere.be\/fr\/procedure-elections-sociales-plus-complexe-suite-a-derniere-reforme-selon-feb\/\",\"name\":\"La proc\u00e9dure des \u00e9lections sociales est encore plus complexe suite \u00e0 la derni\u00e8re r\u00e9forme, selon la FEB. - Peoplesphere\",\"isPartOf\":{\"@id\":\"https:\/\/peoplesphere.be\/fr\/#website\"},\"datePublished\":\"2019-12-13T07:09:02+00:00\",\"dateModified\":\"2019-12-13T07:09:02+00:00\",\"breadcrumb\":{\"@id\":\"https:\/\/peoplesphere.be\/fr\/procedure-elections-sociales-plus-complexe-suite-a-derniere-reforme-selon-feb\/#breadcrumb\"},\"inLanguage\":\"fr-FR\",\"potentialAction\":[{\"@type\":\"ReadAction\",\"target\":[\"https:\/\/peoplesphere.be\/fr\/procedure-elections-sociales-plus-complexe-suite-a-derniere-reforme-selon-feb\/\"]}]},{\"@type\":\"BreadcrumbList\",\"@id\":\"https:\/\/peoplesphere.be\/fr\/procedure-elections-sociales-plus-complexe-suite-a-derniere-reforme-selon-feb\/#breadcrumb\",\"itemListElement\":[{\"@type\":\"ListItem\",\"position\":1,\"name\":\"Accueil\",\"item\":\"https:\/\/peoplesphere.be\/fr\/\"},{\"@type\":\"ListItem\",\"position\":2,\"name\":\"La proc\u00e9dure des \u00e9lections sociales est encore plus complexe suite \u00e0 la derni\u00e8re r\u00e9forme, selon la FEB.\"}]},{\"@type\":\"WebSite\",\"@id\":\"https:\/\/peoplesphere.be\/fr\/#website\",\"url\":\"https:\/\/peoplesphere.be\/fr\/\",\"name\":\"Peoplesphere\",\"description\":\"The People Managers Magazine\",\"publisher\":{\"@id\":\"https:\/\/peoplesphere.be\/fr\/#organization\"},\"potentialAction\":[{\"@type\":\"SearchAction\",\"target\":{\"@type\":\"EntryPoint\",\"urlTemplate\":\"https:\/\/peoplesphere.be\/fr\/?s={search_term_string}\"},\"query-input\":\"required name=search_term_string\"}],\"inLanguage\":\"fr-FR\"},{\"@type\":\"Organization\",\"@id\":\"https:\/\/peoplesphere.be\/fr\/#organization\",\"name\":\"Peoplesphere Company srl\",\"url\":\"https:\/\/peoplesphere.be\/fr\/\",\"logo\":{\"@type\":\"ImageObject\",\"inLanguage\":\"fr-FR\",\"@id\":\"https:\/\/peoplesphere.be\/fr\/#\/schema\/logo\/image\/\",\"url\":\"https:\/\/peoplesphere.be\/fr\/wp-content\/uploads\/2023\/07\/peoplesphere-lgo-new-generik.jpg\",\"contentUrl\":\"https:\/\/peoplesphere.be\/fr\/wp-content\/uploads\/2023\/07\/peoplesphere-lgo-new-generik.jpg\",\"width\":1031,\"height\":1479,\"caption\":\"Peoplesphere Company srl\"},\"image\":{\"@id\":\"https:\/\/peoplesphere.be\/fr\/#\/schema\/logo\/image\/\"},\"sameAs\":[\"https:\/\/www.facebook.com\/peoplesphere\",\"https:\/\/twitter.com\/PeoplesphereMag\",\"https:\/\/www.linkedin.com\/company\/7587361?trk\",\"http:\/\/youtube.com\/peoplesphere\"]},{\"@type\":\"Person\",\"@id\":\"https:\/\/peoplesphere.be\/fr\/#\/schema\/person\/7976225ff17988604334abb7b3536a7e\",\"name\":\"Jean-Paul Erhard\",\"image\":{\"@type\":\"ImageObject\",\"inLanguage\":\"fr-FR\",\"@id\":\"https:\/\/peoplesphere.be\/fr\/#\/schema\/person\/image\/\",\"url\":\"https:\/\/secure.gravatar.com\/avatar\/f941e681460179738071629a51574930?s=96&d=mm&r=g\",\"contentUrl\":\"https:\/\/secure.gravatar.com\/avatar\/f941e681460179738071629a51574930?s=96&d=mm&r=g\",\"caption\":\"Jean-Paul Erhard\"},\"url\":\"https:\/\/peoplesphere.be\/fr\/author\/jpe\/\"}]}<\/script>\n<!-- \/ Yoast SEO plugin. -->","yoast_head_json":{"title":"La proc\u00e9dure des \u00e9lections sociales est encore plus complexe suite \u00e0 la derni\u00e8re r\u00e9forme, selon la FEB. - Peoplesphere","robots":{"index":"index","follow":"follow","max-snippet":"max-snippet:-1","max-image-preview":"max-image-preview:large","max-video-preview":"max-video-preview:-1"},"canonical":"https:\/\/peoplesphere.be\/fr\/procedure-elections-sociales-plus-complexe-suite-a-derniere-reforme-selon-feb\/","og_locale":"fr_FR","og_type":"article","og_title":"La proc\u00e9dure des \u00e9lections sociales est encore plus complexe suite \u00e0 la derni\u00e8re r\u00e9forme, selon la FEB. - Peoplesphere","og_description":"A dater de ce 11 d\u00e9cembre et jusqu&rsquo;\u00e0 la fin mai 2020, nos entreprises sont engag\u00e9es dans l\u2019organisation des \u00e9lections sociales, qui s&rsquo;assimile selon la FEB \u00e0 un vaste labyrinthe administratif. Membre du Conseil national du travail, la f\u00e9d\u00e9ration patronale [&hellip;]","og_url":"https:\/\/peoplesphere.be\/fr\/procedure-elections-sociales-plus-complexe-suite-a-derniere-reforme-selon-feb\/","og_site_name":"Peoplesphere","article_publisher":"https:\/\/www.facebook.com\/peoplesphere","article_published_time":"2019-12-13T07:09:02+00:00","og_image":[{"url":"http:\/\/www.peoplesphere.be\/fr\/wp-content\/uploads\/2016\/07\/facebook-default-posting-1200x628px.jpg"}],"author":"Jean-Paul Erhard","twitter_card":"summary_large_image","twitter_creator":"@PeoplesphereMag","twitter_site":"@PeoplesphereMag","twitter_misc":{"\u00c9crit par":"Jean-Paul Erhard","Dur\u00e9e de lecture estim\u00e9e":"4 minutes"},"schema":{"@context":"https:\/\/schema.org","@graph":[{"@type":"Article","@id":"https:\/\/peoplesphere.be\/fr\/procedure-elections-sociales-plus-complexe-suite-a-derniere-reforme-selon-feb\/#article","isPartOf":{"@id":"https:\/\/peoplesphere.be\/fr\/procedure-elections-sociales-plus-complexe-suite-a-derniere-reforme-selon-feb\/"},"author":{"name":"Jean-Paul Erhard","@id":"https:\/\/peoplesphere.be\/fr\/#\/schema\/person\/7976225ff17988604334abb7b3536a7e"},"headline":"La proc\u00e9dure des \u00e9lections sociales est encore plus complexe suite \u00e0 la derni\u00e8re r\u00e9forme, selon la FEB.","datePublished":"2019-12-13T07:09:02+00:00","dateModified":"2019-12-13T07:09:02+00:00","mainEntityOfPage":{"@id":"https:\/\/peoplesphere.be\/fr\/procedure-elections-sociales-plus-complexe-suite-a-derniere-reforme-selon-feb\/"},"wordCount":762,"publisher":{"@id":"https:\/\/peoplesphere.be\/fr\/#organization"},"keywords":["concertation sociale","droit de vite","\u00e9lections sociales","FEB","int\u00e9rimaires","protection des candidats","repr\u00e9sentation des travailleurs","syndicats"],"articleSection":["Actualit\u00e9s","Digital"],"inLanguage":"fr-FR"},{"@type":"WebPage","@id":"https:\/\/peoplesphere.be\/fr\/procedure-elections-sociales-plus-complexe-suite-a-derniere-reforme-selon-feb\/","url":"https:\/\/peoplesphere.be\/fr\/procedure-elections-sociales-plus-complexe-suite-a-derniere-reforme-selon-feb\/","name":"La proc\u00e9dure des \u00e9lections sociales est encore plus complexe suite \u00e0 la derni\u00e8re r\u00e9forme, selon la FEB. - Peoplesphere","isPartOf":{"@id":"https:\/\/peoplesphere.be\/fr\/#website"},"datePublished":"2019-12-13T07:09:02+00:00","dateModified":"2019-12-13T07:09:02+00:00","breadcrumb":{"@id":"https:\/\/peoplesphere.be\/fr\/procedure-elections-sociales-plus-complexe-suite-a-derniere-reforme-selon-feb\/#breadcrumb"},"inLanguage":"fr-FR","potentialAction":[{"@type":"ReadAction","target":["https:\/\/peoplesphere.be\/fr\/procedure-elections-sociales-plus-complexe-suite-a-derniere-reforme-selon-feb\/"]}]},{"@type":"BreadcrumbList","@id":"https:\/\/peoplesphere.be\/fr\/procedure-elections-sociales-plus-complexe-suite-a-derniere-reforme-selon-feb\/#breadcrumb","itemListElement":[{"@type":"ListItem","position":1,"name":"Accueil","item":"https:\/\/peoplesphere.be\/fr\/"},{"@type":"ListItem","position":2,"name":"La proc\u00e9dure des \u00e9lections sociales est encore plus complexe suite \u00e0 la derni\u00e8re r\u00e9forme, selon la FEB."}]},{"@type":"WebSite","@id":"https:\/\/peoplesphere.be\/fr\/#website","url":"https:\/\/peoplesphere.be\/fr\/","name":"Peoplesphere","description":"The People Managers Magazine","publisher":{"@id":"https:\/\/peoplesphere.be\/fr\/#organization"},"potentialAction":[{"@type":"SearchAction","target":{"@type":"EntryPoint","urlTemplate":"https:\/\/peoplesphere.be\/fr\/?s={search_term_string}"},"query-input":"required name=search_term_string"}],"inLanguage":"fr-FR"},{"@type":"Organization","@id":"https:\/\/peoplesphere.be\/fr\/#organization","name":"Peoplesphere Company srl","url":"https:\/\/peoplesphere.be\/fr\/","logo":{"@type":"ImageObject","inLanguage":"fr-FR","@id":"https:\/\/peoplesphere.be\/fr\/#\/schema\/logo\/image\/","url":"https:\/\/peoplesphere.be\/fr\/wp-content\/uploads\/2023\/07\/peoplesphere-lgo-new-generik.jpg","contentUrl":"https:\/\/peoplesphere.be\/fr\/wp-content\/uploads\/2023\/07\/peoplesphere-lgo-new-generik.jpg","width":1031,"height":1479,"caption":"Peoplesphere Company srl"},"image":{"@id":"https:\/\/peoplesphere.be\/fr\/#\/schema\/logo\/image\/"},"sameAs":["https:\/\/www.facebook.com\/peoplesphere","https:\/\/twitter.com\/PeoplesphereMag","https:\/\/www.linkedin.com\/company\/7587361?trk","http:\/\/youtube.com\/peoplesphere"]},{"@type":"Person","@id":"https:\/\/peoplesphere.be\/fr\/#\/schema\/person\/7976225ff17988604334abb7b3536a7e","name":"Jean-Paul Erhard","image":{"@type":"ImageObject","inLanguage":"fr-FR","@id":"https:\/\/peoplesphere.be\/fr\/#\/schema\/person\/image\/","url":"https:\/\/secure.gravatar.com\/avatar\/f941e681460179738071629a51574930?s=96&d=mm&r=g","contentUrl":"https:\/\/secure.gravatar.com\/avatar\/f941e681460179738071629a51574930?s=96&d=mm&r=g","caption":"Jean-Paul Erhard"},"url":"https:\/\/peoplesphere.be\/fr\/author\/jpe\/"}]}},"_links":{"self":[{"href":"https:\/\/peoplesphere.be\/fr\/wp-json\/wp\/v2\/posts\/8772"}],"collection":[{"href":"https:\/\/peoplesphere.be\/fr\/wp-json\/wp\/v2\/posts"}],"about":[{"href":"https:\/\/peoplesphere.be\/fr\/wp-json\/wp\/v2\/types\/post"}],"author":[{"embeddable":true,"href":"https:\/\/peoplesphere.be\/fr\/wp-json\/wp\/v2\/users\/2"}],"replies":[{"embeddable":true,"href":"https:\/\/peoplesphere.be\/fr\/wp-json\/wp\/v2\/comments?post=8772"}],"version-history":[{"count":1,"href":"https:\/\/peoplesphere.be\/fr\/wp-json\/wp\/v2\/posts\/8772\/revisions"}],"predecessor-version":[{"id":8773,"href":"https:\/\/peoplesphere.be\/fr\/wp-json\/wp\/v2\/posts\/8772\/revisions\/8773"}],"wp:attachment":[{"href":"https:\/\/peoplesphere.be\/fr\/wp-json\/wp\/v2\/media?parent=8772"}],"wp:term":[{"taxonomy":"category","embeddable":true,"href":"https:\/\/peoplesphere.be\/fr\/wp-json\/wp\/v2\/categories?post=8772"},{"taxonomy":"post_tag","embeddable":true,"href":"https:\/\/peoplesphere.be\/fr\/wp-json\/wp\/v2\/tags?post=8772"}],"curies":[{"name":"wp","href":"https:\/\/api.w.org\/{rel}","templated":true}]}}