









{"id":8782,"date":"2019-12-13T16:09:07","date_gmt":"2019-12-13T14:09:07","guid":{"rendered":"https:\/\/peoplesphere.be\/fr\/?p=8782"},"modified":"2019-12-13T16:40:53","modified_gmt":"2019-12-13T14:40:53","slug":"plan-cafeteria-avantages-dune-remuneration-mobilite-flexibles","status":"publish","type":"post","link":"https:\/\/peoplesphere.be\/fr\/plan-cafeteria-avantages-dune-remuneration-mobilite-flexibles\/","title":{"rendered":"Plan caf\u00e9t\u00e9ria : les avantages d&rsquo;une r\u00e9mun\u00e9ration et mobilit\u00e9 flexibles."},"content":{"rendered":"<p>Gr\u00e2ce au Plan caf\u00e9t\u00e9ria, nos collaborateurs ont de plus en plus souvent l\u2019opportunit\u00e9 de d\u00e9finir eux-m\u00eames leur package salarial, dans un cadre bien \u00e9videmment pr\u00e9d\u00e9fini par l\u2019employeur.<br \/>\nLa mobilit\u00e9 multimodale constitue l\u2019un des aspects importants de tout syst\u00e8me de r\u00e9mun\u00e9ration flexible. Elle fait, en effet, \u00e9cho aux attentes de bon nombre de travailleurs, tout en r\u00e9pondant aux grands d\u00e9fis soci\u00e9taux actuels.<!--more--><\/p>\n<p>Modalizy vous propose un guide complet rassemblant toutes les informations au sujet du plan caf\u00e9t\u00e9ria afin que nous puissions toutes et tous participer \u00e0 la mise en place d\u2019une mobilit\u00e9 durable. <a href=\"https:\/\/www.modalizy.be\/fr\/plan-caf%C3%A9t%C3%A9ria-avantages-pps\">Cliquez ici pour le t\u00e9l\u00e9charger gratuitement.<\/a><\/p>\n","protected":false},"excerpt":{"rendered":"<p>Gr\u00e2ce au Plan caf\u00e9t\u00e9ria, nos collaborateurs ont de plus en plus souvent l\u2019opportunit\u00e9 de d\u00e9finir eux-m\u00eames leur package salarial, dans un cadre bien \u00e9videmment pr\u00e9d\u00e9fini par l\u2019employeur. La mobilit\u00e9 multimodale constitue l\u2019un des aspects importants de tout syst\u00e8me de r\u00e9mun\u00e9ration [&hellip;]<\/p>\n","protected":false},"author":2,"featured_media":0,"comment_status":"closed","ping_status":"open","sticky":false,"template":"","format":"standard","meta":[],"categories":[65,10],"tags":[136,2841,273,2258],"yoast_head":"<!-- This site is optimized with the Yoast SEO plugin v21.0 - https:\/\/yoast.com\/wordpress\/plugins\/seo\/ -->\n<title>Plan caf\u00e9t\u00e9ria : les avantages d&#039;une r\u00e9mun\u00e9ration et mobilit\u00e9 flexibles. - Peoplesphere<\/title>\n<meta name=\"robots\" content=\"index, follow, max-snippet:-1, max-image-preview:large, max-video-preview:-1\" \/>\n<link rel=\"canonical\" href=\"https:\/\/peoplesphere.be\/fr\/plan-cafeteria-avantages-dune-remuneration-mobilite-flexibles\/\" \/>\n<meta property=\"og:locale\" content=\"fr_FR\" \/>\n<meta property=\"og:type\" content=\"article\" \/>\n<meta property=\"og:title\" content=\"Plan caf\u00e9t\u00e9ria : les avantages d&#039;une r\u00e9mun\u00e9ration et mobilit\u00e9 flexibles. - Peoplesphere\" \/>\n<meta property=\"og:description\" content=\"Gr\u00e2ce au Plan caf\u00e9t\u00e9ria, nos collaborateurs ont de plus en plus souvent l\u2019opportunit\u00e9 de d\u00e9finir eux-m\u00eames leur package salarial, dans un cadre bien \u00e9videmment pr\u00e9d\u00e9fini par l\u2019employeur. La mobilit\u00e9 multimodale constitue l\u2019un des aspects importants de tout syst\u00e8me de r\u00e9mun\u00e9ration [&hellip;]\" \/>\n<meta property=\"og:url\" content=\"https:\/\/peoplesphere.be\/fr\/plan-cafeteria-avantages-dune-remuneration-mobilite-flexibles\/\" \/>\n<meta property=\"og:site_name\" content=\"Peoplesphere\" \/>\n<meta property=\"article:publisher\" content=\"https:\/\/www.facebook.com\/peoplesphere\" \/>\n<meta property=\"article:published_time\" content=\"2019-12-13T14:09:07+00:00\" \/>\n<meta property=\"article:modified_time\" content=\"2019-12-13T14:40:53+00:00\" \/>\n<meta property=\"og:image\" content=\"http:\/\/www.peoplesphere.be\/fr\/wp-content\/uploads\/2016\/07\/facebook-default-posting-1200x628px.jpg\" \/>\n<meta name=\"author\" content=\"Jean-Paul Erhard\" \/>\n<meta name=\"twitter:card\" content=\"summary_large_image\" \/>\n<meta name=\"twitter:creator\" content=\"@PeoplesphereMag\" \/>\n<meta name=\"twitter:site\" content=\"@PeoplesphereMag\" \/>\n<meta name=\"twitter:label1\" content=\"\u00c9crit par\" \/>\n\t<meta name=\"twitter:data1\" content=\"Jean-Paul Erhard\" \/>\n\t<meta name=\"twitter:label2\" content=\"Dur\u00e9e de lecture estim\u00e9e\" \/>\n\t<meta name=\"twitter:data2\" content=\"1 minute\" \/>\n<script type=\"application\/ld+json\" class=\"yoast-schema-graph\">{\"@context\":\"https:\/\/schema.org\",\"@graph\":[{\"@type\":\"Article\",\"@id\":\"https:\/\/peoplesphere.be\/fr\/plan-cafeteria-avantages-dune-remuneration-mobilite-flexibles\/#article\",\"isPartOf\":{\"@id\":\"https:\/\/peoplesphere.be\/fr\/plan-cafeteria-avantages-dune-remuneration-mobilite-flexibles\/\"},\"author\":{\"name\":\"Jean-Paul Erhard\",\"@id\":\"https:\/\/peoplesphere.be\/fr\/#\/schema\/person\/7976225ff17988604334abb7b3536a7e\"},\"headline\":\"Plan caf\u00e9t\u00e9ria : les avantages d&rsquo;une r\u00e9mun\u00e9ration et mobilit\u00e9 flexibles.\",\"datePublished\":\"2019-12-13T14:09:07+00:00\",\"dateModified\":\"2019-12-13T14:40:53+00:00\",\"mainEntityOfPage\":{\"@id\":\"https:\/\/peoplesphere.be\/fr\/plan-cafeteria-avantages-dune-remuneration-mobilite-flexibles\/\"},\"wordCount\":131,\"publisher\":{\"@id\":\"https:\/\/peoplesphere.be\/fr\/#organization\"},\"keywords\":[\"mobilit\u00e9\",\"modalizy\",\"plan caf\u00e9t\u00e9ria\",\"r\u00e9mun\u00e9ration flexible\"],\"articleSection\":[\"Actualit\u00e9s\",\"Digital\"],\"inLanguage\":\"fr-FR\"},{\"@type\":\"WebPage\",\"@id\":\"https:\/\/peoplesphere.be\/fr\/plan-cafeteria-avantages-dune-remuneration-mobilite-flexibles\/\",\"url\":\"https:\/\/peoplesphere.be\/fr\/plan-cafeteria-avantages-dune-remuneration-mobilite-flexibles\/\",\"name\":\"Plan caf\u00e9t\u00e9ria : les avantages d'une r\u00e9mun\u00e9ration et mobilit\u00e9 flexibles. - Peoplesphere\",\"isPartOf\":{\"@id\":\"https:\/\/peoplesphere.be\/fr\/#website\"},\"datePublished\":\"2019-12-13T14:09:07+00:00\",\"dateModified\":\"2019-12-13T14:40:53+00:00\",\"breadcrumb\":{\"@id\":\"https:\/\/peoplesphere.be\/fr\/plan-cafeteria-avantages-dune-remuneration-mobilite-flexibles\/#breadcrumb\"},\"inLanguage\":\"fr-FR\",\"potentialAction\":[{\"@type\":\"ReadAction\",\"target\":[\"https:\/\/peoplesphere.be\/fr\/plan-cafeteria-avantages-dune-remuneration-mobilite-flexibles\/\"]}]},{\"@type\":\"BreadcrumbList\",\"@id\":\"https:\/\/peoplesphere.be\/fr\/plan-cafeteria-avantages-dune-remuneration-mobilite-flexibles\/#breadcrumb\",\"itemListElement\":[{\"@type\":\"ListItem\",\"position\":1,\"name\":\"Accueil\",\"item\":\"https:\/\/peoplesphere.be\/fr\/\"},{\"@type\":\"ListItem\",\"position\":2,\"name\":\"Plan caf\u00e9t\u00e9ria : les avantages d&rsquo;une r\u00e9mun\u00e9ration et mobilit\u00e9 flexibles.\"}]},{\"@type\":\"WebSite\",\"@id\":\"https:\/\/peoplesphere.be\/fr\/#website\",\"url\":\"https:\/\/peoplesphere.be\/fr\/\",\"name\":\"Peoplesphere\",\"description\":\"The People Managers Magazine\",\"publisher\":{\"@id\":\"https:\/\/peoplesphere.be\/fr\/#organization\"},\"potentialAction\":[{\"@type\":\"SearchAction\",\"target\":{\"@type\":\"EntryPoint\",\"urlTemplate\":\"https:\/\/peoplesphere.be\/fr\/?s={search_term_string}\"},\"query-input\":\"required name=search_term_string\"}],\"inLanguage\":\"fr-FR\"},{\"@type\":\"Organization\",\"@id\":\"https:\/\/peoplesphere.be\/fr\/#organization\",\"name\":\"Peoplesphere Company srl\",\"url\":\"https:\/\/peoplesphere.be\/fr\/\",\"logo\":{\"@type\":\"ImageObject\",\"inLanguage\":\"fr-FR\",\"@id\":\"https:\/\/peoplesphere.be\/fr\/#\/schema\/logo\/image\/\",\"url\":\"https:\/\/peoplesphere.be\/fr\/wp-content\/uploads\/2023\/07\/peoplesphere-lgo-new-generik.jpg\",\"contentUrl\":\"https:\/\/peoplesphere.be\/fr\/wp-content\/uploads\/2023\/07\/peoplesphere-lgo-new-generik.jpg\",\"width\":1031,\"height\":1479,\"caption\":\"Peoplesphere Company srl\"},\"image\":{\"@id\":\"https:\/\/peoplesphere.be\/fr\/#\/schema\/logo\/image\/\"},\"sameAs\":[\"https:\/\/www.facebook.com\/peoplesphere\",\"https:\/\/twitter.com\/PeoplesphereMag\",\"https:\/\/www.linkedin.com\/company\/7587361?trk\",\"http:\/\/youtube.com\/peoplesphere\"]},{\"@type\":\"Person\",\"@id\":\"https:\/\/peoplesphere.be\/fr\/#\/schema\/person\/7976225ff17988604334abb7b3536a7e\",\"name\":\"Jean-Paul Erhard\",\"image\":{\"@type\":\"ImageObject\",\"inLanguage\":\"fr-FR\",\"@id\":\"https:\/\/peoplesphere.be\/fr\/#\/schema\/person\/image\/\",\"url\":\"https:\/\/secure.gravatar.com\/avatar\/f941e681460179738071629a51574930?s=96&d=mm&r=g\",\"contentUrl\":\"https:\/\/secure.gravatar.com\/avatar\/f941e681460179738071629a51574930?s=96&d=mm&r=g\",\"caption\":\"Jean-Paul Erhard\"},\"url\":\"https:\/\/peoplesphere.be\/fr\/author\/jpe\/\"}]}<\/script>\n<!-- \/ Yoast SEO plugin. -->","yoast_head_json":{"title":"Plan caf\u00e9t\u00e9ria : les avantages d'une r\u00e9mun\u00e9ration et mobilit\u00e9 flexibles. - Peoplesphere","robots":{"index":"index","follow":"follow","max-snippet":"max-snippet:-1","max-image-preview":"max-image-preview:large","max-video-preview":"max-video-preview:-1"},"canonical":"https:\/\/peoplesphere.be\/fr\/plan-cafeteria-avantages-dune-remuneration-mobilite-flexibles\/","og_locale":"fr_FR","og_type":"article","og_title":"Plan caf\u00e9t\u00e9ria : les avantages d'une r\u00e9mun\u00e9ration et mobilit\u00e9 flexibles. - Peoplesphere","og_description":"Gr\u00e2ce au Plan caf\u00e9t\u00e9ria, nos collaborateurs ont de plus en plus souvent l\u2019opportunit\u00e9 de d\u00e9finir eux-m\u00eames leur package salarial, dans un cadre bien \u00e9videmment pr\u00e9d\u00e9fini par l\u2019employeur. La mobilit\u00e9 multimodale constitue l\u2019un des aspects importants de tout syst\u00e8me de r\u00e9mun\u00e9ration [&hellip;]","og_url":"https:\/\/peoplesphere.be\/fr\/plan-cafeteria-avantages-dune-remuneration-mobilite-flexibles\/","og_site_name":"Peoplesphere","article_publisher":"https:\/\/www.facebook.com\/peoplesphere","article_published_time":"2019-12-13T14:09:07+00:00","article_modified_time":"2019-12-13T14:40:53+00:00","og_image":[{"url":"http:\/\/www.peoplesphere.be\/fr\/wp-content\/uploads\/2016\/07\/facebook-default-posting-1200x628px.jpg"}],"author":"Jean-Paul Erhard","twitter_card":"summary_large_image","twitter_creator":"@PeoplesphereMag","twitter_site":"@PeoplesphereMag","twitter_misc":{"\u00c9crit par":"Jean-Paul Erhard","Dur\u00e9e de lecture estim\u00e9e":"1 minute"},"schema":{"@context":"https:\/\/schema.org","@graph":[{"@type":"Article","@id":"https:\/\/peoplesphere.be\/fr\/plan-cafeteria-avantages-dune-remuneration-mobilite-flexibles\/#article","isPartOf":{"@id":"https:\/\/peoplesphere.be\/fr\/plan-cafeteria-avantages-dune-remuneration-mobilite-flexibles\/"},"author":{"name":"Jean-Paul Erhard","@id":"https:\/\/peoplesphere.be\/fr\/#\/schema\/person\/7976225ff17988604334abb7b3536a7e"},"headline":"Plan caf\u00e9t\u00e9ria : les avantages d&rsquo;une r\u00e9mun\u00e9ration et mobilit\u00e9 flexibles.","datePublished":"2019-12-13T14:09:07+00:00","dateModified":"2019-12-13T14:40:53+00:00","mainEntityOfPage":{"@id":"https:\/\/peoplesphere.be\/fr\/plan-cafeteria-avantages-dune-remuneration-mobilite-flexibles\/"},"wordCount":131,"publisher":{"@id":"https:\/\/peoplesphere.be\/fr\/#organization"},"keywords":["mobilit\u00e9","modalizy","plan caf\u00e9t\u00e9ria","r\u00e9mun\u00e9ration flexible"],"articleSection":["Actualit\u00e9s","Digital"],"inLanguage":"fr-FR"},{"@type":"WebPage","@id":"https:\/\/peoplesphere.be\/fr\/plan-cafeteria-avantages-dune-remuneration-mobilite-flexibles\/","url":"https:\/\/peoplesphere.be\/fr\/plan-cafeteria-avantages-dune-remuneration-mobilite-flexibles\/","name":"Plan caf\u00e9t\u00e9ria : les avantages d'une r\u00e9mun\u00e9ration et mobilit\u00e9 flexibles. - Peoplesphere","isPartOf":{"@id":"https:\/\/peoplesphere.be\/fr\/#website"},"datePublished":"2019-12-13T14:09:07+00:00","dateModified":"2019-12-13T14:40:53+00:00","breadcrumb":{"@id":"https:\/\/peoplesphere.be\/fr\/plan-cafeteria-avantages-dune-remuneration-mobilite-flexibles\/#breadcrumb"},"inLanguage":"fr-FR","potentialAction":[{"@type":"ReadAction","target":["https:\/\/peoplesphere.be\/fr\/plan-cafeteria-avantages-dune-remuneration-mobilite-flexibles\/"]}]},{"@type":"BreadcrumbList","@id":"https:\/\/peoplesphere.be\/fr\/plan-cafeteria-avantages-dune-remuneration-mobilite-flexibles\/#breadcrumb","itemListElement":[{"@type":"ListItem","position":1,"name":"Accueil","item":"https:\/\/peoplesphere.be\/fr\/"},{"@type":"ListItem","position":2,"name":"Plan caf\u00e9t\u00e9ria : les avantages d&rsquo;une r\u00e9mun\u00e9ration et mobilit\u00e9 flexibles."}]},{"@type":"WebSite","@id":"https:\/\/peoplesphere.be\/fr\/#website","url":"https:\/\/peoplesphere.be\/fr\/","name":"Peoplesphere","description":"The People Managers Magazine","publisher":{"@id":"https:\/\/peoplesphere.be\/fr\/#organization"},"potentialAction":[{"@type":"SearchAction","target":{"@type":"EntryPoint","urlTemplate":"https:\/\/peoplesphere.be\/fr\/?s={search_term_string}"},"query-input":"required name=search_term_string"}],"inLanguage":"fr-FR"},{"@type":"Organization","@id":"https:\/\/peoplesphere.be\/fr\/#organization","name":"Peoplesphere Company srl","url":"https:\/\/peoplesphere.be\/fr\/","logo":{"@type":"ImageObject","inLanguage":"fr-FR","@id":"https:\/\/peoplesphere.be\/fr\/#\/schema\/logo\/image\/","url":"https:\/\/peoplesphere.be\/fr\/wp-content\/uploads\/2023\/07\/peoplesphere-lgo-new-generik.jpg","contentUrl":"https:\/\/peoplesphere.be\/fr\/wp-content\/uploads\/2023\/07\/peoplesphere-lgo-new-generik.jpg","width":1031,"height":1479,"caption":"Peoplesphere Company srl"},"image":{"@id":"https:\/\/peoplesphere.be\/fr\/#\/schema\/logo\/image\/"},"sameAs":["https:\/\/www.facebook.com\/peoplesphere","https:\/\/twitter.com\/PeoplesphereMag","https:\/\/www.linkedin.com\/company\/7587361?trk","http:\/\/youtube.com\/peoplesphere"]},{"@type":"Person","@id":"https:\/\/peoplesphere.be\/fr\/#\/schema\/person\/7976225ff17988604334abb7b3536a7e","name":"Jean-Paul Erhard","image":{"@type":"ImageObject","inLanguage":"fr-FR","@id":"https:\/\/peoplesphere.be\/fr\/#\/schema\/person\/image\/","url":"https:\/\/secure.gravatar.com\/avatar\/f941e681460179738071629a51574930?s=96&d=mm&r=g","contentUrl":"https:\/\/secure.gravatar.com\/avatar\/f941e681460179738071629a51574930?s=96&d=mm&r=g","caption":"Jean-Paul Erhard"},"url":"https:\/\/peoplesphere.be\/fr\/author\/jpe\/"}]}},"_links":{"self":[{"href":"https:\/\/peoplesphere.be\/fr\/wp-json\/wp\/v2\/posts\/8782"}],"collection":[{"href":"https:\/\/peoplesphere.be\/fr\/wp-json\/wp\/v2\/posts"}],"about":[{"href":"https:\/\/peoplesphere.be\/fr\/wp-json\/wp\/v2\/types\/post"}],"author":[{"embeddable":true,"href":"https:\/\/peoplesphere.be\/fr\/wp-json\/wp\/v2\/users\/2"}],"replies":[{"embeddable":true,"href":"https:\/\/peoplesphere.be\/fr\/wp-json\/wp\/v2\/comments?post=8782"}],"version-history":[{"count":2,"href":"https:\/\/peoplesphere.be\/fr\/wp-json\/wp\/v2\/posts\/8782\/revisions"}],"predecessor-version":[{"id":8784,"href":"https:\/\/peoplesphere.be\/fr\/wp-json\/wp\/v2\/posts\/8782\/revisions\/8784"}],"wp:attachment":[{"href":"https:\/\/peoplesphere.be\/fr\/wp-json\/wp\/v2\/media?parent=8782"}],"wp:term":[{"taxonomy":"category","embeddable":true,"href":"https:\/\/peoplesphere.be\/fr\/wp-json\/wp\/v2\/categories?post=8782"},{"taxonomy":"post_tag","embeddable":true,"href":"https:\/\/peoplesphere.be\/fr\/wp-json\/wp\/v2\/tags?post=8782"}],"curies":[{"name":"wp","href":"https:\/\/api.w.org\/{rel}","templated":true}]}}