









{"id":8789,"date":"2019-12-17T07:54:56","date_gmt":"2019-12-17T05:54:56","guid":{"rendered":"https:\/\/peoplesphere.be\/fr\/?p=8789"},"modified":"2019-12-17T07:54:56","modified_gmt":"2019-12-17T05:54:56","slug":"lextension-systeme-flexi-jobs-a-lagenda-prochain-gouvernement-csc-previent-dores-deja-question","status":"publish","type":"post","link":"https:\/\/peoplesphere.be\/fr\/lextension-systeme-flexi-jobs-a-lagenda-prochain-gouvernement-csc-previent-dores-deja-question\/","title":{"rendered":"L&rsquo;extension du syst\u00e8me des flexi-jobs \u00e0 l&rsquo;agenda du prochain gouvernement? La CSC pr\u00e9vient d&rsquo;ores et d\u00e9j\u00e0: &lsquo;Pas question!&rsquo;."},"content":{"rendered":"<p>Hier, Egbert Lachaert, d\u00e9put\u00e9 pour l&rsquo;Open VLD, a communiqu\u00e9 que son parti d\u00e9posera un projet de loi pour \u00e9largir le syst\u00e8me des flexi-jobs aux demandeurs d&#8217;emploi. Il souhaite par ailleurs \u00e9tendre le syst\u00e8me au secteur de la construction. Cette proposition est inacceptable pour la CSC b\u00e2timent &#8211; industrie &amp; \u00e9nergie (CSCBIE) qui annonce : <em>\u00ab\u00a0Les flexi-jobs minent la s\u00e9curit\u00e9 sociale et poussent les travailleurs vers un statut pr\u00e9caire.\u00a0\u00bb<\/em><!--more--><\/p>\n<p>Actuellement, seuls les travailleurs occup\u00e9s dans un r\u00e9gime \u00e0 4\/5\u00e8me et les pensionn\u00e9s entrent en ligne de compte pour un flexi-job. <em>\u00ab Le pr\u00e9texte de la formation par le flexi-job est ridicule ! Il existe d\u00e9j\u00e0 suffisamment de possibilit\u00e9s pour combiner formation et travail, telle que la formation professionnelle individuelle (FPI) \u00bb<\/em>, explique Patrick Vandenberghe, pr\u00e9sident de la CSCBIE.<\/p>\n<p><em>Le syndicat chr\u00e9tien refuse d&rsquo;envisager cette perspective: \u00ab\u00a0De nombreuses formes de flexibilit\u00e9 existent d\u00e9j\u00e0 sur le march\u00e9 du travail belge, notamment via les heures suppl\u00e9mentaires et le travail int\u00e9rimaire. En pratique, on ne cr\u00e9e pas de nouveaux emplois, mais plut\u00f4t des statuts pr\u00e9caires. La position de la CSCBIE s&rsquo;inscrit \u00e9galement dans la critique exprim\u00e9e au printemps dernier par la Cour des Comptes. Les flexi-jobs minent la s\u00e9curit\u00e9 sociale en la privant de nombreuses recettes. Pour pallier \u00e0 ce manque de financement, les partis favorables au syst\u00e8me des flexi-jobs ne manqueront pas par la suite de plaider pour des \u00e9conomies suppl\u00e9mentaires au d\u00e9triment des pensions, des soins de sant\u00e9 et de l\u2019indemnisation du ch\u00f4mage\u00a0\u00bb.<\/em><\/p>\n<p>Aujourd&rsquo;hui, le syst\u00e8me des flexi-jobs peut \u00eatre utilis\u00e9 dans l&rsquo;horeca. L&rsquo;Open Vld souhaite \u00e9tendre cette possibilit\u00e9 au secteur de la construction, et \u00e0 terme \u00e0 tout le secteur priv\u00e9. \u00ab\u00a0<em>Une extension de ce syst\u00e8me de travail pr\u00e9caire au secteur de la construction est exclue! Non seulement en raison des nombreuses comp\u00e9tences professionnelles exig\u00e9es dans le secteur, mais aussi sur le plan de la s\u00e9curit\u00e9 au travail. Le dumping social et l\u2019exploitation des travailleurs nuisent d\u00e9j\u00e0 fortement au secteur de la construction, que la politique s\u2019att\u00e8le plut\u00f4t \u00e0 combattre ces fl\u00e9aux !\u00a0\u00bb,<\/em> conclue Patrick Vandenberghe.<\/p>\n<p>La CSCBIE s\u2019oppose fermement \u00e0 l\u2019extension du syst\u00e8me des flexi-jobs et entamera imm\u00e9diatement des actions si ce syst\u00e8me devait \u00eatre appliqu\u00e9 dans le secteur de la construction !<\/p>\n","protected":false},"excerpt":{"rendered":"<p>Hier, Egbert Lachaert, d\u00e9put\u00e9 pour l&rsquo;Open VLD, a communiqu\u00e9 que son parti d\u00e9posera un projet de loi pour \u00e9largir le syst\u00e8me des flexi-jobs aux demandeurs d&#8217;emploi. Il souhaite par ailleurs \u00e9tendre le syst\u00e8me au secteur de la construction. Cette proposition [&hellip;]<\/p>\n","protected":false},"author":2,"featured_media":0,"comment_status":"closed","ping_status":"open","sticky":false,"template":"","format":"standard","meta":[],"categories":[65,10],"tags":[332,200,336,220,199],"yoast_head":"<!-- This site is optimized with the Yoast SEO plugin v21.0 - https:\/\/yoast.com\/wordpress\/plugins\/seo\/ -->\n<title>L&#039;extension du syst\u00e8me des flexi-jobs \u00e0 l&#039;agenda du prochain gouvernement? La CSC pr\u00e9vient d&#039;ores et d\u00e9j\u00e0: &#039;Pas question!&#039;. - Peoplesphere<\/title>\n<meta name=\"robots\" content=\"index, follow, max-snippet:-1, max-image-preview:large, max-video-preview:-1\" \/>\n<link rel=\"canonical\" href=\"https:\/\/peoplesphere.be\/fr\/lextension-systeme-flexi-jobs-a-lagenda-prochain-gouvernement-csc-previent-dores-deja-question\/\" \/>\n<meta property=\"og:locale\" content=\"fr_FR\" \/>\n<meta property=\"og:type\" content=\"article\" \/>\n<meta property=\"og:title\" content=\"L&#039;extension du syst\u00e8me des flexi-jobs \u00e0 l&#039;agenda du prochain gouvernement? La CSC pr\u00e9vient d&#039;ores et d\u00e9j\u00e0: &#039;Pas question!&#039;. - Peoplesphere\" \/>\n<meta property=\"og:description\" content=\"Hier, Egbert Lachaert, d\u00e9put\u00e9 pour l&rsquo;Open VLD, a communiqu\u00e9 que son parti d\u00e9posera un projet de loi pour \u00e9largir le syst\u00e8me des flexi-jobs aux demandeurs d&#8217;emploi. Il souhaite par ailleurs \u00e9tendre le syst\u00e8me au secteur de la construction. Cette proposition [&hellip;]\" \/>\n<meta property=\"og:url\" content=\"https:\/\/peoplesphere.be\/fr\/lextension-systeme-flexi-jobs-a-lagenda-prochain-gouvernement-csc-previent-dores-deja-question\/\" \/>\n<meta property=\"og:site_name\" content=\"Peoplesphere\" \/>\n<meta property=\"article:publisher\" content=\"https:\/\/www.facebook.com\/peoplesphere\" \/>\n<meta property=\"article:published_time\" content=\"2019-12-17T05:54:56+00:00\" \/>\n<meta property=\"og:image\" content=\"http:\/\/www.peoplesphere.be\/fr\/wp-content\/uploads\/2016\/07\/facebook-default-posting-1200x628px.jpg\" \/>\n<meta name=\"author\" content=\"Jean-Paul Erhard\" \/>\n<meta name=\"twitter:card\" content=\"summary_large_image\" \/>\n<meta name=\"twitter:creator\" content=\"@PeoplesphereMag\" \/>\n<meta name=\"twitter:site\" content=\"@PeoplesphereMag\" \/>\n<meta name=\"twitter:label1\" content=\"\u00c9crit par\" \/>\n\t<meta name=\"twitter:data1\" content=\"Jean-Paul Erhard\" \/>\n\t<meta name=\"twitter:label2\" content=\"Dur\u00e9e de lecture estim\u00e9e\" \/>\n\t<meta name=\"twitter:data2\" content=\"2 minutes\" \/>\n<script type=\"application\/ld+json\" class=\"yoast-schema-graph\">{\"@context\":\"https:\/\/schema.org\",\"@graph\":[{\"@type\":\"Article\",\"@id\":\"https:\/\/peoplesphere.be\/fr\/lextension-systeme-flexi-jobs-a-lagenda-prochain-gouvernement-csc-previent-dores-deja-question\/#article\",\"isPartOf\":{\"@id\":\"https:\/\/peoplesphere.be\/fr\/lextension-systeme-flexi-jobs-a-lagenda-prochain-gouvernement-csc-previent-dores-deja-question\/\"},\"author\":{\"name\":\"Jean-Paul Erhard\",\"@id\":\"https:\/\/peoplesphere.be\/fr\/#\/schema\/person\/7976225ff17988604334abb7b3536a7e\"},\"headline\":\"L&rsquo;extension du syst\u00e8me des flexi-jobs \u00e0 l&rsquo;agenda du prochain gouvernement? La CSC pr\u00e9vient d&rsquo;ores et d\u00e9j\u00e0: &lsquo;Pas question!&rsquo;.\",\"datePublished\":\"2019-12-17T05:54:56+00:00\",\"dateModified\":\"2019-12-17T05:54:56+00:00\",\"mainEntityOfPage\":{\"@id\":\"https:\/\/peoplesphere.be\/fr\/lextension-systeme-flexi-jobs-a-lagenda-prochain-gouvernement-csc-previent-dores-deja-question\/\"},\"wordCount\":416,\"publisher\":{\"@id\":\"https:\/\/peoplesphere.be\/fr\/#organization\"},\"keywords\":[\"concertation sociale\",\"CSC\",\"flexi-jobs\",\"flexibilit\u00e9\",\"syndicat\"],\"articleSection\":[\"Actualit\u00e9s\",\"Digital\"],\"inLanguage\":\"fr-FR\"},{\"@type\":\"WebPage\",\"@id\":\"https:\/\/peoplesphere.be\/fr\/lextension-systeme-flexi-jobs-a-lagenda-prochain-gouvernement-csc-previent-dores-deja-question\/\",\"url\":\"https:\/\/peoplesphere.be\/fr\/lextension-systeme-flexi-jobs-a-lagenda-prochain-gouvernement-csc-previent-dores-deja-question\/\",\"name\":\"L'extension du syst\u00e8me des flexi-jobs \u00e0 l'agenda du prochain gouvernement? La CSC pr\u00e9vient d'ores et d\u00e9j\u00e0: 'Pas question!'. - Peoplesphere\",\"isPartOf\":{\"@id\":\"https:\/\/peoplesphere.be\/fr\/#website\"},\"datePublished\":\"2019-12-17T05:54:56+00:00\",\"dateModified\":\"2019-12-17T05:54:56+00:00\",\"breadcrumb\":{\"@id\":\"https:\/\/peoplesphere.be\/fr\/lextension-systeme-flexi-jobs-a-lagenda-prochain-gouvernement-csc-previent-dores-deja-question\/#breadcrumb\"},\"inLanguage\":\"fr-FR\",\"potentialAction\":[{\"@type\":\"ReadAction\",\"target\":[\"https:\/\/peoplesphere.be\/fr\/lextension-systeme-flexi-jobs-a-lagenda-prochain-gouvernement-csc-previent-dores-deja-question\/\"]}]},{\"@type\":\"BreadcrumbList\",\"@id\":\"https:\/\/peoplesphere.be\/fr\/lextension-systeme-flexi-jobs-a-lagenda-prochain-gouvernement-csc-previent-dores-deja-question\/#breadcrumb\",\"itemListElement\":[{\"@type\":\"ListItem\",\"position\":1,\"name\":\"Accueil\",\"item\":\"https:\/\/peoplesphere.be\/fr\/\"},{\"@type\":\"ListItem\",\"position\":2,\"name\":\"L&rsquo;extension du syst\u00e8me des flexi-jobs \u00e0 l&rsquo;agenda du prochain gouvernement? La CSC pr\u00e9vient d&rsquo;ores et d\u00e9j\u00e0: &lsquo;Pas question!&rsquo;.\"}]},{\"@type\":\"WebSite\",\"@id\":\"https:\/\/peoplesphere.be\/fr\/#website\",\"url\":\"https:\/\/peoplesphere.be\/fr\/\",\"name\":\"Peoplesphere\",\"description\":\"The People Managers Magazine\",\"publisher\":{\"@id\":\"https:\/\/peoplesphere.be\/fr\/#organization\"},\"potentialAction\":[{\"@type\":\"SearchAction\",\"target\":{\"@type\":\"EntryPoint\",\"urlTemplate\":\"https:\/\/peoplesphere.be\/fr\/?s={search_term_string}\"},\"query-input\":\"required name=search_term_string\"}],\"inLanguage\":\"fr-FR\"},{\"@type\":\"Organization\",\"@id\":\"https:\/\/peoplesphere.be\/fr\/#organization\",\"name\":\"Peoplesphere Company srl\",\"url\":\"https:\/\/peoplesphere.be\/fr\/\",\"logo\":{\"@type\":\"ImageObject\",\"inLanguage\":\"fr-FR\",\"@id\":\"https:\/\/peoplesphere.be\/fr\/#\/schema\/logo\/image\/\",\"url\":\"https:\/\/peoplesphere.be\/fr\/wp-content\/uploads\/2023\/07\/peoplesphere-lgo-new-generik.jpg\",\"contentUrl\":\"https:\/\/peoplesphere.be\/fr\/wp-content\/uploads\/2023\/07\/peoplesphere-lgo-new-generik.jpg\",\"width\":1031,\"height\":1479,\"caption\":\"Peoplesphere Company srl\"},\"image\":{\"@id\":\"https:\/\/peoplesphere.be\/fr\/#\/schema\/logo\/image\/\"},\"sameAs\":[\"https:\/\/www.facebook.com\/peoplesphere\",\"https:\/\/twitter.com\/PeoplesphereMag\",\"https:\/\/www.linkedin.com\/company\/7587361?trk\",\"http:\/\/youtube.com\/peoplesphere\"]},{\"@type\":\"Person\",\"@id\":\"https:\/\/peoplesphere.be\/fr\/#\/schema\/person\/7976225ff17988604334abb7b3536a7e\",\"name\":\"Jean-Paul Erhard\",\"image\":{\"@type\":\"ImageObject\",\"inLanguage\":\"fr-FR\",\"@id\":\"https:\/\/peoplesphere.be\/fr\/#\/schema\/person\/image\/\",\"url\":\"https:\/\/secure.gravatar.com\/avatar\/f941e681460179738071629a51574930?s=96&d=mm&r=g\",\"contentUrl\":\"https:\/\/secure.gravatar.com\/avatar\/f941e681460179738071629a51574930?s=96&d=mm&r=g\",\"caption\":\"Jean-Paul Erhard\"},\"url\":\"https:\/\/peoplesphere.be\/fr\/author\/jpe\/\"}]}<\/script>\n<!-- \/ Yoast SEO plugin. -->","yoast_head_json":{"title":"L'extension du syst\u00e8me des flexi-jobs \u00e0 l'agenda du prochain gouvernement? La CSC pr\u00e9vient d'ores et d\u00e9j\u00e0: 'Pas question!'. - Peoplesphere","robots":{"index":"index","follow":"follow","max-snippet":"max-snippet:-1","max-image-preview":"max-image-preview:large","max-video-preview":"max-video-preview:-1"},"canonical":"https:\/\/peoplesphere.be\/fr\/lextension-systeme-flexi-jobs-a-lagenda-prochain-gouvernement-csc-previent-dores-deja-question\/","og_locale":"fr_FR","og_type":"article","og_title":"L'extension du syst\u00e8me des flexi-jobs \u00e0 l'agenda du prochain gouvernement? La CSC pr\u00e9vient d'ores et d\u00e9j\u00e0: 'Pas question!'. - Peoplesphere","og_description":"Hier, Egbert Lachaert, d\u00e9put\u00e9 pour l&rsquo;Open VLD, a communiqu\u00e9 que son parti d\u00e9posera un projet de loi pour \u00e9largir le syst\u00e8me des flexi-jobs aux demandeurs d&#8217;emploi. Il souhaite par ailleurs \u00e9tendre le syst\u00e8me au secteur de la construction. Cette proposition [&hellip;]","og_url":"https:\/\/peoplesphere.be\/fr\/lextension-systeme-flexi-jobs-a-lagenda-prochain-gouvernement-csc-previent-dores-deja-question\/","og_site_name":"Peoplesphere","article_publisher":"https:\/\/www.facebook.com\/peoplesphere","article_published_time":"2019-12-17T05:54:56+00:00","og_image":[{"url":"http:\/\/www.peoplesphere.be\/fr\/wp-content\/uploads\/2016\/07\/facebook-default-posting-1200x628px.jpg"}],"author":"Jean-Paul Erhard","twitter_card":"summary_large_image","twitter_creator":"@PeoplesphereMag","twitter_site":"@PeoplesphereMag","twitter_misc":{"\u00c9crit par":"Jean-Paul Erhard","Dur\u00e9e de lecture estim\u00e9e":"2 minutes"},"schema":{"@context":"https:\/\/schema.org","@graph":[{"@type":"Article","@id":"https:\/\/peoplesphere.be\/fr\/lextension-systeme-flexi-jobs-a-lagenda-prochain-gouvernement-csc-previent-dores-deja-question\/#article","isPartOf":{"@id":"https:\/\/peoplesphere.be\/fr\/lextension-systeme-flexi-jobs-a-lagenda-prochain-gouvernement-csc-previent-dores-deja-question\/"},"author":{"name":"Jean-Paul Erhard","@id":"https:\/\/peoplesphere.be\/fr\/#\/schema\/person\/7976225ff17988604334abb7b3536a7e"},"headline":"L&rsquo;extension du syst\u00e8me des flexi-jobs \u00e0 l&rsquo;agenda du prochain gouvernement? La CSC pr\u00e9vient d&rsquo;ores et d\u00e9j\u00e0: &lsquo;Pas question!&rsquo;.","datePublished":"2019-12-17T05:54:56+00:00","dateModified":"2019-12-17T05:54:56+00:00","mainEntityOfPage":{"@id":"https:\/\/peoplesphere.be\/fr\/lextension-systeme-flexi-jobs-a-lagenda-prochain-gouvernement-csc-previent-dores-deja-question\/"},"wordCount":416,"publisher":{"@id":"https:\/\/peoplesphere.be\/fr\/#organization"},"keywords":["concertation sociale","CSC","flexi-jobs","flexibilit\u00e9","syndicat"],"articleSection":["Actualit\u00e9s","Digital"],"inLanguage":"fr-FR"},{"@type":"WebPage","@id":"https:\/\/peoplesphere.be\/fr\/lextension-systeme-flexi-jobs-a-lagenda-prochain-gouvernement-csc-previent-dores-deja-question\/","url":"https:\/\/peoplesphere.be\/fr\/lextension-systeme-flexi-jobs-a-lagenda-prochain-gouvernement-csc-previent-dores-deja-question\/","name":"L'extension du syst\u00e8me des flexi-jobs \u00e0 l'agenda du prochain gouvernement? La CSC pr\u00e9vient d'ores et d\u00e9j\u00e0: 'Pas question!'. - Peoplesphere","isPartOf":{"@id":"https:\/\/peoplesphere.be\/fr\/#website"},"datePublished":"2019-12-17T05:54:56+00:00","dateModified":"2019-12-17T05:54:56+00:00","breadcrumb":{"@id":"https:\/\/peoplesphere.be\/fr\/lextension-systeme-flexi-jobs-a-lagenda-prochain-gouvernement-csc-previent-dores-deja-question\/#breadcrumb"},"inLanguage":"fr-FR","potentialAction":[{"@type":"ReadAction","target":["https:\/\/peoplesphere.be\/fr\/lextension-systeme-flexi-jobs-a-lagenda-prochain-gouvernement-csc-previent-dores-deja-question\/"]}]},{"@type":"BreadcrumbList","@id":"https:\/\/peoplesphere.be\/fr\/lextension-systeme-flexi-jobs-a-lagenda-prochain-gouvernement-csc-previent-dores-deja-question\/#breadcrumb","itemListElement":[{"@type":"ListItem","position":1,"name":"Accueil","item":"https:\/\/peoplesphere.be\/fr\/"},{"@type":"ListItem","position":2,"name":"L&rsquo;extension du syst\u00e8me des flexi-jobs \u00e0 l&rsquo;agenda du prochain gouvernement? La CSC pr\u00e9vient d&rsquo;ores et d\u00e9j\u00e0: &lsquo;Pas question!&rsquo;."}]},{"@type":"WebSite","@id":"https:\/\/peoplesphere.be\/fr\/#website","url":"https:\/\/peoplesphere.be\/fr\/","name":"Peoplesphere","description":"The People Managers Magazine","publisher":{"@id":"https:\/\/peoplesphere.be\/fr\/#organization"},"potentialAction":[{"@type":"SearchAction","target":{"@type":"EntryPoint","urlTemplate":"https:\/\/peoplesphere.be\/fr\/?s={search_term_string}"},"query-input":"required name=search_term_string"}],"inLanguage":"fr-FR"},{"@type":"Organization","@id":"https:\/\/peoplesphere.be\/fr\/#organization","name":"Peoplesphere Company srl","url":"https:\/\/peoplesphere.be\/fr\/","logo":{"@type":"ImageObject","inLanguage":"fr-FR","@id":"https:\/\/peoplesphere.be\/fr\/#\/schema\/logo\/image\/","url":"https:\/\/peoplesphere.be\/fr\/wp-content\/uploads\/2023\/07\/peoplesphere-lgo-new-generik.jpg","contentUrl":"https:\/\/peoplesphere.be\/fr\/wp-content\/uploads\/2023\/07\/peoplesphere-lgo-new-generik.jpg","width":1031,"height":1479,"caption":"Peoplesphere Company srl"},"image":{"@id":"https:\/\/peoplesphere.be\/fr\/#\/schema\/logo\/image\/"},"sameAs":["https:\/\/www.facebook.com\/peoplesphere","https:\/\/twitter.com\/PeoplesphereMag","https:\/\/www.linkedin.com\/company\/7587361?trk","http:\/\/youtube.com\/peoplesphere"]},{"@type":"Person","@id":"https:\/\/peoplesphere.be\/fr\/#\/schema\/person\/7976225ff17988604334abb7b3536a7e","name":"Jean-Paul Erhard","image":{"@type":"ImageObject","inLanguage":"fr-FR","@id":"https:\/\/peoplesphere.be\/fr\/#\/schema\/person\/image\/","url":"https:\/\/secure.gravatar.com\/avatar\/f941e681460179738071629a51574930?s=96&d=mm&r=g","contentUrl":"https:\/\/secure.gravatar.com\/avatar\/f941e681460179738071629a51574930?s=96&d=mm&r=g","caption":"Jean-Paul Erhard"},"url":"https:\/\/peoplesphere.be\/fr\/author\/jpe\/"}]}},"_links":{"self":[{"href":"https:\/\/peoplesphere.be\/fr\/wp-json\/wp\/v2\/posts\/8789"}],"collection":[{"href":"https:\/\/peoplesphere.be\/fr\/wp-json\/wp\/v2\/posts"}],"about":[{"href":"https:\/\/peoplesphere.be\/fr\/wp-json\/wp\/v2\/types\/post"}],"author":[{"embeddable":true,"href":"https:\/\/peoplesphere.be\/fr\/wp-json\/wp\/v2\/users\/2"}],"replies":[{"embeddable":true,"href":"https:\/\/peoplesphere.be\/fr\/wp-json\/wp\/v2\/comments?post=8789"}],"version-history":[{"count":1,"href":"https:\/\/peoplesphere.be\/fr\/wp-json\/wp\/v2\/posts\/8789\/revisions"}],"predecessor-version":[{"id":8790,"href":"https:\/\/peoplesphere.be\/fr\/wp-json\/wp\/v2\/posts\/8789\/revisions\/8790"}],"wp:attachment":[{"href":"https:\/\/peoplesphere.be\/fr\/wp-json\/wp\/v2\/media?parent=8789"}],"wp:term":[{"taxonomy":"category","embeddable":true,"href":"https:\/\/peoplesphere.be\/fr\/wp-json\/wp\/v2\/categories?post=8789"},{"taxonomy":"post_tag","embeddable":true,"href":"https:\/\/peoplesphere.be\/fr\/wp-json\/wp\/v2\/tags?post=8789"}],"curies":[{"name":"wp","href":"https:\/\/api.w.org\/{rel}","templated":true}]}}