









{"id":8808,"date":"2019-12-19T11:25:07","date_gmt":"2019-12-19T09:25:07","guid":{"rendered":"https:\/\/peoplesphere.be\/fr\/?p=8808"},"modified":"2019-12-19T11:25:07","modified_gmt":"2019-12-19T09:25:07","slug":"barometre-food-belgique-parmi-meilleurs-eleves-europeens-termes-dalimentation-equilibree-lieu-de-travail","status":"publish","type":"post","link":"https:\/\/peoplesphere.be\/fr\/barometre-food-belgique-parmi-meilleurs-eleves-europeens-termes-dalimentation-equilibree-lieu-de-travail\/","title":{"rendered":"Barom\u00e8tre FOOD : la Belgique parmi les meilleurs \u00e9l\u00e8ves europ\u00e9ens en termes d\u2019alimentation \u00e9quilibr\u00e9e sur le lieu de travail."},"content":{"rendered":"<p>Les habitudes alimentaires des salari\u00e9s belges au bureau ont un impact consid\u00e9rable sur leur sant\u00e9 globale. Le programme europ\u00e9en public-priv\u00e9 FOOD s\u2019est donn\u00e9 pour mission, depuis 10 ans, d\u2019agir en faveur d\u2019une alimentation \u00e9quilibr\u00e9e durant la journ\u00e9e de travail. C\u2019est dans ce cadre qu\u2019Edenred et ses partenaires ont interrog\u00e9 cette ann\u00e9e plus de 47.000 salari\u00e9s et pr\u00e8s de 1.800 restaurateurs dans 10 pays d\u2019Europe (Autriche, Belgique, Espagne, France, Italie, Portugal, R\u00e9publique tch\u00e8que, Roumanie, Slovaquie et Su\u00e8de) afin d\u2019analyser leurs habitudes et leurs besoins autour de l\u2019alimentation au travail.<!--more--><\/p>\n<p>Olivier Bouquet, Directeur G\u00e9n\u00e9ral d\u2019Edenred Belgique d\u00e9clare : <em>\u00ab Le projet FOOD, qui est devenu un programme de r\u00e9f\u00e9rence au niveau europ\u00e9en, prolonge l\u2019engagement d\u2019Edenred en faveur d\u2019une alimentation \u00e9quilibr\u00e9e au travail. Nous avons en effet la conviction que le monde du travail est un lieu privil\u00e9gi\u00e9 pour agir concr\u00e8tement en mati\u00e8re de choix alimentaires sains. \u00bb<\/em><\/p>\n<p>D\u2019apr\u00e8s le Barom\u00e8tre FOOD, prendre une pause de midi reste la norme avec n\u00e9anmoins des disparit\u00e9s par pays. En ce qui concerne la Belgique, 94% des Belges mangent r\u00e9guli\u00e8rement sur leur lieu de travail. 62% d\u2019entre eux restent attach\u00e9s \u00e0 un repas \u00ab fait maison \u00bb. En Europe, 71% des travailleurs s\u2019accordent quotidiennement une pause pour le lunch.<\/p>\n<p><em>\u00ab La pause de midi n\u2019est plus une simple coupure dans la journ\u00e9e, mais un moment de bien-\u00eatre, avec un repas savoureux, \u00e9quilibr\u00e9 et revigorant. Il s\u2019agit d\u2019une prise de conscience collective sur l\u2019importance du bien-\u00eatre au travail, que ce soit de la part des employeurs, des salari\u00e9s et des restaurateurs. \u00bb<\/em> affirme Sylvie Dujardin, nutritionniste pour le programme FOOD.<\/p>\n<p>En ce qui concerne l\u2019\u00e9quilibre alimentaire, 74% des Belges ont affirm\u00e9 qu\u2019ils faisaient attention \u00e0 la qualit\u00e9 nutritionnelle de leur repas sur le lieu de travail. De plus, 64% des restaurateurs belges interrog\u00e9s affirment que leurs clients recherchent et appr\u00e9cient une offre de repas \u00e9quilibr\u00e9s tandis que la moyenne europ\u00e9enne est \u00e0 47%. Plus de la moiti\u00e9 des restaurateurs belges (54%) estiment d\u2019ailleurs qu\u2019il n\u2019est pas plus difficile de pr\u00e9parer des plats \u00e9quilibr\u00e9s. \u00c0 ce titre, le programme FOOD propose aux restaurateurs des conseils pratiques, tels que : ne pas mettre syst\u00e9matiquement de sel sur la table ; remplacer le beurre, qui accompagne le pain, par de l\u2019huile d\u2019olive ; ou encore, remplacer les biscuits et cacahu\u00e8tes par des olives ou des crudit\u00e9s.<\/p>\n<p>Toujours d\u2019apr\u00e8s l\u2019enqu\u00eate de FOOD, les Belges accordent une grande importance \u00e0 :<\/p>\n<ul>\n<li>La qualit\u00e9 nutritionnelle (74%) de leur repas de midi alors qu\u2019en 2014, cette demande ne figurait pas dans le top 3 ;<\/li>\n<li>La provenance locale et la saisonnalit\u00e9 des aliments (65%) ;<\/li>\n<li>L\u2019\u00e9quilibre alimentaire de leur repas de midi (60%).<\/li>\n<\/ul>\n<p>La tendance Healthy s\u2019est globalement r\u00e9pandue dans l\u2019ensemble de l\u2019Europe. Alors qu\u2019en 2013 seulement 28% des Europ\u00e9ens choisissaient un restaurant en fonction des menus sains, aujourd\u2019hui ils sont 77% \u00e0 faire attention \u00e0 s\u2019alimenter plus sainement. <em>\u00ab Les Belges sont de plus en plus en qu\u00eate d\u2019informations quant \u00e0 la provenance et \u00e0 la qualit\u00e9 nutritionnelle de ce qu\u2019ils consomment. La vulgarisation du Nutri-score dans les commerces et grandes surfaces a eu un impact sur la sensibilisation des consommateurs et ces chiffres devraient encore augmenter \u00e0 l\u2019avenir. \u00bb<\/em> affirme Laurence Doughan, coordinatrice du Nutri-score du SPF Sant\u00e9 et partenaire du programme FOOD.<\/p>\n<p><strong><em>La technologie au service des travailleurs et des restaurateurs.<\/em><\/strong><\/p>\n<p>Les nouvelles technologies favorisant une alimentation \u00e9quilibr\u00e9e, gagnent en popularit\u00e9 aussi bien chez les salari\u00e9s au moment de la pause de midi, que chez les restaurateurs. En effet, selon 65% des salari\u00e9s europ\u00e9ens interrog\u00e9s, les nouvelles technologies peuvent avoir un r\u00f4le b\u00e9n\u00e9fique sur l\u2019alimentation au travail. Parmi les solutions \u00e9voqu\u00e9es, les applications de recettes et de conseils nutritionnels sont consid\u00e9r\u00e9es par 50% des salari\u00e9s europ\u00e9ens comme le meilleur moyen d\u2019adopter de meilleures habitudes alimentaires. Les restaurateurs sont, eux aussi, de plus en plus s\u00e9duits par les nouvelles technologies : 45% d\u2019entre eux pensent que les nouvelles technologies peuvent les aider dans l\u2019\u00e9laboration de nouveaux plats plus sains.<\/p>\n<p>Le programme europ\u00e9en FOOD f\u00eate ses 10 ans cette ann\u00e9e. Gr\u00e2ce \u00e0 ses nombreux projets aboutis, FOOD a r\u00e9cemment re\u00e7u deux r\u00e9compenses :\u00a0En juin 2019, le programme a \u00e9t\u00e9 reconnu comme une bonne pratique au niveau europ\u00e9en et r\u00e9compens\u00e9 par un \u00ab Best practice Certificate \u00bb remis par la Commission Europ\u00e9enne, pour les excellents r\u00e9sultats obtenus.\u00a0Le 23 septembre 2019, le SPF Sant\u00e9 Publique belge a re\u00e7u le prix de la Task Force des Nations Unies pour la pr\u00e9vention et le contr\u00f4le des maladies non-transmissibles pour sa participation au programme FOOD, qui vise \u00e0 \u00ab garantir des vies en bonne sant\u00e9 et promouvoir le bien-\u00eatre pour tous \u00bb.<br \/>\nAujourd\u2019hui, ce programme compte plus de 27 partenaires publics-priv\u00e9s r\u00e9partis dans 10 pays europ\u00e9ens, dont la Belgique et s\u2019\u00e9tend chaque ann\u00e9e \u00e0 d\u2019autres partenaires et pays. Le programme FOOD rassemble au total un r\u00e9seau de 520 000 restaurants qui offrent un menu plus \u00e9quilibr\u00e9 et durable. Plus de 7 millions d&#8217;employ\u00e9s utilisateurs de Ticket Restaurant en Europe b\u00e9n\u00e9ficient du programme FOOD.<\/p>\n<p>&nbsp;<\/p>\n<p><em>\u00c0 propos du programme FOOD &#8211; Le programme europ\u00e9en FOOD (Fighting Obesity through Offer and Demand) est un projet qui a vu le jour en 2009, gr\u00e2ce au cofinancement de la Commission europ\u00e9enne (DG SANT\u00c9). Il a pour but de promouvoir l\u2019\u00e9quilibre alimentaire, sur le lieu de travail, gr\u00e2ce \u00e0 des axes de communication novateurs. Fort de ses nombreux partenaires publics-priv\u00e9s et experts issus de 10 pays europ\u00e9ens, le programme FOOD et ses collaborateurs participent activement \u00e0 ce changement en apportant des \u00e9l\u00e9ments de r\u00e9ponse aux objectifs propos\u00e9s par la Commission europ\u00e9enne dans son programme d\u2019action communautaire dans le domaine de la sant\u00e9 et de la protection des consommateurs.<\/em><\/p>\n","protected":false},"excerpt":{"rendered":"<p>Les habitudes alimentaires des salari\u00e9s belges au bureau ont un impact consid\u00e9rable sur leur sant\u00e9 globale. Le programme europ\u00e9en public-priv\u00e9 FOOD s\u2019est donn\u00e9 pour mission, depuis 10 ans, d\u2019agir en faveur d\u2019une alimentation \u00e9quilibr\u00e9e durant la journ\u00e9e de travail. C\u2019est [&hellip;]<\/p>\n","protected":false},"author":2,"featured_media":8809,"comment_status":"closed","ping_status":"open","sticky":false,"template":"","format":"standard","meta":[],"categories":[65,10],"tags":[447,96,1585,2845,42,2846,17,2838],"yoast_head":"<!-- This site is optimized with the Yoast SEO plugin v21.0 - https:\/\/yoast.com\/wordpress\/plugins\/seo\/ -->\n<title>Barom\u00e8tre FOOD : la Belgique parmi les meilleurs \u00e9l\u00e8ves europ\u00e9ens en termes d\u2019alimentation \u00e9quilibr\u00e9e sur le lieu de travail. - Peoplesphere<\/title>\n<meta name=\"robots\" content=\"index, follow, max-snippet:-1, max-image-preview:large, max-video-preview:-1\" \/>\n<link rel=\"canonical\" href=\"https:\/\/peoplesphere.be\/fr\/barometre-food-belgique-parmi-meilleurs-eleves-europeens-termes-dalimentation-equilibree-lieu-de-travail\/\" \/>\n<meta property=\"og:locale\" content=\"fr_FR\" \/>\n<meta property=\"og:type\" content=\"article\" \/>\n<meta property=\"og:title\" content=\"Barom\u00e8tre FOOD : la Belgique parmi les meilleurs \u00e9l\u00e8ves europ\u00e9ens en termes d\u2019alimentation \u00e9quilibr\u00e9e sur le lieu de travail. - Peoplesphere\" \/>\n<meta property=\"og:description\" content=\"Les habitudes alimentaires des salari\u00e9s belges au bureau ont un impact consid\u00e9rable sur leur sant\u00e9 globale. Le programme europ\u00e9en public-priv\u00e9 FOOD s\u2019est donn\u00e9 pour mission, depuis 10 ans, d\u2019agir en faveur d\u2019une alimentation \u00e9quilibr\u00e9e durant la journ\u00e9e de travail. C\u2019est [&hellip;]\" \/>\n<meta property=\"og:url\" content=\"https:\/\/peoplesphere.be\/fr\/barometre-food-belgique-parmi-meilleurs-eleves-europeens-termes-dalimentation-equilibree-lieu-de-travail\/\" \/>\n<meta property=\"og:site_name\" content=\"Peoplesphere\" \/>\n<meta property=\"article:publisher\" content=\"https:\/\/www.facebook.com\/peoplesphere\" \/>\n<meta property=\"article:published_time\" content=\"2019-12-19T09:25:07+00:00\" \/>\n<meta property=\"og:image\" content=\"https:\/\/peoplesphere.be\/fr\/wp-content\/uploads\/2019\/12\/img5df9f0d231e09.png\" \/>\n\t<meta property=\"og:image:width\" content=\"470\" \/>\n\t<meta property=\"og:image:height\" content=\"376\" \/>\n\t<meta property=\"og:image:type\" content=\"image\/png\" \/>\n<meta name=\"author\" content=\"Jean-Paul Erhard\" \/>\n<meta name=\"twitter:card\" content=\"summary_large_image\" \/>\n<meta name=\"twitter:creator\" content=\"@PeoplesphereMag\" \/>\n<meta name=\"twitter:site\" content=\"@PeoplesphereMag\" \/>\n<meta name=\"twitter:label1\" content=\"\u00c9crit par\" \/>\n\t<meta name=\"twitter:data1\" content=\"Jean-Paul Erhard\" \/>\n\t<meta name=\"twitter:label2\" content=\"Dur\u00e9e de lecture estim\u00e9e\" \/>\n\t<meta name=\"twitter:data2\" content=\"5 minutes\" \/>\n<script type=\"application\/ld+json\" class=\"yoast-schema-graph\">{\"@context\":\"https:\/\/schema.org\",\"@graph\":[{\"@type\":\"Article\",\"@id\":\"https:\/\/peoplesphere.be\/fr\/barometre-food-belgique-parmi-meilleurs-eleves-europeens-termes-dalimentation-equilibree-lieu-de-travail\/#article\",\"isPartOf\":{\"@id\":\"https:\/\/peoplesphere.be\/fr\/barometre-food-belgique-parmi-meilleurs-eleves-europeens-termes-dalimentation-equilibree-lieu-de-travail\/\"},\"author\":{\"name\":\"Jean-Paul Erhard\",\"@id\":\"https:\/\/peoplesphere.be\/fr\/#\/schema\/person\/7976225ff17988604334abb7b3536a7e\"},\"headline\":\"Barom\u00e8tre FOOD : la Belgique parmi les meilleurs \u00e9l\u00e8ves europ\u00e9ens en termes d\u2019alimentation \u00e9quilibr\u00e9e sur le lieu de travail.\",\"datePublished\":\"2019-12-19T09:25:07+00:00\",\"dateModified\":\"2019-12-19T09:25:07+00:00\",\"mainEntityOfPage\":{\"@id\":\"https:\/\/peoplesphere.be\/fr\/barometre-food-belgique-parmi-meilleurs-eleves-europeens-termes-dalimentation-equilibree-lieu-de-travail\/\"},\"wordCount\":1031,\"publisher\":{\"@id\":\"https:\/\/peoplesphere.be\/fr\/#organization\"},\"keywords\":[\"alimentation\",\"bien-\u00eatre\",\"edenred\",\"FOOD\",\"Pr\u00e9vention\",\"restauration\",\"Sant\u00e9\",\"SPF Sant\u00e9\"],\"articleSection\":[\"Actualit\u00e9s\",\"Digital\"],\"inLanguage\":\"fr-FR\"},{\"@type\":\"WebPage\",\"@id\":\"https:\/\/peoplesphere.be\/fr\/barometre-food-belgique-parmi-meilleurs-eleves-europeens-termes-dalimentation-equilibree-lieu-de-travail\/\",\"url\":\"https:\/\/peoplesphere.be\/fr\/barometre-food-belgique-parmi-meilleurs-eleves-europeens-termes-dalimentation-equilibree-lieu-de-travail\/\",\"name\":\"Barom\u00e8tre FOOD : la Belgique parmi les meilleurs \u00e9l\u00e8ves europ\u00e9ens en termes d\u2019alimentation \u00e9quilibr\u00e9e sur le lieu de travail. - Peoplesphere\",\"isPartOf\":{\"@id\":\"https:\/\/peoplesphere.be\/fr\/#website\"},\"datePublished\":\"2019-12-19T09:25:07+00:00\",\"dateModified\":\"2019-12-19T09:25:07+00:00\",\"breadcrumb\":{\"@id\":\"https:\/\/peoplesphere.be\/fr\/barometre-food-belgique-parmi-meilleurs-eleves-europeens-termes-dalimentation-equilibree-lieu-de-travail\/#breadcrumb\"},\"inLanguage\":\"fr-FR\",\"potentialAction\":[{\"@type\":\"ReadAction\",\"target\":[\"https:\/\/peoplesphere.be\/fr\/barometre-food-belgique-parmi-meilleurs-eleves-europeens-termes-dalimentation-equilibree-lieu-de-travail\/\"]}]},{\"@type\":\"BreadcrumbList\",\"@id\":\"https:\/\/peoplesphere.be\/fr\/barometre-food-belgique-parmi-meilleurs-eleves-europeens-termes-dalimentation-equilibree-lieu-de-travail\/#breadcrumb\",\"itemListElement\":[{\"@type\":\"ListItem\",\"position\":1,\"name\":\"Accueil\",\"item\":\"https:\/\/peoplesphere.be\/fr\/\"},{\"@type\":\"ListItem\",\"position\":2,\"name\":\"Barom\u00e8tre FOOD : la Belgique parmi les meilleurs \u00e9l\u00e8ves europ\u00e9ens en termes d\u2019alimentation \u00e9quilibr\u00e9e sur le lieu de travail.\"}]},{\"@type\":\"WebSite\",\"@id\":\"https:\/\/peoplesphere.be\/fr\/#website\",\"url\":\"https:\/\/peoplesphere.be\/fr\/\",\"name\":\"Peoplesphere\",\"description\":\"The People Managers Magazine\",\"publisher\":{\"@id\":\"https:\/\/peoplesphere.be\/fr\/#organization\"},\"potentialAction\":[{\"@type\":\"SearchAction\",\"target\":{\"@type\":\"EntryPoint\",\"urlTemplate\":\"https:\/\/peoplesphere.be\/fr\/?s={search_term_string}\"},\"query-input\":\"required name=search_term_string\"}],\"inLanguage\":\"fr-FR\"},{\"@type\":\"Organization\",\"@id\":\"https:\/\/peoplesphere.be\/fr\/#organization\",\"name\":\"Peoplesphere Company srl\",\"url\":\"https:\/\/peoplesphere.be\/fr\/\",\"logo\":{\"@type\":\"ImageObject\",\"inLanguage\":\"fr-FR\",\"@id\":\"https:\/\/peoplesphere.be\/fr\/#\/schema\/logo\/image\/\",\"url\":\"https:\/\/peoplesphere.be\/fr\/wp-content\/uploads\/2023\/07\/peoplesphere-lgo-new-generik.jpg\",\"contentUrl\":\"https:\/\/peoplesphere.be\/fr\/wp-content\/uploads\/2023\/07\/peoplesphere-lgo-new-generik.jpg\",\"width\":1031,\"height\":1479,\"caption\":\"Peoplesphere Company srl\"},\"image\":{\"@id\":\"https:\/\/peoplesphere.be\/fr\/#\/schema\/logo\/image\/\"},\"sameAs\":[\"https:\/\/www.facebook.com\/peoplesphere\",\"https:\/\/twitter.com\/PeoplesphereMag\",\"https:\/\/www.linkedin.com\/company\/7587361?trk\",\"http:\/\/youtube.com\/peoplesphere\"]},{\"@type\":\"Person\",\"@id\":\"https:\/\/peoplesphere.be\/fr\/#\/schema\/person\/7976225ff17988604334abb7b3536a7e\",\"name\":\"Jean-Paul Erhard\",\"image\":{\"@type\":\"ImageObject\",\"inLanguage\":\"fr-FR\",\"@id\":\"https:\/\/peoplesphere.be\/fr\/#\/schema\/person\/image\/\",\"url\":\"https:\/\/secure.gravatar.com\/avatar\/f941e681460179738071629a51574930?s=96&d=mm&r=g\",\"contentUrl\":\"https:\/\/secure.gravatar.com\/avatar\/f941e681460179738071629a51574930?s=96&d=mm&r=g\",\"caption\":\"Jean-Paul Erhard\"},\"url\":\"https:\/\/peoplesphere.be\/fr\/author\/jpe\/\"}]}<\/script>\n<!-- \/ Yoast SEO plugin. -->","yoast_head_json":{"title":"Barom\u00e8tre FOOD : la Belgique parmi les meilleurs \u00e9l\u00e8ves europ\u00e9ens en termes d\u2019alimentation \u00e9quilibr\u00e9e sur le lieu de travail. - Peoplesphere","robots":{"index":"index","follow":"follow","max-snippet":"max-snippet:-1","max-image-preview":"max-image-preview:large","max-video-preview":"max-video-preview:-1"},"canonical":"https:\/\/peoplesphere.be\/fr\/barometre-food-belgique-parmi-meilleurs-eleves-europeens-termes-dalimentation-equilibree-lieu-de-travail\/","og_locale":"fr_FR","og_type":"article","og_title":"Barom\u00e8tre FOOD : la Belgique parmi les meilleurs \u00e9l\u00e8ves europ\u00e9ens en termes d\u2019alimentation \u00e9quilibr\u00e9e sur le lieu de travail. - Peoplesphere","og_description":"Les habitudes alimentaires des salari\u00e9s belges au bureau ont un impact consid\u00e9rable sur leur sant\u00e9 globale. Le programme europ\u00e9en public-priv\u00e9 FOOD s\u2019est donn\u00e9 pour mission, depuis 10 ans, d\u2019agir en faveur d\u2019une alimentation \u00e9quilibr\u00e9e durant la journ\u00e9e de travail. C\u2019est [&hellip;]","og_url":"https:\/\/peoplesphere.be\/fr\/barometre-food-belgique-parmi-meilleurs-eleves-europeens-termes-dalimentation-equilibree-lieu-de-travail\/","og_site_name":"Peoplesphere","article_publisher":"https:\/\/www.facebook.com\/peoplesphere","article_published_time":"2019-12-19T09:25:07+00:00","og_image":[{"width":470,"height":376,"url":"https:\/\/peoplesphere.be\/fr\/wp-content\/uploads\/2019\/12\/img5df9f0d231e09.png","type":"image\/png"}],"author":"Jean-Paul Erhard","twitter_card":"summary_large_image","twitter_creator":"@PeoplesphereMag","twitter_site":"@PeoplesphereMag","twitter_misc":{"\u00c9crit par":"Jean-Paul Erhard","Dur\u00e9e de lecture estim\u00e9e":"5 minutes"},"schema":{"@context":"https:\/\/schema.org","@graph":[{"@type":"Article","@id":"https:\/\/peoplesphere.be\/fr\/barometre-food-belgique-parmi-meilleurs-eleves-europeens-termes-dalimentation-equilibree-lieu-de-travail\/#article","isPartOf":{"@id":"https:\/\/peoplesphere.be\/fr\/barometre-food-belgique-parmi-meilleurs-eleves-europeens-termes-dalimentation-equilibree-lieu-de-travail\/"},"author":{"name":"Jean-Paul Erhard","@id":"https:\/\/peoplesphere.be\/fr\/#\/schema\/person\/7976225ff17988604334abb7b3536a7e"},"headline":"Barom\u00e8tre FOOD : la Belgique parmi les meilleurs \u00e9l\u00e8ves europ\u00e9ens en termes d\u2019alimentation \u00e9quilibr\u00e9e sur le lieu de travail.","datePublished":"2019-12-19T09:25:07+00:00","dateModified":"2019-12-19T09:25:07+00:00","mainEntityOfPage":{"@id":"https:\/\/peoplesphere.be\/fr\/barometre-food-belgique-parmi-meilleurs-eleves-europeens-termes-dalimentation-equilibree-lieu-de-travail\/"},"wordCount":1031,"publisher":{"@id":"https:\/\/peoplesphere.be\/fr\/#organization"},"keywords":["alimentation","bien-\u00eatre","edenred","FOOD","Pr\u00e9vention","restauration","Sant\u00e9","SPF Sant\u00e9"],"articleSection":["Actualit\u00e9s","Digital"],"inLanguage":"fr-FR"},{"@type":"WebPage","@id":"https:\/\/peoplesphere.be\/fr\/barometre-food-belgique-parmi-meilleurs-eleves-europeens-termes-dalimentation-equilibree-lieu-de-travail\/","url":"https:\/\/peoplesphere.be\/fr\/barometre-food-belgique-parmi-meilleurs-eleves-europeens-termes-dalimentation-equilibree-lieu-de-travail\/","name":"Barom\u00e8tre FOOD : la Belgique parmi les meilleurs \u00e9l\u00e8ves europ\u00e9ens en termes d\u2019alimentation \u00e9quilibr\u00e9e sur le lieu de travail. - Peoplesphere","isPartOf":{"@id":"https:\/\/peoplesphere.be\/fr\/#website"},"datePublished":"2019-12-19T09:25:07+00:00","dateModified":"2019-12-19T09:25:07+00:00","breadcrumb":{"@id":"https:\/\/peoplesphere.be\/fr\/barometre-food-belgique-parmi-meilleurs-eleves-europeens-termes-dalimentation-equilibree-lieu-de-travail\/#breadcrumb"},"inLanguage":"fr-FR","potentialAction":[{"@type":"ReadAction","target":["https:\/\/peoplesphere.be\/fr\/barometre-food-belgique-parmi-meilleurs-eleves-europeens-termes-dalimentation-equilibree-lieu-de-travail\/"]}]},{"@type":"BreadcrumbList","@id":"https:\/\/peoplesphere.be\/fr\/barometre-food-belgique-parmi-meilleurs-eleves-europeens-termes-dalimentation-equilibree-lieu-de-travail\/#breadcrumb","itemListElement":[{"@type":"ListItem","position":1,"name":"Accueil","item":"https:\/\/peoplesphere.be\/fr\/"},{"@type":"ListItem","position":2,"name":"Barom\u00e8tre FOOD : la Belgique parmi les meilleurs \u00e9l\u00e8ves europ\u00e9ens en termes d\u2019alimentation \u00e9quilibr\u00e9e sur le lieu de travail."}]},{"@type":"WebSite","@id":"https:\/\/peoplesphere.be\/fr\/#website","url":"https:\/\/peoplesphere.be\/fr\/","name":"Peoplesphere","description":"The People Managers Magazine","publisher":{"@id":"https:\/\/peoplesphere.be\/fr\/#organization"},"potentialAction":[{"@type":"SearchAction","target":{"@type":"EntryPoint","urlTemplate":"https:\/\/peoplesphere.be\/fr\/?s={search_term_string}"},"query-input":"required name=search_term_string"}],"inLanguage":"fr-FR"},{"@type":"Organization","@id":"https:\/\/peoplesphere.be\/fr\/#organization","name":"Peoplesphere Company srl","url":"https:\/\/peoplesphere.be\/fr\/","logo":{"@type":"ImageObject","inLanguage":"fr-FR","@id":"https:\/\/peoplesphere.be\/fr\/#\/schema\/logo\/image\/","url":"https:\/\/peoplesphere.be\/fr\/wp-content\/uploads\/2023\/07\/peoplesphere-lgo-new-generik.jpg","contentUrl":"https:\/\/peoplesphere.be\/fr\/wp-content\/uploads\/2023\/07\/peoplesphere-lgo-new-generik.jpg","width":1031,"height":1479,"caption":"Peoplesphere Company srl"},"image":{"@id":"https:\/\/peoplesphere.be\/fr\/#\/schema\/logo\/image\/"},"sameAs":["https:\/\/www.facebook.com\/peoplesphere","https:\/\/twitter.com\/PeoplesphereMag","https:\/\/www.linkedin.com\/company\/7587361?trk","http:\/\/youtube.com\/peoplesphere"]},{"@type":"Person","@id":"https:\/\/peoplesphere.be\/fr\/#\/schema\/person\/7976225ff17988604334abb7b3536a7e","name":"Jean-Paul Erhard","image":{"@type":"ImageObject","inLanguage":"fr-FR","@id":"https:\/\/peoplesphere.be\/fr\/#\/schema\/person\/image\/","url":"https:\/\/secure.gravatar.com\/avatar\/f941e681460179738071629a51574930?s=96&d=mm&r=g","contentUrl":"https:\/\/secure.gravatar.com\/avatar\/f941e681460179738071629a51574930?s=96&d=mm&r=g","caption":"Jean-Paul Erhard"},"url":"https:\/\/peoplesphere.be\/fr\/author\/jpe\/"}]}},"_links":{"self":[{"href":"https:\/\/peoplesphere.be\/fr\/wp-json\/wp\/v2\/posts\/8808"}],"collection":[{"href":"https:\/\/peoplesphere.be\/fr\/wp-json\/wp\/v2\/posts"}],"about":[{"href":"https:\/\/peoplesphere.be\/fr\/wp-json\/wp\/v2\/types\/post"}],"author":[{"embeddable":true,"href":"https:\/\/peoplesphere.be\/fr\/wp-json\/wp\/v2\/users\/2"}],"replies":[{"embeddable":true,"href":"https:\/\/peoplesphere.be\/fr\/wp-json\/wp\/v2\/comments?post=8808"}],"version-history":[{"count":1,"href":"https:\/\/peoplesphere.be\/fr\/wp-json\/wp\/v2\/posts\/8808\/revisions"}],"predecessor-version":[{"id":8810,"href":"https:\/\/peoplesphere.be\/fr\/wp-json\/wp\/v2\/posts\/8808\/revisions\/8810"}],"wp:featuredmedia":[{"embeddable":true,"href":"https:\/\/peoplesphere.be\/fr\/wp-json\/wp\/v2\/media\/8809"}],"wp:attachment":[{"href":"https:\/\/peoplesphere.be\/fr\/wp-json\/wp\/v2\/media?parent=8808"}],"wp:term":[{"taxonomy":"category","embeddable":true,"href":"https:\/\/peoplesphere.be\/fr\/wp-json\/wp\/v2\/categories?post=8808"},{"taxonomy":"post_tag","embeddable":true,"href":"https:\/\/peoplesphere.be\/fr\/wp-json\/wp\/v2\/tags?post=8808"}],"curies":[{"name":"wp","href":"https:\/\/api.w.org\/{rel}","templated":true}]}}