









{"id":8851,"date":"2020-01-02T10:00:48","date_gmt":"2020-01-02T08:00:48","guid":{"rendered":"https:\/\/peoplesphere.be\/fr\/?p=8851"},"modified":"2020-01-02T10:00:48","modified_gmt":"2020-01-02T08:00:48","slug":"requalification-auto-entrepreneurs-salaries-uber-ne-compte-accepter-decision-de-justice-americaine-jurisprudence","status":"publish","type":"post","link":"https:\/\/peoplesphere.be\/fr\/requalification-auto-entrepreneurs-salaries-uber-ne-compte-accepter-decision-de-justice-americaine-jurisprudence\/","title":{"rendered":"Requalification des auto-entrepreneurs en salari\u00e9s: Uber ne compte pas accepter la d\u00e9cision de justice am\u00e9ricaine et sa jurisprudence."},"content":{"rendered":"<p>Juste avant de passer aux festivit\u00e9s du r\u00e9veillon, Uber a entam\u00e9 une d\u00e9marche judiciaire l&rsquo;encontre de la Californie pour s&rsquo;opposer \u00e0 sa loi requalifiant les chauffeurs en salari\u00e9s. Le principal acteur du secteur des VTC et deux chauffeurs ont d\u00e9pos\u00e9 plainte contre la Californie lundi 30 d\u00e9cembre pour contester la loi ratifi\u00e9e par l&rsquo;Etat am\u00e9ricain en septembre, qui doit contraindre les plateformes de r\u00e9servation de voitures \u00e0 requalifier les conducteurs de VTC en salari\u00e9s. Dans l&rsquo;argumentation d&rsquo;Uber, c&rsquo;est la violation des droits constitutionnels dont la libert\u00e9 de travailler qui est invoqu\u00e9e par les plaignants.<!--more--><\/p>\n<p><em>\u00ab\u00a0Les plaignants (&#8230;) d\u00e9fendent leur libert\u00e9 fondamentale de travailler en tant que fournisseurs de service ind\u00e9pendants et en tant qu&rsquo;entreprises technologiques dans l&rsquo;\u00e9conomie \u00e0 la demande\u00a0\u00bb,<\/em> d\u00e9taillent-ils dans la plainte pour \u00ab\u00a0violation des droits constitutionnels\u00a0\u00bb, publi\u00e9e en ligne par la cha\u00eene CNBC.<\/p>\n<p>Cette loi vot\u00e9e par l&rsquo;\u00e9tat de Californie et requalifiant le statut des travailleurs ind\u00e9pendants, baptis\u00e9e AB5, doit entrer en vigueur le 1er janvier. Comme le reprend la plateforme Business Insider: <em>\u00ab\u00a0Elle doit permettre aux travailleurs jusque-l\u00e0 consid\u00e9r\u00e9s comme des sous-traitants de devenir des salari\u00e9s et de b\u00e9n\u00e9ficier de meilleures conditions sociales, comme le salaire minimum ou l&rsquo;assurance maladie. Uber avait pr\u00e9venu cet automne que la requalification ne serait pas automatique et qu&rsquo;il comptait s&rsquo;opposer \u00e0 tout changement de statut de ses conducteurs \u2014 qui lui co\u00fbterait plus cher en charges sociales. Dans la plainte, Uber et ses co-plaignants accusent la loi de cibler particuli\u00e8rement l&rsquo;\u00e9conomie des employ\u00e9s ind\u00e9pendants, tout en exemptant certaines professions, comme \u00ab\u00a0les repr\u00e9sentants de commerce, les chauffeurs de camion de construction ou les p\u00eacheurs commerciaux.\u00a0Certains travailleurs ne sont pas concern\u00e9s, comme les livreurs de lait, alors que d&rsquo;autres accomplissant des t\u00e2ches quasi identiques, comme de livrer des jus de fruits, sont concern\u00e9s\u00a0\u00bb, s&rsquo;indignent-ils. Uber et son rival am\u00e9ricain Lyft ont chacun mis 30 millions de dollars (26,7 millions d&rsquo;euros) de c\u00f4t\u00e9 pour organiser un vote populaire, comme l&rsquo;autorise la loi californienne, afin de remplacer cette loi par des compromis de droits sociaux qu&rsquo;ils ont pr\u00e9sent\u00e9s au gouverneur de l&rsquo;Etat.\u00a0\u00bb<\/em><\/p>\n<p>Quel impact pour l&rsquo;Europe? La situation y est similaire quant aux statuts des chauffeurs, \u00e9voluant en tant que travailleurs ind\u00e9pendants. A souligner cependant qu&rsquo;en France, ces derniers sont de plus en plus nombreux \u00e0 avoir entrepris des actions visant \u00e0 faire requalifier leur contrat de collaboration en contrat de travail. Force est de constater donc actuellement que les chauffeurs sont divis\u00e9s, <em>\u00ab\u00a0entre ceux qui voudraient b\u00e9n\u00e9ficier de la m\u00eame s\u00e9curit\u00e9 que les salari\u00e9s et ceux qui souhaitent travailler aux horaires de leur choix sans les contraintes d&rsquo;un emploi \u00e0 plein temps.\u00a0\u00bb<\/em><\/p>\n<p><em>Source: Business Insider &#8211; AFP<\/em><\/p>\n","protected":false},"excerpt":{"rendered":"<p>Juste avant de passer aux festivit\u00e9s du r\u00e9veillon, Uber a entam\u00e9 une d\u00e9marche judiciaire l&rsquo;encontre de la Californie pour s&rsquo;opposer \u00e0 sa loi requalifiant les chauffeurs en salari\u00e9s. Le principal acteur du secteur des VTC et deux chauffeurs ont d\u00e9pos\u00e9 [&hellip;]<\/p>\n","protected":false},"author":2,"featured_media":0,"comment_status":"closed","ping_status":"open","sticky":false,"template":"","format":"standard","meta":[],"categories":[65,10],"tags":[380,825,1040,727,277],"yoast_head":"<!-- This site is optimized with the Yoast SEO plugin v21.0 - https:\/\/yoast.com\/wordpress\/plugins\/seo\/ -->\n<title>Requalification des auto-entrepreneurs en salari\u00e9s: Uber ne compte pas accepter la d\u00e9cision de justice am\u00e9ricaine et sa jurisprudence. - Peoplesphere<\/title>\n<meta name=\"robots\" content=\"index, follow, max-snippet:-1, max-image-preview:large, max-video-preview:-1\" \/>\n<link rel=\"canonical\" href=\"https:\/\/peoplesphere.be\/fr\/requalification-auto-entrepreneurs-salaries-uber-ne-compte-accepter-decision-de-justice-americaine-jurisprudence\/\" \/>\n<meta property=\"og:locale\" content=\"fr_FR\" \/>\n<meta property=\"og:type\" content=\"article\" \/>\n<meta property=\"og:title\" content=\"Requalification des auto-entrepreneurs en salari\u00e9s: Uber ne compte pas accepter la d\u00e9cision de justice am\u00e9ricaine et sa jurisprudence. - Peoplesphere\" \/>\n<meta property=\"og:description\" content=\"Juste avant de passer aux festivit\u00e9s du r\u00e9veillon, Uber a entam\u00e9 une d\u00e9marche judiciaire l&rsquo;encontre de la Californie pour s&rsquo;opposer \u00e0 sa loi requalifiant les chauffeurs en salari\u00e9s. Le principal acteur du secteur des VTC et deux chauffeurs ont d\u00e9pos\u00e9 [&hellip;]\" \/>\n<meta property=\"og:url\" content=\"https:\/\/peoplesphere.be\/fr\/requalification-auto-entrepreneurs-salaries-uber-ne-compte-accepter-decision-de-justice-americaine-jurisprudence\/\" \/>\n<meta property=\"og:site_name\" content=\"Peoplesphere\" \/>\n<meta property=\"article:publisher\" content=\"https:\/\/www.facebook.com\/peoplesphere\" \/>\n<meta property=\"article:published_time\" content=\"2020-01-02T08:00:48+00:00\" \/>\n<meta property=\"og:image\" content=\"http:\/\/www.peoplesphere.be\/fr\/wp-content\/uploads\/2016\/07\/facebook-default-posting-1200x628px.jpg\" \/>\n<meta name=\"author\" content=\"Jean-Paul Erhard\" \/>\n<meta name=\"twitter:card\" content=\"summary_large_image\" \/>\n<meta name=\"twitter:creator\" content=\"@PeoplesphereMag\" \/>\n<meta name=\"twitter:site\" content=\"@PeoplesphereMag\" \/>\n<meta name=\"twitter:label1\" content=\"\u00c9crit par\" \/>\n\t<meta name=\"twitter:data1\" content=\"Jean-Paul Erhard\" \/>\n\t<meta name=\"twitter:label2\" content=\"Dur\u00e9e de lecture estim\u00e9e\" \/>\n\t<meta name=\"twitter:data2\" content=\"2 minutes\" \/>\n<script type=\"application\/ld+json\" class=\"yoast-schema-graph\">{\"@context\":\"https:\/\/schema.org\",\"@graph\":[{\"@type\":\"Article\",\"@id\":\"https:\/\/peoplesphere.be\/fr\/requalification-auto-entrepreneurs-salaries-uber-ne-compte-accepter-decision-de-justice-americaine-jurisprudence\/#article\",\"isPartOf\":{\"@id\":\"https:\/\/peoplesphere.be\/fr\/requalification-auto-entrepreneurs-salaries-uber-ne-compte-accepter-decision-de-justice-americaine-jurisprudence\/\"},\"author\":{\"name\":\"Jean-Paul Erhard\",\"@id\":\"https:\/\/peoplesphere.be\/fr\/#\/schema\/person\/7976225ff17988604334abb7b3536a7e\"},\"headline\":\"Requalification des auto-entrepreneurs en salari\u00e9s: Uber ne compte pas accepter la d\u00e9cision de justice am\u00e9ricaine et sa jurisprudence.\",\"datePublished\":\"2020-01-02T08:00:48+00:00\",\"dateModified\":\"2020-01-02T08:00:48+00:00\",\"mainEntityOfPage\":{\"@id\":\"https:\/\/peoplesphere.be\/fr\/requalification-auto-entrepreneurs-salaries-uber-ne-compte-accepter-decision-de-justice-americaine-jurisprudence\/\"},\"wordCount\":492,\"publisher\":{\"@id\":\"https:\/\/peoplesphere.be\/fr\/#organization\"},\"keywords\":[\"contrat de travail\",\"\u00e9conomie collaborative\",\"statut\",\"travailleur ind\u00e9pendant\",\"uber\"],\"articleSection\":[\"Actualit\u00e9s\",\"Digital\"],\"inLanguage\":\"fr-FR\"},{\"@type\":\"WebPage\",\"@id\":\"https:\/\/peoplesphere.be\/fr\/requalification-auto-entrepreneurs-salaries-uber-ne-compte-accepter-decision-de-justice-americaine-jurisprudence\/\",\"url\":\"https:\/\/peoplesphere.be\/fr\/requalification-auto-entrepreneurs-salaries-uber-ne-compte-accepter-decision-de-justice-americaine-jurisprudence\/\",\"name\":\"Requalification des auto-entrepreneurs en salari\u00e9s: Uber ne compte pas accepter la d\u00e9cision de justice am\u00e9ricaine et sa jurisprudence. - Peoplesphere\",\"isPartOf\":{\"@id\":\"https:\/\/peoplesphere.be\/fr\/#website\"},\"datePublished\":\"2020-01-02T08:00:48+00:00\",\"dateModified\":\"2020-01-02T08:00:48+00:00\",\"breadcrumb\":{\"@id\":\"https:\/\/peoplesphere.be\/fr\/requalification-auto-entrepreneurs-salaries-uber-ne-compte-accepter-decision-de-justice-americaine-jurisprudence\/#breadcrumb\"},\"inLanguage\":\"fr-FR\",\"potentialAction\":[{\"@type\":\"ReadAction\",\"target\":[\"https:\/\/peoplesphere.be\/fr\/requalification-auto-entrepreneurs-salaries-uber-ne-compte-accepter-decision-de-justice-americaine-jurisprudence\/\"]}]},{\"@type\":\"BreadcrumbList\",\"@id\":\"https:\/\/peoplesphere.be\/fr\/requalification-auto-entrepreneurs-salaries-uber-ne-compte-accepter-decision-de-justice-americaine-jurisprudence\/#breadcrumb\",\"itemListElement\":[{\"@type\":\"ListItem\",\"position\":1,\"name\":\"Accueil\",\"item\":\"https:\/\/peoplesphere.be\/fr\/\"},{\"@type\":\"ListItem\",\"position\":2,\"name\":\"Requalification des auto-entrepreneurs en salari\u00e9s: Uber ne compte pas accepter la d\u00e9cision de justice am\u00e9ricaine et sa jurisprudence.\"}]},{\"@type\":\"WebSite\",\"@id\":\"https:\/\/peoplesphere.be\/fr\/#website\",\"url\":\"https:\/\/peoplesphere.be\/fr\/\",\"name\":\"Peoplesphere\",\"description\":\"The People Managers Magazine\",\"publisher\":{\"@id\":\"https:\/\/peoplesphere.be\/fr\/#organization\"},\"potentialAction\":[{\"@type\":\"SearchAction\",\"target\":{\"@type\":\"EntryPoint\",\"urlTemplate\":\"https:\/\/peoplesphere.be\/fr\/?s={search_term_string}\"},\"query-input\":\"required name=search_term_string\"}],\"inLanguage\":\"fr-FR\"},{\"@type\":\"Organization\",\"@id\":\"https:\/\/peoplesphere.be\/fr\/#organization\",\"name\":\"Peoplesphere Company srl\",\"url\":\"https:\/\/peoplesphere.be\/fr\/\",\"logo\":{\"@type\":\"ImageObject\",\"inLanguage\":\"fr-FR\",\"@id\":\"https:\/\/peoplesphere.be\/fr\/#\/schema\/logo\/image\/\",\"url\":\"https:\/\/peoplesphere.be\/fr\/wp-content\/uploads\/2023\/07\/peoplesphere-lgo-new-generik.jpg\",\"contentUrl\":\"https:\/\/peoplesphere.be\/fr\/wp-content\/uploads\/2023\/07\/peoplesphere-lgo-new-generik.jpg\",\"width\":1031,\"height\":1479,\"caption\":\"Peoplesphere Company srl\"},\"image\":{\"@id\":\"https:\/\/peoplesphere.be\/fr\/#\/schema\/logo\/image\/\"},\"sameAs\":[\"https:\/\/www.facebook.com\/peoplesphere\",\"https:\/\/twitter.com\/PeoplesphereMag\",\"https:\/\/www.linkedin.com\/company\/7587361?trk\",\"http:\/\/youtube.com\/peoplesphere\"]},{\"@type\":\"Person\",\"@id\":\"https:\/\/peoplesphere.be\/fr\/#\/schema\/person\/7976225ff17988604334abb7b3536a7e\",\"name\":\"Jean-Paul Erhard\",\"image\":{\"@type\":\"ImageObject\",\"inLanguage\":\"fr-FR\",\"@id\":\"https:\/\/peoplesphere.be\/fr\/#\/schema\/person\/image\/\",\"url\":\"https:\/\/secure.gravatar.com\/avatar\/f941e681460179738071629a51574930?s=96&d=mm&r=g\",\"contentUrl\":\"https:\/\/secure.gravatar.com\/avatar\/f941e681460179738071629a51574930?s=96&d=mm&r=g\",\"caption\":\"Jean-Paul Erhard\"},\"url\":\"https:\/\/peoplesphere.be\/fr\/author\/jpe\/\"}]}<\/script>\n<!-- \/ Yoast SEO plugin. -->","yoast_head_json":{"title":"Requalification des auto-entrepreneurs en salari\u00e9s: Uber ne compte pas accepter la d\u00e9cision de justice am\u00e9ricaine et sa jurisprudence. - Peoplesphere","robots":{"index":"index","follow":"follow","max-snippet":"max-snippet:-1","max-image-preview":"max-image-preview:large","max-video-preview":"max-video-preview:-1"},"canonical":"https:\/\/peoplesphere.be\/fr\/requalification-auto-entrepreneurs-salaries-uber-ne-compte-accepter-decision-de-justice-americaine-jurisprudence\/","og_locale":"fr_FR","og_type":"article","og_title":"Requalification des auto-entrepreneurs en salari\u00e9s: Uber ne compte pas accepter la d\u00e9cision de justice am\u00e9ricaine et sa jurisprudence. - Peoplesphere","og_description":"Juste avant de passer aux festivit\u00e9s du r\u00e9veillon, Uber a entam\u00e9 une d\u00e9marche judiciaire l&rsquo;encontre de la Californie pour s&rsquo;opposer \u00e0 sa loi requalifiant les chauffeurs en salari\u00e9s. Le principal acteur du secteur des VTC et deux chauffeurs ont d\u00e9pos\u00e9 [&hellip;]","og_url":"https:\/\/peoplesphere.be\/fr\/requalification-auto-entrepreneurs-salaries-uber-ne-compte-accepter-decision-de-justice-americaine-jurisprudence\/","og_site_name":"Peoplesphere","article_publisher":"https:\/\/www.facebook.com\/peoplesphere","article_published_time":"2020-01-02T08:00:48+00:00","og_image":[{"url":"http:\/\/www.peoplesphere.be\/fr\/wp-content\/uploads\/2016\/07\/facebook-default-posting-1200x628px.jpg"}],"author":"Jean-Paul Erhard","twitter_card":"summary_large_image","twitter_creator":"@PeoplesphereMag","twitter_site":"@PeoplesphereMag","twitter_misc":{"\u00c9crit par":"Jean-Paul Erhard","Dur\u00e9e de lecture estim\u00e9e":"2 minutes"},"schema":{"@context":"https:\/\/schema.org","@graph":[{"@type":"Article","@id":"https:\/\/peoplesphere.be\/fr\/requalification-auto-entrepreneurs-salaries-uber-ne-compte-accepter-decision-de-justice-americaine-jurisprudence\/#article","isPartOf":{"@id":"https:\/\/peoplesphere.be\/fr\/requalification-auto-entrepreneurs-salaries-uber-ne-compte-accepter-decision-de-justice-americaine-jurisprudence\/"},"author":{"name":"Jean-Paul Erhard","@id":"https:\/\/peoplesphere.be\/fr\/#\/schema\/person\/7976225ff17988604334abb7b3536a7e"},"headline":"Requalification des auto-entrepreneurs en salari\u00e9s: Uber ne compte pas accepter la d\u00e9cision de justice am\u00e9ricaine et sa jurisprudence.","datePublished":"2020-01-02T08:00:48+00:00","dateModified":"2020-01-02T08:00:48+00:00","mainEntityOfPage":{"@id":"https:\/\/peoplesphere.be\/fr\/requalification-auto-entrepreneurs-salaries-uber-ne-compte-accepter-decision-de-justice-americaine-jurisprudence\/"},"wordCount":492,"publisher":{"@id":"https:\/\/peoplesphere.be\/fr\/#organization"},"keywords":["contrat de travail","\u00e9conomie collaborative","statut","travailleur ind\u00e9pendant","uber"],"articleSection":["Actualit\u00e9s","Digital"],"inLanguage":"fr-FR"},{"@type":"WebPage","@id":"https:\/\/peoplesphere.be\/fr\/requalification-auto-entrepreneurs-salaries-uber-ne-compte-accepter-decision-de-justice-americaine-jurisprudence\/","url":"https:\/\/peoplesphere.be\/fr\/requalification-auto-entrepreneurs-salaries-uber-ne-compte-accepter-decision-de-justice-americaine-jurisprudence\/","name":"Requalification des auto-entrepreneurs en salari\u00e9s: Uber ne compte pas accepter la d\u00e9cision de justice am\u00e9ricaine et sa jurisprudence. - Peoplesphere","isPartOf":{"@id":"https:\/\/peoplesphere.be\/fr\/#website"},"datePublished":"2020-01-02T08:00:48+00:00","dateModified":"2020-01-02T08:00:48+00:00","breadcrumb":{"@id":"https:\/\/peoplesphere.be\/fr\/requalification-auto-entrepreneurs-salaries-uber-ne-compte-accepter-decision-de-justice-americaine-jurisprudence\/#breadcrumb"},"inLanguage":"fr-FR","potentialAction":[{"@type":"ReadAction","target":["https:\/\/peoplesphere.be\/fr\/requalification-auto-entrepreneurs-salaries-uber-ne-compte-accepter-decision-de-justice-americaine-jurisprudence\/"]}]},{"@type":"BreadcrumbList","@id":"https:\/\/peoplesphere.be\/fr\/requalification-auto-entrepreneurs-salaries-uber-ne-compte-accepter-decision-de-justice-americaine-jurisprudence\/#breadcrumb","itemListElement":[{"@type":"ListItem","position":1,"name":"Accueil","item":"https:\/\/peoplesphere.be\/fr\/"},{"@type":"ListItem","position":2,"name":"Requalification des auto-entrepreneurs en salari\u00e9s: Uber ne compte pas accepter la d\u00e9cision de justice am\u00e9ricaine et sa jurisprudence."}]},{"@type":"WebSite","@id":"https:\/\/peoplesphere.be\/fr\/#website","url":"https:\/\/peoplesphere.be\/fr\/","name":"Peoplesphere","description":"The People Managers Magazine","publisher":{"@id":"https:\/\/peoplesphere.be\/fr\/#organization"},"potentialAction":[{"@type":"SearchAction","target":{"@type":"EntryPoint","urlTemplate":"https:\/\/peoplesphere.be\/fr\/?s={search_term_string}"},"query-input":"required name=search_term_string"}],"inLanguage":"fr-FR"},{"@type":"Organization","@id":"https:\/\/peoplesphere.be\/fr\/#organization","name":"Peoplesphere Company srl","url":"https:\/\/peoplesphere.be\/fr\/","logo":{"@type":"ImageObject","inLanguage":"fr-FR","@id":"https:\/\/peoplesphere.be\/fr\/#\/schema\/logo\/image\/","url":"https:\/\/peoplesphere.be\/fr\/wp-content\/uploads\/2023\/07\/peoplesphere-lgo-new-generik.jpg","contentUrl":"https:\/\/peoplesphere.be\/fr\/wp-content\/uploads\/2023\/07\/peoplesphere-lgo-new-generik.jpg","width":1031,"height":1479,"caption":"Peoplesphere Company srl"},"image":{"@id":"https:\/\/peoplesphere.be\/fr\/#\/schema\/logo\/image\/"},"sameAs":["https:\/\/www.facebook.com\/peoplesphere","https:\/\/twitter.com\/PeoplesphereMag","https:\/\/www.linkedin.com\/company\/7587361?trk","http:\/\/youtube.com\/peoplesphere"]},{"@type":"Person","@id":"https:\/\/peoplesphere.be\/fr\/#\/schema\/person\/7976225ff17988604334abb7b3536a7e","name":"Jean-Paul Erhard","image":{"@type":"ImageObject","inLanguage":"fr-FR","@id":"https:\/\/peoplesphere.be\/fr\/#\/schema\/person\/image\/","url":"https:\/\/secure.gravatar.com\/avatar\/f941e681460179738071629a51574930?s=96&d=mm&r=g","contentUrl":"https:\/\/secure.gravatar.com\/avatar\/f941e681460179738071629a51574930?s=96&d=mm&r=g","caption":"Jean-Paul Erhard"},"url":"https:\/\/peoplesphere.be\/fr\/author\/jpe\/"}]}},"_links":{"self":[{"href":"https:\/\/peoplesphere.be\/fr\/wp-json\/wp\/v2\/posts\/8851"}],"collection":[{"href":"https:\/\/peoplesphere.be\/fr\/wp-json\/wp\/v2\/posts"}],"about":[{"href":"https:\/\/peoplesphere.be\/fr\/wp-json\/wp\/v2\/types\/post"}],"author":[{"embeddable":true,"href":"https:\/\/peoplesphere.be\/fr\/wp-json\/wp\/v2\/users\/2"}],"replies":[{"embeddable":true,"href":"https:\/\/peoplesphere.be\/fr\/wp-json\/wp\/v2\/comments?post=8851"}],"version-history":[{"count":1,"href":"https:\/\/peoplesphere.be\/fr\/wp-json\/wp\/v2\/posts\/8851\/revisions"}],"predecessor-version":[{"id":8852,"href":"https:\/\/peoplesphere.be\/fr\/wp-json\/wp\/v2\/posts\/8851\/revisions\/8852"}],"wp:attachment":[{"href":"https:\/\/peoplesphere.be\/fr\/wp-json\/wp\/v2\/media?parent=8851"}],"wp:term":[{"taxonomy":"category","embeddable":true,"href":"https:\/\/peoplesphere.be\/fr\/wp-json\/wp\/v2\/categories?post=8851"},{"taxonomy":"post_tag","embeddable":true,"href":"https:\/\/peoplesphere.be\/fr\/wp-json\/wp\/v2\/tags?post=8851"}],"curies":[{"name":"wp","href":"https:\/\/api.w.org\/{rel}","templated":true}]}}