









{"id":8877,"date":"2020-01-09T09:21:28","date_gmt":"2020-01-09T07:21:28","guid":{"rendered":"https:\/\/peoplesphere.be\/fr\/?p=8877"},"modified":"2020-01-09T09:21:28","modified_gmt":"2020-01-09T07:21:28","slug":"transition-ecologique-vehicules-de-societe-diminution-nombre-de-voitures-diesel-ne-profite-a-lelectrique","status":"publish","type":"post","link":"https:\/\/peoplesphere.be\/fr\/transition-ecologique-vehicules-de-societe-diminution-nombre-de-voitures-diesel-ne-profite-a-lelectrique\/","title":{"rendered":"Transition \u00e9cologique et v\u00e9hicules de soci\u00e9t\u00e9: la diminution du nombre de voitures diesel ne profite pas (encore) \u00e0 l&rsquo;\u00e9lectrique."},"content":{"rendered":"<p>Aujourd\u2019hui, 1 voiture de soci\u00e9t\u00e9 sur 5 roule \u00e0 l\u2019essence. En cinq ans, le diesel a perdu son monopole sur le march\u00e9 des voitures de soci\u00e9t\u00e9, avec 17 % de v\u00e9hicules en moins sur 5 ans. Fait marquant : ce n\u2019est toujours pas au profit des v\u00e9hicules \u00e9lectriques. Malgr\u00e9 la croissance du nombre des voitures de soci\u00e9t\u00e9 \u00e9lectriques, celles-ci ne repr\u00e9sentent toujours que 0,6 % de l\u2019ensemble des voitures de soci\u00e9t\u00e9 circulant aujourd\u2019hui sur les routes belges. Les dirigeants d\u2019entreprise semblent lentement trouver la voie vers l\u2019alternative \u00e9lectrique (3 %). Pour que la voiture de soci\u00e9t\u00e9 \u00e9lectrique r\u00e9alise une perc\u00e9e, il faudra encore que le co\u00fbt de ces mod\u00e8les baisse et que l\u2019encadrement soit plus solide.<!--more--><\/p>\n<p>Selon l&rsquo;analyse men\u00e9e par le groupe Acerta, en 2014, les voitures de soci\u00e9t\u00e9 roulaient au diesel dans 96 % des cas. Entre-temps, en 2019, la voiture de soci\u00e9t\u00e9 diesel a recul\u00e9 de 17 % et sa part a chut\u00e9 \u00e0 un peu moins de 80 %. Ceci s\u2019est fait surtout au profit des voitures essence : alors qu\u2019elles ne repr\u00e9sentaient que 3,5 % des voitures de soci\u00e9t\u00e9 il y a 5 ans, 19 % des voitures de soci\u00e9t\u00e9 aujourd\u2019hui sont une version essence. Une quintuplation de la part des voitures de soci\u00e9t\u00e9 \u00e9lectriques ne repr\u00e9sente toujours que 0,6 % de l\u2019ensemble des voitures de soci\u00e9t\u00e9 circulant aujourd\u2019hui sur les routes belges.<\/p>\n<p><strong><em>3 % des dirigeants d\u2019entreprise roulent \u00e0 l\u2019\u00e9lectricit\u00e9.<\/em><\/strong><\/p>\n<p>Acerta a \u00e9galement examin\u00e9 s\u00e9par\u00e9ment les chiffres pour les dirigeants d&rsquo;entreprise et constate qu&rsquo;ils roulent un peu plus souvent avec une voiture de soci\u00e9t\u00e9 \u00e9lectrique : parmi les voitures de soci\u00e9t\u00e9 pour dirigeants d&rsquo;entreprise, 3 % aujourd&rsquo;hui sont \u00e9lectriques. Cela repr\u00e9sente donc aussi seulement une petite part. En arrondissant, le rapport est de 2 sur 3 diesel et 1 sur 3 essence.<\/p>\n<p>Olivier Marcq, juriste chez Acerta : <em>\u00ab Pour comprendre la part limit\u00e9e de voitures de soci\u00e9t\u00e9 \u00e9lectriques, nous ne devons probablement pas aller beaucoup plus loin que le prix. Les voitures de soci\u00e9t\u00e9 sont g\u00e9n\u00e9ralement moyennes et cette cat\u00e9gorie de voitures \u00e9lectriques se situe toujours dans le segment co\u00fbteux. Elles ne constituent donc pas une option pour tout le monde. La perc\u00e9e de la voiture de soci\u00e9t\u00e9 \u00e9lectrique ne se fera que lorsque le segment interm\u00e9diaire annonc\u00e9 sera effectivement sur le march\u00e9. \u00bb<\/em><\/p>\n<p><strong><em>La nouvelle fiscalit\u00e9 est d\u00e9favorable au diesel et favorable \u00e0 l\u2019\u00e9lectricit\u00e9.<\/em><\/strong><\/p>\n<p>Laisser toutes les voitures de soci\u00e9t\u00e9 rouler \u00e0 l\u2019\u00e9lectricit\u00e9 repr\u00e9senterait de toute fa\u00e7on d\u2019autres d\u00e9fis que la demande. Pensez par exemple au fait que beaucoup plus de bornes de recharge seront n\u00e9cessaires, y compris chez les employeurs. Des accords devront \u00e9galement \u00eatre pris sur la fa\u00e7on de r\u00e9gler le chargement \u00e0 domicile. L\u2019encadrement de la voiture de soci\u00e9t\u00e9 \u00e9lectrique n\u2019est donc pas encore termin\u00e9. Mais la nouvelle fiscalit\u00e9 des voitures de soci\u00e9t\u00e9 pour 2020 associe d\u00e9j\u00e0 la d\u00e9ductibilit\u00e9 des frais de voiture de soci\u00e9t\u00e9 (voiture et carburant) aux \u00e9missions de CO2. Olivier Marcq: <em>\u00abPour une voiture de soci\u00e9t\u00e9 tr\u00e8s polluante, la d\u00e9ductibilit\u00e9 peut baisser jusqu\u2019\u00e0 40 %. L\u2019incitation fiscale pour la conduite \u00e9lectrique augmente donc encore.\u00bb<\/em><\/p>\n<p><em>Source: Acerta &#8211; Les donn\u00e9es recueillies se basent sur les donn\u00e9es salariales r\u00e9elles des travailleurs en service aupr\u00e8s de plus de 45.000 employeurs issus du secteur priv\u00e9, dont rel\u00e8vent aussi bien des PME que de grandes entreprises.<\/em><\/p>\n","protected":false},"excerpt":{"rendered":"<p>Aujourd\u2019hui, 1 voiture de soci\u00e9t\u00e9 sur 5 roule \u00e0 l\u2019essence. En cinq ans, le diesel a perdu son monopole sur le march\u00e9 des voitures de soci\u00e9t\u00e9, avec 17 % de v\u00e9hicules en moins sur 5 ans. Fait marquant : ce [&hellip;]<\/p>\n","protected":false},"author":2,"featured_media":0,"comment_status":"closed","ping_status":"open","sticky":false,"template":"","format":"standard","meta":[],"categories":[65,10],"tags":[271,98,615,136,2868],"yoast_head":"<!-- This site is optimized with the Yoast SEO plugin v21.0 - https:\/\/yoast.com\/wordpress\/plugins\/seo\/ -->\n<title>Transition \u00e9cologique et v\u00e9hicules de soci\u00e9t\u00e9: la diminution du nombre de voitures diesel ne profite pas (encore) \u00e0 l&#039;\u00e9lectrique. - Peoplesphere<\/title>\n<meta name=\"robots\" content=\"index, follow, max-snippet:-1, max-image-preview:large, max-video-preview:-1\" \/>\n<link rel=\"canonical\" href=\"https:\/\/peoplesphere.be\/fr\/transition-ecologique-vehicules-de-societe-diminution-nombre-de-voitures-diesel-ne-profite-a-lelectrique\/\" \/>\n<meta property=\"og:locale\" content=\"fr_FR\" \/>\n<meta property=\"og:type\" content=\"article\" \/>\n<meta property=\"og:title\" content=\"Transition \u00e9cologique et v\u00e9hicules de soci\u00e9t\u00e9: la diminution du nombre de voitures diesel ne profite pas (encore) \u00e0 l&#039;\u00e9lectrique. - Peoplesphere\" \/>\n<meta property=\"og:description\" content=\"Aujourd\u2019hui, 1 voiture de soci\u00e9t\u00e9 sur 5 roule \u00e0 l\u2019essence. En cinq ans, le diesel a perdu son monopole sur le march\u00e9 des voitures de soci\u00e9t\u00e9, avec 17 % de v\u00e9hicules en moins sur 5 ans. Fait marquant : ce [&hellip;]\" \/>\n<meta property=\"og:url\" content=\"https:\/\/peoplesphere.be\/fr\/transition-ecologique-vehicules-de-societe-diminution-nombre-de-voitures-diesel-ne-profite-a-lelectrique\/\" \/>\n<meta property=\"og:site_name\" content=\"Peoplesphere\" \/>\n<meta property=\"article:publisher\" content=\"https:\/\/www.facebook.com\/peoplesphere\" \/>\n<meta property=\"article:published_time\" content=\"2020-01-09T07:21:28+00:00\" \/>\n<meta property=\"og:image\" content=\"http:\/\/www.peoplesphere.be\/fr\/wp-content\/uploads\/2016\/07\/facebook-default-posting-1200x628px.jpg\" \/>\n<meta name=\"author\" content=\"Jean-Paul Erhard\" \/>\n<meta name=\"twitter:card\" content=\"summary_large_image\" \/>\n<meta name=\"twitter:creator\" content=\"@PeoplesphereMag\" \/>\n<meta name=\"twitter:site\" content=\"@PeoplesphereMag\" \/>\n<meta name=\"twitter:label1\" content=\"\u00c9crit par\" \/>\n\t<meta name=\"twitter:data1\" content=\"Jean-Paul Erhard\" \/>\n\t<meta name=\"twitter:label2\" content=\"Dur\u00e9e de lecture estim\u00e9e\" \/>\n\t<meta name=\"twitter:data2\" content=\"3 minutes\" \/>\n<script type=\"application\/ld+json\" class=\"yoast-schema-graph\">{\"@context\":\"https:\/\/schema.org\",\"@graph\":[{\"@type\":\"Article\",\"@id\":\"https:\/\/peoplesphere.be\/fr\/transition-ecologique-vehicules-de-societe-diminution-nombre-de-voitures-diesel-ne-profite-a-lelectrique\/#article\",\"isPartOf\":{\"@id\":\"https:\/\/peoplesphere.be\/fr\/transition-ecologique-vehicules-de-societe-diminution-nombre-de-voitures-diesel-ne-profite-a-lelectrique\/\"},\"author\":{\"name\":\"Jean-Paul Erhard\",\"@id\":\"https:\/\/peoplesphere.be\/fr\/#\/schema\/person\/7976225ff17988604334abb7b3536a7e\"},\"headline\":\"Transition \u00e9cologique et v\u00e9hicules de soci\u00e9t\u00e9: la diminution du nombre de voitures diesel ne profite pas (encore) \u00e0 l&rsquo;\u00e9lectrique.\",\"datePublished\":\"2020-01-09T07:21:28+00:00\",\"dateModified\":\"2020-01-09T07:21:28+00:00\",\"mainEntityOfPage\":{\"@id\":\"https:\/\/peoplesphere.be\/fr\/transition-ecologique-vehicules-de-societe-diminution-nombre-de-voitures-diesel-ne-profite-a-lelectrique\/\"},\"wordCount\":595,\"publisher\":{\"@id\":\"https:\/\/peoplesphere.be\/fr\/#organization\"},\"keywords\":[\"acerta\",\"fiscalit\u00e9\",\"fleet\",\"mobilit\u00e9\",\"v\u00e9hicules d'entreprise\"],\"articleSection\":[\"Actualit\u00e9s\",\"Digital\"],\"inLanguage\":\"fr-FR\"},{\"@type\":\"WebPage\",\"@id\":\"https:\/\/peoplesphere.be\/fr\/transition-ecologique-vehicules-de-societe-diminution-nombre-de-voitures-diesel-ne-profite-a-lelectrique\/\",\"url\":\"https:\/\/peoplesphere.be\/fr\/transition-ecologique-vehicules-de-societe-diminution-nombre-de-voitures-diesel-ne-profite-a-lelectrique\/\",\"name\":\"Transition \u00e9cologique et v\u00e9hicules de soci\u00e9t\u00e9: la diminution du nombre de voitures diesel ne profite pas (encore) \u00e0 l'\u00e9lectrique. - Peoplesphere\",\"isPartOf\":{\"@id\":\"https:\/\/peoplesphere.be\/fr\/#website\"},\"datePublished\":\"2020-01-09T07:21:28+00:00\",\"dateModified\":\"2020-01-09T07:21:28+00:00\",\"breadcrumb\":{\"@id\":\"https:\/\/peoplesphere.be\/fr\/transition-ecologique-vehicules-de-societe-diminution-nombre-de-voitures-diesel-ne-profite-a-lelectrique\/#breadcrumb\"},\"inLanguage\":\"fr-FR\",\"potentialAction\":[{\"@type\":\"ReadAction\",\"target\":[\"https:\/\/peoplesphere.be\/fr\/transition-ecologique-vehicules-de-societe-diminution-nombre-de-voitures-diesel-ne-profite-a-lelectrique\/\"]}]},{\"@type\":\"BreadcrumbList\",\"@id\":\"https:\/\/peoplesphere.be\/fr\/transition-ecologique-vehicules-de-societe-diminution-nombre-de-voitures-diesel-ne-profite-a-lelectrique\/#breadcrumb\",\"itemListElement\":[{\"@type\":\"ListItem\",\"position\":1,\"name\":\"Accueil\",\"item\":\"https:\/\/peoplesphere.be\/fr\/\"},{\"@type\":\"ListItem\",\"position\":2,\"name\":\"Transition \u00e9cologique et v\u00e9hicules de soci\u00e9t\u00e9: la diminution du nombre de voitures diesel ne profite pas (encore) \u00e0 l&rsquo;\u00e9lectrique.\"}]},{\"@type\":\"WebSite\",\"@id\":\"https:\/\/peoplesphere.be\/fr\/#website\",\"url\":\"https:\/\/peoplesphere.be\/fr\/\",\"name\":\"Peoplesphere\",\"description\":\"The People Managers Magazine\",\"publisher\":{\"@id\":\"https:\/\/peoplesphere.be\/fr\/#organization\"},\"potentialAction\":[{\"@type\":\"SearchAction\",\"target\":{\"@type\":\"EntryPoint\",\"urlTemplate\":\"https:\/\/peoplesphere.be\/fr\/?s={search_term_string}\"},\"query-input\":\"required name=search_term_string\"}],\"inLanguage\":\"fr-FR\"},{\"@type\":\"Organization\",\"@id\":\"https:\/\/peoplesphere.be\/fr\/#organization\",\"name\":\"Peoplesphere Company srl\",\"url\":\"https:\/\/peoplesphere.be\/fr\/\",\"logo\":{\"@type\":\"ImageObject\",\"inLanguage\":\"fr-FR\",\"@id\":\"https:\/\/peoplesphere.be\/fr\/#\/schema\/logo\/image\/\",\"url\":\"https:\/\/peoplesphere.be\/fr\/wp-content\/uploads\/2023\/07\/peoplesphere-lgo-new-generik.jpg\",\"contentUrl\":\"https:\/\/peoplesphere.be\/fr\/wp-content\/uploads\/2023\/07\/peoplesphere-lgo-new-generik.jpg\",\"width\":1031,\"height\":1479,\"caption\":\"Peoplesphere Company srl\"},\"image\":{\"@id\":\"https:\/\/peoplesphere.be\/fr\/#\/schema\/logo\/image\/\"},\"sameAs\":[\"https:\/\/www.facebook.com\/peoplesphere\",\"https:\/\/twitter.com\/PeoplesphereMag\",\"https:\/\/www.linkedin.com\/company\/7587361?trk\",\"http:\/\/youtube.com\/peoplesphere\"]},{\"@type\":\"Person\",\"@id\":\"https:\/\/peoplesphere.be\/fr\/#\/schema\/person\/7976225ff17988604334abb7b3536a7e\",\"name\":\"Jean-Paul Erhard\",\"image\":{\"@type\":\"ImageObject\",\"inLanguage\":\"fr-FR\",\"@id\":\"https:\/\/peoplesphere.be\/fr\/#\/schema\/person\/image\/\",\"url\":\"https:\/\/secure.gravatar.com\/avatar\/f941e681460179738071629a51574930?s=96&d=mm&r=g\",\"contentUrl\":\"https:\/\/secure.gravatar.com\/avatar\/f941e681460179738071629a51574930?s=96&d=mm&r=g\",\"caption\":\"Jean-Paul Erhard\"},\"url\":\"https:\/\/peoplesphere.be\/fr\/author\/jpe\/\"}]}<\/script>\n<!-- \/ Yoast SEO plugin. -->","yoast_head_json":{"title":"Transition \u00e9cologique et v\u00e9hicules de soci\u00e9t\u00e9: la diminution du nombre de voitures diesel ne profite pas (encore) \u00e0 l'\u00e9lectrique. - Peoplesphere","robots":{"index":"index","follow":"follow","max-snippet":"max-snippet:-1","max-image-preview":"max-image-preview:large","max-video-preview":"max-video-preview:-1"},"canonical":"https:\/\/peoplesphere.be\/fr\/transition-ecologique-vehicules-de-societe-diminution-nombre-de-voitures-diesel-ne-profite-a-lelectrique\/","og_locale":"fr_FR","og_type":"article","og_title":"Transition \u00e9cologique et v\u00e9hicules de soci\u00e9t\u00e9: la diminution du nombre de voitures diesel ne profite pas (encore) \u00e0 l'\u00e9lectrique. - Peoplesphere","og_description":"Aujourd\u2019hui, 1 voiture de soci\u00e9t\u00e9 sur 5 roule \u00e0 l\u2019essence. En cinq ans, le diesel a perdu son monopole sur le march\u00e9 des voitures de soci\u00e9t\u00e9, avec 17 % de v\u00e9hicules en moins sur 5 ans. Fait marquant : ce [&hellip;]","og_url":"https:\/\/peoplesphere.be\/fr\/transition-ecologique-vehicules-de-societe-diminution-nombre-de-voitures-diesel-ne-profite-a-lelectrique\/","og_site_name":"Peoplesphere","article_publisher":"https:\/\/www.facebook.com\/peoplesphere","article_published_time":"2020-01-09T07:21:28+00:00","og_image":[{"url":"http:\/\/www.peoplesphere.be\/fr\/wp-content\/uploads\/2016\/07\/facebook-default-posting-1200x628px.jpg"}],"author":"Jean-Paul Erhard","twitter_card":"summary_large_image","twitter_creator":"@PeoplesphereMag","twitter_site":"@PeoplesphereMag","twitter_misc":{"\u00c9crit par":"Jean-Paul Erhard","Dur\u00e9e de lecture estim\u00e9e":"3 minutes"},"schema":{"@context":"https:\/\/schema.org","@graph":[{"@type":"Article","@id":"https:\/\/peoplesphere.be\/fr\/transition-ecologique-vehicules-de-societe-diminution-nombre-de-voitures-diesel-ne-profite-a-lelectrique\/#article","isPartOf":{"@id":"https:\/\/peoplesphere.be\/fr\/transition-ecologique-vehicules-de-societe-diminution-nombre-de-voitures-diesel-ne-profite-a-lelectrique\/"},"author":{"name":"Jean-Paul Erhard","@id":"https:\/\/peoplesphere.be\/fr\/#\/schema\/person\/7976225ff17988604334abb7b3536a7e"},"headline":"Transition \u00e9cologique et v\u00e9hicules de soci\u00e9t\u00e9: la diminution du nombre de voitures diesel ne profite pas (encore) \u00e0 l&rsquo;\u00e9lectrique.","datePublished":"2020-01-09T07:21:28+00:00","dateModified":"2020-01-09T07:21:28+00:00","mainEntityOfPage":{"@id":"https:\/\/peoplesphere.be\/fr\/transition-ecologique-vehicules-de-societe-diminution-nombre-de-voitures-diesel-ne-profite-a-lelectrique\/"},"wordCount":595,"publisher":{"@id":"https:\/\/peoplesphere.be\/fr\/#organization"},"keywords":["acerta","fiscalit\u00e9","fleet","mobilit\u00e9","v\u00e9hicules d'entreprise"],"articleSection":["Actualit\u00e9s","Digital"],"inLanguage":"fr-FR"},{"@type":"WebPage","@id":"https:\/\/peoplesphere.be\/fr\/transition-ecologique-vehicules-de-societe-diminution-nombre-de-voitures-diesel-ne-profite-a-lelectrique\/","url":"https:\/\/peoplesphere.be\/fr\/transition-ecologique-vehicules-de-societe-diminution-nombre-de-voitures-diesel-ne-profite-a-lelectrique\/","name":"Transition \u00e9cologique et v\u00e9hicules de soci\u00e9t\u00e9: la diminution du nombre de voitures diesel ne profite pas (encore) \u00e0 l'\u00e9lectrique. - Peoplesphere","isPartOf":{"@id":"https:\/\/peoplesphere.be\/fr\/#website"},"datePublished":"2020-01-09T07:21:28+00:00","dateModified":"2020-01-09T07:21:28+00:00","breadcrumb":{"@id":"https:\/\/peoplesphere.be\/fr\/transition-ecologique-vehicules-de-societe-diminution-nombre-de-voitures-diesel-ne-profite-a-lelectrique\/#breadcrumb"},"inLanguage":"fr-FR","potentialAction":[{"@type":"ReadAction","target":["https:\/\/peoplesphere.be\/fr\/transition-ecologique-vehicules-de-societe-diminution-nombre-de-voitures-diesel-ne-profite-a-lelectrique\/"]}]},{"@type":"BreadcrumbList","@id":"https:\/\/peoplesphere.be\/fr\/transition-ecologique-vehicules-de-societe-diminution-nombre-de-voitures-diesel-ne-profite-a-lelectrique\/#breadcrumb","itemListElement":[{"@type":"ListItem","position":1,"name":"Accueil","item":"https:\/\/peoplesphere.be\/fr\/"},{"@type":"ListItem","position":2,"name":"Transition \u00e9cologique et v\u00e9hicules de soci\u00e9t\u00e9: la diminution du nombre de voitures diesel ne profite pas (encore) \u00e0 l&rsquo;\u00e9lectrique."}]},{"@type":"WebSite","@id":"https:\/\/peoplesphere.be\/fr\/#website","url":"https:\/\/peoplesphere.be\/fr\/","name":"Peoplesphere","description":"The People Managers Magazine","publisher":{"@id":"https:\/\/peoplesphere.be\/fr\/#organization"},"potentialAction":[{"@type":"SearchAction","target":{"@type":"EntryPoint","urlTemplate":"https:\/\/peoplesphere.be\/fr\/?s={search_term_string}"},"query-input":"required name=search_term_string"}],"inLanguage":"fr-FR"},{"@type":"Organization","@id":"https:\/\/peoplesphere.be\/fr\/#organization","name":"Peoplesphere Company srl","url":"https:\/\/peoplesphere.be\/fr\/","logo":{"@type":"ImageObject","inLanguage":"fr-FR","@id":"https:\/\/peoplesphere.be\/fr\/#\/schema\/logo\/image\/","url":"https:\/\/peoplesphere.be\/fr\/wp-content\/uploads\/2023\/07\/peoplesphere-lgo-new-generik.jpg","contentUrl":"https:\/\/peoplesphere.be\/fr\/wp-content\/uploads\/2023\/07\/peoplesphere-lgo-new-generik.jpg","width":1031,"height":1479,"caption":"Peoplesphere Company srl"},"image":{"@id":"https:\/\/peoplesphere.be\/fr\/#\/schema\/logo\/image\/"},"sameAs":["https:\/\/www.facebook.com\/peoplesphere","https:\/\/twitter.com\/PeoplesphereMag","https:\/\/www.linkedin.com\/company\/7587361?trk","http:\/\/youtube.com\/peoplesphere"]},{"@type":"Person","@id":"https:\/\/peoplesphere.be\/fr\/#\/schema\/person\/7976225ff17988604334abb7b3536a7e","name":"Jean-Paul Erhard","image":{"@type":"ImageObject","inLanguage":"fr-FR","@id":"https:\/\/peoplesphere.be\/fr\/#\/schema\/person\/image\/","url":"https:\/\/secure.gravatar.com\/avatar\/f941e681460179738071629a51574930?s=96&d=mm&r=g","contentUrl":"https:\/\/secure.gravatar.com\/avatar\/f941e681460179738071629a51574930?s=96&d=mm&r=g","caption":"Jean-Paul Erhard"},"url":"https:\/\/peoplesphere.be\/fr\/author\/jpe\/"}]}},"_links":{"self":[{"href":"https:\/\/peoplesphere.be\/fr\/wp-json\/wp\/v2\/posts\/8877"}],"collection":[{"href":"https:\/\/peoplesphere.be\/fr\/wp-json\/wp\/v2\/posts"}],"about":[{"href":"https:\/\/peoplesphere.be\/fr\/wp-json\/wp\/v2\/types\/post"}],"author":[{"embeddable":true,"href":"https:\/\/peoplesphere.be\/fr\/wp-json\/wp\/v2\/users\/2"}],"replies":[{"embeddable":true,"href":"https:\/\/peoplesphere.be\/fr\/wp-json\/wp\/v2\/comments?post=8877"}],"version-history":[{"count":1,"href":"https:\/\/peoplesphere.be\/fr\/wp-json\/wp\/v2\/posts\/8877\/revisions"}],"predecessor-version":[{"id":8878,"href":"https:\/\/peoplesphere.be\/fr\/wp-json\/wp\/v2\/posts\/8877\/revisions\/8878"}],"wp:attachment":[{"href":"https:\/\/peoplesphere.be\/fr\/wp-json\/wp\/v2\/media?parent=8877"}],"wp:term":[{"taxonomy":"category","embeddable":true,"href":"https:\/\/peoplesphere.be\/fr\/wp-json\/wp\/v2\/categories?post=8877"},{"taxonomy":"post_tag","embeddable":true,"href":"https:\/\/peoplesphere.be\/fr\/wp-json\/wp\/v2\/tags?post=8877"}],"curies":[{"name":"wp","href":"https:\/\/api.w.org\/{rel}","templated":true}]}}