









{"id":8907,"date":"2020-01-15T19:44:23","date_gmt":"2020-01-15T17:44:23","guid":{"rendered":"https:\/\/peoplesphere.be\/fr\/?p=8907"},"modified":"2020-01-15T19:46:01","modified_gmt":"2020-01-15T17:46:01","slug":"droit-temps-necessaire-missions-syndicales-nest-illimite-necessaire-de-re-fixer-balises","status":"publish","type":"post","link":"https:\/\/peoplesphere.be\/fr\/droit-temps-necessaire-missions-syndicales-nest-illimite-necessaire-de-re-fixer-balises\/","title":{"rendered":"Le droit au temps n\u00e9cessaire pour les missions syndicales n&rsquo;est pas illimit\u00e9! Il est n\u00e9cessaire de (re-) fixer des balises."},"content":{"rendered":"<p>En vue des \u00e9lections sociales 2020 et de l\u2019installation des futurs organes de concertation, la FEB souhaite rappeler l\u2019importance de veiller au respect des principes convenus sur le plan interprofessionnel ainsi que la possibilit\u00e9 de fixer des r\u00e8gles au niveau de l\u2019entreprise.<!--more--><\/p>\n<p>Le droit au temps n\u00e9cessaire pour l\u2019exercice des missions syndicales n\u2019est pas illimit\u00e9, contrairement \u00e0 ce que certains repr\u00e9sentants soutiennent ou font croire. De commun accord entre partenaires sociaux, des balises ont \u00e9t\u00e9 fix\u00e9es dans la CCT n\u00b05 du 24 mai 1971 conclue au sein du CNT.\u00a0La FEB vient de mener une enqu\u00eate aupr\u00e8s de 300 entreprises. Les premiers constats viennent d&rsquo;\u00eatre partag\u00e9s.<\/p>\n<p><strong><em>1. Existent-ils des accords concrets?<\/em><\/strong><br \/>\n&#8211; Seules 58% des entreprises ont conclu des accords concrets au sujet du temps n\u00e9cessaire en ce qui concerne le conseil d&rsquo;entreprise.<br \/>\n&#8211; Pour le CPPT, on obtient un pourcentage similaire, \u00e0 savoir 54%.<br \/>\n&#8211; Pour ce qui est des d\u00e9l\u00e9gu\u00e9s syndicaux, il retombe \u00e0 31%.<\/p>\n<p><em><strong>2. L&rsquo;enregistrement du temps de travail n&rsquo;est pas suffisant.<\/strong><\/em><br \/>\n&#8211; Seuls 57% des r\u00e9pondants le font pour les membres du CE.<br \/>\n&#8211; 56% le font pour les membres du CPPT.<br \/>\n&#8211; 73% le font pour la d\u00e9l\u00e9gation syndicale des ouvriers.<br \/>\n&#8211; 69% le font pour la d\u00e9l\u00e9gation syndicale des employ\u00e9s.<\/p>\n<p><em><strong>3. R\u00f4le du dirigeant<\/strong><\/em><br \/>\nIl est frappant d\u2019apprendre que plus de la moiti\u00e9 des employeurs ont r\u00e9pondu que les managers ou dirigeants directs ne sont pas au courant des r\u00e8gles du jeu et qu&rsquo;ils n\u2019ont pas fourni d\u2019instructions ou de formations au sujet du recours aux facilit\u00e9s syndicales.<\/p>\n<p><em><strong>4. \u00c9lections sociales<\/strong><\/em><br \/>\n72% des organisations indiquent que tous les candidats \u2013 y compris ceux sans mandat actuel \u2013 pourront b\u00e9n\u00e9ficier du \u2018temps n\u00e9cessaire\u2019 pendant la campagne. Cela ne se fait sur la base d&rsquo;un accord concret que dans 22% des cas.<\/p>\n<p><em>Source: FEB &#8211; Centre de comp\u00e9tence Emploi &amp; S\u00e9curit\u00e9 Sociale<\/em><\/p>\n","protected":false},"excerpt":{"rendered":"<p>En vue des \u00e9lections sociales 2020 et de l\u2019installation des futurs organes de concertation, la FEB souhaite rappeler l\u2019importance de veiller au respect des principes convenus sur le plan interprofessionnel ainsi que la possibilit\u00e9 de fixer des r\u00e8gles au niveau [&hellip;]<\/p>\n","protected":false},"author":2,"featured_media":0,"comment_status":"closed","ping_status":"open","sticky":false,"template":"","format":"standard","meta":[],"categories":[65,10],"tags":[778,332,779,275,1207,2876,39],"yoast_head":"<!-- This site is optimized with the Yoast SEO plugin v21.0 - https:\/\/yoast.com\/wordpress\/plugins\/seo\/ -->\n<title>Le droit au temps n\u00e9cessaire pour les missions syndicales n&#039;est pas illimit\u00e9! Il est n\u00e9cessaire de (re-) fixer des balises. - Peoplesphere<\/title>\n<meta name=\"robots\" content=\"index, follow, max-snippet:-1, max-image-preview:large, max-video-preview:-1\" \/>\n<link rel=\"canonical\" href=\"https:\/\/peoplesphere.be\/fr\/droit-temps-necessaire-missions-syndicales-nest-illimite-necessaire-de-re-fixer-balises\/\" \/>\n<meta property=\"og:locale\" content=\"fr_FR\" \/>\n<meta property=\"og:type\" content=\"article\" \/>\n<meta property=\"og:title\" content=\"Le droit au temps n\u00e9cessaire pour les missions syndicales n&#039;est pas illimit\u00e9! Il est n\u00e9cessaire de (re-) fixer des balises. - Peoplesphere\" \/>\n<meta property=\"og:description\" content=\"En vue des \u00e9lections sociales 2020 et de l\u2019installation des futurs organes de concertation, la FEB souhaite rappeler l\u2019importance de veiller au respect des principes convenus sur le plan interprofessionnel ainsi que la possibilit\u00e9 de fixer des r\u00e8gles au niveau [&hellip;]\" \/>\n<meta property=\"og:url\" content=\"https:\/\/peoplesphere.be\/fr\/droit-temps-necessaire-missions-syndicales-nest-illimite-necessaire-de-re-fixer-balises\/\" \/>\n<meta property=\"og:site_name\" content=\"Peoplesphere\" \/>\n<meta property=\"article:publisher\" content=\"https:\/\/www.facebook.com\/peoplesphere\" \/>\n<meta property=\"article:published_time\" content=\"2020-01-15T17:44:23+00:00\" \/>\n<meta property=\"article:modified_time\" content=\"2020-01-15T17:46:01+00:00\" \/>\n<meta property=\"og:image\" content=\"http:\/\/www.peoplesphere.be\/fr\/wp-content\/uploads\/2016\/07\/facebook-default-posting-1200x628px.jpg\" \/>\n<meta name=\"author\" content=\"Jean-Paul Erhard\" \/>\n<meta name=\"twitter:card\" content=\"summary_large_image\" \/>\n<meta name=\"twitter:creator\" content=\"@PeoplesphereMag\" \/>\n<meta name=\"twitter:site\" content=\"@PeoplesphereMag\" \/>\n<meta name=\"twitter:label1\" content=\"\u00c9crit par\" \/>\n\t<meta name=\"twitter:data1\" content=\"Jean-Paul Erhard\" \/>\n\t<meta name=\"twitter:label2\" content=\"Dur\u00e9e de lecture estim\u00e9e\" \/>\n\t<meta name=\"twitter:data2\" content=\"2 minutes\" \/>\n<script type=\"application\/ld+json\" class=\"yoast-schema-graph\">{\"@context\":\"https:\/\/schema.org\",\"@graph\":[{\"@type\":\"Article\",\"@id\":\"https:\/\/peoplesphere.be\/fr\/droit-temps-necessaire-missions-syndicales-nest-illimite-necessaire-de-re-fixer-balises\/#article\",\"isPartOf\":{\"@id\":\"https:\/\/peoplesphere.be\/fr\/droit-temps-necessaire-missions-syndicales-nest-illimite-necessaire-de-re-fixer-balises\/\"},\"author\":{\"name\":\"Jean-Paul Erhard\",\"@id\":\"https:\/\/peoplesphere.be\/fr\/#\/schema\/person\/7976225ff17988604334abb7b3536a7e\"},\"headline\":\"Le droit au temps n\u00e9cessaire pour les missions syndicales n&rsquo;est pas illimit\u00e9! Il est n\u00e9cessaire de (re-) fixer des balises.\",\"datePublished\":\"2020-01-15T17:44:23+00:00\",\"dateModified\":\"2020-01-15T17:46:01+00:00\",\"mainEntityOfPage\":{\"@id\":\"https:\/\/peoplesphere.be\/fr\/droit-temps-necessaire-missions-syndicales-nest-illimite-necessaire-de-re-fixer-balises\/\"},\"wordCount\":342,\"publisher\":{\"@id\":\"https:\/\/peoplesphere.be\/fr\/#organization\"},\"keywords\":[\"CE\",\"concertation sociale\",\"CPPT\",\"\u00e9lections sociales\",\"FEB\",\"missions syndicales\",\"temps de travail\"],\"articleSection\":[\"Actualit\u00e9s\",\"Digital\"],\"inLanguage\":\"fr-FR\"},{\"@type\":\"WebPage\",\"@id\":\"https:\/\/peoplesphere.be\/fr\/droit-temps-necessaire-missions-syndicales-nest-illimite-necessaire-de-re-fixer-balises\/\",\"url\":\"https:\/\/peoplesphere.be\/fr\/droit-temps-necessaire-missions-syndicales-nest-illimite-necessaire-de-re-fixer-balises\/\",\"name\":\"Le droit au temps n\u00e9cessaire pour les missions syndicales n'est pas illimit\u00e9! Il est n\u00e9cessaire de (re-) fixer des balises. - Peoplesphere\",\"isPartOf\":{\"@id\":\"https:\/\/peoplesphere.be\/fr\/#website\"},\"datePublished\":\"2020-01-15T17:44:23+00:00\",\"dateModified\":\"2020-01-15T17:46:01+00:00\",\"breadcrumb\":{\"@id\":\"https:\/\/peoplesphere.be\/fr\/droit-temps-necessaire-missions-syndicales-nest-illimite-necessaire-de-re-fixer-balises\/#breadcrumb\"},\"inLanguage\":\"fr-FR\",\"potentialAction\":[{\"@type\":\"ReadAction\",\"target\":[\"https:\/\/peoplesphere.be\/fr\/droit-temps-necessaire-missions-syndicales-nest-illimite-necessaire-de-re-fixer-balises\/\"]}]},{\"@type\":\"BreadcrumbList\",\"@id\":\"https:\/\/peoplesphere.be\/fr\/droit-temps-necessaire-missions-syndicales-nest-illimite-necessaire-de-re-fixer-balises\/#breadcrumb\",\"itemListElement\":[{\"@type\":\"ListItem\",\"position\":1,\"name\":\"Accueil\",\"item\":\"https:\/\/peoplesphere.be\/fr\/\"},{\"@type\":\"ListItem\",\"position\":2,\"name\":\"Le droit au temps n\u00e9cessaire pour les missions syndicales n&rsquo;est pas illimit\u00e9! Il est n\u00e9cessaire de (re-) fixer des balises.\"}]},{\"@type\":\"WebSite\",\"@id\":\"https:\/\/peoplesphere.be\/fr\/#website\",\"url\":\"https:\/\/peoplesphere.be\/fr\/\",\"name\":\"Peoplesphere\",\"description\":\"The People Managers Magazine\",\"publisher\":{\"@id\":\"https:\/\/peoplesphere.be\/fr\/#organization\"},\"potentialAction\":[{\"@type\":\"SearchAction\",\"target\":{\"@type\":\"EntryPoint\",\"urlTemplate\":\"https:\/\/peoplesphere.be\/fr\/?s={search_term_string}\"},\"query-input\":\"required name=search_term_string\"}],\"inLanguage\":\"fr-FR\"},{\"@type\":\"Organization\",\"@id\":\"https:\/\/peoplesphere.be\/fr\/#organization\",\"name\":\"Peoplesphere Company srl\",\"url\":\"https:\/\/peoplesphere.be\/fr\/\",\"logo\":{\"@type\":\"ImageObject\",\"inLanguage\":\"fr-FR\",\"@id\":\"https:\/\/peoplesphere.be\/fr\/#\/schema\/logo\/image\/\",\"url\":\"https:\/\/peoplesphere.be\/fr\/wp-content\/uploads\/2023\/07\/peoplesphere-lgo-new-generik.jpg\",\"contentUrl\":\"https:\/\/peoplesphere.be\/fr\/wp-content\/uploads\/2023\/07\/peoplesphere-lgo-new-generik.jpg\",\"width\":1031,\"height\":1479,\"caption\":\"Peoplesphere Company srl\"},\"image\":{\"@id\":\"https:\/\/peoplesphere.be\/fr\/#\/schema\/logo\/image\/\"},\"sameAs\":[\"https:\/\/www.facebook.com\/peoplesphere\",\"https:\/\/twitter.com\/PeoplesphereMag\",\"https:\/\/www.linkedin.com\/company\/7587361?trk\",\"http:\/\/youtube.com\/peoplesphere\"]},{\"@type\":\"Person\",\"@id\":\"https:\/\/peoplesphere.be\/fr\/#\/schema\/person\/7976225ff17988604334abb7b3536a7e\",\"name\":\"Jean-Paul Erhard\",\"image\":{\"@type\":\"ImageObject\",\"inLanguage\":\"fr-FR\",\"@id\":\"https:\/\/peoplesphere.be\/fr\/#\/schema\/person\/image\/\",\"url\":\"https:\/\/secure.gravatar.com\/avatar\/f941e681460179738071629a51574930?s=96&d=mm&r=g\",\"contentUrl\":\"https:\/\/secure.gravatar.com\/avatar\/f941e681460179738071629a51574930?s=96&d=mm&r=g\",\"caption\":\"Jean-Paul Erhard\"},\"url\":\"https:\/\/peoplesphere.be\/fr\/author\/jpe\/\"}]}<\/script>\n<!-- \/ Yoast SEO plugin. -->","yoast_head_json":{"title":"Le droit au temps n\u00e9cessaire pour les missions syndicales n'est pas illimit\u00e9! Il est n\u00e9cessaire de (re-) fixer des balises. - Peoplesphere","robots":{"index":"index","follow":"follow","max-snippet":"max-snippet:-1","max-image-preview":"max-image-preview:large","max-video-preview":"max-video-preview:-1"},"canonical":"https:\/\/peoplesphere.be\/fr\/droit-temps-necessaire-missions-syndicales-nest-illimite-necessaire-de-re-fixer-balises\/","og_locale":"fr_FR","og_type":"article","og_title":"Le droit au temps n\u00e9cessaire pour les missions syndicales n'est pas illimit\u00e9! Il est n\u00e9cessaire de (re-) fixer des balises. - Peoplesphere","og_description":"En vue des \u00e9lections sociales 2020 et de l\u2019installation des futurs organes de concertation, la FEB souhaite rappeler l\u2019importance de veiller au respect des principes convenus sur le plan interprofessionnel ainsi que la possibilit\u00e9 de fixer des r\u00e8gles au niveau [&hellip;]","og_url":"https:\/\/peoplesphere.be\/fr\/droit-temps-necessaire-missions-syndicales-nest-illimite-necessaire-de-re-fixer-balises\/","og_site_name":"Peoplesphere","article_publisher":"https:\/\/www.facebook.com\/peoplesphere","article_published_time":"2020-01-15T17:44:23+00:00","article_modified_time":"2020-01-15T17:46:01+00:00","og_image":[{"url":"http:\/\/www.peoplesphere.be\/fr\/wp-content\/uploads\/2016\/07\/facebook-default-posting-1200x628px.jpg"}],"author":"Jean-Paul Erhard","twitter_card":"summary_large_image","twitter_creator":"@PeoplesphereMag","twitter_site":"@PeoplesphereMag","twitter_misc":{"\u00c9crit par":"Jean-Paul Erhard","Dur\u00e9e de lecture estim\u00e9e":"2 minutes"},"schema":{"@context":"https:\/\/schema.org","@graph":[{"@type":"Article","@id":"https:\/\/peoplesphere.be\/fr\/droit-temps-necessaire-missions-syndicales-nest-illimite-necessaire-de-re-fixer-balises\/#article","isPartOf":{"@id":"https:\/\/peoplesphere.be\/fr\/droit-temps-necessaire-missions-syndicales-nest-illimite-necessaire-de-re-fixer-balises\/"},"author":{"name":"Jean-Paul Erhard","@id":"https:\/\/peoplesphere.be\/fr\/#\/schema\/person\/7976225ff17988604334abb7b3536a7e"},"headline":"Le droit au temps n\u00e9cessaire pour les missions syndicales n&rsquo;est pas illimit\u00e9! Il est n\u00e9cessaire de (re-) fixer des balises.","datePublished":"2020-01-15T17:44:23+00:00","dateModified":"2020-01-15T17:46:01+00:00","mainEntityOfPage":{"@id":"https:\/\/peoplesphere.be\/fr\/droit-temps-necessaire-missions-syndicales-nest-illimite-necessaire-de-re-fixer-balises\/"},"wordCount":342,"publisher":{"@id":"https:\/\/peoplesphere.be\/fr\/#organization"},"keywords":["CE","concertation sociale","CPPT","\u00e9lections sociales","FEB","missions syndicales","temps de travail"],"articleSection":["Actualit\u00e9s","Digital"],"inLanguage":"fr-FR"},{"@type":"WebPage","@id":"https:\/\/peoplesphere.be\/fr\/droit-temps-necessaire-missions-syndicales-nest-illimite-necessaire-de-re-fixer-balises\/","url":"https:\/\/peoplesphere.be\/fr\/droit-temps-necessaire-missions-syndicales-nest-illimite-necessaire-de-re-fixer-balises\/","name":"Le droit au temps n\u00e9cessaire pour les missions syndicales n'est pas illimit\u00e9! Il est n\u00e9cessaire de (re-) fixer des balises. - Peoplesphere","isPartOf":{"@id":"https:\/\/peoplesphere.be\/fr\/#website"},"datePublished":"2020-01-15T17:44:23+00:00","dateModified":"2020-01-15T17:46:01+00:00","breadcrumb":{"@id":"https:\/\/peoplesphere.be\/fr\/droit-temps-necessaire-missions-syndicales-nest-illimite-necessaire-de-re-fixer-balises\/#breadcrumb"},"inLanguage":"fr-FR","potentialAction":[{"@type":"ReadAction","target":["https:\/\/peoplesphere.be\/fr\/droit-temps-necessaire-missions-syndicales-nest-illimite-necessaire-de-re-fixer-balises\/"]}]},{"@type":"BreadcrumbList","@id":"https:\/\/peoplesphere.be\/fr\/droit-temps-necessaire-missions-syndicales-nest-illimite-necessaire-de-re-fixer-balises\/#breadcrumb","itemListElement":[{"@type":"ListItem","position":1,"name":"Accueil","item":"https:\/\/peoplesphere.be\/fr\/"},{"@type":"ListItem","position":2,"name":"Le droit au temps n\u00e9cessaire pour les missions syndicales n&rsquo;est pas illimit\u00e9! Il est n\u00e9cessaire de (re-) fixer des balises."}]},{"@type":"WebSite","@id":"https:\/\/peoplesphere.be\/fr\/#website","url":"https:\/\/peoplesphere.be\/fr\/","name":"Peoplesphere","description":"The People Managers Magazine","publisher":{"@id":"https:\/\/peoplesphere.be\/fr\/#organization"},"potentialAction":[{"@type":"SearchAction","target":{"@type":"EntryPoint","urlTemplate":"https:\/\/peoplesphere.be\/fr\/?s={search_term_string}"},"query-input":"required name=search_term_string"}],"inLanguage":"fr-FR"},{"@type":"Organization","@id":"https:\/\/peoplesphere.be\/fr\/#organization","name":"Peoplesphere Company srl","url":"https:\/\/peoplesphere.be\/fr\/","logo":{"@type":"ImageObject","inLanguage":"fr-FR","@id":"https:\/\/peoplesphere.be\/fr\/#\/schema\/logo\/image\/","url":"https:\/\/peoplesphere.be\/fr\/wp-content\/uploads\/2023\/07\/peoplesphere-lgo-new-generik.jpg","contentUrl":"https:\/\/peoplesphere.be\/fr\/wp-content\/uploads\/2023\/07\/peoplesphere-lgo-new-generik.jpg","width":1031,"height":1479,"caption":"Peoplesphere Company srl"},"image":{"@id":"https:\/\/peoplesphere.be\/fr\/#\/schema\/logo\/image\/"},"sameAs":["https:\/\/www.facebook.com\/peoplesphere","https:\/\/twitter.com\/PeoplesphereMag","https:\/\/www.linkedin.com\/company\/7587361?trk","http:\/\/youtube.com\/peoplesphere"]},{"@type":"Person","@id":"https:\/\/peoplesphere.be\/fr\/#\/schema\/person\/7976225ff17988604334abb7b3536a7e","name":"Jean-Paul Erhard","image":{"@type":"ImageObject","inLanguage":"fr-FR","@id":"https:\/\/peoplesphere.be\/fr\/#\/schema\/person\/image\/","url":"https:\/\/secure.gravatar.com\/avatar\/f941e681460179738071629a51574930?s=96&d=mm&r=g","contentUrl":"https:\/\/secure.gravatar.com\/avatar\/f941e681460179738071629a51574930?s=96&d=mm&r=g","caption":"Jean-Paul Erhard"},"url":"https:\/\/peoplesphere.be\/fr\/author\/jpe\/"}]}},"_links":{"self":[{"href":"https:\/\/peoplesphere.be\/fr\/wp-json\/wp\/v2\/posts\/8907"}],"collection":[{"href":"https:\/\/peoplesphere.be\/fr\/wp-json\/wp\/v2\/posts"}],"about":[{"href":"https:\/\/peoplesphere.be\/fr\/wp-json\/wp\/v2\/types\/post"}],"author":[{"embeddable":true,"href":"https:\/\/peoplesphere.be\/fr\/wp-json\/wp\/v2\/users\/2"}],"replies":[{"embeddable":true,"href":"https:\/\/peoplesphere.be\/fr\/wp-json\/wp\/v2\/comments?post=8907"}],"version-history":[{"count":2,"href":"https:\/\/peoplesphere.be\/fr\/wp-json\/wp\/v2\/posts\/8907\/revisions"}],"predecessor-version":[{"id":8909,"href":"https:\/\/peoplesphere.be\/fr\/wp-json\/wp\/v2\/posts\/8907\/revisions\/8909"}],"wp:attachment":[{"href":"https:\/\/peoplesphere.be\/fr\/wp-json\/wp\/v2\/media?parent=8907"}],"wp:term":[{"taxonomy":"category","embeddable":true,"href":"https:\/\/peoplesphere.be\/fr\/wp-json\/wp\/v2\/categories?post=8907"},{"taxonomy":"post_tag","embeddable":true,"href":"https:\/\/peoplesphere.be\/fr\/wp-json\/wp\/v2\/tags?post=8907"}],"curies":[{"name":"wp","href":"https:\/\/api.w.org\/{rel}","templated":true}]}}