









{"id":8911,"date":"2020-01-17T09:36:16","date_gmt":"2020-01-17T07:36:16","guid":{"rendered":"https:\/\/peoplesphere.be\/fr\/?p=8911"},"modified":"2020-01-17T09:36:16","modified_gmt":"2020-01-17T07:36:16","slug":"2018-bruxelles-a-perdu-plus-de-650-entreprises-ont-decide-de-sinstaller-flandre-wallonie","status":"publish","type":"post","link":"https:\/\/peoplesphere.be\/fr\/2018-bruxelles-a-perdu-plus-de-650-entreprises-ont-decide-de-sinstaller-flandre-wallonie\/","title":{"rendered":"En 2018, Bruxelles a &lsquo;perdu&rsquo; plus de 650 entreprises qui ont d\u00e9cid\u00e9 de s&rsquo;installer en Flandre et en Wallonie."},"content":{"rendered":"<p>Les flux migratoires concernent les entreprises aussi! L&rsquo;Office Belge de statistiques s&rsquo;est pench\u00e9 sur les mouvements entre r\u00e9gions en Belgique. Constat premier: Bruxelles affiche un solde n\u00e9gatif vis-\u00e0-vis des r\u00e9gions. L&rsquo;impact de cette foutue (im)mobilit\u00e9 sans doute?<!--more--><\/p>\n<p>En 2018, 1.637 entreprises Bruxelloises ont d\u00e9m\u00e9nag\u00e9 vers la Flandre. Cela repr\u00e9sente le flux migratoire le plus important : il est de 410 unit\u00e9s sup\u00e9rieur au nombre de migrations d&rsquo;entreprises localis\u00e9es en Flandre qui s&rsquo;implantent \u00e0 Bruxelles (1.227).<\/p>\n<p>Les flux migratoires entre Bruxelles et la Wallonie sont moins importants, mais \u00e9galement d\u00e9ficitaires pour Bruxelles. 889 entreprises wallonnes ont d\u00e9m\u00e9nag\u00e9 \u00e0 Bruxelles tandis que 1.141 entreprises ont quitt\u00e9 Bruxelles pour la Wallonie.<\/p>\n<p>La proportion d&rsquo;entreprises qui migrent vers Bruxelles est n\u00e9anmoins beaucoup plus marqu\u00e9e pour les entreprises wallonnes puisque la population active des entreprises wallonnes est moins importante que la population active des entreprises flamandes.<\/p>\n<p>Enfin, on constate 533 mouvements de Flandre vers la Wallonie et 427 dans le sens inverse.<\/p>\n<p>Ces flux migratoires r\u00e9gionaux ont la m\u00eame tendance au fil des ans. Ces flux sont \u00e9galement plus importants lorsqu&rsquo;il s&rsquo;agit d&rsquo;entreprises qui n&rsquo;ont pas la qualit\u00e9 d&#8217;employeur.<\/p>\n<p><em>Source: Statbel<\/em><\/p>\n","protected":false},"excerpt":{"rendered":"<p>Les flux migratoires concernent les entreprises aussi! L&rsquo;Office Belge de statistiques s&rsquo;est pench\u00e9 sur les mouvements entre r\u00e9gions en Belgique. Constat premier: Bruxelles affiche un solde n\u00e9gatif vis-\u00e0-vis des r\u00e9gions. L&rsquo;impact de cette foutue (im)mobilit\u00e9 sans doute?<\/p>\n","protected":false},"author":2,"featured_media":0,"comment_status":"closed","ping_status":"open","sticky":false,"template":"","format":"standard","meta":[],"categories":[65,10],"tags":[93,122,136,28],"yoast_head":"<!-- This site is optimized with the Yoast SEO plugin v21.0 - https:\/\/yoast.com\/wordpress\/plugins\/seo\/ -->\n<title>En 2018, Bruxelles a &#039;perdu&#039; plus de 650 entreprises qui ont d\u00e9cid\u00e9 de s&#039;installer en Flandre et en Wallonie. - Peoplesphere<\/title>\n<meta name=\"robots\" content=\"index, follow, max-snippet:-1, max-image-preview:large, max-video-preview:-1\" \/>\n<link rel=\"canonical\" href=\"https:\/\/peoplesphere.be\/fr\/2018-bruxelles-a-perdu-plus-de-650-entreprises-ont-decide-de-sinstaller-flandre-wallonie\/\" \/>\n<meta property=\"og:locale\" content=\"fr_FR\" \/>\n<meta property=\"og:type\" content=\"article\" \/>\n<meta property=\"og:title\" content=\"En 2018, Bruxelles a &#039;perdu&#039; plus de 650 entreprises qui ont d\u00e9cid\u00e9 de s&#039;installer en Flandre et en Wallonie. - Peoplesphere\" \/>\n<meta property=\"og:description\" content=\"Les flux migratoires concernent les entreprises aussi! L&rsquo;Office Belge de statistiques s&rsquo;est pench\u00e9 sur les mouvements entre r\u00e9gions en Belgique. Constat premier: Bruxelles affiche un solde n\u00e9gatif vis-\u00e0-vis des r\u00e9gions. L&rsquo;impact de cette foutue (im)mobilit\u00e9 sans doute?\" \/>\n<meta property=\"og:url\" content=\"https:\/\/peoplesphere.be\/fr\/2018-bruxelles-a-perdu-plus-de-650-entreprises-ont-decide-de-sinstaller-flandre-wallonie\/\" \/>\n<meta property=\"og:site_name\" content=\"Peoplesphere\" \/>\n<meta property=\"article:publisher\" content=\"https:\/\/www.facebook.com\/peoplesphere\" \/>\n<meta property=\"article:published_time\" content=\"2020-01-17T07:36:16+00:00\" \/>\n<meta property=\"og:image\" content=\"http:\/\/www.peoplesphere.be\/fr\/wp-content\/uploads\/2016\/07\/facebook-default-posting-1200x628px.jpg\" \/>\n<meta name=\"author\" content=\"Jean-Paul Erhard\" \/>\n<meta name=\"twitter:card\" content=\"summary_large_image\" \/>\n<meta name=\"twitter:creator\" content=\"@PeoplesphereMag\" \/>\n<meta name=\"twitter:site\" content=\"@PeoplesphereMag\" \/>\n<meta name=\"twitter:label1\" content=\"\u00c9crit par\" \/>\n\t<meta name=\"twitter:data1\" content=\"Jean-Paul Erhard\" \/>\n\t<meta name=\"twitter:label2\" content=\"Dur\u00e9e de lecture estim\u00e9e\" \/>\n\t<meta name=\"twitter:data2\" content=\"1 minute\" \/>\n<script type=\"application\/ld+json\" class=\"yoast-schema-graph\">{\"@context\":\"https:\/\/schema.org\",\"@graph\":[{\"@type\":\"Article\",\"@id\":\"https:\/\/peoplesphere.be\/fr\/2018-bruxelles-a-perdu-plus-de-650-entreprises-ont-decide-de-sinstaller-flandre-wallonie\/#article\",\"isPartOf\":{\"@id\":\"https:\/\/peoplesphere.be\/fr\/2018-bruxelles-a-perdu-plus-de-650-entreprises-ont-decide-de-sinstaller-flandre-wallonie\/\"},\"author\":{\"name\":\"Jean-Paul Erhard\",\"@id\":\"https:\/\/peoplesphere.be\/fr\/#\/schema\/person\/7976225ff17988604334abb7b3536a7e\"},\"headline\":\"En 2018, Bruxelles a &lsquo;perdu&rsquo; plus de 650 entreprises qui ont d\u00e9cid\u00e9 de s&rsquo;installer en Flandre et en Wallonie.\",\"datePublished\":\"2020-01-17T07:36:16+00:00\",\"dateModified\":\"2020-01-17T07:36:16+00:00\",\"mainEntityOfPage\":{\"@id\":\"https:\/\/peoplesphere.be\/fr\/2018-bruxelles-a-perdu-plus-de-650-entreprises-ont-decide-de-sinstaller-flandre-wallonie\/\"},\"wordCount\":211,\"publisher\":{\"@id\":\"https:\/\/peoplesphere.be\/fr\/#organization\"},\"keywords\":[\"bruxelles\",\"flandre\",\"mobilit\u00e9\",\"Wallonie\"],\"articleSection\":[\"Actualit\u00e9s\",\"Digital\"],\"inLanguage\":\"fr-FR\"},{\"@type\":\"WebPage\",\"@id\":\"https:\/\/peoplesphere.be\/fr\/2018-bruxelles-a-perdu-plus-de-650-entreprises-ont-decide-de-sinstaller-flandre-wallonie\/\",\"url\":\"https:\/\/peoplesphere.be\/fr\/2018-bruxelles-a-perdu-plus-de-650-entreprises-ont-decide-de-sinstaller-flandre-wallonie\/\",\"name\":\"En 2018, Bruxelles a 'perdu' plus de 650 entreprises qui ont d\u00e9cid\u00e9 de s'installer en Flandre et en Wallonie. - Peoplesphere\",\"isPartOf\":{\"@id\":\"https:\/\/peoplesphere.be\/fr\/#website\"},\"datePublished\":\"2020-01-17T07:36:16+00:00\",\"dateModified\":\"2020-01-17T07:36:16+00:00\",\"breadcrumb\":{\"@id\":\"https:\/\/peoplesphere.be\/fr\/2018-bruxelles-a-perdu-plus-de-650-entreprises-ont-decide-de-sinstaller-flandre-wallonie\/#breadcrumb\"},\"inLanguage\":\"fr-FR\",\"potentialAction\":[{\"@type\":\"ReadAction\",\"target\":[\"https:\/\/peoplesphere.be\/fr\/2018-bruxelles-a-perdu-plus-de-650-entreprises-ont-decide-de-sinstaller-flandre-wallonie\/\"]}]},{\"@type\":\"BreadcrumbList\",\"@id\":\"https:\/\/peoplesphere.be\/fr\/2018-bruxelles-a-perdu-plus-de-650-entreprises-ont-decide-de-sinstaller-flandre-wallonie\/#breadcrumb\",\"itemListElement\":[{\"@type\":\"ListItem\",\"position\":1,\"name\":\"Accueil\",\"item\":\"https:\/\/peoplesphere.be\/fr\/\"},{\"@type\":\"ListItem\",\"position\":2,\"name\":\"En 2018, Bruxelles a &lsquo;perdu&rsquo; plus de 650 entreprises qui ont d\u00e9cid\u00e9 de s&rsquo;installer en Flandre et en Wallonie.\"}]},{\"@type\":\"WebSite\",\"@id\":\"https:\/\/peoplesphere.be\/fr\/#website\",\"url\":\"https:\/\/peoplesphere.be\/fr\/\",\"name\":\"Peoplesphere\",\"description\":\"The People Managers Magazine\",\"publisher\":{\"@id\":\"https:\/\/peoplesphere.be\/fr\/#organization\"},\"potentialAction\":[{\"@type\":\"SearchAction\",\"target\":{\"@type\":\"EntryPoint\",\"urlTemplate\":\"https:\/\/peoplesphere.be\/fr\/?s={search_term_string}\"},\"query-input\":\"required name=search_term_string\"}],\"inLanguage\":\"fr-FR\"},{\"@type\":\"Organization\",\"@id\":\"https:\/\/peoplesphere.be\/fr\/#organization\",\"name\":\"Peoplesphere Company srl\",\"url\":\"https:\/\/peoplesphere.be\/fr\/\",\"logo\":{\"@type\":\"ImageObject\",\"inLanguage\":\"fr-FR\",\"@id\":\"https:\/\/peoplesphere.be\/fr\/#\/schema\/logo\/image\/\",\"url\":\"https:\/\/peoplesphere.be\/fr\/wp-content\/uploads\/2023\/07\/peoplesphere-lgo-new-generik.jpg\",\"contentUrl\":\"https:\/\/peoplesphere.be\/fr\/wp-content\/uploads\/2023\/07\/peoplesphere-lgo-new-generik.jpg\",\"width\":1031,\"height\":1479,\"caption\":\"Peoplesphere Company srl\"},\"image\":{\"@id\":\"https:\/\/peoplesphere.be\/fr\/#\/schema\/logo\/image\/\"},\"sameAs\":[\"https:\/\/www.facebook.com\/peoplesphere\",\"https:\/\/twitter.com\/PeoplesphereMag\",\"https:\/\/www.linkedin.com\/company\/7587361?trk\",\"http:\/\/youtube.com\/peoplesphere\"]},{\"@type\":\"Person\",\"@id\":\"https:\/\/peoplesphere.be\/fr\/#\/schema\/person\/7976225ff17988604334abb7b3536a7e\",\"name\":\"Jean-Paul Erhard\",\"image\":{\"@type\":\"ImageObject\",\"inLanguage\":\"fr-FR\",\"@id\":\"https:\/\/peoplesphere.be\/fr\/#\/schema\/person\/image\/\",\"url\":\"https:\/\/secure.gravatar.com\/avatar\/f941e681460179738071629a51574930?s=96&d=mm&r=g\",\"contentUrl\":\"https:\/\/secure.gravatar.com\/avatar\/f941e681460179738071629a51574930?s=96&d=mm&r=g\",\"caption\":\"Jean-Paul Erhard\"},\"url\":\"https:\/\/peoplesphere.be\/fr\/author\/jpe\/\"}]}<\/script>\n<!-- \/ Yoast SEO plugin. -->","yoast_head_json":{"title":"En 2018, Bruxelles a 'perdu' plus de 650 entreprises qui ont d\u00e9cid\u00e9 de s'installer en Flandre et en Wallonie. - Peoplesphere","robots":{"index":"index","follow":"follow","max-snippet":"max-snippet:-1","max-image-preview":"max-image-preview:large","max-video-preview":"max-video-preview:-1"},"canonical":"https:\/\/peoplesphere.be\/fr\/2018-bruxelles-a-perdu-plus-de-650-entreprises-ont-decide-de-sinstaller-flandre-wallonie\/","og_locale":"fr_FR","og_type":"article","og_title":"En 2018, Bruxelles a 'perdu' plus de 650 entreprises qui ont d\u00e9cid\u00e9 de s'installer en Flandre et en Wallonie. - Peoplesphere","og_description":"Les flux migratoires concernent les entreprises aussi! L&rsquo;Office Belge de statistiques s&rsquo;est pench\u00e9 sur les mouvements entre r\u00e9gions en Belgique. Constat premier: Bruxelles affiche un solde n\u00e9gatif vis-\u00e0-vis des r\u00e9gions. L&rsquo;impact de cette foutue (im)mobilit\u00e9 sans doute?","og_url":"https:\/\/peoplesphere.be\/fr\/2018-bruxelles-a-perdu-plus-de-650-entreprises-ont-decide-de-sinstaller-flandre-wallonie\/","og_site_name":"Peoplesphere","article_publisher":"https:\/\/www.facebook.com\/peoplesphere","article_published_time":"2020-01-17T07:36:16+00:00","og_image":[{"url":"http:\/\/www.peoplesphere.be\/fr\/wp-content\/uploads\/2016\/07\/facebook-default-posting-1200x628px.jpg"}],"author":"Jean-Paul Erhard","twitter_card":"summary_large_image","twitter_creator":"@PeoplesphereMag","twitter_site":"@PeoplesphereMag","twitter_misc":{"\u00c9crit par":"Jean-Paul Erhard","Dur\u00e9e de lecture estim\u00e9e":"1 minute"},"schema":{"@context":"https:\/\/schema.org","@graph":[{"@type":"Article","@id":"https:\/\/peoplesphere.be\/fr\/2018-bruxelles-a-perdu-plus-de-650-entreprises-ont-decide-de-sinstaller-flandre-wallonie\/#article","isPartOf":{"@id":"https:\/\/peoplesphere.be\/fr\/2018-bruxelles-a-perdu-plus-de-650-entreprises-ont-decide-de-sinstaller-flandre-wallonie\/"},"author":{"name":"Jean-Paul Erhard","@id":"https:\/\/peoplesphere.be\/fr\/#\/schema\/person\/7976225ff17988604334abb7b3536a7e"},"headline":"En 2018, Bruxelles a &lsquo;perdu&rsquo; plus de 650 entreprises qui ont d\u00e9cid\u00e9 de s&rsquo;installer en Flandre et en Wallonie.","datePublished":"2020-01-17T07:36:16+00:00","dateModified":"2020-01-17T07:36:16+00:00","mainEntityOfPage":{"@id":"https:\/\/peoplesphere.be\/fr\/2018-bruxelles-a-perdu-plus-de-650-entreprises-ont-decide-de-sinstaller-flandre-wallonie\/"},"wordCount":211,"publisher":{"@id":"https:\/\/peoplesphere.be\/fr\/#organization"},"keywords":["bruxelles","flandre","mobilit\u00e9","Wallonie"],"articleSection":["Actualit\u00e9s","Digital"],"inLanguage":"fr-FR"},{"@type":"WebPage","@id":"https:\/\/peoplesphere.be\/fr\/2018-bruxelles-a-perdu-plus-de-650-entreprises-ont-decide-de-sinstaller-flandre-wallonie\/","url":"https:\/\/peoplesphere.be\/fr\/2018-bruxelles-a-perdu-plus-de-650-entreprises-ont-decide-de-sinstaller-flandre-wallonie\/","name":"En 2018, Bruxelles a 'perdu' plus de 650 entreprises qui ont d\u00e9cid\u00e9 de s'installer en Flandre et en Wallonie. - Peoplesphere","isPartOf":{"@id":"https:\/\/peoplesphere.be\/fr\/#website"},"datePublished":"2020-01-17T07:36:16+00:00","dateModified":"2020-01-17T07:36:16+00:00","breadcrumb":{"@id":"https:\/\/peoplesphere.be\/fr\/2018-bruxelles-a-perdu-plus-de-650-entreprises-ont-decide-de-sinstaller-flandre-wallonie\/#breadcrumb"},"inLanguage":"fr-FR","potentialAction":[{"@type":"ReadAction","target":["https:\/\/peoplesphere.be\/fr\/2018-bruxelles-a-perdu-plus-de-650-entreprises-ont-decide-de-sinstaller-flandre-wallonie\/"]}]},{"@type":"BreadcrumbList","@id":"https:\/\/peoplesphere.be\/fr\/2018-bruxelles-a-perdu-plus-de-650-entreprises-ont-decide-de-sinstaller-flandre-wallonie\/#breadcrumb","itemListElement":[{"@type":"ListItem","position":1,"name":"Accueil","item":"https:\/\/peoplesphere.be\/fr\/"},{"@type":"ListItem","position":2,"name":"En 2018, Bruxelles a &lsquo;perdu&rsquo; plus de 650 entreprises qui ont d\u00e9cid\u00e9 de s&rsquo;installer en Flandre et en Wallonie."}]},{"@type":"WebSite","@id":"https:\/\/peoplesphere.be\/fr\/#website","url":"https:\/\/peoplesphere.be\/fr\/","name":"Peoplesphere","description":"The People Managers Magazine","publisher":{"@id":"https:\/\/peoplesphere.be\/fr\/#organization"},"potentialAction":[{"@type":"SearchAction","target":{"@type":"EntryPoint","urlTemplate":"https:\/\/peoplesphere.be\/fr\/?s={search_term_string}"},"query-input":"required name=search_term_string"}],"inLanguage":"fr-FR"},{"@type":"Organization","@id":"https:\/\/peoplesphere.be\/fr\/#organization","name":"Peoplesphere Company srl","url":"https:\/\/peoplesphere.be\/fr\/","logo":{"@type":"ImageObject","inLanguage":"fr-FR","@id":"https:\/\/peoplesphere.be\/fr\/#\/schema\/logo\/image\/","url":"https:\/\/peoplesphere.be\/fr\/wp-content\/uploads\/2023\/07\/peoplesphere-lgo-new-generik.jpg","contentUrl":"https:\/\/peoplesphere.be\/fr\/wp-content\/uploads\/2023\/07\/peoplesphere-lgo-new-generik.jpg","width":1031,"height":1479,"caption":"Peoplesphere Company srl"},"image":{"@id":"https:\/\/peoplesphere.be\/fr\/#\/schema\/logo\/image\/"},"sameAs":["https:\/\/www.facebook.com\/peoplesphere","https:\/\/twitter.com\/PeoplesphereMag","https:\/\/www.linkedin.com\/company\/7587361?trk","http:\/\/youtube.com\/peoplesphere"]},{"@type":"Person","@id":"https:\/\/peoplesphere.be\/fr\/#\/schema\/person\/7976225ff17988604334abb7b3536a7e","name":"Jean-Paul Erhard","image":{"@type":"ImageObject","inLanguage":"fr-FR","@id":"https:\/\/peoplesphere.be\/fr\/#\/schema\/person\/image\/","url":"https:\/\/secure.gravatar.com\/avatar\/f941e681460179738071629a51574930?s=96&d=mm&r=g","contentUrl":"https:\/\/secure.gravatar.com\/avatar\/f941e681460179738071629a51574930?s=96&d=mm&r=g","caption":"Jean-Paul Erhard"},"url":"https:\/\/peoplesphere.be\/fr\/author\/jpe\/"}]}},"_links":{"self":[{"href":"https:\/\/peoplesphere.be\/fr\/wp-json\/wp\/v2\/posts\/8911"}],"collection":[{"href":"https:\/\/peoplesphere.be\/fr\/wp-json\/wp\/v2\/posts"}],"about":[{"href":"https:\/\/peoplesphere.be\/fr\/wp-json\/wp\/v2\/types\/post"}],"author":[{"embeddable":true,"href":"https:\/\/peoplesphere.be\/fr\/wp-json\/wp\/v2\/users\/2"}],"replies":[{"embeddable":true,"href":"https:\/\/peoplesphere.be\/fr\/wp-json\/wp\/v2\/comments?post=8911"}],"version-history":[{"count":1,"href":"https:\/\/peoplesphere.be\/fr\/wp-json\/wp\/v2\/posts\/8911\/revisions"}],"predecessor-version":[{"id":8912,"href":"https:\/\/peoplesphere.be\/fr\/wp-json\/wp\/v2\/posts\/8911\/revisions\/8912"}],"wp:attachment":[{"href":"https:\/\/peoplesphere.be\/fr\/wp-json\/wp\/v2\/media?parent=8911"}],"wp:term":[{"taxonomy":"category","embeddable":true,"href":"https:\/\/peoplesphere.be\/fr\/wp-json\/wp\/v2\/categories?post=8911"},{"taxonomy":"post_tag","embeddable":true,"href":"https:\/\/peoplesphere.be\/fr\/wp-json\/wp\/v2\/tags?post=8911"}],"curies":[{"name":"wp","href":"https:\/\/api.w.org\/{rel}","templated":true}]}}