









{"id":8921,"date":"2020-01-21T08:22:56","date_gmt":"2020-01-21T06:22:56","guid":{"rendered":"https:\/\/peoplesphere.be\/fr\/?p=8921"},"modified":"2020-01-21T08:22:56","modified_gmt":"2020-01-21T06:22:56","slug":"25-jours-de-conge-de-paternite-obligatoires-parlement-se-penche-dossier-mois-de-fevrier","status":"publish","type":"post","link":"https:\/\/peoplesphere.be\/fr\/25-jours-de-conge-de-paternite-obligatoires-parlement-se-penche-dossier-mois-de-fevrier\/","title":{"rendered":"25 jours de cong\u00e9 de paternit\u00e9 obligatoires? Le Parlement se penche sur ce dossier d\u00e8s le mois de f\u00e9vrier."},"content":{"rendered":"<p>L&rsquo;ann\u00e9e derni\u00e8re, le feu vert a \u00e9t\u00e9 octroy\u00e9 afin d&rsquo;offrir un cong\u00e9 de naissance et de paternit\u00e9 aux ind\u00e9pendants. La mesure s&rsquo;inscrit naturellement dans l&rsquo;harmonisation des statuts employ\u00e9\/ind\u00e9pendant. Elle participe sans doute davantage encore \u00e0 l&rsquo;\u00e9volution de notre soci\u00e9t\u00e9 et \u00e0 l&rsquo;am\u00e9lioration des conditions d&rsquo;une parfaite \u00e9galit\u00e9 Femme\/Homme. M\u00eame si, en Belgique, le cong\u00e9 de paternit\u00e9 est bien accept\u00e9, il n&rsquo;\u00e9chappe pas encore \u00e0 la pression sociale.<!--more--><\/p>\n<p>En Belgique, globalement le cong\u00e9 de paternit\u00e9 est bien accept\u00e9 mais ce n\u2019est pas pour cela que c\u2019est facile pour les papas belges de le prendre. Un cong\u00e9 qui permet aux p\u00e8res, s\u2019ils le veulent, de prendre 10 jours de cong\u00e9 dans les quatre mois apr\u00e8s la naissance de leur enfant. C\u2019est le cas depuis bien longtemps pour les salari\u00e9s, mais depuis juin 2019, c\u2019est \u00e9galement vrai pour les ind\u00e9pendants. En comparaison le cong\u00e9 de maternit\u00e9 est de 15 semaines.<\/p>\n<p>La situation belge peut sembler enviable. En effet, la semaine derni\u00e8re, le ministre japonais de l\u2019Environnement a annonc\u00e9 que suite \u00e0 la naissance de son enfant, il allait prendre un cong\u00e9 de paternit\u00e9. C\u2019est une premi\u00e8re dans l\u2019histoire du Japon. Certaines voix se sont \u00e9lev\u00e9es pour d\u00e9noncer le fait que le ministre fasse passer sa famille avant ses responsabilit\u00e9s politiques, mais globalement, sa d\u00e9cision a plut\u00f4t \u00e9t\u00e9 applaudie. Soulign\u00e9e m\u00eame par certains car elle pourrait faire figure d\u2019exemple.\u00a0Il faut dire qu\u2019au Japon, seul 6% des papas prennent un cong\u00e9 de paternit\u00e9. D\u2019abord parce que ce n\u2019est pas toujours bien accept\u00e9 culturellement, socialement, mais surtout \u00e0 cause de la pression au boulot\u2026<\/p>\n<p>La question de l\u2019allongement de ce cong\u00e9 vient \u00e9videmment sur la table. Un allongement qui selon notamment la Ligue des Familles pourrait r\u00e9tablir (dans une certaine mesure) une meilleure \u00e9galit\u00e9 homme\/femme \u00e0 la maison comme au boulot, limiterait la discrimination \u00e0 l\u2019embauche et selon l\u2019OCDE, des cong\u00e9s de paternit\u00e9 plus longs permettraient aux papas d\u2019\u00eatre plus impliqu\u00e9s dans l\u2019\u00e9ducation de leurs enfants sur le long terme.<\/p>\n<p>En Belgique, la plupart des partis politiques francophones avaient inclus d\u2019une mani\u00e8re ou d\u2019une autre un allongement du cong\u00e9 de paternit\u00e9 dans leur programme \u00e9lectoral. Certains ont d\u00e9j\u00e0 d\u00e9pos\u00e9 des textes en ce sens en commission des Affaires sociales de la Chambre, c\u2019est notamment le cas d\u2019Ecolo qui plaide pour 25 jours de cong\u00e9 de paternit\u00e9 obligatoires et ce, depuis 2016 d\u00e9j\u00e0.<\/p>\n<p>Le combat est important pour le parti Ecolo, au point de lancer une p\u00e9tition en ligne sur le sujet. Gilles Vanden Burre, d\u00e9put\u00e9 f\u00e9d\u00e9ral explique: <em>\u201cEn Belgique, un p\u00e8re n\u2019a droit qu\u2019\u00e0 10 jours facultatifs de cong\u00e9 paternit\u00e9 lors de la naissance de son b\u00e9b\u00e9. Pour Ecolo, ce chiffre est trop bas et ne permet pas \u00e0 un couple de jeunes parents d\u2019accueillir son nouveau-n\u00e9 de mani\u00e8re assez confortable.\u201d<\/em> Il milite pour l\u2019allongement du cong\u00e9 paternit\u00e9 \u00e0 25 jours et automatiques. Une mesure jug\u00e9e importante pour l&rsquo;\u00e9galit\u00e9 homme\/femme. Le caract\u00e8re automatique de la mesure vise quant \u00e0 lui \u00e0 \u00e9viter d&rsquo;avoir \u00e0 n\u00e9gocier avec l&#8217;employeur afin de faire valoir les droits du travailleur.<\/p>\n<p>Les auditions en commission devraient d\u00e9marrer d\u00e9but f\u00e9vrier alors qu&rsquo;un consensus sembl\u00e9 \u00e9merger entre partis politiques d\u00e8s \u00e0 pr\u00e9sent.<\/p>\n<p><em>Source: RTBF &#8211; Ecolo<\/em><\/p>\n","protected":false},"excerpt":{"rendered":"<p>L&rsquo;ann\u00e9e derni\u00e8re, le feu vert a \u00e9t\u00e9 octroy\u00e9 afin d&rsquo;offrir un cong\u00e9 de naissance et de paternit\u00e9 aux ind\u00e9pendants. La mesure s&rsquo;inscrit naturellement dans l&rsquo;harmonisation des statuts employ\u00e9\/ind\u00e9pendant. Elle participe sans doute davantage encore \u00e0 l&rsquo;\u00e9volution de notre soci\u00e9t\u00e9 et [&hellip;]<\/p>\n","protected":false},"author":2,"featured_media":0,"comment_status":"closed","ping_status":"open","sticky":false,"template":"","format":"standard","meta":[],"categories":[65,10],"tags":[1141,2084],"yoast_head":"<!-- This site is optimized with the Yoast SEO plugin v21.0 - https:\/\/yoast.com\/wordpress\/plugins\/seo\/ -->\n<title>25 jours de cong\u00e9 de paternit\u00e9 obligatoires? Le Parlement se penche sur ce dossier d\u00e8s le mois de f\u00e9vrier. - Peoplesphere<\/title>\n<meta name=\"robots\" content=\"index, follow, max-snippet:-1, max-image-preview:large, max-video-preview:-1\" \/>\n<link rel=\"canonical\" href=\"https:\/\/peoplesphere.be\/fr\/25-jours-de-conge-de-paternite-obligatoires-parlement-se-penche-dossier-mois-de-fevrier\/\" \/>\n<meta property=\"og:locale\" content=\"fr_FR\" \/>\n<meta property=\"og:type\" content=\"article\" \/>\n<meta property=\"og:title\" content=\"25 jours de cong\u00e9 de paternit\u00e9 obligatoires? Le Parlement se penche sur ce dossier d\u00e8s le mois de f\u00e9vrier. - Peoplesphere\" \/>\n<meta property=\"og:description\" content=\"L&rsquo;ann\u00e9e derni\u00e8re, le feu vert a \u00e9t\u00e9 octroy\u00e9 afin d&rsquo;offrir un cong\u00e9 de naissance et de paternit\u00e9 aux ind\u00e9pendants. La mesure s&rsquo;inscrit naturellement dans l&rsquo;harmonisation des statuts employ\u00e9\/ind\u00e9pendant. Elle participe sans doute davantage encore \u00e0 l&rsquo;\u00e9volution de notre soci\u00e9t\u00e9 et [&hellip;]\" \/>\n<meta property=\"og:url\" content=\"https:\/\/peoplesphere.be\/fr\/25-jours-de-conge-de-paternite-obligatoires-parlement-se-penche-dossier-mois-de-fevrier\/\" \/>\n<meta property=\"og:site_name\" content=\"Peoplesphere\" \/>\n<meta property=\"article:publisher\" content=\"https:\/\/www.facebook.com\/peoplesphere\" \/>\n<meta property=\"article:published_time\" content=\"2020-01-21T06:22:56+00:00\" \/>\n<meta property=\"og:image\" content=\"http:\/\/www.peoplesphere.be\/fr\/wp-content\/uploads\/2016\/07\/facebook-default-posting-1200x628px.jpg\" \/>\n<meta name=\"author\" content=\"Jean-Paul Erhard\" \/>\n<meta name=\"twitter:card\" content=\"summary_large_image\" \/>\n<meta name=\"twitter:creator\" content=\"@PeoplesphereMag\" \/>\n<meta name=\"twitter:site\" content=\"@PeoplesphereMag\" \/>\n<meta name=\"twitter:label1\" content=\"\u00c9crit par\" \/>\n\t<meta name=\"twitter:data1\" content=\"Jean-Paul Erhard\" \/>\n\t<meta name=\"twitter:label2\" content=\"Dur\u00e9e de lecture estim\u00e9e\" \/>\n\t<meta name=\"twitter:data2\" content=\"3 minutes\" \/>\n<script type=\"application\/ld+json\" class=\"yoast-schema-graph\">{\"@context\":\"https:\/\/schema.org\",\"@graph\":[{\"@type\":\"Article\",\"@id\":\"https:\/\/peoplesphere.be\/fr\/25-jours-de-conge-de-paternite-obligatoires-parlement-se-penche-dossier-mois-de-fevrier\/#article\",\"isPartOf\":{\"@id\":\"https:\/\/peoplesphere.be\/fr\/25-jours-de-conge-de-paternite-obligatoires-parlement-se-penche-dossier-mois-de-fevrier\/\"},\"author\":{\"name\":\"Jean-Paul Erhard\",\"@id\":\"https:\/\/peoplesphere.be\/fr\/#\/schema\/person\/7976225ff17988604334abb7b3536a7e\"},\"headline\":\"25 jours de cong\u00e9 de paternit\u00e9 obligatoires? Le Parlement se penche sur ce dossier d\u00e8s le mois de f\u00e9vrier.\",\"datePublished\":\"2020-01-21T06:22:56+00:00\",\"dateModified\":\"2020-01-21T06:22:56+00:00\",\"mainEntityOfPage\":{\"@id\":\"https:\/\/peoplesphere.be\/fr\/25-jours-de-conge-de-paternite-obligatoires-parlement-se-penche-dossier-mois-de-fevrier\/\"},\"wordCount\":595,\"publisher\":{\"@id\":\"https:\/\/peoplesphere.be\/fr\/#organization\"},\"keywords\":[\"cong\u00e9 de paternit\u00e9\",\"\u00e9quilibre vie priv\u00e9e-vie professionnelle\"],\"articleSection\":[\"Actualit\u00e9s\",\"Digital\"],\"inLanguage\":\"fr-FR\"},{\"@type\":\"WebPage\",\"@id\":\"https:\/\/peoplesphere.be\/fr\/25-jours-de-conge-de-paternite-obligatoires-parlement-se-penche-dossier-mois-de-fevrier\/\",\"url\":\"https:\/\/peoplesphere.be\/fr\/25-jours-de-conge-de-paternite-obligatoires-parlement-se-penche-dossier-mois-de-fevrier\/\",\"name\":\"25 jours de cong\u00e9 de paternit\u00e9 obligatoires? Le Parlement se penche sur ce dossier d\u00e8s le mois de f\u00e9vrier. - Peoplesphere\",\"isPartOf\":{\"@id\":\"https:\/\/peoplesphere.be\/fr\/#website\"},\"datePublished\":\"2020-01-21T06:22:56+00:00\",\"dateModified\":\"2020-01-21T06:22:56+00:00\",\"breadcrumb\":{\"@id\":\"https:\/\/peoplesphere.be\/fr\/25-jours-de-conge-de-paternite-obligatoires-parlement-se-penche-dossier-mois-de-fevrier\/#breadcrumb\"},\"inLanguage\":\"fr-FR\",\"potentialAction\":[{\"@type\":\"ReadAction\",\"target\":[\"https:\/\/peoplesphere.be\/fr\/25-jours-de-conge-de-paternite-obligatoires-parlement-se-penche-dossier-mois-de-fevrier\/\"]}]},{\"@type\":\"BreadcrumbList\",\"@id\":\"https:\/\/peoplesphere.be\/fr\/25-jours-de-conge-de-paternite-obligatoires-parlement-se-penche-dossier-mois-de-fevrier\/#breadcrumb\",\"itemListElement\":[{\"@type\":\"ListItem\",\"position\":1,\"name\":\"Accueil\",\"item\":\"https:\/\/peoplesphere.be\/fr\/\"},{\"@type\":\"ListItem\",\"position\":2,\"name\":\"25 jours de cong\u00e9 de paternit\u00e9 obligatoires? Le Parlement se penche sur ce dossier d\u00e8s le mois de f\u00e9vrier.\"}]},{\"@type\":\"WebSite\",\"@id\":\"https:\/\/peoplesphere.be\/fr\/#website\",\"url\":\"https:\/\/peoplesphere.be\/fr\/\",\"name\":\"Peoplesphere\",\"description\":\"The People Managers Magazine\",\"publisher\":{\"@id\":\"https:\/\/peoplesphere.be\/fr\/#organization\"},\"potentialAction\":[{\"@type\":\"SearchAction\",\"target\":{\"@type\":\"EntryPoint\",\"urlTemplate\":\"https:\/\/peoplesphere.be\/fr\/?s={search_term_string}\"},\"query-input\":\"required name=search_term_string\"}],\"inLanguage\":\"fr-FR\"},{\"@type\":\"Organization\",\"@id\":\"https:\/\/peoplesphere.be\/fr\/#organization\",\"name\":\"Peoplesphere Company srl\",\"url\":\"https:\/\/peoplesphere.be\/fr\/\",\"logo\":{\"@type\":\"ImageObject\",\"inLanguage\":\"fr-FR\",\"@id\":\"https:\/\/peoplesphere.be\/fr\/#\/schema\/logo\/image\/\",\"url\":\"https:\/\/peoplesphere.be\/fr\/wp-content\/uploads\/2023\/07\/peoplesphere-lgo-new-generik.jpg\",\"contentUrl\":\"https:\/\/peoplesphere.be\/fr\/wp-content\/uploads\/2023\/07\/peoplesphere-lgo-new-generik.jpg\",\"width\":1031,\"height\":1479,\"caption\":\"Peoplesphere Company srl\"},\"image\":{\"@id\":\"https:\/\/peoplesphere.be\/fr\/#\/schema\/logo\/image\/\"},\"sameAs\":[\"https:\/\/www.facebook.com\/peoplesphere\",\"https:\/\/twitter.com\/PeoplesphereMag\",\"https:\/\/www.linkedin.com\/company\/7587361?trk\",\"http:\/\/youtube.com\/peoplesphere\"]},{\"@type\":\"Person\",\"@id\":\"https:\/\/peoplesphere.be\/fr\/#\/schema\/person\/7976225ff17988604334abb7b3536a7e\",\"name\":\"Jean-Paul Erhard\",\"image\":{\"@type\":\"ImageObject\",\"inLanguage\":\"fr-FR\",\"@id\":\"https:\/\/peoplesphere.be\/fr\/#\/schema\/person\/image\/\",\"url\":\"https:\/\/secure.gravatar.com\/avatar\/f941e681460179738071629a51574930?s=96&d=mm&r=g\",\"contentUrl\":\"https:\/\/secure.gravatar.com\/avatar\/f941e681460179738071629a51574930?s=96&d=mm&r=g\",\"caption\":\"Jean-Paul Erhard\"},\"url\":\"https:\/\/peoplesphere.be\/fr\/author\/jpe\/\"}]}<\/script>\n<!-- \/ Yoast SEO plugin. -->","yoast_head_json":{"title":"25 jours de cong\u00e9 de paternit\u00e9 obligatoires? Le Parlement se penche sur ce dossier d\u00e8s le mois de f\u00e9vrier. - Peoplesphere","robots":{"index":"index","follow":"follow","max-snippet":"max-snippet:-1","max-image-preview":"max-image-preview:large","max-video-preview":"max-video-preview:-1"},"canonical":"https:\/\/peoplesphere.be\/fr\/25-jours-de-conge-de-paternite-obligatoires-parlement-se-penche-dossier-mois-de-fevrier\/","og_locale":"fr_FR","og_type":"article","og_title":"25 jours de cong\u00e9 de paternit\u00e9 obligatoires? Le Parlement se penche sur ce dossier d\u00e8s le mois de f\u00e9vrier. - Peoplesphere","og_description":"L&rsquo;ann\u00e9e derni\u00e8re, le feu vert a \u00e9t\u00e9 octroy\u00e9 afin d&rsquo;offrir un cong\u00e9 de naissance et de paternit\u00e9 aux ind\u00e9pendants. La mesure s&rsquo;inscrit naturellement dans l&rsquo;harmonisation des statuts employ\u00e9\/ind\u00e9pendant. Elle participe sans doute davantage encore \u00e0 l&rsquo;\u00e9volution de notre soci\u00e9t\u00e9 et [&hellip;]","og_url":"https:\/\/peoplesphere.be\/fr\/25-jours-de-conge-de-paternite-obligatoires-parlement-se-penche-dossier-mois-de-fevrier\/","og_site_name":"Peoplesphere","article_publisher":"https:\/\/www.facebook.com\/peoplesphere","article_published_time":"2020-01-21T06:22:56+00:00","og_image":[{"url":"http:\/\/www.peoplesphere.be\/fr\/wp-content\/uploads\/2016\/07\/facebook-default-posting-1200x628px.jpg"}],"author":"Jean-Paul Erhard","twitter_card":"summary_large_image","twitter_creator":"@PeoplesphereMag","twitter_site":"@PeoplesphereMag","twitter_misc":{"\u00c9crit par":"Jean-Paul Erhard","Dur\u00e9e de lecture estim\u00e9e":"3 minutes"},"schema":{"@context":"https:\/\/schema.org","@graph":[{"@type":"Article","@id":"https:\/\/peoplesphere.be\/fr\/25-jours-de-conge-de-paternite-obligatoires-parlement-se-penche-dossier-mois-de-fevrier\/#article","isPartOf":{"@id":"https:\/\/peoplesphere.be\/fr\/25-jours-de-conge-de-paternite-obligatoires-parlement-se-penche-dossier-mois-de-fevrier\/"},"author":{"name":"Jean-Paul Erhard","@id":"https:\/\/peoplesphere.be\/fr\/#\/schema\/person\/7976225ff17988604334abb7b3536a7e"},"headline":"25 jours de cong\u00e9 de paternit\u00e9 obligatoires? Le Parlement se penche sur ce dossier d\u00e8s le mois de f\u00e9vrier.","datePublished":"2020-01-21T06:22:56+00:00","dateModified":"2020-01-21T06:22:56+00:00","mainEntityOfPage":{"@id":"https:\/\/peoplesphere.be\/fr\/25-jours-de-conge-de-paternite-obligatoires-parlement-se-penche-dossier-mois-de-fevrier\/"},"wordCount":595,"publisher":{"@id":"https:\/\/peoplesphere.be\/fr\/#organization"},"keywords":["cong\u00e9 de paternit\u00e9","\u00e9quilibre vie priv\u00e9e-vie professionnelle"],"articleSection":["Actualit\u00e9s","Digital"],"inLanguage":"fr-FR"},{"@type":"WebPage","@id":"https:\/\/peoplesphere.be\/fr\/25-jours-de-conge-de-paternite-obligatoires-parlement-se-penche-dossier-mois-de-fevrier\/","url":"https:\/\/peoplesphere.be\/fr\/25-jours-de-conge-de-paternite-obligatoires-parlement-se-penche-dossier-mois-de-fevrier\/","name":"25 jours de cong\u00e9 de paternit\u00e9 obligatoires? Le Parlement se penche sur ce dossier d\u00e8s le mois de f\u00e9vrier. - Peoplesphere","isPartOf":{"@id":"https:\/\/peoplesphere.be\/fr\/#website"},"datePublished":"2020-01-21T06:22:56+00:00","dateModified":"2020-01-21T06:22:56+00:00","breadcrumb":{"@id":"https:\/\/peoplesphere.be\/fr\/25-jours-de-conge-de-paternite-obligatoires-parlement-se-penche-dossier-mois-de-fevrier\/#breadcrumb"},"inLanguage":"fr-FR","potentialAction":[{"@type":"ReadAction","target":["https:\/\/peoplesphere.be\/fr\/25-jours-de-conge-de-paternite-obligatoires-parlement-se-penche-dossier-mois-de-fevrier\/"]}]},{"@type":"BreadcrumbList","@id":"https:\/\/peoplesphere.be\/fr\/25-jours-de-conge-de-paternite-obligatoires-parlement-se-penche-dossier-mois-de-fevrier\/#breadcrumb","itemListElement":[{"@type":"ListItem","position":1,"name":"Accueil","item":"https:\/\/peoplesphere.be\/fr\/"},{"@type":"ListItem","position":2,"name":"25 jours de cong\u00e9 de paternit\u00e9 obligatoires? Le Parlement se penche sur ce dossier d\u00e8s le mois de f\u00e9vrier."}]},{"@type":"WebSite","@id":"https:\/\/peoplesphere.be\/fr\/#website","url":"https:\/\/peoplesphere.be\/fr\/","name":"Peoplesphere","description":"The People Managers Magazine","publisher":{"@id":"https:\/\/peoplesphere.be\/fr\/#organization"},"potentialAction":[{"@type":"SearchAction","target":{"@type":"EntryPoint","urlTemplate":"https:\/\/peoplesphere.be\/fr\/?s={search_term_string}"},"query-input":"required name=search_term_string"}],"inLanguage":"fr-FR"},{"@type":"Organization","@id":"https:\/\/peoplesphere.be\/fr\/#organization","name":"Peoplesphere Company srl","url":"https:\/\/peoplesphere.be\/fr\/","logo":{"@type":"ImageObject","inLanguage":"fr-FR","@id":"https:\/\/peoplesphere.be\/fr\/#\/schema\/logo\/image\/","url":"https:\/\/peoplesphere.be\/fr\/wp-content\/uploads\/2023\/07\/peoplesphere-lgo-new-generik.jpg","contentUrl":"https:\/\/peoplesphere.be\/fr\/wp-content\/uploads\/2023\/07\/peoplesphere-lgo-new-generik.jpg","width":1031,"height":1479,"caption":"Peoplesphere Company srl"},"image":{"@id":"https:\/\/peoplesphere.be\/fr\/#\/schema\/logo\/image\/"},"sameAs":["https:\/\/www.facebook.com\/peoplesphere","https:\/\/twitter.com\/PeoplesphereMag","https:\/\/www.linkedin.com\/company\/7587361?trk","http:\/\/youtube.com\/peoplesphere"]},{"@type":"Person","@id":"https:\/\/peoplesphere.be\/fr\/#\/schema\/person\/7976225ff17988604334abb7b3536a7e","name":"Jean-Paul Erhard","image":{"@type":"ImageObject","inLanguage":"fr-FR","@id":"https:\/\/peoplesphere.be\/fr\/#\/schema\/person\/image\/","url":"https:\/\/secure.gravatar.com\/avatar\/f941e681460179738071629a51574930?s=96&d=mm&r=g","contentUrl":"https:\/\/secure.gravatar.com\/avatar\/f941e681460179738071629a51574930?s=96&d=mm&r=g","caption":"Jean-Paul Erhard"},"url":"https:\/\/peoplesphere.be\/fr\/author\/jpe\/"}]}},"_links":{"self":[{"href":"https:\/\/peoplesphere.be\/fr\/wp-json\/wp\/v2\/posts\/8921"}],"collection":[{"href":"https:\/\/peoplesphere.be\/fr\/wp-json\/wp\/v2\/posts"}],"about":[{"href":"https:\/\/peoplesphere.be\/fr\/wp-json\/wp\/v2\/types\/post"}],"author":[{"embeddable":true,"href":"https:\/\/peoplesphere.be\/fr\/wp-json\/wp\/v2\/users\/2"}],"replies":[{"embeddable":true,"href":"https:\/\/peoplesphere.be\/fr\/wp-json\/wp\/v2\/comments?post=8921"}],"version-history":[{"count":1,"href":"https:\/\/peoplesphere.be\/fr\/wp-json\/wp\/v2\/posts\/8921\/revisions"}],"predecessor-version":[{"id":8922,"href":"https:\/\/peoplesphere.be\/fr\/wp-json\/wp\/v2\/posts\/8921\/revisions\/8922"}],"wp:attachment":[{"href":"https:\/\/peoplesphere.be\/fr\/wp-json\/wp\/v2\/media?parent=8921"}],"wp:term":[{"taxonomy":"category","embeddable":true,"href":"https:\/\/peoplesphere.be\/fr\/wp-json\/wp\/v2\/categories?post=8921"},{"taxonomy":"post_tag","embeddable":true,"href":"https:\/\/peoplesphere.be\/fr\/wp-json\/wp\/v2\/tags?post=8921"}],"curies":[{"name":"wp","href":"https:\/\/api.w.org\/{rel}","templated":true}]}}