









{"id":8965,"date":"2020-01-28T08:38:28","date_gmt":"2020-01-28T06:38:28","guid":{"rendered":"https:\/\/peoplesphere.be\/fr\/?p=8965"},"modified":"2020-01-28T08:38:28","modified_gmt":"2020-01-28T06:38:28","slug":"mobilite-internationale-brexit-ne-freine-envies-dailleurs-travailleurs-belges","status":"publish","type":"post","link":"https:\/\/peoplesphere.be\/fr\/mobilite-internationale-brexit-ne-freine-envies-dailleurs-travailleurs-belges\/","title":{"rendered":"Mobilit\u00e9 internationale: le Brexit ne freine pas les envies d&rsquo;ailleurs des travailleurs belges."},"content":{"rendered":"<p>La recherche d&rsquo;un emploi \u00e0 l&rsquo;\u00e9tranger est en l\u00e9g\u00e8re baisse en Belgique. Dans le m\u00eame temps, les offres d&#8217;emploi belges deviennent de plus en plus populaires aupr\u00e8s des chercheurs d&#8217;emploi fran\u00e7ais. C&rsquo;est ce que r\u00e9v\u00e8lent les statistiques d&rsquo;Indeed. Malgr\u00e9 l&rsquo;imminence du Brexit, les Belges sont de plus en plus nombreux \u00e0 chercher un emploi au Royaume-Uni.<!--more--><\/p>\n<p>En 2018, 10,1% des recherches en Belgique portaient sur des emplois \u00e0 l\u2019\u00e9tranger, contre 9,4% en 2019. Pr\u00e8s de 9% de toutes les recherches d&#8217;emploi \u00e0 l&rsquo;\u00e9tranger concernent le Royaume-Uni. La recherche d\u2019un emploi de l\u2019autre c\u00f4t\u00e9 de la Manche a ainsi augment\u00e9 de plus de 7% en Belgique l&rsquo;ann\u00e9e derni\u00e8re. <em>\u00ab\u202fBien que le Royaume-Uni ne soit pas le num\u00e9ro un, il est surprenant que le Brexit ne dissuade pas les Belges de chercher un emploi au Royaume-Uni\u202f\u00bb<\/em>, d\u00e9clare Arjan Vissers, Senior Manager Strategy &amp; Operations chez Indeed Benelux. Il s&rsquo;agit principalement d&#8217;emplois de professeur de langues, de traducteur\/interpr\u00e8te et de postes d\u2019(assistant) chercheur dans des universit\u00e9s anglaises r\u00e9put\u00e9es.<\/p>\n<p>\u00c0 l\u2019inverse, il appara\u00eet que pas moins de 38% de toutes les recherches effectu\u00e9es de l&rsquo;\u00e9tranger en Belgique proviennent de France, ce qui place le pays au premier rang du classement. Les recherches d&#8217;emplois en Belgique par des Fran\u00e7ais ont augment\u00e9 de 4,6 points de pourcentage au cours de l&rsquo;ann\u00e9e \u00e9coul\u00e9e.<em> \u00ab\u202fNous constatons que de nombreux chercheurs d&#8217;emploi fran\u00e7ais travaillent dans des entreprises belges, principalement dans le sud de la Flandre-Occidentale. Ce n&rsquo;est pas un ph\u00e9nom\u00e8ne nouveau, et la p\u00e9nurie sur le march\u00e9 du travail a encore accru ce ph\u00e9nom\u00e8ne\u202f<\/em>\u00bb, explique M. Vissers.<\/p>\n<p><em>Source: Indeed<\/em><\/p>\n","protected":false},"excerpt":{"rendered":"<p>La recherche d&rsquo;un emploi \u00e0 l&rsquo;\u00e9tranger est en l\u00e9g\u00e8re baisse en Belgique. Dans le m\u00eame temps, les offres d&#8217;emploi belges deviennent de plus en plus populaires aupr\u00e8s des chercheurs d&#8217;emploi fran\u00e7ais. C&rsquo;est ce que r\u00e9v\u00e8lent les statistiques d&rsquo;Indeed. Malgr\u00e9 l&rsquo;imminence [&hellip;]<\/p>\n","protected":false},"author":2,"featured_media":0,"comment_status":"closed","ping_status":"open","sticky":false,"template":"","format":"standard","meta":[],"categories":[65,10],"tags":[1521,1326,136],"yoast_head":"<!-- This site is optimized with the Yoast SEO plugin v21.0 - https:\/\/yoast.com\/wordpress\/plugins\/seo\/ -->\n<title>Mobilit\u00e9 internationale: le Brexit ne freine pas les envies d&#039;ailleurs des travailleurs belges. - Peoplesphere<\/title>\n<meta name=\"robots\" content=\"index, follow, max-snippet:-1, max-image-preview:large, max-video-preview:-1\" \/>\n<link rel=\"canonical\" href=\"https:\/\/peoplesphere.be\/fr\/mobilite-internationale-brexit-ne-freine-envies-dailleurs-travailleurs-belges\/\" \/>\n<meta property=\"og:locale\" content=\"fr_FR\" \/>\n<meta property=\"og:type\" content=\"article\" \/>\n<meta property=\"og:title\" content=\"Mobilit\u00e9 internationale: le Brexit ne freine pas les envies d&#039;ailleurs des travailleurs belges. - Peoplesphere\" \/>\n<meta property=\"og:description\" content=\"La recherche d&rsquo;un emploi \u00e0 l&rsquo;\u00e9tranger est en l\u00e9g\u00e8re baisse en Belgique. Dans le m\u00eame temps, les offres d&#8217;emploi belges deviennent de plus en plus populaires aupr\u00e8s des chercheurs d&#8217;emploi fran\u00e7ais. C&rsquo;est ce que r\u00e9v\u00e8lent les statistiques d&rsquo;Indeed. Malgr\u00e9 l&rsquo;imminence [&hellip;]\" \/>\n<meta property=\"og:url\" content=\"https:\/\/peoplesphere.be\/fr\/mobilite-internationale-brexit-ne-freine-envies-dailleurs-travailleurs-belges\/\" \/>\n<meta property=\"og:site_name\" content=\"Peoplesphere\" \/>\n<meta property=\"article:publisher\" content=\"https:\/\/www.facebook.com\/peoplesphere\" \/>\n<meta property=\"article:published_time\" content=\"2020-01-28T06:38:28+00:00\" \/>\n<meta property=\"og:image\" content=\"http:\/\/www.peoplesphere.be\/fr\/wp-content\/uploads\/2016\/07\/facebook-default-posting-1200x628px.jpg\" \/>\n<meta name=\"author\" content=\"Jean-Paul Erhard\" \/>\n<meta name=\"twitter:card\" content=\"summary_large_image\" \/>\n<meta name=\"twitter:creator\" content=\"@PeoplesphereMag\" \/>\n<meta name=\"twitter:site\" content=\"@PeoplesphereMag\" \/>\n<meta name=\"twitter:label1\" content=\"\u00c9crit par\" \/>\n\t<meta name=\"twitter:data1\" content=\"Jean-Paul Erhard\" \/>\n\t<meta name=\"twitter:label2\" content=\"Dur\u00e9e de lecture estim\u00e9e\" \/>\n\t<meta name=\"twitter:data2\" content=\"1 minute\" \/>\n<script type=\"application\/ld+json\" class=\"yoast-schema-graph\">{\"@context\":\"https:\/\/schema.org\",\"@graph\":[{\"@type\":\"Article\",\"@id\":\"https:\/\/peoplesphere.be\/fr\/mobilite-internationale-brexit-ne-freine-envies-dailleurs-travailleurs-belges\/#article\",\"isPartOf\":{\"@id\":\"https:\/\/peoplesphere.be\/fr\/mobilite-internationale-brexit-ne-freine-envies-dailleurs-travailleurs-belges\/\"},\"author\":{\"name\":\"Jean-Paul Erhard\",\"@id\":\"https:\/\/peoplesphere.be\/fr\/#\/schema\/person\/7976225ff17988604334abb7b3536a7e\"},\"headline\":\"Mobilit\u00e9 internationale: le Brexit ne freine pas les envies d&rsquo;ailleurs des travailleurs belges.\",\"datePublished\":\"2020-01-28T06:38:28+00:00\",\"dateModified\":\"2020-01-28T06:38:28+00:00\",\"mainEntityOfPage\":{\"@id\":\"https:\/\/peoplesphere.be\/fr\/mobilite-internationale-brexit-ne-freine-envies-dailleurs-travailleurs-belges\/\"},\"wordCount\":297,\"publisher\":{\"@id\":\"https:\/\/peoplesphere.be\/fr\/#organization\"},\"keywords\":[\"brexit\",\"indeed\",\"mobilit\u00e9\"],\"articleSection\":[\"Actualit\u00e9s\",\"Digital\"],\"inLanguage\":\"fr-FR\"},{\"@type\":\"WebPage\",\"@id\":\"https:\/\/peoplesphere.be\/fr\/mobilite-internationale-brexit-ne-freine-envies-dailleurs-travailleurs-belges\/\",\"url\":\"https:\/\/peoplesphere.be\/fr\/mobilite-internationale-brexit-ne-freine-envies-dailleurs-travailleurs-belges\/\",\"name\":\"Mobilit\u00e9 internationale: le Brexit ne freine pas les envies d'ailleurs des travailleurs belges. - Peoplesphere\",\"isPartOf\":{\"@id\":\"https:\/\/peoplesphere.be\/fr\/#website\"},\"datePublished\":\"2020-01-28T06:38:28+00:00\",\"dateModified\":\"2020-01-28T06:38:28+00:00\",\"breadcrumb\":{\"@id\":\"https:\/\/peoplesphere.be\/fr\/mobilite-internationale-brexit-ne-freine-envies-dailleurs-travailleurs-belges\/#breadcrumb\"},\"inLanguage\":\"fr-FR\",\"potentialAction\":[{\"@type\":\"ReadAction\",\"target\":[\"https:\/\/peoplesphere.be\/fr\/mobilite-internationale-brexit-ne-freine-envies-dailleurs-travailleurs-belges\/\"]}]},{\"@type\":\"BreadcrumbList\",\"@id\":\"https:\/\/peoplesphere.be\/fr\/mobilite-internationale-brexit-ne-freine-envies-dailleurs-travailleurs-belges\/#breadcrumb\",\"itemListElement\":[{\"@type\":\"ListItem\",\"position\":1,\"name\":\"Accueil\",\"item\":\"https:\/\/peoplesphere.be\/fr\/\"},{\"@type\":\"ListItem\",\"position\":2,\"name\":\"Mobilit\u00e9 internationale: le Brexit ne freine pas les envies d&rsquo;ailleurs des travailleurs belges.\"}]},{\"@type\":\"WebSite\",\"@id\":\"https:\/\/peoplesphere.be\/fr\/#website\",\"url\":\"https:\/\/peoplesphere.be\/fr\/\",\"name\":\"Peoplesphere\",\"description\":\"The People Managers Magazine\",\"publisher\":{\"@id\":\"https:\/\/peoplesphere.be\/fr\/#organization\"},\"potentialAction\":[{\"@type\":\"SearchAction\",\"target\":{\"@type\":\"EntryPoint\",\"urlTemplate\":\"https:\/\/peoplesphere.be\/fr\/?s={search_term_string}\"},\"query-input\":\"required name=search_term_string\"}],\"inLanguage\":\"fr-FR\"},{\"@type\":\"Organization\",\"@id\":\"https:\/\/peoplesphere.be\/fr\/#organization\",\"name\":\"Peoplesphere Company srl\",\"url\":\"https:\/\/peoplesphere.be\/fr\/\",\"logo\":{\"@type\":\"ImageObject\",\"inLanguage\":\"fr-FR\",\"@id\":\"https:\/\/peoplesphere.be\/fr\/#\/schema\/logo\/image\/\",\"url\":\"https:\/\/peoplesphere.be\/fr\/wp-content\/uploads\/2023\/07\/peoplesphere-lgo-new-generik.jpg\",\"contentUrl\":\"https:\/\/peoplesphere.be\/fr\/wp-content\/uploads\/2023\/07\/peoplesphere-lgo-new-generik.jpg\",\"width\":1031,\"height\":1479,\"caption\":\"Peoplesphere Company srl\"},\"image\":{\"@id\":\"https:\/\/peoplesphere.be\/fr\/#\/schema\/logo\/image\/\"},\"sameAs\":[\"https:\/\/www.facebook.com\/peoplesphere\",\"https:\/\/twitter.com\/PeoplesphereMag\",\"https:\/\/www.linkedin.com\/company\/7587361?trk\",\"http:\/\/youtube.com\/peoplesphere\"]},{\"@type\":\"Person\",\"@id\":\"https:\/\/peoplesphere.be\/fr\/#\/schema\/person\/7976225ff17988604334abb7b3536a7e\",\"name\":\"Jean-Paul Erhard\",\"image\":{\"@type\":\"ImageObject\",\"inLanguage\":\"fr-FR\",\"@id\":\"https:\/\/peoplesphere.be\/fr\/#\/schema\/person\/image\/\",\"url\":\"https:\/\/secure.gravatar.com\/avatar\/f941e681460179738071629a51574930?s=96&d=mm&r=g\",\"contentUrl\":\"https:\/\/secure.gravatar.com\/avatar\/f941e681460179738071629a51574930?s=96&d=mm&r=g\",\"caption\":\"Jean-Paul Erhard\"},\"url\":\"https:\/\/peoplesphere.be\/fr\/author\/jpe\/\"}]}<\/script>\n<!-- \/ Yoast SEO plugin. -->","yoast_head_json":{"title":"Mobilit\u00e9 internationale: le Brexit ne freine pas les envies d'ailleurs des travailleurs belges. - Peoplesphere","robots":{"index":"index","follow":"follow","max-snippet":"max-snippet:-1","max-image-preview":"max-image-preview:large","max-video-preview":"max-video-preview:-1"},"canonical":"https:\/\/peoplesphere.be\/fr\/mobilite-internationale-brexit-ne-freine-envies-dailleurs-travailleurs-belges\/","og_locale":"fr_FR","og_type":"article","og_title":"Mobilit\u00e9 internationale: le Brexit ne freine pas les envies d'ailleurs des travailleurs belges. - Peoplesphere","og_description":"La recherche d&rsquo;un emploi \u00e0 l&rsquo;\u00e9tranger est en l\u00e9g\u00e8re baisse en Belgique. Dans le m\u00eame temps, les offres d&#8217;emploi belges deviennent de plus en plus populaires aupr\u00e8s des chercheurs d&#8217;emploi fran\u00e7ais. C&rsquo;est ce que r\u00e9v\u00e8lent les statistiques d&rsquo;Indeed. Malgr\u00e9 l&rsquo;imminence [&hellip;]","og_url":"https:\/\/peoplesphere.be\/fr\/mobilite-internationale-brexit-ne-freine-envies-dailleurs-travailleurs-belges\/","og_site_name":"Peoplesphere","article_publisher":"https:\/\/www.facebook.com\/peoplesphere","article_published_time":"2020-01-28T06:38:28+00:00","og_image":[{"url":"http:\/\/www.peoplesphere.be\/fr\/wp-content\/uploads\/2016\/07\/facebook-default-posting-1200x628px.jpg"}],"author":"Jean-Paul Erhard","twitter_card":"summary_large_image","twitter_creator":"@PeoplesphereMag","twitter_site":"@PeoplesphereMag","twitter_misc":{"\u00c9crit par":"Jean-Paul Erhard","Dur\u00e9e de lecture estim\u00e9e":"1 minute"},"schema":{"@context":"https:\/\/schema.org","@graph":[{"@type":"Article","@id":"https:\/\/peoplesphere.be\/fr\/mobilite-internationale-brexit-ne-freine-envies-dailleurs-travailleurs-belges\/#article","isPartOf":{"@id":"https:\/\/peoplesphere.be\/fr\/mobilite-internationale-brexit-ne-freine-envies-dailleurs-travailleurs-belges\/"},"author":{"name":"Jean-Paul Erhard","@id":"https:\/\/peoplesphere.be\/fr\/#\/schema\/person\/7976225ff17988604334abb7b3536a7e"},"headline":"Mobilit\u00e9 internationale: le Brexit ne freine pas les envies d&rsquo;ailleurs des travailleurs belges.","datePublished":"2020-01-28T06:38:28+00:00","dateModified":"2020-01-28T06:38:28+00:00","mainEntityOfPage":{"@id":"https:\/\/peoplesphere.be\/fr\/mobilite-internationale-brexit-ne-freine-envies-dailleurs-travailleurs-belges\/"},"wordCount":297,"publisher":{"@id":"https:\/\/peoplesphere.be\/fr\/#organization"},"keywords":["brexit","indeed","mobilit\u00e9"],"articleSection":["Actualit\u00e9s","Digital"],"inLanguage":"fr-FR"},{"@type":"WebPage","@id":"https:\/\/peoplesphere.be\/fr\/mobilite-internationale-brexit-ne-freine-envies-dailleurs-travailleurs-belges\/","url":"https:\/\/peoplesphere.be\/fr\/mobilite-internationale-brexit-ne-freine-envies-dailleurs-travailleurs-belges\/","name":"Mobilit\u00e9 internationale: le Brexit ne freine pas les envies d'ailleurs des travailleurs belges. - Peoplesphere","isPartOf":{"@id":"https:\/\/peoplesphere.be\/fr\/#website"},"datePublished":"2020-01-28T06:38:28+00:00","dateModified":"2020-01-28T06:38:28+00:00","breadcrumb":{"@id":"https:\/\/peoplesphere.be\/fr\/mobilite-internationale-brexit-ne-freine-envies-dailleurs-travailleurs-belges\/#breadcrumb"},"inLanguage":"fr-FR","potentialAction":[{"@type":"ReadAction","target":["https:\/\/peoplesphere.be\/fr\/mobilite-internationale-brexit-ne-freine-envies-dailleurs-travailleurs-belges\/"]}]},{"@type":"BreadcrumbList","@id":"https:\/\/peoplesphere.be\/fr\/mobilite-internationale-brexit-ne-freine-envies-dailleurs-travailleurs-belges\/#breadcrumb","itemListElement":[{"@type":"ListItem","position":1,"name":"Accueil","item":"https:\/\/peoplesphere.be\/fr\/"},{"@type":"ListItem","position":2,"name":"Mobilit\u00e9 internationale: le Brexit ne freine pas les envies d&rsquo;ailleurs des travailleurs belges."}]},{"@type":"WebSite","@id":"https:\/\/peoplesphere.be\/fr\/#website","url":"https:\/\/peoplesphere.be\/fr\/","name":"Peoplesphere","description":"The People Managers Magazine","publisher":{"@id":"https:\/\/peoplesphere.be\/fr\/#organization"},"potentialAction":[{"@type":"SearchAction","target":{"@type":"EntryPoint","urlTemplate":"https:\/\/peoplesphere.be\/fr\/?s={search_term_string}"},"query-input":"required name=search_term_string"}],"inLanguage":"fr-FR"},{"@type":"Organization","@id":"https:\/\/peoplesphere.be\/fr\/#organization","name":"Peoplesphere Company srl","url":"https:\/\/peoplesphere.be\/fr\/","logo":{"@type":"ImageObject","inLanguage":"fr-FR","@id":"https:\/\/peoplesphere.be\/fr\/#\/schema\/logo\/image\/","url":"https:\/\/peoplesphere.be\/fr\/wp-content\/uploads\/2023\/07\/peoplesphere-lgo-new-generik.jpg","contentUrl":"https:\/\/peoplesphere.be\/fr\/wp-content\/uploads\/2023\/07\/peoplesphere-lgo-new-generik.jpg","width":1031,"height":1479,"caption":"Peoplesphere Company srl"},"image":{"@id":"https:\/\/peoplesphere.be\/fr\/#\/schema\/logo\/image\/"},"sameAs":["https:\/\/www.facebook.com\/peoplesphere","https:\/\/twitter.com\/PeoplesphereMag","https:\/\/www.linkedin.com\/company\/7587361?trk","http:\/\/youtube.com\/peoplesphere"]},{"@type":"Person","@id":"https:\/\/peoplesphere.be\/fr\/#\/schema\/person\/7976225ff17988604334abb7b3536a7e","name":"Jean-Paul Erhard","image":{"@type":"ImageObject","inLanguage":"fr-FR","@id":"https:\/\/peoplesphere.be\/fr\/#\/schema\/person\/image\/","url":"https:\/\/secure.gravatar.com\/avatar\/f941e681460179738071629a51574930?s=96&d=mm&r=g","contentUrl":"https:\/\/secure.gravatar.com\/avatar\/f941e681460179738071629a51574930?s=96&d=mm&r=g","caption":"Jean-Paul Erhard"},"url":"https:\/\/peoplesphere.be\/fr\/author\/jpe\/"}]}},"_links":{"self":[{"href":"https:\/\/peoplesphere.be\/fr\/wp-json\/wp\/v2\/posts\/8965"}],"collection":[{"href":"https:\/\/peoplesphere.be\/fr\/wp-json\/wp\/v2\/posts"}],"about":[{"href":"https:\/\/peoplesphere.be\/fr\/wp-json\/wp\/v2\/types\/post"}],"author":[{"embeddable":true,"href":"https:\/\/peoplesphere.be\/fr\/wp-json\/wp\/v2\/users\/2"}],"replies":[{"embeddable":true,"href":"https:\/\/peoplesphere.be\/fr\/wp-json\/wp\/v2\/comments?post=8965"}],"version-history":[{"count":1,"href":"https:\/\/peoplesphere.be\/fr\/wp-json\/wp\/v2\/posts\/8965\/revisions"}],"predecessor-version":[{"id":8966,"href":"https:\/\/peoplesphere.be\/fr\/wp-json\/wp\/v2\/posts\/8965\/revisions\/8966"}],"wp:attachment":[{"href":"https:\/\/peoplesphere.be\/fr\/wp-json\/wp\/v2\/media?parent=8965"}],"wp:term":[{"taxonomy":"category","embeddable":true,"href":"https:\/\/peoplesphere.be\/fr\/wp-json\/wp\/v2\/categories?post=8965"},{"taxonomy":"post_tag","embeddable":true,"href":"https:\/\/peoplesphere.be\/fr\/wp-json\/wp\/v2\/tags?post=8965"}],"curies":[{"name":"wp","href":"https:\/\/api.w.org\/{rel}","templated":true}]}}