









{"id":8969,"date":"2020-01-28T14:28:08","date_gmt":"2020-01-28T12:28:08","guid":{"rendered":"https:\/\/peoplesphere.be\/fr\/?p=8969"},"modified":"2020-01-28T14:28:08","modified_gmt":"2020-01-28T12:28:08","slug":"ouverture-de-4eme-implantation-de-maison-denfants-dactiris-soutien-important-chercheurs-demploi","status":"publish","type":"post","link":"https:\/\/peoplesphere.be\/fr\/ouverture-de-4eme-implantation-de-maison-denfants-dactiris-soutien-important-chercheurs-demploi\/","title":{"rendered":"Ouverture de la 4\u00e8me implantation de la Maison d&rsquo;Enfants d&rsquo;Actiris: un soutien important pour les chercheurs d&#8217;emploi."},"content":{"rendered":"<p>Un nouveau lieu d\u2019accueil de l\u2019asbl Maison d\u2019Enfants d\u2019Actiris vient d\u2019ouvrir ses portes \u00e0 Bruxelles. La cr\u00e8che, fruit d&rsquo;un partenariat public-priv\u00e9, apporte une r\u00e9ponse \u00e0 la p\u00e9nurie de places d\u2019accueil de qualit\u00e9 pour les enfants issus de milieux fragilis\u00e9s en R\u00e9gion bruxelloise et permet \u00e0 leurs parents, \u00e0 la recherche d\u2019un emploi, d\u2019acc\u00e9der \u00e0 une formation ou un travail. Le projet a pu voir le jour gr\u00e2ce \u00e0 une collaboration entre Actiris et le Fonds Bernard, Gonda et Emily Vergnes, g\u00e9r\u00e9 par la Fondation Roi Baudouin.<!--more--><\/p>\n<p>Impossible bien souvent pour de jeunes parents d\u2019accepter un emploi sans place pour leur enfant dans un milieu d\u2019accueil. Difficile m\u00eame d\u2019entamer des d\u00e9marches, de se rendre \u00e0 des entretiens d\u2019embauche. Encore plus pour une famille monoparentale, dont le parent isol\u00e9 est, dans la majorit\u00e9 des cas, une femme. Or, le manque de places en cr\u00e8che \u00e0 Bruxelles est criant. Il y a, selon les derniers chiffres de l&rsquo;ONE, 1 place pour 3 enfants (de 0 \u00e0 2 ans et demi) avec des disparit\u00e9s importantes selon les communes. Selon une estimation d\u00e9mographique, il manquerait 20.000 places rien que dans la capitale. \u00c0 cela, il faut ajouter des tarifs souvent inabordables et des horaires peu flexibles. Le d\u00e9fi est immense.<\/p>\n<p>L&rsquo;absence d\u2019emploi des parents a un impact important sur la situation des enfants. Faut-il le rappeler : \u00e0 Bruxelles, 40% des enfants vivent en situation de pr\u00e9carit\u00e9. L\u2019acc\u00e8s \u00e0 l\u2019emploi peut sortir ces familles de la pauvret\u00e9. De m\u00eame, la fr\u00e9quentation d\u2019un lieu d\u2019accueil de qualit\u00e9 par leurs jeunes enfants favorise un bon d\u00e9part dans la vie, contribuant \u00e0 leur d\u00e9veloppement cognitif, social et \u00e9motionnel. C\u2019est dans cette perspective qu\u2019un partenariat a vu le jour entre Actiris et le Fonds Bernard, Gonda et Emily Vergnes, g\u00e9r\u00e9 par la Fondation Roi Baudouin. Ce Fonds philanthropique met des moyens substantiels \u00e0 la disposition d\u2019organisations qui contribuent au d\u00e9veloppement d\u2019enfants fragilis\u00e9s et qui jouent un r\u00f4le en mati\u00e8re de lutte contre la pauvret\u00e9.<\/p>\n<p>Le partenariat public-priv\u00e9, conclu pour une p\u00e9riode de 10 ans, a abouti \u00e0 la cr\u00e9ation d\u2019un nouveau lieu d\u2019accueil, inaugur\u00e9 ce 28 janvier. Le Fonds Bernard, Gonda et Emily Vergnes intervient \u00e0 hauteur de 50% de ses frais de fonctionnement, sachant qu&rsquo;il faut compter environ 1 million d&rsquo;euros par an pour faire fonctionner une cr\u00e8che.<\/p>\n<p><strong><em>Une cr\u00e8che avec des sp\u00e9cificit\u00e9s<\/em><\/strong><\/p>\n<p>La cr\u00e8che accueille les b\u00e9b\u00e9s de 0 \u00e0 3 ans des chercheurs d\u2019emploi inscrits chez Actiris ou de parents qui viennent de d\u00e9crocher un travail. Elle propose un accueil d&rsquo;urgence de 7 \u00e0 18 heures et des solutions sur mesure. D\u2019une heure \u00e0 3 mois maximum, renouvelable dans certains cas, le temps de trouver une solution durable. Cette particularit\u00e9 requiert du personnel qualifi\u00e9 et en suffisance (1 pu\u00e9ricultrice pour 4 enfants en moyenne). Bien au-dessus des r\u00e8gles impos\u00e9e par l&rsquo;ONE et Kind &amp; Gezin.<\/p>\n<p>Autre particularit\u00e9 : les tarifs sont adapt\u00e9s aux moyens financiers des parents. Pour quelques heures, le tarif varie de 1 \u00e0 4,5 \u20ac en fonction de la dur\u00e9e et de 4,10 \u00e0 6 \u20ac par jour lorsque le(s) parent(s) commence(nt) \u00e0 travailler. Apr\u00e8s 6 semaines, le tarif est recalcul\u00e9 selon les revenus des parents. Les langes, produits de soin, et repas sont pris en charge par la cr\u00e8che.<\/p>\n<p>Il s\u2019agit du 4i\u00e8me milieu d\u2019accueil de l&rsquo;absl Maison d\u2019Enfants d\u2019Actiris. Une aide pr\u00e9cieuse pour renouer avec la vie active.<\/p>\n<p>Jusqu\u2019ici, les 3 sites de la Maison d\u2019Enfants d\u2019Actiris (2 \u00e0 Molenbeek et 1 \u00e0 Saint-Josse) permettaient d\u2019accueillir en moyenne 800 enfants par an. 1000 en incluant les 14 cr\u00e8ches partenaires qui, gr\u00e2ce \u00e0 un co-financement d&rsquo;Actiris et du Fonds social europ\u00e9en, pr\u00e9voient 105 places pour des chercheurs d&#8217;emploi. Gr\u00e2ce aux 42 places suppl\u00e9mentaires de la nouvelle cr\u00e8che, 200 enfants de plus pourront \u00eatre accueillis chaque ann\u00e9e. Voil\u00e0 qui va profiter \u00e0 plusieurs centaines de familles.<\/p>\n<p>La Maison d&rsquo;Enfants d&rsquo;Actiris en quelques chiffres cl\u00e9s :<\/p>\n<ul>\n<li>Naissance en 1992<\/li>\n<li>10.000 enfants diff\u00e9rents accueillis au total<\/li>\n<li>800 enfants par an<\/li>\n<li>80% restent au final plus de 3 mois.<\/li>\n<\/ul>\n<p>&nbsp;<\/p>\n<p><em>Source: Actiris<\/em><\/p>\n","protected":false},"excerpt":{"rendered":"<p>Un nouveau lieu d\u2019accueil de l\u2019asbl Maison d\u2019Enfants d\u2019Actiris vient d\u2019ouvrir ses portes \u00e0 Bruxelles. La cr\u00e8che, fruit d&rsquo;un partenariat public-priv\u00e9, apporte une r\u00e9ponse \u00e0 la p\u00e9nurie de places d\u2019accueil de qualit\u00e9 pour les enfants issus de milieux fragilis\u00e9s en [&hellip;]<\/p>\n","protected":false},"author":2,"featured_media":8970,"comment_status":"closed","ping_status":"open","sticky":false,"template":"","format":"standard","meta":[],"categories":[65,10],"tags":[226,1407,702,2578],"yoast_head":"<!-- This site is optimized with the Yoast SEO plugin v21.0 - https:\/\/yoast.com\/wordpress\/plugins\/seo\/ -->\n<title>Ouverture de la 4\u00e8me implantation de la Maison d&#039;Enfants d&#039;Actiris: un soutien important pour les chercheurs d&#039;emploi. - Peoplesphere<\/title>\n<meta name=\"robots\" content=\"index, follow, max-snippet:-1, max-image-preview:large, max-video-preview:-1\" \/>\n<link rel=\"canonical\" href=\"https:\/\/peoplesphere.be\/fr\/ouverture-de-4eme-implantation-de-maison-denfants-dactiris-soutien-important-chercheurs-demploi\/\" \/>\n<meta property=\"og:locale\" content=\"fr_FR\" \/>\n<meta property=\"og:type\" content=\"article\" \/>\n<meta property=\"og:title\" content=\"Ouverture de la 4\u00e8me implantation de la Maison d&#039;Enfants d&#039;Actiris: un soutien important pour les chercheurs d&#039;emploi. - Peoplesphere\" \/>\n<meta property=\"og:description\" content=\"Un nouveau lieu d\u2019accueil de l\u2019asbl Maison d\u2019Enfants d\u2019Actiris vient d\u2019ouvrir ses portes \u00e0 Bruxelles. La cr\u00e8che, fruit d&rsquo;un partenariat public-priv\u00e9, apporte une r\u00e9ponse \u00e0 la p\u00e9nurie de places d\u2019accueil de qualit\u00e9 pour les enfants issus de milieux fragilis\u00e9s en [&hellip;]\" \/>\n<meta property=\"og:url\" content=\"https:\/\/peoplesphere.be\/fr\/ouverture-de-4eme-implantation-de-maison-denfants-dactiris-soutien-important-chercheurs-demploi\/\" \/>\n<meta property=\"og:site_name\" content=\"Peoplesphere\" \/>\n<meta property=\"article:publisher\" content=\"https:\/\/www.facebook.com\/peoplesphere\" \/>\n<meta property=\"article:published_time\" content=\"2020-01-28T12:28:08+00:00\" \/>\n<meta property=\"og:image\" content=\"https:\/\/peoplesphere.be\/fr\/wp-content\/uploads\/2020\/01\/maisonenfantrs-actiris.jpeg\" \/>\n\t<meta property=\"og:image:width\" content=\"580\" \/>\n\t<meta property=\"og:image:height\" content=\"435\" \/>\n\t<meta property=\"og:image:type\" content=\"image\/jpeg\" \/>\n<meta name=\"author\" content=\"Jean-Paul Erhard\" \/>\n<meta name=\"twitter:card\" content=\"summary_large_image\" \/>\n<meta name=\"twitter:creator\" content=\"@PeoplesphereMag\" \/>\n<meta name=\"twitter:site\" content=\"@PeoplesphereMag\" \/>\n<meta name=\"twitter:label1\" content=\"\u00c9crit par\" \/>\n\t<meta name=\"twitter:data1\" content=\"Jean-Paul Erhard\" \/>\n\t<meta name=\"twitter:label2\" content=\"Dur\u00e9e de lecture estim\u00e9e\" \/>\n\t<meta name=\"twitter:data2\" content=\"3 minutes\" \/>\n<script type=\"application\/ld+json\" class=\"yoast-schema-graph\">{\"@context\":\"https:\/\/schema.org\",\"@graph\":[{\"@type\":\"Article\",\"@id\":\"https:\/\/peoplesphere.be\/fr\/ouverture-de-4eme-implantation-de-maison-denfants-dactiris-soutien-important-chercheurs-demploi\/#article\",\"isPartOf\":{\"@id\":\"https:\/\/peoplesphere.be\/fr\/ouverture-de-4eme-implantation-de-maison-denfants-dactiris-soutien-important-chercheurs-demploi\/\"},\"author\":{\"name\":\"Jean-Paul Erhard\",\"@id\":\"https:\/\/peoplesphere.be\/fr\/#\/schema\/person\/7976225ff17988604334abb7b3536a7e\"},\"headline\":\"Ouverture de la 4\u00e8me implantation de la Maison d&rsquo;Enfants d&rsquo;Actiris: un soutien important pour les chercheurs d&#8217;emploi.\",\"datePublished\":\"2020-01-28T12:28:08+00:00\",\"dateModified\":\"2020-01-28T12:28:08+00:00\",\"mainEntityOfPage\":{\"@id\":\"https:\/\/peoplesphere.be\/fr\/ouverture-de-4eme-implantation-de-maison-denfants-dactiris-soutien-important-chercheurs-demploi\/\"},\"wordCount\":706,\"publisher\":{\"@id\":\"https:\/\/peoplesphere.be\/fr\/#organization\"},\"keywords\":[\"actiris\",\"chercheurs d'emploi\",\"march\u00e9 de l'emploi\",\"partenariat priv\u00e9\/public\"],\"articleSection\":[\"Actualit\u00e9s\",\"Digital\"],\"inLanguage\":\"fr-FR\"},{\"@type\":\"WebPage\",\"@id\":\"https:\/\/peoplesphere.be\/fr\/ouverture-de-4eme-implantation-de-maison-denfants-dactiris-soutien-important-chercheurs-demploi\/\",\"url\":\"https:\/\/peoplesphere.be\/fr\/ouverture-de-4eme-implantation-de-maison-denfants-dactiris-soutien-important-chercheurs-demploi\/\",\"name\":\"Ouverture de la 4\u00e8me implantation de la Maison d'Enfants d'Actiris: un soutien important pour les chercheurs d'emploi. - Peoplesphere\",\"isPartOf\":{\"@id\":\"https:\/\/peoplesphere.be\/fr\/#website\"},\"datePublished\":\"2020-01-28T12:28:08+00:00\",\"dateModified\":\"2020-01-28T12:28:08+00:00\",\"breadcrumb\":{\"@id\":\"https:\/\/peoplesphere.be\/fr\/ouverture-de-4eme-implantation-de-maison-denfants-dactiris-soutien-important-chercheurs-demploi\/#breadcrumb\"},\"inLanguage\":\"fr-FR\",\"potentialAction\":[{\"@type\":\"ReadAction\",\"target\":[\"https:\/\/peoplesphere.be\/fr\/ouverture-de-4eme-implantation-de-maison-denfants-dactiris-soutien-important-chercheurs-demploi\/\"]}]},{\"@type\":\"BreadcrumbList\",\"@id\":\"https:\/\/peoplesphere.be\/fr\/ouverture-de-4eme-implantation-de-maison-denfants-dactiris-soutien-important-chercheurs-demploi\/#breadcrumb\",\"itemListElement\":[{\"@type\":\"ListItem\",\"position\":1,\"name\":\"Accueil\",\"item\":\"https:\/\/peoplesphere.be\/fr\/\"},{\"@type\":\"ListItem\",\"position\":2,\"name\":\"Ouverture de la 4\u00e8me implantation de la Maison d&rsquo;Enfants d&rsquo;Actiris: un soutien important pour les chercheurs d&#8217;emploi.\"}]},{\"@type\":\"WebSite\",\"@id\":\"https:\/\/peoplesphere.be\/fr\/#website\",\"url\":\"https:\/\/peoplesphere.be\/fr\/\",\"name\":\"Peoplesphere\",\"description\":\"The People Managers Magazine\",\"publisher\":{\"@id\":\"https:\/\/peoplesphere.be\/fr\/#organization\"},\"potentialAction\":[{\"@type\":\"SearchAction\",\"target\":{\"@type\":\"EntryPoint\",\"urlTemplate\":\"https:\/\/peoplesphere.be\/fr\/?s={search_term_string}\"},\"query-input\":\"required name=search_term_string\"}],\"inLanguage\":\"fr-FR\"},{\"@type\":\"Organization\",\"@id\":\"https:\/\/peoplesphere.be\/fr\/#organization\",\"name\":\"Peoplesphere Company srl\",\"url\":\"https:\/\/peoplesphere.be\/fr\/\",\"logo\":{\"@type\":\"ImageObject\",\"inLanguage\":\"fr-FR\",\"@id\":\"https:\/\/peoplesphere.be\/fr\/#\/schema\/logo\/image\/\",\"url\":\"https:\/\/peoplesphere.be\/fr\/wp-content\/uploads\/2023\/07\/peoplesphere-lgo-new-generik.jpg\",\"contentUrl\":\"https:\/\/peoplesphere.be\/fr\/wp-content\/uploads\/2023\/07\/peoplesphere-lgo-new-generik.jpg\",\"width\":1031,\"height\":1479,\"caption\":\"Peoplesphere Company srl\"},\"image\":{\"@id\":\"https:\/\/peoplesphere.be\/fr\/#\/schema\/logo\/image\/\"},\"sameAs\":[\"https:\/\/www.facebook.com\/peoplesphere\",\"https:\/\/twitter.com\/PeoplesphereMag\",\"https:\/\/www.linkedin.com\/company\/7587361?trk\",\"http:\/\/youtube.com\/peoplesphere\"]},{\"@type\":\"Person\",\"@id\":\"https:\/\/peoplesphere.be\/fr\/#\/schema\/person\/7976225ff17988604334abb7b3536a7e\",\"name\":\"Jean-Paul Erhard\",\"image\":{\"@type\":\"ImageObject\",\"inLanguage\":\"fr-FR\",\"@id\":\"https:\/\/peoplesphere.be\/fr\/#\/schema\/person\/image\/\",\"url\":\"https:\/\/secure.gravatar.com\/avatar\/f941e681460179738071629a51574930?s=96&d=mm&r=g\",\"contentUrl\":\"https:\/\/secure.gravatar.com\/avatar\/f941e681460179738071629a51574930?s=96&d=mm&r=g\",\"caption\":\"Jean-Paul Erhard\"},\"url\":\"https:\/\/peoplesphere.be\/fr\/author\/jpe\/\"}]}<\/script>\n<!-- \/ Yoast SEO plugin. -->","yoast_head_json":{"title":"Ouverture de la 4\u00e8me implantation de la Maison d'Enfants d'Actiris: un soutien important pour les chercheurs d'emploi. - Peoplesphere","robots":{"index":"index","follow":"follow","max-snippet":"max-snippet:-1","max-image-preview":"max-image-preview:large","max-video-preview":"max-video-preview:-1"},"canonical":"https:\/\/peoplesphere.be\/fr\/ouverture-de-4eme-implantation-de-maison-denfants-dactiris-soutien-important-chercheurs-demploi\/","og_locale":"fr_FR","og_type":"article","og_title":"Ouverture de la 4\u00e8me implantation de la Maison d'Enfants d'Actiris: un soutien important pour les chercheurs d'emploi. - Peoplesphere","og_description":"Un nouveau lieu d\u2019accueil de l\u2019asbl Maison d\u2019Enfants d\u2019Actiris vient d\u2019ouvrir ses portes \u00e0 Bruxelles. La cr\u00e8che, fruit d&rsquo;un partenariat public-priv\u00e9, apporte une r\u00e9ponse \u00e0 la p\u00e9nurie de places d\u2019accueil de qualit\u00e9 pour les enfants issus de milieux fragilis\u00e9s en [&hellip;]","og_url":"https:\/\/peoplesphere.be\/fr\/ouverture-de-4eme-implantation-de-maison-denfants-dactiris-soutien-important-chercheurs-demploi\/","og_site_name":"Peoplesphere","article_publisher":"https:\/\/www.facebook.com\/peoplesphere","article_published_time":"2020-01-28T12:28:08+00:00","og_image":[{"width":580,"height":435,"url":"https:\/\/peoplesphere.be\/fr\/wp-content\/uploads\/2020\/01\/maisonenfantrs-actiris.jpeg","type":"image\/jpeg"}],"author":"Jean-Paul Erhard","twitter_card":"summary_large_image","twitter_creator":"@PeoplesphereMag","twitter_site":"@PeoplesphereMag","twitter_misc":{"\u00c9crit par":"Jean-Paul Erhard","Dur\u00e9e de lecture estim\u00e9e":"3 minutes"},"schema":{"@context":"https:\/\/schema.org","@graph":[{"@type":"Article","@id":"https:\/\/peoplesphere.be\/fr\/ouverture-de-4eme-implantation-de-maison-denfants-dactiris-soutien-important-chercheurs-demploi\/#article","isPartOf":{"@id":"https:\/\/peoplesphere.be\/fr\/ouverture-de-4eme-implantation-de-maison-denfants-dactiris-soutien-important-chercheurs-demploi\/"},"author":{"name":"Jean-Paul Erhard","@id":"https:\/\/peoplesphere.be\/fr\/#\/schema\/person\/7976225ff17988604334abb7b3536a7e"},"headline":"Ouverture de la 4\u00e8me implantation de la Maison d&rsquo;Enfants d&rsquo;Actiris: un soutien important pour les chercheurs d&#8217;emploi.","datePublished":"2020-01-28T12:28:08+00:00","dateModified":"2020-01-28T12:28:08+00:00","mainEntityOfPage":{"@id":"https:\/\/peoplesphere.be\/fr\/ouverture-de-4eme-implantation-de-maison-denfants-dactiris-soutien-important-chercheurs-demploi\/"},"wordCount":706,"publisher":{"@id":"https:\/\/peoplesphere.be\/fr\/#organization"},"keywords":["actiris","chercheurs d'emploi","march\u00e9 de l'emploi","partenariat priv\u00e9\/public"],"articleSection":["Actualit\u00e9s","Digital"],"inLanguage":"fr-FR"},{"@type":"WebPage","@id":"https:\/\/peoplesphere.be\/fr\/ouverture-de-4eme-implantation-de-maison-denfants-dactiris-soutien-important-chercheurs-demploi\/","url":"https:\/\/peoplesphere.be\/fr\/ouverture-de-4eme-implantation-de-maison-denfants-dactiris-soutien-important-chercheurs-demploi\/","name":"Ouverture de la 4\u00e8me implantation de la Maison d'Enfants d'Actiris: un soutien important pour les chercheurs d'emploi. - Peoplesphere","isPartOf":{"@id":"https:\/\/peoplesphere.be\/fr\/#website"},"datePublished":"2020-01-28T12:28:08+00:00","dateModified":"2020-01-28T12:28:08+00:00","breadcrumb":{"@id":"https:\/\/peoplesphere.be\/fr\/ouverture-de-4eme-implantation-de-maison-denfants-dactiris-soutien-important-chercheurs-demploi\/#breadcrumb"},"inLanguage":"fr-FR","potentialAction":[{"@type":"ReadAction","target":["https:\/\/peoplesphere.be\/fr\/ouverture-de-4eme-implantation-de-maison-denfants-dactiris-soutien-important-chercheurs-demploi\/"]}]},{"@type":"BreadcrumbList","@id":"https:\/\/peoplesphere.be\/fr\/ouverture-de-4eme-implantation-de-maison-denfants-dactiris-soutien-important-chercheurs-demploi\/#breadcrumb","itemListElement":[{"@type":"ListItem","position":1,"name":"Accueil","item":"https:\/\/peoplesphere.be\/fr\/"},{"@type":"ListItem","position":2,"name":"Ouverture de la 4\u00e8me implantation de la Maison d&rsquo;Enfants d&rsquo;Actiris: un soutien important pour les chercheurs d&#8217;emploi."}]},{"@type":"WebSite","@id":"https:\/\/peoplesphere.be\/fr\/#website","url":"https:\/\/peoplesphere.be\/fr\/","name":"Peoplesphere","description":"The People Managers Magazine","publisher":{"@id":"https:\/\/peoplesphere.be\/fr\/#organization"},"potentialAction":[{"@type":"SearchAction","target":{"@type":"EntryPoint","urlTemplate":"https:\/\/peoplesphere.be\/fr\/?s={search_term_string}"},"query-input":"required name=search_term_string"}],"inLanguage":"fr-FR"},{"@type":"Organization","@id":"https:\/\/peoplesphere.be\/fr\/#organization","name":"Peoplesphere Company srl","url":"https:\/\/peoplesphere.be\/fr\/","logo":{"@type":"ImageObject","inLanguage":"fr-FR","@id":"https:\/\/peoplesphere.be\/fr\/#\/schema\/logo\/image\/","url":"https:\/\/peoplesphere.be\/fr\/wp-content\/uploads\/2023\/07\/peoplesphere-lgo-new-generik.jpg","contentUrl":"https:\/\/peoplesphere.be\/fr\/wp-content\/uploads\/2023\/07\/peoplesphere-lgo-new-generik.jpg","width":1031,"height":1479,"caption":"Peoplesphere Company srl"},"image":{"@id":"https:\/\/peoplesphere.be\/fr\/#\/schema\/logo\/image\/"},"sameAs":["https:\/\/www.facebook.com\/peoplesphere","https:\/\/twitter.com\/PeoplesphereMag","https:\/\/www.linkedin.com\/company\/7587361?trk","http:\/\/youtube.com\/peoplesphere"]},{"@type":"Person","@id":"https:\/\/peoplesphere.be\/fr\/#\/schema\/person\/7976225ff17988604334abb7b3536a7e","name":"Jean-Paul Erhard","image":{"@type":"ImageObject","inLanguage":"fr-FR","@id":"https:\/\/peoplesphere.be\/fr\/#\/schema\/person\/image\/","url":"https:\/\/secure.gravatar.com\/avatar\/f941e681460179738071629a51574930?s=96&d=mm&r=g","contentUrl":"https:\/\/secure.gravatar.com\/avatar\/f941e681460179738071629a51574930?s=96&d=mm&r=g","caption":"Jean-Paul Erhard"},"url":"https:\/\/peoplesphere.be\/fr\/author\/jpe\/"}]}},"_links":{"self":[{"href":"https:\/\/peoplesphere.be\/fr\/wp-json\/wp\/v2\/posts\/8969"}],"collection":[{"href":"https:\/\/peoplesphere.be\/fr\/wp-json\/wp\/v2\/posts"}],"about":[{"href":"https:\/\/peoplesphere.be\/fr\/wp-json\/wp\/v2\/types\/post"}],"author":[{"embeddable":true,"href":"https:\/\/peoplesphere.be\/fr\/wp-json\/wp\/v2\/users\/2"}],"replies":[{"embeddable":true,"href":"https:\/\/peoplesphere.be\/fr\/wp-json\/wp\/v2\/comments?post=8969"}],"version-history":[{"count":1,"href":"https:\/\/peoplesphere.be\/fr\/wp-json\/wp\/v2\/posts\/8969\/revisions"}],"predecessor-version":[{"id":8971,"href":"https:\/\/peoplesphere.be\/fr\/wp-json\/wp\/v2\/posts\/8969\/revisions\/8971"}],"wp:featuredmedia":[{"embeddable":true,"href":"https:\/\/peoplesphere.be\/fr\/wp-json\/wp\/v2\/media\/8970"}],"wp:attachment":[{"href":"https:\/\/peoplesphere.be\/fr\/wp-json\/wp\/v2\/media?parent=8969"}],"wp:term":[{"taxonomy":"category","embeddable":true,"href":"https:\/\/peoplesphere.be\/fr\/wp-json\/wp\/v2\/categories?post=8969"},{"taxonomy":"post_tag","embeddable":true,"href":"https:\/\/peoplesphere.be\/fr\/wp-json\/wp\/v2\/tags?post=8969"}],"curies":[{"name":"wp","href":"https:\/\/api.w.org\/{rel}","templated":true}]}}