









{"id":8985,"date":"2020-01-29T17:06:03","date_gmt":"2020-01-29T15:06:03","guid":{"rendered":"https:\/\/peoplesphere.be\/fr\/?p=8985"},"modified":"2020-01-29T17:12:25","modified_gmt":"2020-01-29T15:12:25","slug":"cour-constitutionnelle-a-tranche-cash-for-cest-deja-termine","status":"publish","type":"post","link":"https:\/\/peoplesphere.be\/fr\/cour-constitutionnelle-a-tranche-cash-for-cest-deja-termine\/","title":{"rendered":"La Cour constitutionnelle a tranch\u00e9: le &lsquo;cash for car&rsquo;, c&rsquo;est d\u00e9j\u00e0 termin\u00e9!"},"content":{"rendered":"<p>La Cour Constitutionnelle a annul\u00e9 la loi du 30 mars 2018 concernant l\u2019instauration d\u2019une allocation de mobilit\u00e9. Les effets de la loi sont toutefois maintenus jusqu\u2019au 31 d\u00e9cembre 2020. \u00c0 ce moment, la loi devra avoir \u00e9t\u00e9 modifi\u00e9e pour r\u00e9pondre aux critiques de la Cour ou bien elle cessera d\u00e9finitivement ses effets. C\u2019est principalement le traitement fiscal et parafiscal de l\u2019allocation de mobilit\u00e9 qui est remis en cause par la Cour.<!--more--><\/p>\n<p>L\u2019allocation de mobilit\u00e9 a \u00e9t\u00e9 introduite en vue de permettre aux travailleurs b\u00e9n\u00e9ficiaires d\u2019une voiture de soci\u00e9t\u00e9 de l\u2019\u00e9changer contre une allocation (cash for car). Cette allocation en cash b\u00e9n\u00e9ficie d\u2019un traitement fiscal avantageux et n\u2019est pas soumise aux cotisations de s\u00e9curit\u00e9 sociale. Ce syst\u00e8me coexiste avec le budget mobilit\u00e9 introduit en 2019 \u00e0 l\u2019initiative des partenaires sociaux.<br \/>\nDans l&rsquo;hypoth\u00e8se d&rsquo;une annulation pure et simple de la loi, les travailleurs qui ont fait usage de l\u2019allocation de mobilit\u00e9 devront opter pour une autre solution et \u00e9ventuellement un retour vers la voiture de soci\u00e9t\u00e9.<\/p>\n<p>Bien que l\u2019allocation de mobilit\u00e9 soit un instrument efficace pour r\u00e9duire l\u2019utilisation des voitures de soci\u00e9t\u00e9 en Belgique et, partant, la congestion du trafic, ce syst\u00e8me a fait l\u2019objet de nombreuses attaques depuis sa cr\u00e9ation. Le coup de gr\u00e2ce est tomb\u00e9 le 23 janvier dernier, car la Cour Constitutionnelle a estim\u00e9, dans le cadre d\u2019un recours diligent\u00e9 par des organisations climatiques et 2 des 3 organisations syndicales que ce syst\u00e8me \u00e9tait contraire aux principes constitutionnels d\u2019\u00e9galit\u00e9 et de non-discrimination.<\/p>\n<p>Elle estime qu\u2019il existe une discrimination entre les travailleurs qui ne b\u00e9n\u00e9ficient pas de l\u2019allocation de mobilit\u00e9 et dont le salaire est enti\u00e8rement soumis aux retenues fiscales et parafiscales et les travailleurs qui re\u00e7oivent l\u2019allocation de mobilit\u00e9 dont ils peuvent b\u00e9n\u00e9ficier librement (comme une r\u00e9mun\u00e9ration ordinaire) mais qui est soumise \u00e0 un traitement fiscal et parafiscal avantageux.<\/p>\n<p>La Cour Constitutionnelle n\u2019a pas \u00e9t\u00e9 convaincue de la pertinence de ce syst\u00e8me encourageant la renonciation \u00e0 une voiture de soci\u00e9t\u00e9 pour r\u00e9duire le nombre de v\u00e9hicules en circulation et de son impact sur la mobilit\u00e9 et sur l\u2019environnement.<\/p>\n<p>Selon la FEB, cette conclusion a de quoi surprendre: <em>\u00ab\u00a0elle est \u00e0 tout le moins h\u00e2tive, car elle ne repose sur aucune \u00e9valuation concr\u00e8te de la mesure. Il aurait \u00e9t\u00e9 plus appropri\u00e9 de laisser le temps au syst\u00e8me de faire ses preuves (ou non) ce qui aurait permis au (futur) gouvernement de proc\u00e9der \u00e0 une \u00e9valuation en bonne et due forme et au besoin d\u2019ajuster sa politique. Heureusement, cette d\u00e9cision n\u2019a pas d\u2019impact imm\u00e9diat sur le budget de mobilit\u00e9 qui offre toujours une excellente alternative aux travailleurs b\u00e9n\u00e9ficiaires d\u2019une voiture de soci\u00e9t\u00e9 et qui sont d\u00e9sireux de repenser leurs modes de d\u00e9placements.\u00a0\u00bb<\/em><\/p>\n<p><em>Source: FEB<\/em><\/p>\n","protected":false},"excerpt":{"rendered":"<p>La Cour Constitutionnelle a annul\u00e9 la loi du 30 mars 2018 concernant l\u2019instauration d\u2019une allocation de mobilit\u00e9. Les effets de la loi sont toutefois maintenus jusqu\u2019au 31 d\u00e9cembre 2020. \u00c0 ce moment, la loi devra avoir \u00e9t\u00e9 modifi\u00e9e pour r\u00e9pondre [&hellip;]<\/p>\n","protected":false},"author":2,"featured_media":0,"comment_status":"closed","ping_status":"open","sticky":false,"template":"","format":"standard","meta":[],"categories":[65,10],"tags":[1825,1492,2894,1207,136,228],"yoast_head":"<!-- This site is optimized with the Yoast SEO plugin v21.0 - https:\/\/yoast.com\/wordpress\/plugins\/seo\/ -->\n<title>La Cour constitutionnelle a tranch\u00e9: le &#039;cash for car&#039;, c&#039;est d\u00e9j\u00e0 termin\u00e9! - Peoplesphere<\/title>\n<meta name=\"robots\" content=\"index, follow, max-snippet:-1, max-image-preview:large, max-video-preview:-1\" \/>\n<link rel=\"canonical\" href=\"https:\/\/peoplesphere.be\/fr\/cour-constitutionnelle-a-tranche-cash-for-cest-deja-termine\/\" \/>\n<meta property=\"og:locale\" content=\"fr_FR\" \/>\n<meta property=\"og:type\" content=\"article\" \/>\n<meta property=\"og:title\" content=\"La Cour constitutionnelle a tranch\u00e9: le &#039;cash for car&#039;, c&#039;est d\u00e9j\u00e0 termin\u00e9! - Peoplesphere\" \/>\n<meta property=\"og:description\" content=\"La Cour Constitutionnelle a annul\u00e9 la loi du 30 mars 2018 concernant l\u2019instauration d\u2019une allocation de mobilit\u00e9. Les effets de la loi sont toutefois maintenus jusqu\u2019au 31 d\u00e9cembre 2020. \u00c0 ce moment, la loi devra avoir \u00e9t\u00e9 modifi\u00e9e pour r\u00e9pondre [&hellip;]\" \/>\n<meta property=\"og:url\" content=\"https:\/\/peoplesphere.be\/fr\/cour-constitutionnelle-a-tranche-cash-for-cest-deja-termine\/\" \/>\n<meta property=\"og:site_name\" content=\"Peoplesphere\" \/>\n<meta property=\"article:publisher\" content=\"https:\/\/www.facebook.com\/peoplesphere\" \/>\n<meta property=\"article:published_time\" content=\"2020-01-29T15:06:03+00:00\" \/>\n<meta property=\"article:modified_time\" content=\"2020-01-29T15:12:25+00:00\" \/>\n<meta property=\"og:image\" content=\"http:\/\/www.peoplesphere.be\/fr\/wp-content\/uploads\/2016\/07\/facebook-default-posting-1200x628px.jpg\" \/>\n<meta name=\"author\" content=\"Jean-Paul Erhard\" \/>\n<meta name=\"twitter:card\" content=\"summary_large_image\" \/>\n<meta name=\"twitter:creator\" content=\"@PeoplesphereMag\" \/>\n<meta name=\"twitter:site\" content=\"@PeoplesphereMag\" \/>\n<meta name=\"twitter:label1\" content=\"\u00c9crit par\" \/>\n\t<meta name=\"twitter:data1\" content=\"Jean-Paul Erhard\" \/>\n\t<meta name=\"twitter:label2\" content=\"Dur\u00e9e de lecture estim\u00e9e\" \/>\n\t<meta name=\"twitter:data2\" content=\"2 minutes\" \/>\n<script type=\"application\/ld+json\" class=\"yoast-schema-graph\">{\"@context\":\"https:\/\/schema.org\",\"@graph\":[{\"@type\":\"Article\",\"@id\":\"https:\/\/peoplesphere.be\/fr\/cour-constitutionnelle-a-tranche-cash-for-cest-deja-termine\/#article\",\"isPartOf\":{\"@id\":\"https:\/\/peoplesphere.be\/fr\/cour-constitutionnelle-a-tranche-cash-for-cest-deja-termine\/\"},\"author\":{\"name\":\"Jean-Paul Erhard\",\"@id\":\"https:\/\/peoplesphere.be\/fr\/#\/schema\/person\/7976225ff17988604334abb7b3536a7e\"},\"headline\":\"La Cour constitutionnelle a tranch\u00e9: le &lsquo;cash for car&rsquo;, c&rsquo;est d\u00e9j\u00e0 termin\u00e9!\",\"datePublished\":\"2020-01-29T15:06:03+00:00\",\"dateModified\":\"2020-01-29T15:12:25+00:00\",\"mainEntityOfPage\":{\"@id\":\"https:\/\/peoplesphere.be\/fr\/cour-constitutionnelle-a-tranche-cash-for-cest-deja-termine\/\"},\"wordCount\":510,\"publisher\":{\"@id\":\"https:\/\/peoplesphere.be\/fr\/#organization\"},\"keywords\":[\"allocation de mobilit\u00e9\",\"cash for car\",\"Cour constitutionnelle\",\"FEB\",\"mobilit\u00e9\",\"r\u00e9mun\u00e9ration alternative\"],\"articleSection\":[\"Actualit\u00e9s\",\"Digital\"],\"inLanguage\":\"fr-FR\"},{\"@type\":\"WebPage\",\"@id\":\"https:\/\/peoplesphere.be\/fr\/cour-constitutionnelle-a-tranche-cash-for-cest-deja-termine\/\",\"url\":\"https:\/\/peoplesphere.be\/fr\/cour-constitutionnelle-a-tranche-cash-for-cest-deja-termine\/\",\"name\":\"La Cour constitutionnelle a tranch\u00e9: le 'cash for car', c'est d\u00e9j\u00e0 termin\u00e9! - Peoplesphere\",\"isPartOf\":{\"@id\":\"https:\/\/peoplesphere.be\/fr\/#website\"},\"datePublished\":\"2020-01-29T15:06:03+00:00\",\"dateModified\":\"2020-01-29T15:12:25+00:00\",\"breadcrumb\":{\"@id\":\"https:\/\/peoplesphere.be\/fr\/cour-constitutionnelle-a-tranche-cash-for-cest-deja-termine\/#breadcrumb\"},\"inLanguage\":\"fr-FR\",\"potentialAction\":[{\"@type\":\"ReadAction\",\"target\":[\"https:\/\/peoplesphere.be\/fr\/cour-constitutionnelle-a-tranche-cash-for-cest-deja-termine\/\"]}]},{\"@type\":\"BreadcrumbList\",\"@id\":\"https:\/\/peoplesphere.be\/fr\/cour-constitutionnelle-a-tranche-cash-for-cest-deja-termine\/#breadcrumb\",\"itemListElement\":[{\"@type\":\"ListItem\",\"position\":1,\"name\":\"Accueil\",\"item\":\"https:\/\/peoplesphere.be\/fr\/\"},{\"@type\":\"ListItem\",\"position\":2,\"name\":\"La Cour constitutionnelle a tranch\u00e9: le &lsquo;cash for car&rsquo;, c&rsquo;est d\u00e9j\u00e0 termin\u00e9!\"}]},{\"@type\":\"WebSite\",\"@id\":\"https:\/\/peoplesphere.be\/fr\/#website\",\"url\":\"https:\/\/peoplesphere.be\/fr\/\",\"name\":\"Peoplesphere\",\"description\":\"The People Managers Magazine\",\"publisher\":{\"@id\":\"https:\/\/peoplesphere.be\/fr\/#organization\"},\"potentialAction\":[{\"@type\":\"SearchAction\",\"target\":{\"@type\":\"EntryPoint\",\"urlTemplate\":\"https:\/\/peoplesphere.be\/fr\/?s={search_term_string}\"},\"query-input\":\"required name=search_term_string\"}],\"inLanguage\":\"fr-FR\"},{\"@type\":\"Organization\",\"@id\":\"https:\/\/peoplesphere.be\/fr\/#organization\",\"name\":\"Peoplesphere Company srl\",\"url\":\"https:\/\/peoplesphere.be\/fr\/\",\"logo\":{\"@type\":\"ImageObject\",\"inLanguage\":\"fr-FR\",\"@id\":\"https:\/\/peoplesphere.be\/fr\/#\/schema\/logo\/image\/\",\"url\":\"https:\/\/peoplesphere.be\/fr\/wp-content\/uploads\/2023\/07\/peoplesphere-lgo-new-generik.jpg\",\"contentUrl\":\"https:\/\/peoplesphere.be\/fr\/wp-content\/uploads\/2023\/07\/peoplesphere-lgo-new-generik.jpg\",\"width\":1031,\"height\":1479,\"caption\":\"Peoplesphere Company srl\"},\"image\":{\"@id\":\"https:\/\/peoplesphere.be\/fr\/#\/schema\/logo\/image\/\"},\"sameAs\":[\"https:\/\/www.facebook.com\/peoplesphere\",\"https:\/\/twitter.com\/PeoplesphereMag\",\"https:\/\/www.linkedin.com\/company\/7587361?trk\",\"http:\/\/youtube.com\/peoplesphere\"]},{\"@type\":\"Person\",\"@id\":\"https:\/\/peoplesphere.be\/fr\/#\/schema\/person\/7976225ff17988604334abb7b3536a7e\",\"name\":\"Jean-Paul Erhard\",\"image\":{\"@type\":\"ImageObject\",\"inLanguage\":\"fr-FR\",\"@id\":\"https:\/\/peoplesphere.be\/fr\/#\/schema\/person\/image\/\",\"url\":\"https:\/\/secure.gravatar.com\/avatar\/f941e681460179738071629a51574930?s=96&d=mm&r=g\",\"contentUrl\":\"https:\/\/secure.gravatar.com\/avatar\/f941e681460179738071629a51574930?s=96&d=mm&r=g\",\"caption\":\"Jean-Paul Erhard\"},\"url\":\"https:\/\/peoplesphere.be\/fr\/author\/jpe\/\"}]}<\/script>\n<!-- \/ Yoast SEO plugin. -->","yoast_head_json":{"title":"La Cour constitutionnelle a tranch\u00e9: le 'cash for car', c'est d\u00e9j\u00e0 termin\u00e9! - Peoplesphere","robots":{"index":"index","follow":"follow","max-snippet":"max-snippet:-1","max-image-preview":"max-image-preview:large","max-video-preview":"max-video-preview:-1"},"canonical":"https:\/\/peoplesphere.be\/fr\/cour-constitutionnelle-a-tranche-cash-for-cest-deja-termine\/","og_locale":"fr_FR","og_type":"article","og_title":"La Cour constitutionnelle a tranch\u00e9: le 'cash for car', c'est d\u00e9j\u00e0 termin\u00e9! - Peoplesphere","og_description":"La Cour Constitutionnelle a annul\u00e9 la loi du 30 mars 2018 concernant l\u2019instauration d\u2019une allocation de mobilit\u00e9. Les effets de la loi sont toutefois maintenus jusqu\u2019au 31 d\u00e9cembre 2020. \u00c0 ce moment, la loi devra avoir \u00e9t\u00e9 modifi\u00e9e pour r\u00e9pondre [&hellip;]","og_url":"https:\/\/peoplesphere.be\/fr\/cour-constitutionnelle-a-tranche-cash-for-cest-deja-termine\/","og_site_name":"Peoplesphere","article_publisher":"https:\/\/www.facebook.com\/peoplesphere","article_published_time":"2020-01-29T15:06:03+00:00","article_modified_time":"2020-01-29T15:12:25+00:00","og_image":[{"url":"http:\/\/www.peoplesphere.be\/fr\/wp-content\/uploads\/2016\/07\/facebook-default-posting-1200x628px.jpg"}],"author":"Jean-Paul Erhard","twitter_card":"summary_large_image","twitter_creator":"@PeoplesphereMag","twitter_site":"@PeoplesphereMag","twitter_misc":{"\u00c9crit par":"Jean-Paul Erhard","Dur\u00e9e de lecture estim\u00e9e":"2 minutes"},"schema":{"@context":"https:\/\/schema.org","@graph":[{"@type":"Article","@id":"https:\/\/peoplesphere.be\/fr\/cour-constitutionnelle-a-tranche-cash-for-cest-deja-termine\/#article","isPartOf":{"@id":"https:\/\/peoplesphere.be\/fr\/cour-constitutionnelle-a-tranche-cash-for-cest-deja-termine\/"},"author":{"name":"Jean-Paul Erhard","@id":"https:\/\/peoplesphere.be\/fr\/#\/schema\/person\/7976225ff17988604334abb7b3536a7e"},"headline":"La Cour constitutionnelle a tranch\u00e9: le &lsquo;cash for car&rsquo;, c&rsquo;est d\u00e9j\u00e0 termin\u00e9!","datePublished":"2020-01-29T15:06:03+00:00","dateModified":"2020-01-29T15:12:25+00:00","mainEntityOfPage":{"@id":"https:\/\/peoplesphere.be\/fr\/cour-constitutionnelle-a-tranche-cash-for-cest-deja-termine\/"},"wordCount":510,"publisher":{"@id":"https:\/\/peoplesphere.be\/fr\/#organization"},"keywords":["allocation de mobilit\u00e9","cash for car","Cour constitutionnelle","FEB","mobilit\u00e9","r\u00e9mun\u00e9ration alternative"],"articleSection":["Actualit\u00e9s","Digital"],"inLanguage":"fr-FR"},{"@type":"WebPage","@id":"https:\/\/peoplesphere.be\/fr\/cour-constitutionnelle-a-tranche-cash-for-cest-deja-termine\/","url":"https:\/\/peoplesphere.be\/fr\/cour-constitutionnelle-a-tranche-cash-for-cest-deja-termine\/","name":"La Cour constitutionnelle a tranch\u00e9: le 'cash for car', c'est d\u00e9j\u00e0 termin\u00e9! - Peoplesphere","isPartOf":{"@id":"https:\/\/peoplesphere.be\/fr\/#website"},"datePublished":"2020-01-29T15:06:03+00:00","dateModified":"2020-01-29T15:12:25+00:00","breadcrumb":{"@id":"https:\/\/peoplesphere.be\/fr\/cour-constitutionnelle-a-tranche-cash-for-cest-deja-termine\/#breadcrumb"},"inLanguage":"fr-FR","potentialAction":[{"@type":"ReadAction","target":["https:\/\/peoplesphere.be\/fr\/cour-constitutionnelle-a-tranche-cash-for-cest-deja-termine\/"]}]},{"@type":"BreadcrumbList","@id":"https:\/\/peoplesphere.be\/fr\/cour-constitutionnelle-a-tranche-cash-for-cest-deja-termine\/#breadcrumb","itemListElement":[{"@type":"ListItem","position":1,"name":"Accueil","item":"https:\/\/peoplesphere.be\/fr\/"},{"@type":"ListItem","position":2,"name":"La Cour constitutionnelle a tranch\u00e9: le &lsquo;cash for car&rsquo;, c&rsquo;est d\u00e9j\u00e0 termin\u00e9!"}]},{"@type":"WebSite","@id":"https:\/\/peoplesphere.be\/fr\/#website","url":"https:\/\/peoplesphere.be\/fr\/","name":"Peoplesphere","description":"The People Managers Magazine","publisher":{"@id":"https:\/\/peoplesphere.be\/fr\/#organization"},"potentialAction":[{"@type":"SearchAction","target":{"@type":"EntryPoint","urlTemplate":"https:\/\/peoplesphere.be\/fr\/?s={search_term_string}"},"query-input":"required name=search_term_string"}],"inLanguage":"fr-FR"},{"@type":"Organization","@id":"https:\/\/peoplesphere.be\/fr\/#organization","name":"Peoplesphere Company srl","url":"https:\/\/peoplesphere.be\/fr\/","logo":{"@type":"ImageObject","inLanguage":"fr-FR","@id":"https:\/\/peoplesphere.be\/fr\/#\/schema\/logo\/image\/","url":"https:\/\/peoplesphere.be\/fr\/wp-content\/uploads\/2023\/07\/peoplesphere-lgo-new-generik.jpg","contentUrl":"https:\/\/peoplesphere.be\/fr\/wp-content\/uploads\/2023\/07\/peoplesphere-lgo-new-generik.jpg","width":1031,"height":1479,"caption":"Peoplesphere Company srl"},"image":{"@id":"https:\/\/peoplesphere.be\/fr\/#\/schema\/logo\/image\/"},"sameAs":["https:\/\/www.facebook.com\/peoplesphere","https:\/\/twitter.com\/PeoplesphereMag","https:\/\/www.linkedin.com\/company\/7587361?trk","http:\/\/youtube.com\/peoplesphere"]},{"@type":"Person","@id":"https:\/\/peoplesphere.be\/fr\/#\/schema\/person\/7976225ff17988604334abb7b3536a7e","name":"Jean-Paul Erhard","image":{"@type":"ImageObject","inLanguage":"fr-FR","@id":"https:\/\/peoplesphere.be\/fr\/#\/schema\/person\/image\/","url":"https:\/\/secure.gravatar.com\/avatar\/f941e681460179738071629a51574930?s=96&d=mm&r=g","contentUrl":"https:\/\/secure.gravatar.com\/avatar\/f941e681460179738071629a51574930?s=96&d=mm&r=g","caption":"Jean-Paul Erhard"},"url":"https:\/\/peoplesphere.be\/fr\/author\/jpe\/"}]}},"_links":{"self":[{"href":"https:\/\/peoplesphere.be\/fr\/wp-json\/wp\/v2\/posts\/8985"}],"collection":[{"href":"https:\/\/peoplesphere.be\/fr\/wp-json\/wp\/v2\/posts"}],"about":[{"href":"https:\/\/peoplesphere.be\/fr\/wp-json\/wp\/v2\/types\/post"}],"author":[{"embeddable":true,"href":"https:\/\/peoplesphere.be\/fr\/wp-json\/wp\/v2\/users\/2"}],"replies":[{"embeddable":true,"href":"https:\/\/peoplesphere.be\/fr\/wp-json\/wp\/v2\/comments?post=8985"}],"version-history":[{"count":1,"href":"https:\/\/peoplesphere.be\/fr\/wp-json\/wp\/v2\/posts\/8985\/revisions"}],"predecessor-version":[{"id":8986,"href":"https:\/\/peoplesphere.be\/fr\/wp-json\/wp\/v2\/posts\/8985\/revisions\/8986"}],"wp:attachment":[{"href":"https:\/\/peoplesphere.be\/fr\/wp-json\/wp\/v2\/media?parent=8985"}],"wp:term":[{"taxonomy":"category","embeddable":true,"href":"https:\/\/peoplesphere.be\/fr\/wp-json\/wp\/v2\/categories?post=8985"},{"taxonomy":"post_tag","embeddable":true,"href":"https:\/\/peoplesphere.be\/fr\/wp-json\/wp\/v2\/tags?post=8985"}],"curies":[{"name":"wp","href":"https:\/\/api.w.org\/{rel}","templated":true}]}}