









{"id":9013,"date":"2020-02-04T11:08:04","date_gmt":"2020-02-04T09:08:04","guid":{"rendered":"https:\/\/peoplesphere.be\/fr\/?p=9013"},"modified":"2020-02-04T11:08:04","modified_gmt":"2020-02-04T09:08:04","slug":"80-mois-de-baisse-chomage-jeunes-a-bruxelles-8-975-a-chercher-emploi","status":"publish","type":"post","link":"https:\/\/peoplesphere.be\/fr\/80-mois-de-baisse-chomage-jeunes-a-bruxelles-8-975-a-chercher-emploi\/","title":{"rendered":"80 mois de baisse du ch\u00f4mage des jeunes \u00e0 Bruxelles: ils sont encore 8.975 \u00e0 chercher un emploi."},"content":{"rendered":"<p>Le ch\u00f4mage des jeunes baisse continuellement depuis 80 mois en R\u00e9gion bruxelloise. Il atteint un taux de 24,5%. Bruxelles compte 8.975 jeunes chercheurs d\u2019emploi en janvier 2020, soit 342 de moins que l\u2019an dernier (-3,7%). Sur une p\u00e9riode de 7 ans, le nombre de jeunes chercheurs d\u2019emploi a baiss\u00e9 de 6.491 personnes, soit une diminution de 42%.<!--more--><\/p>\n<p>Bruxelles compte au total 88.485 chercheurs d\u2019emploi, pour un taux de ch\u00f4mage de 15,7%. Cette 63\u00e8me baisse successive du ch\u00f4mage global correspond \u00e0 une diminution de 1.475 personnes par rapport \u00e0 janvier 2019 (-1,6%). En comparaison avec le mois de janvier 2014, le nombre de chercheurs d&#8217;emploi a diminu\u00e9 de 23.550, soit une baisse de 21% en 6 ans.<\/p>\n<p><strong><em>Diminution du taux de ch\u00f4mage<\/em><\/strong><\/p>\n<p>Fin janvier 2020, le taux de ch\u00f4mage en R\u00e9gion bruxelloise s\u2019\u00e9tablit \u00e0 15,7% (15,3% pour les hommes et 16,2% pour les femmes). En janvier 2019, le taux de ch\u00f4mage s\u2019\u00e9tablissait \u00e0 16,0%. Le taux de ch\u00f4mage est mesur\u00e9 sur la base de la population active la plus r\u00e9cente, calcul\u00e9e \u00e0 partir des donn\u00e9es de la Banque nationale et de l\u2019Enqu\u00eate sur les Forces de Travail du SPF \u00c9conomie. Le croisement de ces donn\u00e9es nous indique que la population active occup\u00e9e a, en R\u00e9gion bruxelloise, augment\u00e9 en 2018 de 0,9% par rapport \u00e0 l\u2019ann\u00e9e pr\u00e9c\u00e9dente (+1,2% pour l\u2019ensemble de la Belgique).<\/p>\n<p>Fin janvier 2020, on d\u00e9nombre en R\u00e9gion de Bruxelles-Capitale 88.485 chercheurs d\u2019emploi inoccup\u00e9s (DEI), soit une diminution de 1.475 personnes par rapport \u00e0 l\u2019ann\u00e9e pr\u00e9c\u00e9dente (-1,6%). On compte au cours du mois de janvier 12.362 entr\u00e9es dans le ch\u00f4mage (9.762 r\u00e9inscriptions et 2.600 nouvelles inscriptions) contre 10.899 sorties, soit une augmentation sur une base mensuelle du nombre de DEI de 1.463 personnes (+1,7%).<\/p>\n<p>On d\u00e9nombre en R\u00e9gion bruxelloise 56.468 chercheurs d\u2019emploi demandeurs d\u2019allocations (DEDA), 5.665 jeunes en stage d\u2019insertion professionnelle et 26.352 autres chercheurs d\u2019emploi inscrits librement ou obligatoirement.<\/p>\n<p>On retrouve dans cette derni\u00e8re cat\u00e9gorie (\u00ab autres DEI \u00bb) des personnes qui n\u2019ont pas encore re\u00e7u d\u2019allocation de ch\u00f4mage (qui ont introduit une demande aupr\u00e8s de l\u2019Onem), des personnes ayant \u00e9t\u00e9 exclues des allocations de ch\u00f4mage et qui sont venues se r\u00e9inscrire aupr\u00e8s d\u2019Actiris, des personnes b\u00e9n\u00e9ficiant d\u2019un revenu d\u2019int\u00e9gration sociale ou encore des personnes qui n\u2019ont aucun revenu de remplacement. Il est \u00e0 noter qu\u2019une partie importante de ces CE d\u00e9pendent des CPAS ou n\u2019ont encore aucun revenu de remplacement.<\/p>\n<p>Actiris peut, \u00e0 partir de l\u2019exploitation d\u2019un flux d\u2019information provenant directement du SPP Int\u00e9gration sociale, identifier les CE ayant une ouverture de droit au revenu d\u2019int\u00e9gration sociale ou \u00e0 son \u00e9quivalent, actuellement ou dans un pass\u00e9 proche. Ainsi, parmi les 88.485 DEI inscrits en janvier 2020, 11.794 CE sont usagers du CPAS (soit 13,3% du total des DEI). Ce pourcentage est plus \u00e9lev\u00e9 parmi les jeunes : sur les 8.975 jeunes DEI, 1.967 sont usagers du CPAS, soit 21,9%.<\/p>\n<p>On constate une diminution de -7,6% sur une base annuelle du nombre de chercheurs d\u2019emploi indemnis\u00e9s (DEDA). On constate par contre une augmentation annuelle du nombre de jeunes en stage d\u2019insertion professionnelle (+735 unit\u00e9s, +14,9%). Quant aux autres chercheurs d\u2019emploi, leur nombre a augment\u00e9 de 10,3% sur une base annuelle.<\/p>\n<p><em>Source: Actiris<\/em><\/p>\n","protected":false},"excerpt":{"rendered":"<p>Le ch\u00f4mage des jeunes baisse continuellement depuis 80 mois en R\u00e9gion bruxelloise. Il atteint un taux de 24,5%. Bruxelles compte 8.975 jeunes chercheurs d\u2019emploi en janvier 2020, soit 342 de moins que l\u2019an dernier (-3,7%). Sur une p\u00e9riode de 7 [&hellip;]<\/p>\n","protected":false},"author":2,"featured_media":0,"comment_status":"closed","ping_status":"open","sticky":false,"template":"","format":"standard","meta":[],"categories":[65,10],"tags":[226,92,2195,2902,702,44],"yoast_head":"<!-- This site is optimized with the Yoast SEO plugin v21.0 - https:\/\/yoast.com\/wordpress\/plugins\/seo\/ -->\n<title>80 mois de baisse du ch\u00f4mage des jeunes \u00e0 Bruxelles: ils sont encore 8.975 \u00e0 chercher un emploi. - Peoplesphere<\/title>\n<meta name=\"robots\" content=\"index, follow, max-snippet:-1, max-image-preview:large, max-video-preview:-1\" \/>\n<link rel=\"canonical\" href=\"https:\/\/peoplesphere.be\/fr\/80-mois-de-baisse-chomage-jeunes-a-bruxelles-8-975-a-chercher-emploi\/\" \/>\n<meta property=\"og:locale\" content=\"fr_FR\" \/>\n<meta property=\"og:type\" content=\"article\" \/>\n<meta property=\"og:title\" content=\"80 mois de baisse du ch\u00f4mage des jeunes \u00e0 Bruxelles: ils sont encore 8.975 \u00e0 chercher un emploi. - Peoplesphere\" \/>\n<meta property=\"og:description\" content=\"Le ch\u00f4mage des jeunes baisse continuellement depuis 80 mois en R\u00e9gion bruxelloise. Il atteint un taux de 24,5%. Bruxelles compte 8.975 jeunes chercheurs d\u2019emploi en janvier 2020, soit 342 de moins que l\u2019an dernier (-3,7%). Sur une p\u00e9riode de 7 [&hellip;]\" \/>\n<meta property=\"og:url\" content=\"https:\/\/peoplesphere.be\/fr\/80-mois-de-baisse-chomage-jeunes-a-bruxelles-8-975-a-chercher-emploi\/\" \/>\n<meta property=\"og:site_name\" content=\"Peoplesphere\" \/>\n<meta property=\"article:publisher\" content=\"https:\/\/www.facebook.com\/peoplesphere\" \/>\n<meta property=\"article:published_time\" content=\"2020-02-04T09:08:04+00:00\" \/>\n<meta property=\"og:image\" content=\"http:\/\/www.peoplesphere.be\/fr\/wp-content\/uploads\/2016\/07\/facebook-default-posting-1200x628px.jpg\" \/>\n<meta name=\"author\" content=\"Jean-Paul Erhard\" \/>\n<meta name=\"twitter:card\" content=\"summary_large_image\" \/>\n<meta name=\"twitter:creator\" content=\"@PeoplesphereMag\" \/>\n<meta name=\"twitter:site\" content=\"@PeoplesphereMag\" \/>\n<meta name=\"twitter:label1\" content=\"\u00c9crit par\" \/>\n\t<meta name=\"twitter:data1\" content=\"Jean-Paul Erhard\" \/>\n\t<meta name=\"twitter:label2\" content=\"Dur\u00e9e de lecture estim\u00e9e\" \/>\n\t<meta name=\"twitter:data2\" content=\"3 minutes\" \/>\n<script type=\"application\/ld+json\" class=\"yoast-schema-graph\">{\"@context\":\"https:\/\/schema.org\",\"@graph\":[{\"@type\":\"Article\",\"@id\":\"https:\/\/peoplesphere.be\/fr\/80-mois-de-baisse-chomage-jeunes-a-bruxelles-8-975-a-chercher-emploi\/#article\",\"isPartOf\":{\"@id\":\"https:\/\/peoplesphere.be\/fr\/80-mois-de-baisse-chomage-jeunes-a-bruxelles-8-975-a-chercher-emploi\/\"},\"author\":{\"name\":\"Jean-Paul Erhard\",\"@id\":\"https:\/\/peoplesphere.be\/fr\/#\/schema\/person\/7976225ff17988604334abb7b3536a7e\"},\"headline\":\"80 mois de baisse du ch\u00f4mage des jeunes \u00e0 Bruxelles: ils sont encore 8.975 \u00e0 chercher un emploi.\",\"datePublished\":\"2020-02-04T09:08:04+00:00\",\"dateModified\":\"2020-02-04T09:08:04+00:00\",\"mainEntityOfPage\":{\"@id\":\"https:\/\/peoplesphere.be\/fr\/80-mois-de-baisse-chomage-jeunes-a-bruxelles-8-975-a-chercher-emploi\/\"},\"wordCount\":556,\"publisher\":{\"@id\":\"https:\/\/peoplesphere.be\/fr\/#organization\"},\"keywords\":[\"actiris\",\"ch\u00f4mage\",\"ch\u00f4mage des jeunes\",\"DEI\",\"march\u00e9 de l'emploi\",\"Statistiques\"],\"articleSection\":[\"Actualit\u00e9s\",\"Digital\"],\"inLanguage\":\"fr-FR\"},{\"@type\":\"WebPage\",\"@id\":\"https:\/\/peoplesphere.be\/fr\/80-mois-de-baisse-chomage-jeunes-a-bruxelles-8-975-a-chercher-emploi\/\",\"url\":\"https:\/\/peoplesphere.be\/fr\/80-mois-de-baisse-chomage-jeunes-a-bruxelles-8-975-a-chercher-emploi\/\",\"name\":\"80 mois de baisse du ch\u00f4mage des jeunes \u00e0 Bruxelles: ils sont encore 8.975 \u00e0 chercher un emploi. - Peoplesphere\",\"isPartOf\":{\"@id\":\"https:\/\/peoplesphere.be\/fr\/#website\"},\"datePublished\":\"2020-02-04T09:08:04+00:00\",\"dateModified\":\"2020-02-04T09:08:04+00:00\",\"breadcrumb\":{\"@id\":\"https:\/\/peoplesphere.be\/fr\/80-mois-de-baisse-chomage-jeunes-a-bruxelles-8-975-a-chercher-emploi\/#breadcrumb\"},\"inLanguage\":\"fr-FR\",\"potentialAction\":[{\"@type\":\"ReadAction\",\"target\":[\"https:\/\/peoplesphere.be\/fr\/80-mois-de-baisse-chomage-jeunes-a-bruxelles-8-975-a-chercher-emploi\/\"]}]},{\"@type\":\"BreadcrumbList\",\"@id\":\"https:\/\/peoplesphere.be\/fr\/80-mois-de-baisse-chomage-jeunes-a-bruxelles-8-975-a-chercher-emploi\/#breadcrumb\",\"itemListElement\":[{\"@type\":\"ListItem\",\"position\":1,\"name\":\"Accueil\",\"item\":\"https:\/\/peoplesphere.be\/fr\/\"},{\"@type\":\"ListItem\",\"position\":2,\"name\":\"80 mois de baisse du ch\u00f4mage des jeunes \u00e0 Bruxelles: ils sont encore 8.975 \u00e0 chercher un emploi.\"}]},{\"@type\":\"WebSite\",\"@id\":\"https:\/\/peoplesphere.be\/fr\/#website\",\"url\":\"https:\/\/peoplesphere.be\/fr\/\",\"name\":\"Peoplesphere\",\"description\":\"The People Managers Magazine\",\"publisher\":{\"@id\":\"https:\/\/peoplesphere.be\/fr\/#organization\"},\"potentialAction\":[{\"@type\":\"SearchAction\",\"target\":{\"@type\":\"EntryPoint\",\"urlTemplate\":\"https:\/\/peoplesphere.be\/fr\/?s={search_term_string}\"},\"query-input\":\"required name=search_term_string\"}],\"inLanguage\":\"fr-FR\"},{\"@type\":\"Organization\",\"@id\":\"https:\/\/peoplesphere.be\/fr\/#organization\",\"name\":\"Peoplesphere Company srl\",\"url\":\"https:\/\/peoplesphere.be\/fr\/\",\"logo\":{\"@type\":\"ImageObject\",\"inLanguage\":\"fr-FR\",\"@id\":\"https:\/\/peoplesphere.be\/fr\/#\/schema\/logo\/image\/\",\"url\":\"https:\/\/peoplesphere.be\/fr\/wp-content\/uploads\/2023\/07\/peoplesphere-lgo-new-generik.jpg\",\"contentUrl\":\"https:\/\/peoplesphere.be\/fr\/wp-content\/uploads\/2023\/07\/peoplesphere-lgo-new-generik.jpg\",\"width\":1031,\"height\":1479,\"caption\":\"Peoplesphere Company srl\"},\"image\":{\"@id\":\"https:\/\/peoplesphere.be\/fr\/#\/schema\/logo\/image\/\"},\"sameAs\":[\"https:\/\/www.facebook.com\/peoplesphere\",\"https:\/\/twitter.com\/PeoplesphereMag\",\"https:\/\/www.linkedin.com\/company\/7587361?trk\",\"http:\/\/youtube.com\/peoplesphere\"]},{\"@type\":\"Person\",\"@id\":\"https:\/\/peoplesphere.be\/fr\/#\/schema\/person\/7976225ff17988604334abb7b3536a7e\",\"name\":\"Jean-Paul Erhard\",\"image\":{\"@type\":\"ImageObject\",\"inLanguage\":\"fr-FR\",\"@id\":\"https:\/\/peoplesphere.be\/fr\/#\/schema\/person\/image\/\",\"url\":\"https:\/\/secure.gravatar.com\/avatar\/f941e681460179738071629a51574930?s=96&d=mm&r=g\",\"contentUrl\":\"https:\/\/secure.gravatar.com\/avatar\/f941e681460179738071629a51574930?s=96&d=mm&r=g\",\"caption\":\"Jean-Paul Erhard\"},\"url\":\"https:\/\/peoplesphere.be\/fr\/author\/jpe\/\"}]}<\/script>\n<!-- \/ Yoast SEO plugin. -->","yoast_head_json":{"title":"80 mois de baisse du ch\u00f4mage des jeunes \u00e0 Bruxelles: ils sont encore 8.975 \u00e0 chercher un emploi. - Peoplesphere","robots":{"index":"index","follow":"follow","max-snippet":"max-snippet:-1","max-image-preview":"max-image-preview:large","max-video-preview":"max-video-preview:-1"},"canonical":"https:\/\/peoplesphere.be\/fr\/80-mois-de-baisse-chomage-jeunes-a-bruxelles-8-975-a-chercher-emploi\/","og_locale":"fr_FR","og_type":"article","og_title":"80 mois de baisse du ch\u00f4mage des jeunes \u00e0 Bruxelles: ils sont encore 8.975 \u00e0 chercher un emploi. - Peoplesphere","og_description":"Le ch\u00f4mage des jeunes baisse continuellement depuis 80 mois en R\u00e9gion bruxelloise. Il atteint un taux de 24,5%. Bruxelles compte 8.975 jeunes chercheurs d\u2019emploi en janvier 2020, soit 342 de moins que l\u2019an dernier (-3,7%). Sur une p\u00e9riode de 7 [&hellip;]","og_url":"https:\/\/peoplesphere.be\/fr\/80-mois-de-baisse-chomage-jeunes-a-bruxelles-8-975-a-chercher-emploi\/","og_site_name":"Peoplesphere","article_publisher":"https:\/\/www.facebook.com\/peoplesphere","article_published_time":"2020-02-04T09:08:04+00:00","og_image":[{"url":"http:\/\/www.peoplesphere.be\/fr\/wp-content\/uploads\/2016\/07\/facebook-default-posting-1200x628px.jpg"}],"author":"Jean-Paul Erhard","twitter_card":"summary_large_image","twitter_creator":"@PeoplesphereMag","twitter_site":"@PeoplesphereMag","twitter_misc":{"\u00c9crit par":"Jean-Paul Erhard","Dur\u00e9e de lecture estim\u00e9e":"3 minutes"},"schema":{"@context":"https:\/\/schema.org","@graph":[{"@type":"Article","@id":"https:\/\/peoplesphere.be\/fr\/80-mois-de-baisse-chomage-jeunes-a-bruxelles-8-975-a-chercher-emploi\/#article","isPartOf":{"@id":"https:\/\/peoplesphere.be\/fr\/80-mois-de-baisse-chomage-jeunes-a-bruxelles-8-975-a-chercher-emploi\/"},"author":{"name":"Jean-Paul Erhard","@id":"https:\/\/peoplesphere.be\/fr\/#\/schema\/person\/7976225ff17988604334abb7b3536a7e"},"headline":"80 mois de baisse du ch\u00f4mage des jeunes \u00e0 Bruxelles: ils sont encore 8.975 \u00e0 chercher un emploi.","datePublished":"2020-02-04T09:08:04+00:00","dateModified":"2020-02-04T09:08:04+00:00","mainEntityOfPage":{"@id":"https:\/\/peoplesphere.be\/fr\/80-mois-de-baisse-chomage-jeunes-a-bruxelles-8-975-a-chercher-emploi\/"},"wordCount":556,"publisher":{"@id":"https:\/\/peoplesphere.be\/fr\/#organization"},"keywords":["actiris","ch\u00f4mage","ch\u00f4mage des jeunes","DEI","march\u00e9 de l'emploi","Statistiques"],"articleSection":["Actualit\u00e9s","Digital"],"inLanguage":"fr-FR"},{"@type":"WebPage","@id":"https:\/\/peoplesphere.be\/fr\/80-mois-de-baisse-chomage-jeunes-a-bruxelles-8-975-a-chercher-emploi\/","url":"https:\/\/peoplesphere.be\/fr\/80-mois-de-baisse-chomage-jeunes-a-bruxelles-8-975-a-chercher-emploi\/","name":"80 mois de baisse du ch\u00f4mage des jeunes \u00e0 Bruxelles: ils sont encore 8.975 \u00e0 chercher un emploi. - Peoplesphere","isPartOf":{"@id":"https:\/\/peoplesphere.be\/fr\/#website"},"datePublished":"2020-02-04T09:08:04+00:00","dateModified":"2020-02-04T09:08:04+00:00","breadcrumb":{"@id":"https:\/\/peoplesphere.be\/fr\/80-mois-de-baisse-chomage-jeunes-a-bruxelles-8-975-a-chercher-emploi\/#breadcrumb"},"inLanguage":"fr-FR","potentialAction":[{"@type":"ReadAction","target":["https:\/\/peoplesphere.be\/fr\/80-mois-de-baisse-chomage-jeunes-a-bruxelles-8-975-a-chercher-emploi\/"]}]},{"@type":"BreadcrumbList","@id":"https:\/\/peoplesphere.be\/fr\/80-mois-de-baisse-chomage-jeunes-a-bruxelles-8-975-a-chercher-emploi\/#breadcrumb","itemListElement":[{"@type":"ListItem","position":1,"name":"Accueil","item":"https:\/\/peoplesphere.be\/fr\/"},{"@type":"ListItem","position":2,"name":"80 mois de baisse du ch\u00f4mage des jeunes \u00e0 Bruxelles: ils sont encore 8.975 \u00e0 chercher un emploi."}]},{"@type":"WebSite","@id":"https:\/\/peoplesphere.be\/fr\/#website","url":"https:\/\/peoplesphere.be\/fr\/","name":"Peoplesphere","description":"The People Managers Magazine","publisher":{"@id":"https:\/\/peoplesphere.be\/fr\/#organization"},"potentialAction":[{"@type":"SearchAction","target":{"@type":"EntryPoint","urlTemplate":"https:\/\/peoplesphere.be\/fr\/?s={search_term_string}"},"query-input":"required name=search_term_string"}],"inLanguage":"fr-FR"},{"@type":"Organization","@id":"https:\/\/peoplesphere.be\/fr\/#organization","name":"Peoplesphere Company srl","url":"https:\/\/peoplesphere.be\/fr\/","logo":{"@type":"ImageObject","inLanguage":"fr-FR","@id":"https:\/\/peoplesphere.be\/fr\/#\/schema\/logo\/image\/","url":"https:\/\/peoplesphere.be\/fr\/wp-content\/uploads\/2023\/07\/peoplesphere-lgo-new-generik.jpg","contentUrl":"https:\/\/peoplesphere.be\/fr\/wp-content\/uploads\/2023\/07\/peoplesphere-lgo-new-generik.jpg","width":1031,"height":1479,"caption":"Peoplesphere Company srl"},"image":{"@id":"https:\/\/peoplesphere.be\/fr\/#\/schema\/logo\/image\/"},"sameAs":["https:\/\/www.facebook.com\/peoplesphere","https:\/\/twitter.com\/PeoplesphereMag","https:\/\/www.linkedin.com\/company\/7587361?trk","http:\/\/youtube.com\/peoplesphere"]},{"@type":"Person","@id":"https:\/\/peoplesphere.be\/fr\/#\/schema\/person\/7976225ff17988604334abb7b3536a7e","name":"Jean-Paul Erhard","image":{"@type":"ImageObject","inLanguage":"fr-FR","@id":"https:\/\/peoplesphere.be\/fr\/#\/schema\/person\/image\/","url":"https:\/\/secure.gravatar.com\/avatar\/f941e681460179738071629a51574930?s=96&d=mm&r=g","contentUrl":"https:\/\/secure.gravatar.com\/avatar\/f941e681460179738071629a51574930?s=96&d=mm&r=g","caption":"Jean-Paul Erhard"},"url":"https:\/\/peoplesphere.be\/fr\/author\/jpe\/"}]}},"_links":{"self":[{"href":"https:\/\/peoplesphere.be\/fr\/wp-json\/wp\/v2\/posts\/9013"}],"collection":[{"href":"https:\/\/peoplesphere.be\/fr\/wp-json\/wp\/v2\/posts"}],"about":[{"href":"https:\/\/peoplesphere.be\/fr\/wp-json\/wp\/v2\/types\/post"}],"author":[{"embeddable":true,"href":"https:\/\/peoplesphere.be\/fr\/wp-json\/wp\/v2\/users\/2"}],"replies":[{"embeddable":true,"href":"https:\/\/peoplesphere.be\/fr\/wp-json\/wp\/v2\/comments?post=9013"}],"version-history":[{"count":1,"href":"https:\/\/peoplesphere.be\/fr\/wp-json\/wp\/v2\/posts\/9013\/revisions"}],"predecessor-version":[{"id":9014,"href":"https:\/\/peoplesphere.be\/fr\/wp-json\/wp\/v2\/posts\/9013\/revisions\/9014"}],"wp:attachment":[{"href":"https:\/\/peoplesphere.be\/fr\/wp-json\/wp\/v2\/media?parent=9013"}],"wp:term":[{"taxonomy":"category","embeddable":true,"href":"https:\/\/peoplesphere.be\/fr\/wp-json\/wp\/v2\/categories?post=9013"},{"taxonomy":"post_tag","embeddable":true,"href":"https:\/\/peoplesphere.be\/fr\/wp-json\/wp\/v2\/tags?post=9013"}],"curies":[{"name":"wp","href":"https:\/\/api.w.org\/{rel}","templated":true}]}}