









{"id":9015,"date":"2020-02-04T12:15:19","date_gmt":"2020-02-04T10:15:19","guid":{"rendered":"https:\/\/peoplesphere.be\/fr\/?p=9015"},"modified":"2020-02-04T12:15:19","modified_gmt":"2020-02-04T10:15:19","slug":"salaires-fonctionnaires-secteur-non-marchand-ainsi-allocations-devraient-augmenter-de-2-mois-de-mars","status":"publish","type":"post","link":"https:\/\/peoplesphere.be\/fr\/salaires-fonctionnaires-secteur-non-marchand-ainsi-allocations-devraient-augmenter-de-2-mois-de-mars\/","title":{"rendered":"Les salaires des fonctionnaires et du secteur non marchand, ainsi que les allocations, devraient augmenter de 2% d\u00e8s le mois de mars."},"content":{"rendered":"<p>Sur la base de l\u2019indice sant\u00e9 de janvier 2020 et de l\u2019indice sant\u00e9 social liss\u00e9 qui en est d\u00e9duit, le groupe ACERTA pr\u00e9voit que le moment o\u00f9 l\u2019indice-pivot sera atteint arrive tr\u00e8s probablement un mois plus t\u00f4t que pr\u00e9vu, \u00e0 savoir en f\u00e9vrier d\u00e9j\u00e0. Cela signifierait que les allocations et certains salaires augmenteraient de 2 % un mois plus t\u00f4t d\u00e9j\u00e0. Et cela influencerait le budget de tous les pouvoirs publics belges.<!--more--><\/p>\n<p>Les allocations et les salaires de travailleurs de nombreux employeurs subventionn\u00e9s du secteur non marchand (p. ex. h\u00f4pitaux, maisons de retraite, centres de revalidation, entreprises de travail adapt\u00e9 et ateliers sociaux, etc.) augmentent le mois suivant le d\u00e9passement de l\u2019indice-pivot. Et cela aura tr\u00e8s probablement lieu le 1er mars 2020 d\u00e9j\u00e0, au lieu du 1er avril 2020. Les salaires des fonctionnaires et travailleurs f\u00e9d\u00e9raux, des fonctionnaires et des travailleurs occup\u00e9s par les r\u00e9gions et les communaut\u00e9s, les provinces, les villes et les communes et des travailleurs de centres p\u00e9dagogiques m\u00e9dicaux ou d\u2019institutions pour la protection de la jeunesse et l\u2019aide aux familles et aux personnes \u00e2g\u00e9es obtiennent leur adaptation salariale un mois plus tard, selon toute vraisemblance le 1er avril 2020 d\u00e9j\u00e0 au lieu du 1er mai 2020. Quoi qu\u2019il en soit, il s\u2019agit d&rsquo;un mois plus t\u00f4t que les pr\u00e9visions.<\/p>\n<p><strong><em>L&rsquo;indice-pivot atteint en f\u00e9vrier ? Indexation de 2 % en mars et en avril<\/em><\/strong><\/p>\n<p>En Belgique, les salaires et les allocations de s\u00e9curit\u00e9 sociale sont li\u00e9s \u00e0 l\u2019inflation. Certains sont index\u00e9s \u00e0 un moment fixe, tandis que d\u2019autres le sont d\u00e8s que l\u2019inflation a augment\u00e9 d\u2019un certain pourcentage. Cette derni\u00e8re option est notamment le cas pour l\u2019adaptation des salaires des fonctionnaires, des employeurs subventionn\u00e9s du secteur non marchand et des allocations de s\u00e9curit\u00e9 sociale (allocations de ch\u00f4mage, pensions, allocations de maladie, etc.). Ceux-ci sont li\u00e9s \u00e0 un \u00ab indice-pivot \u00bb. D\u00e8s qu\u2019il est atteint ou d\u00e9pass\u00e9, ces salaires et allocations augmentent de 2 %.<\/p>\n<p>Les pr\u00e9visions voulaient que l\u2019indice-pivot soit atteint en mars 2020. Mais Acerta signale \u00e0 pr\u00e9sent que cela se produira peut-\u00eatre un mois plus t\u00f4t, donc en f\u00e9vrier 2020 d\u00e9j\u00e0. <em>\u00ab\u00a0L&rsquo;inflation a augment\u00e9 consid\u00e9rablement de 0,65 point en janvier 2020 par rapport \u00e0 d\u00e9cembre 2019, soit en un mois de temps. L\u2019indice sant\u00e9 liss\u00e9, utilis\u00e9 pour l\u2019adaptation des salaires \u00e0 l\u2019inflation, a \u00e9galement augment\u00e9 de 0,28 point de plus que pr\u00e9vu. Par cons\u00e9quent, l\u2019indice sant\u00e9 devrait baisser de 0,09 en f\u00e9vrier pour ne PAS atteindre l\u2019indice-pivot. Si l\u2019indice sant\u00e9 de f\u00e9vrier diminue de 0,08 ou moins, l\u2019indice-pivot de 107,20 sera atteint et les allocations y li\u00e9es augmenteront le mois suivant et les salaires y li\u00e9s le premier ou deuxi\u00e8me mois suivant.\u00a0\u00bb<\/em><\/p>\n<p><strong><em>78,5 millions en plus au budget rien que pour les allocations.<\/em><\/strong><\/p>\n<p><em>\u00a0\u00bb L\u2019effet d&rsquo;un d\u00e9passement pr\u00e9matur\u00e9 de l\u2019indice-pivot, et donc d\u2019une indexation pr\u00e9matur\u00e9e, est consid\u00e9rable. Les pensions, les allocations familiales, les allocations de maladie, les allocations du CPAS&#8230; sont toutes concern\u00e9es. Si nous partons du principe que les allocations sociales f\u00e9d\u00e9rales peuvent \u00eatre arrondies \u00e0 environ 47 milliards d\u2019euros, il est d\u00e9j\u00e0 question de frais suppl\u00e9mentaires non pr\u00e9vus dans le budget de l&rsquo;ordre de 78,5 millions. Le budget f\u00e9d\u00e9ral, mais aussi le budget de tous les pouvoirs publics, devra vraisemblablement bient\u00f4t faire face aux frais suppl\u00e9mentaires d\u2019une indexation avanc\u00e9e d\u2019un mois.\u00a0\u00bb<\/em><\/p>\n<p><em>Source: Acerta<\/em><\/p>\n","protected":false},"excerpt":{"rendered":"<p>Sur la base de l\u2019indice sant\u00e9 de janvier 2020 et de l\u2019indice sant\u00e9 social liss\u00e9 qui en est d\u00e9duit, le groupe ACERTA pr\u00e9voit que le moment o\u00f9 l\u2019indice-pivot sera atteint arrive tr\u00e8s probablement un mois plus t\u00f4t que pr\u00e9vu, \u00e0 [&hellip;]<\/p>\n","protected":false},"author":2,"featured_media":0,"comment_status":"closed","ping_status":"open","sticky":false,"template":"","format":"standard","meta":[],"categories":[65,10],"tags":[271,559,1156,374,108,267],"yoast_head":"<!-- This site is optimized with the Yoast SEO plugin v21.0 - https:\/\/yoast.com\/wordpress\/plugins\/seo\/ -->\n<title>Les salaires des fonctionnaires et du secteur non marchand, ainsi que les allocations, devraient augmenter de 2% d\u00e8s le mois de mars. - Peoplesphere<\/title>\n<meta name=\"robots\" content=\"index, follow, max-snippet:-1, max-image-preview:large, max-video-preview:-1\" \/>\n<link rel=\"canonical\" href=\"https:\/\/peoplesphere.be\/fr\/salaires-fonctionnaires-secteur-non-marchand-ainsi-allocations-devraient-augmenter-de-2-mois-de-mars\/\" \/>\n<meta property=\"og:locale\" content=\"fr_FR\" \/>\n<meta property=\"og:type\" content=\"article\" \/>\n<meta property=\"og:title\" content=\"Les salaires des fonctionnaires et du secteur non marchand, ainsi que les allocations, devraient augmenter de 2% d\u00e8s le mois de mars. - Peoplesphere\" \/>\n<meta property=\"og:description\" content=\"Sur la base de l\u2019indice sant\u00e9 de janvier 2020 et de l\u2019indice sant\u00e9 social liss\u00e9 qui en est d\u00e9duit, le groupe ACERTA pr\u00e9voit que le moment o\u00f9 l\u2019indice-pivot sera atteint arrive tr\u00e8s probablement un mois plus t\u00f4t que pr\u00e9vu, \u00e0 [&hellip;]\" \/>\n<meta property=\"og:url\" content=\"https:\/\/peoplesphere.be\/fr\/salaires-fonctionnaires-secteur-non-marchand-ainsi-allocations-devraient-augmenter-de-2-mois-de-mars\/\" \/>\n<meta property=\"og:site_name\" content=\"Peoplesphere\" \/>\n<meta property=\"article:publisher\" content=\"https:\/\/www.facebook.com\/peoplesphere\" \/>\n<meta property=\"article:published_time\" content=\"2020-02-04T10:15:19+00:00\" \/>\n<meta property=\"og:image\" content=\"http:\/\/www.peoplesphere.be\/fr\/wp-content\/uploads\/2016\/07\/facebook-default-posting-1200x628px.jpg\" \/>\n<meta name=\"author\" content=\"Jean-Paul Erhard\" \/>\n<meta name=\"twitter:card\" content=\"summary_large_image\" \/>\n<meta name=\"twitter:creator\" content=\"@PeoplesphereMag\" \/>\n<meta name=\"twitter:site\" content=\"@PeoplesphereMag\" \/>\n<meta name=\"twitter:label1\" content=\"\u00c9crit par\" \/>\n\t<meta name=\"twitter:data1\" content=\"Jean-Paul Erhard\" \/>\n\t<meta name=\"twitter:label2\" content=\"Dur\u00e9e de lecture estim\u00e9e\" \/>\n\t<meta name=\"twitter:data2\" content=\"3 minutes\" \/>\n<script type=\"application\/ld+json\" class=\"yoast-schema-graph\">{\"@context\":\"https:\/\/schema.org\",\"@graph\":[{\"@type\":\"Article\",\"@id\":\"https:\/\/peoplesphere.be\/fr\/salaires-fonctionnaires-secteur-non-marchand-ainsi-allocations-devraient-augmenter-de-2-mois-de-mars\/#article\",\"isPartOf\":{\"@id\":\"https:\/\/peoplesphere.be\/fr\/salaires-fonctionnaires-secteur-non-marchand-ainsi-allocations-devraient-augmenter-de-2-mois-de-mars\/\"},\"author\":{\"name\":\"Jean-Paul Erhard\",\"@id\":\"https:\/\/peoplesphere.be\/fr\/#\/schema\/person\/7976225ff17988604334abb7b3536a7e\"},\"headline\":\"Les salaires des fonctionnaires et du secteur non marchand, ainsi que les allocations, devraient augmenter de 2% d\u00e8s le mois de mars.\",\"datePublished\":\"2020-02-04T10:15:19+00:00\",\"dateModified\":\"2020-02-04T10:15:19+00:00\",\"mainEntityOfPage\":{\"@id\":\"https:\/\/peoplesphere.be\/fr\/salaires-fonctionnaires-secteur-non-marchand-ainsi-allocations-devraient-augmenter-de-2-mois-de-mars\/\"},\"wordCount\":623,\"publisher\":{\"@id\":\"https:\/\/peoplesphere.be\/fr\/#organization\"},\"keywords\":[\"acerta\",\"index\",\"indice sant\u00e9\",\"r\u00e9mun\u00e9rations\",\"salaires\",\"secteur public\"],\"articleSection\":[\"Actualit\u00e9s\",\"Digital\"],\"inLanguage\":\"fr-FR\"},{\"@type\":\"WebPage\",\"@id\":\"https:\/\/peoplesphere.be\/fr\/salaires-fonctionnaires-secteur-non-marchand-ainsi-allocations-devraient-augmenter-de-2-mois-de-mars\/\",\"url\":\"https:\/\/peoplesphere.be\/fr\/salaires-fonctionnaires-secteur-non-marchand-ainsi-allocations-devraient-augmenter-de-2-mois-de-mars\/\",\"name\":\"Les salaires des fonctionnaires et du secteur non marchand, ainsi que les allocations, devraient augmenter de 2% d\u00e8s le mois de mars. - Peoplesphere\",\"isPartOf\":{\"@id\":\"https:\/\/peoplesphere.be\/fr\/#website\"},\"datePublished\":\"2020-02-04T10:15:19+00:00\",\"dateModified\":\"2020-02-04T10:15:19+00:00\",\"breadcrumb\":{\"@id\":\"https:\/\/peoplesphere.be\/fr\/salaires-fonctionnaires-secteur-non-marchand-ainsi-allocations-devraient-augmenter-de-2-mois-de-mars\/#breadcrumb\"},\"inLanguage\":\"fr-FR\",\"potentialAction\":[{\"@type\":\"ReadAction\",\"target\":[\"https:\/\/peoplesphere.be\/fr\/salaires-fonctionnaires-secteur-non-marchand-ainsi-allocations-devraient-augmenter-de-2-mois-de-mars\/\"]}]},{\"@type\":\"BreadcrumbList\",\"@id\":\"https:\/\/peoplesphere.be\/fr\/salaires-fonctionnaires-secteur-non-marchand-ainsi-allocations-devraient-augmenter-de-2-mois-de-mars\/#breadcrumb\",\"itemListElement\":[{\"@type\":\"ListItem\",\"position\":1,\"name\":\"Accueil\",\"item\":\"https:\/\/peoplesphere.be\/fr\/\"},{\"@type\":\"ListItem\",\"position\":2,\"name\":\"Les salaires des fonctionnaires et du secteur non marchand, ainsi que les allocations, devraient augmenter de 2% d\u00e8s le mois de mars.\"}]},{\"@type\":\"WebSite\",\"@id\":\"https:\/\/peoplesphere.be\/fr\/#website\",\"url\":\"https:\/\/peoplesphere.be\/fr\/\",\"name\":\"Peoplesphere\",\"description\":\"The People Managers Magazine\",\"publisher\":{\"@id\":\"https:\/\/peoplesphere.be\/fr\/#organization\"},\"potentialAction\":[{\"@type\":\"SearchAction\",\"target\":{\"@type\":\"EntryPoint\",\"urlTemplate\":\"https:\/\/peoplesphere.be\/fr\/?s={search_term_string}\"},\"query-input\":\"required name=search_term_string\"}],\"inLanguage\":\"fr-FR\"},{\"@type\":\"Organization\",\"@id\":\"https:\/\/peoplesphere.be\/fr\/#organization\",\"name\":\"Peoplesphere Company srl\",\"url\":\"https:\/\/peoplesphere.be\/fr\/\",\"logo\":{\"@type\":\"ImageObject\",\"inLanguage\":\"fr-FR\",\"@id\":\"https:\/\/peoplesphere.be\/fr\/#\/schema\/logo\/image\/\",\"url\":\"https:\/\/peoplesphere.be\/fr\/wp-content\/uploads\/2023\/07\/peoplesphere-lgo-new-generik.jpg\",\"contentUrl\":\"https:\/\/peoplesphere.be\/fr\/wp-content\/uploads\/2023\/07\/peoplesphere-lgo-new-generik.jpg\",\"width\":1031,\"height\":1479,\"caption\":\"Peoplesphere Company srl\"},\"image\":{\"@id\":\"https:\/\/peoplesphere.be\/fr\/#\/schema\/logo\/image\/\"},\"sameAs\":[\"https:\/\/www.facebook.com\/peoplesphere\",\"https:\/\/twitter.com\/PeoplesphereMag\",\"https:\/\/www.linkedin.com\/company\/7587361?trk\",\"http:\/\/youtube.com\/peoplesphere\"]},{\"@type\":\"Person\",\"@id\":\"https:\/\/peoplesphere.be\/fr\/#\/schema\/person\/7976225ff17988604334abb7b3536a7e\",\"name\":\"Jean-Paul Erhard\",\"image\":{\"@type\":\"ImageObject\",\"inLanguage\":\"fr-FR\",\"@id\":\"https:\/\/peoplesphere.be\/fr\/#\/schema\/person\/image\/\",\"url\":\"https:\/\/secure.gravatar.com\/avatar\/f941e681460179738071629a51574930?s=96&d=mm&r=g\",\"contentUrl\":\"https:\/\/secure.gravatar.com\/avatar\/f941e681460179738071629a51574930?s=96&d=mm&r=g\",\"caption\":\"Jean-Paul Erhard\"},\"url\":\"https:\/\/peoplesphere.be\/fr\/author\/jpe\/\"}]}<\/script>\n<!-- \/ Yoast SEO plugin. -->","yoast_head_json":{"title":"Les salaires des fonctionnaires et du secteur non marchand, ainsi que les allocations, devraient augmenter de 2% d\u00e8s le mois de mars. - Peoplesphere","robots":{"index":"index","follow":"follow","max-snippet":"max-snippet:-1","max-image-preview":"max-image-preview:large","max-video-preview":"max-video-preview:-1"},"canonical":"https:\/\/peoplesphere.be\/fr\/salaires-fonctionnaires-secteur-non-marchand-ainsi-allocations-devraient-augmenter-de-2-mois-de-mars\/","og_locale":"fr_FR","og_type":"article","og_title":"Les salaires des fonctionnaires et du secteur non marchand, ainsi que les allocations, devraient augmenter de 2% d\u00e8s le mois de mars. - Peoplesphere","og_description":"Sur la base de l\u2019indice sant\u00e9 de janvier 2020 et de l\u2019indice sant\u00e9 social liss\u00e9 qui en est d\u00e9duit, le groupe ACERTA pr\u00e9voit que le moment o\u00f9 l\u2019indice-pivot sera atteint arrive tr\u00e8s probablement un mois plus t\u00f4t que pr\u00e9vu, \u00e0 [&hellip;]","og_url":"https:\/\/peoplesphere.be\/fr\/salaires-fonctionnaires-secteur-non-marchand-ainsi-allocations-devraient-augmenter-de-2-mois-de-mars\/","og_site_name":"Peoplesphere","article_publisher":"https:\/\/www.facebook.com\/peoplesphere","article_published_time":"2020-02-04T10:15:19+00:00","og_image":[{"url":"http:\/\/www.peoplesphere.be\/fr\/wp-content\/uploads\/2016\/07\/facebook-default-posting-1200x628px.jpg"}],"author":"Jean-Paul Erhard","twitter_card":"summary_large_image","twitter_creator":"@PeoplesphereMag","twitter_site":"@PeoplesphereMag","twitter_misc":{"\u00c9crit par":"Jean-Paul Erhard","Dur\u00e9e de lecture estim\u00e9e":"3 minutes"},"schema":{"@context":"https:\/\/schema.org","@graph":[{"@type":"Article","@id":"https:\/\/peoplesphere.be\/fr\/salaires-fonctionnaires-secteur-non-marchand-ainsi-allocations-devraient-augmenter-de-2-mois-de-mars\/#article","isPartOf":{"@id":"https:\/\/peoplesphere.be\/fr\/salaires-fonctionnaires-secteur-non-marchand-ainsi-allocations-devraient-augmenter-de-2-mois-de-mars\/"},"author":{"name":"Jean-Paul Erhard","@id":"https:\/\/peoplesphere.be\/fr\/#\/schema\/person\/7976225ff17988604334abb7b3536a7e"},"headline":"Les salaires des fonctionnaires et du secteur non marchand, ainsi que les allocations, devraient augmenter de 2% d\u00e8s le mois de mars.","datePublished":"2020-02-04T10:15:19+00:00","dateModified":"2020-02-04T10:15:19+00:00","mainEntityOfPage":{"@id":"https:\/\/peoplesphere.be\/fr\/salaires-fonctionnaires-secteur-non-marchand-ainsi-allocations-devraient-augmenter-de-2-mois-de-mars\/"},"wordCount":623,"publisher":{"@id":"https:\/\/peoplesphere.be\/fr\/#organization"},"keywords":["acerta","index","indice sant\u00e9","r\u00e9mun\u00e9rations","salaires","secteur public"],"articleSection":["Actualit\u00e9s","Digital"],"inLanguage":"fr-FR"},{"@type":"WebPage","@id":"https:\/\/peoplesphere.be\/fr\/salaires-fonctionnaires-secteur-non-marchand-ainsi-allocations-devraient-augmenter-de-2-mois-de-mars\/","url":"https:\/\/peoplesphere.be\/fr\/salaires-fonctionnaires-secteur-non-marchand-ainsi-allocations-devraient-augmenter-de-2-mois-de-mars\/","name":"Les salaires des fonctionnaires et du secteur non marchand, ainsi que les allocations, devraient augmenter de 2% d\u00e8s le mois de mars. - Peoplesphere","isPartOf":{"@id":"https:\/\/peoplesphere.be\/fr\/#website"},"datePublished":"2020-02-04T10:15:19+00:00","dateModified":"2020-02-04T10:15:19+00:00","breadcrumb":{"@id":"https:\/\/peoplesphere.be\/fr\/salaires-fonctionnaires-secteur-non-marchand-ainsi-allocations-devraient-augmenter-de-2-mois-de-mars\/#breadcrumb"},"inLanguage":"fr-FR","potentialAction":[{"@type":"ReadAction","target":["https:\/\/peoplesphere.be\/fr\/salaires-fonctionnaires-secteur-non-marchand-ainsi-allocations-devraient-augmenter-de-2-mois-de-mars\/"]}]},{"@type":"BreadcrumbList","@id":"https:\/\/peoplesphere.be\/fr\/salaires-fonctionnaires-secteur-non-marchand-ainsi-allocations-devraient-augmenter-de-2-mois-de-mars\/#breadcrumb","itemListElement":[{"@type":"ListItem","position":1,"name":"Accueil","item":"https:\/\/peoplesphere.be\/fr\/"},{"@type":"ListItem","position":2,"name":"Les salaires des fonctionnaires et du secteur non marchand, ainsi que les allocations, devraient augmenter de 2% d\u00e8s le mois de mars."}]},{"@type":"WebSite","@id":"https:\/\/peoplesphere.be\/fr\/#website","url":"https:\/\/peoplesphere.be\/fr\/","name":"Peoplesphere","description":"The People Managers Magazine","publisher":{"@id":"https:\/\/peoplesphere.be\/fr\/#organization"},"potentialAction":[{"@type":"SearchAction","target":{"@type":"EntryPoint","urlTemplate":"https:\/\/peoplesphere.be\/fr\/?s={search_term_string}"},"query-input":"required name=search_term_string"}],"inLanguage":"fr-FR"},{"@type":"Organization","@id":"https:\/\/peoplesphere.be\/fr\/#organization","name":"Peoplesphere Company srl","url":"https:\/\/peoplesphere.be\/fr\/","logo":{"@type":"ImageObject","inLanguage":"fr-FR","@id":"https:\/\/peoplesphere.be\/fr\/#\/schema\/logo\/image\/","url":"https:\/\/peoplesphere.be\/fr\/wp-content\/uploads\/2023\/07\/peoplesphere-lgo-new-generik.jpg","contentUrl":"https:\/\/peoplesphere.be\/fr\/wp-content\/uploads\/2023\/07\/peoplesphere-lgo-new-generik.jpg","width":1031,"height":1479,"caption":"Peoplesphere Company srl"},"image":{"@id":"https:\/\/peoplesphere.be\/fr\/#\/schema\/logo\/image\/"},"sameAs":["https:\/\/www.facebook.com\/peoplesphere","https:\/\/twitter.com\/PeoplesphereMag","https:\/\/www.linkedin.com\/company\/7587361?trk","http:\/\/youtube.com\/peoplesphere"]},{"@type":"Person","@id":"https:\/\/peoplesphere.be\/fr\/#\/schema\/person\/7976225ff17988604334abb7b3536a7e","name":"Jean-Paul Erhard","image":{"@type":"ImageObject","inLanguage":"fr-FR","@id":"https:\/\/peoplesphere.be\/fr\/#\/schema\/person\/image\/","url":"https:\/\/secure.gravatar.com\/avatar\/f941e681460179738071629a51574930?s=96&d=mm&r=g","contentUrl":"https:\/\/secure.gravatar.com\/avatar\/f941e681460179738071629a51574930?s=96&d=mm&r=g","caption":"Jean-Paul Erhard"},"url":"https:\/\/peoplesphere.be\/fr\/author\/jpe\/"}]}},"_links":{"self":[{"href":"https:\/\/peoplesphere.be\/fr\/wp-json\/wp\/v2\/posts\/9015"}],"collection":[{"href":"https:\/\/peoplesphere.be\/fr\/wp-json\/wp\/v2\/posts"}],"about":[{"href":"https:\/\/peoplesphere.be\/fr\/wp-json\/wp\/v2\/types\/post"}],"author":[{"embeddable":true,"href":"https:\/\/peoplesphere.be\/fr\/wp-json\/wp\/v2\/users\/2"}],"replies":[{"embeddable":true,"href":"https:\/\/peoplesphere.be\/fr\/wp-json\/wp\/v2\/comments?post=9015"}],"version-history":[{"count":1,"href":"https:\/\/peoplesphere.be\/fr\/wp-json\/wp\/v2\/posts\/9015\/revisions"}],"predecessor-version":[{"id":9016,"href":"https:\/\/peoplesphere.be\/fr\/wp-json\/wp\/v2\/posts\/9015\/revisions\/9016"}],"wp:attachment":[{"href":"https:\/\/peoplesphere.be\/fr\/wp-json\/wp\/v2\/media?parent=9015"}],"wp:term":[{"taxonomy":"category","embeddable":true,"href":"https:\/\/peoplesphere.be\/fr\/wp-json\/wp\/v2\/categories?post=9015"},{"taxonomy":"post_tag","embeddable":true,"href":"https:\/\/peoplesphere.be\/fr\/wp-json\/wp\/v2\/tags?post=9015"}],"curies":[{"name":"wp","href":"https:\/\/api.w.org\/{rel}","templated":true}]}}