









{"id":9114,"date":"2020-02-21T18:03:15","date_gmt":"2020-02-21T16:03:15","guid":{"rendered":"https:\/\/peoplesphere.be\/fr\/?p=9114"},"modified":"2020-02-21T18:11:21","modified_gmt":"2020-02-21T16:11:21","slug":"conge-aidants-proches-sera-pris-compte-pension-fonctionnaires-federaux","status":"publish","type":"post","link":"https:\/\/peoplesphere.be\/fr\/conge-aidants-proches-sera-pris-compte-pension-fonctionnaires-federaux\/","title":{"rendered":"Le cong\u00e9 pour aidants proches sera pris en compte pour la pension des fonctionnaires f\u00e9d\u00e9raux."},"content":{"rendered":"<p>Ce vendredi, sur proposition du Ministre des Pensions Daniel Bacquelaine, le Conseil des Ministres a d\u00e9cid\u00e9 de prendre en compte le cong\u00e9 pour aidants proches pour la pension des fonctionnaires f\u00e9d\u00e9raux et ceux des entreprises publiques autonomes, par analogie avec l\u2019assimilation de ce cong\u00e9 pour la pension des travailleurs salari\u00e9s.<!--more--><\/p>\n<p>Un enfant n\u00e9cessitant des soins particuliers, un parent soudainement en situation de d\u00e9pendance, un ami proche tombant gravement malade : tout le monde peut \u00eatre confront\u00e9, au cours de sa vie, \u00e0 une situation difficile n\u00e9cessitant de lever un peu le pied \u00e0 son travail pour s\u2019occuper de ceux qu\u2019il aime. C\u2019est pour tenir compte de ces situations humainement d\u00e9licates qu\u2019a \u00e9t\u00e9 cr\u00e9\u00e9 le cong\u00e9 pour aidants proches. Ces derniers peuvent \u00eatre des parents, enfants, conjoints ou proches qui se d\u00e9vouent pour une personne malade ou handicap\u00e9e en situation de grande d\u00e9pendance. Environ 800.000 personnes remplissent ce r\u00f4le en Belgique. Elles choisissent d\u2019aider au quotidien des proches victimes d\u2019une r\u00e9duction d\u2019autonomie et qui ont besoin d\u2019une assistance continue.<\/p>\n<p><strong><em>Une reconnaissance de plus en plus \u00e9tendue<\/em><\/strong><\/p>\n<p>Ce cong\u00e9 pour aidants proches reconnus a \u00e9t\u00e9 cr\u00e9\u00e9 par la loi du 17 mai 2019. Le texte a, d\u00e8s le d\u00e9part, pr\u00e9vu son assimilation pour la pension pour les travailleurs salari\u00e9s : les cong\u00e9s pris dans ce cadre sont consid\u00e9r\u00e9s comme une poursuite de la carri\u00e8re, et comptabilis\u00e9s comme tels. Ce vendredi, le Conseil des Ministres a d\u00e9cid\u00e9 d\u2019\u00e9galement prendre en compte ce cong\u00e9 dans le calcul de la pension des statutaires du f\u00e9d\u00e9ral et de ceux des entreprises publiques autonomes. A cette fin, le cong\u00e9 est officiellement ajout\u00e9 \u00e0 la liste des cong\u00e9s qui peuvent \u00eatre pris en consid\u00e9ration pour le calcul de la pension dans le secteur public. Pour rappel, les agents contractuels f\u00e9d\u00e9raux sont, eux, d\u00e9j\u00e0 int\u00e9gr\u00e9s dans le syst\u00e8me pr\u00e9vu pour les travailleurs salari\u00e9s.<\/p>\n<p>La cr\u00e9ation du cong\u00e9 en tant que tel pour les fonctionnaires statutaires f\u00e9d\u00e9raux poursuit par ailleurs son chemin l\u00e9gislatif, avec une n\u00e9gociation pr\u00e9vue au Comit\u00e9 A le mois prochain.<\/p>\n<p>Daniel Bacquelaine, Ministre des Pensions: <em>\u00ab\u00a0La d\u00e9cision prise aujourd\u2019hui par le Conseil des Ministres permet de franchir une nouvelle \u00e9tape dans la reconnaissance de droits sociaux en faveur des aidants proches. Je trouve l\u00e9gitime que la p\u00e9riode du cong\u00e9 consacr\u00e9 comme aidant proche \u00e0 un parent malade ou \u00e0 un enfant handicap\u00e9 soit prise en consid\u00e9ration pour la pension. Aujourd\u2019hui, nous avons fait le n\u00e9cessaire pour r\u00e9aliser cette extension des droits des aidants proches et je m\u2019en r\u00e9jouis.\u00a0\u00bb<\/em><\/p>\n<p>David Clarinval, Ministre de la Fonction publique: <em>\u00ab\u00a0Cette mesure prise ce vendredi est importante \u00e0 mes yeux pour deux raisons. D\u2019abord parce qu\u2019elle facilite la prise de ce cong\u00e9, en enlevant l\u2019\u00e9ventuelle p\u00e9nalisation que cela aurait eu sur la pension des fonctionnaires. Ensuite parce qu\u2019il n\u2019y aucune raison de faire de diff\u00e9rence en la mati\u00e8re entre les statutaires et les contractuels de la fonction publique f\u00e9d\u00e9rale lorsqu\u2019il s\u2019agit de prendre soin d\u2019un proche. Avec cette d\u00e9cision, nous continuons \u00e0 cr\u00e9er une soci\u00e9t\u00e9 qui permet de se soucier des autres.\u00a0\u00bb<\/em><\/p>\n<p>Maggie De Block, Ministre des Affaires sociales: <em>\u00ab\u00a0Les aidants proches mettent de c\u00f4t\u00e9 leurs ambitions professionnelles et personnelles pour s\u2019occuper de quelqu\u2019un qui leur tient \u00e0 c\u0153ur \u00bb dit Maggie De Block (Open Vld). \u00ab L\u2019aide qu\u2019ils fournissent est inestimable. Ils doivent donc pouvoir compter sur la s\u00e9curit\u00e9 sociale.\u00a0\u00bb<\/em><\/p>\n<p>La ministre souhaite que les aidants proches soient reconnus au plus vite. Le cadre l\u00e9gal permettant d\u2019octroyer ce statut a d\u00e9j\u00e0 \u00e9t\u00e9 approuv\u00e9 en octobre par le Conseil des ministres. Mais avant qu\u2019il puisse entrer en vigueur, il faut attendre que soient \u00e9mis les avis n\u00e9cessaires \u00e0 cet effet. La proc\u00e9dure d\u2019avis est actuellement en cours au sein du Conseil d\u2019\u00c9tat. Ce n\u2019est qu\u2019ensuite que Maggie De Block pourra proc\u00e9der \u00e0 la signature de l\u2019arr\u00eat\u00e9 royal et \u00e0 sa publication au Moniteur belge.<\/p>\n<p><em>Sourcce: Cabinet du Ministre f\u00e9d\u00e9ral des Pensions, Daniel Bacquelaine.<\/em><\/p>\n","protected":false},"excerpt":{"rendered":"<p>Ce vendredi, sur proposition du Ministre des Pensions Daniel Bacquelaine, le Conseil des Ministres a d\u00e9cid\u00e9 de prendre en compte le cong\u00e9 pour aidants proches pour la pension des fonctionnaires f\u00e9d\u00e9raux et ceux des entreprises publiques autonomes, par analogie avec [&hellip;]<\/p>\n","protected":false},"author":2,"featured_media":9116,"comment_status":"closed","ping_status":"open","sticky":false,"template":"","format":"standard","meta":[],"categories":[65,10],"tags":[1540,2932,57],"yoast_head":"<!-- This site is optimized with the Yoast SEO plugin v21.0 - https:\/\/yoast.com\/wordpress\/plugins\/seo\/ -->\n<title>Le cong\u00e9 pour aidants proches sera pris en compte pour la pension des fonctionnaires f\u00e9d\u00e9raux. - Peoplesphere<\/title>\n<meta name=\"robots\" content=\"index, follow, max-snippet:-1, max-image-preview:large, max-video-preview:-1\" \/>\n<link rel=\"canonical\" href=\"https:\/\/peoplesphere.be\/fr\/conge-aidants-proches-sera-pris-compte-pension-fonctionnaires-federaux\/\" \/>\n<meta property=\"og:locale\" content=\"fr_FR\" \/>\n<meta property=\"og:type\" content=\"article\" \/>\n<meta property=\"og:title\" content=\"Le cong\u00e9 pour aidants proches sera pris en compte pour la pension des fonctionnaires f\u00e9d\u00e9raux. - Peoplesphere\" \/>\n<meta property=\"og:description\" content=\"Ce vendredi, sur proposition du Ministre des Pensions Daniel Bacquelaine, le Conseil des Ministres a d\u00e9cid\u00e9 de prendre en compte le cong\u00e9 pour aidants proches pour la pension des fonctionnaires f\u00e9d\u00e9raux et ceux des entreprises publiques autonomes, par analogie avec [&hellip;]\" \/>\n<meta property=\"og:url\" content=\"https:\/\/peoplesphere.be\/fr\/conge-aidants-proches-sera-pris-compte-pension-fonctionnaires-federaux\/\" \/>\n<meta property=\"og:site_name\" content=\"Peoplesphere\" \/>\n<meta property=\"article:publisher\" content=\"https:\/\/www.facebook.com\/peoplesphere\" \/>\n<meta property=\"article:published_time\" content=\"2020-02-21T16:03:15+00:00\" \/>\n<meta property=\"article:modified_time\" content=\"2020-02-21T16:11:21+00:00\" \/>\n<meta property=\"og:image\" content=\"https:\/\/peoplesphere.be\/fr\/wp-content\/uploads\/2020\/02\/aider.jpg\" \/>\n\t<meta property=\"og:image:width\" content=\"1024\" \/>\n\t<meta property=\"og:image:height\" content=\"683\" \/>\n\t<meta property=\"og:image:type\" content=\"image\/jpeg\" \/>\n<meta name=\"author\" content=\"Jean-Paul Erhard\" \/>\n<meta name=\"twitter:card\" content=\"summary_large_image\" \/>\n<meta name=\"twitter:creator\" content=\"@PeoplesphereMag\" \/>\n<meta name=\"twitter:site\" content=\"@PeoplesphereMag\" \/>\n<meta name=\"twitter:label1\" content=\"\u00c9crit par\" \/>\n\t<meta name=\"twitter:data1\" content=\"Jean-Paul Erhard\" \/>\n\t<meta name=\"twitter:label2\" content=\"Dur\u00e9e de lecture estim\u00e9e\" \/>\n\t<meta name=\"twitter:data2\" content=\"4 minutes\" \/>\n<script type=\"application\/ld+json\" class=\"yoast-schema-graph\">{\"@context\":\"https:\/\/schema.org\",\"@graph\":[{\"@type\":\"Article\",\"@id\":\"https:\/\/peoplesphere.be\/fr\/conge-aidants-proches-sera-pris-compte-pension-fonctionnaires-federaux\/#article\",\"isPartOf\":{\"@id\":\"https:\/\/peoplesphere.be\/fr\/conge-aidants-proches-sera-pris-compte-pension-fonctionnaires-federaux\/\"},\"author\":{\"name\":\"Jean-Paul Erhard\",\"@id\":\"https:\/\/peoplesphere.be\/fr\/#\/schema\/person\/7976225ff17988604334abb7b3536a7e\"},\"headline\":\"Le cong\u00e9 pour aidants proches sera pris en compte pour la pension des fonctionnaires f\u00e9d\u00e9raux.\",\"datePublished\":\"2020-02-21T16:03:15+00:00\",\"dateModified\":\"2020-02-21T16:11:21+00:00\",\"mainEntityOfPage\":{\"@id\":\"https:\/\/peoplesphere.be\/fr\/conge-aidants-proches-sera-pris-compte-pension-fonctionnaires-federaux\/\"},\"wordCount\":739,\"publisher\":{\"@id\":\"https:\/\/peoplesphere.be\/fr\/#organization\"},\"keywords\":[\"aidants proches\",\"fonctionnaires f\u00e9d\u00e9raux\",\"pensions\"],\"articleSection\":[\"Actualit\u00e9s\",\"Digital\"],\"inLanguage\":\"fr-FR\"},{\"@type\":\"WebPage\",\"@id\":\"https:\/\/peoplesphere.be\/fr\/conge-aidants-proches-sera-pris-compte-pension-fonctionnaires-federaux\/\",\"url\":\"https:\/\/peoplesphere.be\/fr\/conge-aidants-proches-sera-pris-compte-pension-fonctionnaires-federaux\/\",\"name\":\"Le cong\u00e9 pour aidants proches sera pris en compte pour la pension des fonctionnaires f\u00e9d\u00e9raux. - Peoplesphere\",\"isPartOf\":{\"@id\":\"https:\/\/peoplesphere.be\/fr\/#website\"},\"datePublished\":\"2020-02-21T16:03:15+00:00\",\"dateModified\":\"2020-02-21T16:11:21+00:00\",\"breadcrumb\":{\"@id\":\"https:\/\/peoplesphere.be\/fr\/conge-aidants-proches-sera-pris-compte-pension-fonctionnaires-federaux\/#breadcrumb\"},\"inLanguage\":\"fr-FR\",\"potentialAction\":[{\"@type\":\"ReadAction\",\"target\":[\"https:\/\/peoplesphere.be\/fr\/conge-aidants-proches-sera-pris-compte-pension-fonctionnaires-federaux\/\"]}]},{\"@type\":\"BreadcrumbList\",\"@id\":\"https:\/\/peoplesphere.be\/fr\/conge-aidants-proches-sera-pris-compte-pension-fonctionnaires-federaux\/#breadcrumb\",\"itemListElement\":[{\"@type\":\"ListItem\",\"position\":1,\"name\":\"Accueil\",\"item\":\"https:\/\/peoplesphere.be\/fr\/\"},{\"@type\":\"ListItem\",\"position\":2,\"name\":\"Le cong\u00e9 pour aidants proches sera pris en compte pour la pension des fonctionnaires f\u00e9d\u00e9raux.\"}]},{\"@type\":\"WebSite\",\"@id\":\"https:\/\/peoplesphere.be\/fr\/#website\",\"url\":\"https:\/\/peoplesphere.be\/fr\/\",\"name\":\"Peoplesphere\",\"description\":\"The People Managers Magazine\",\"publisher\":{\"@id\":\"https:\/\/peoplesphere.be\/fr\/#organization\"},\"potentialAction\":[{\"@type\":\"SearchAction\",\"target\":{\"@type\":\"EntryPoint\",\"urlTemplate\":\"https:\/\/peoplesphere.be\/fr\/?s={search_term_string}\"},\"query-input\":\"required name=search_term_string\"}],\"inLanguage\":\"fr-FR\"},{\"@type\":\"Organization\",\"@id\":\"https:\/\/peoplesphere.be\/fr\/#organization\",\"name\":\"Peoplesphere Company srl\",\"url\":\"https:\/\/peoplesphere.be\/fr\/\",\"logo\":{\"@type\":\"ImageObject\",\"inLanguage\":\"fr-FR\",\"@id\":\"https:\/\/peoplesphere.be\/fr\/#\/schema\/logo\/image\/\",\"url\":\"https:\/\/peoplesphere.be\/fr\/wp-content\/uploads\/2023\/07\/peoplesphere-lgo-new-generik.jpg\",\"contentUrl\":\"https:\/\/peoplesphere.be\/fr\/wp-content\/uploads\/2023\/07\/peoplesphere-lgo-new-generik.jpg\",\"width\":1031,\"height\":1479,\"caption\":\"Peoplesphere Company srl\"},\"image\":{\"@id\":\"https:\/\/peoplesphere.be\/fr\/#\/schema\/logo\/image\/\"},\"sameAs\":[\"https:\/\/www.facebook.com\/peoplesphere\",\"https:\/\/twitter.com\/PeoplesphereMag\",\"https:\/\/www.linkedin.com\/company\/7587361?trk\",\"http:\/\/youtube.com\/peoplesphere\"]},{\"@type\":\"Person\",\"@id\":\"https:\/\/peoplesphere.be\/fr\/#\/schema\/person\/7976225ff17988604334abb7b3536a7e\",\"name\":\"Jean-Paul Erhard\",\"image\":{\"@type\":\"ImageObject\",\"inLanguage\":\"fr-FR\",\"@id\":\"https:\/\/peoplesphere.be\/fr\/#\/schema\/person\/image\/\",\"url\":\"https:\/\/secure.gravatar.com\/avatar\/f941e681460179738071629a51574930?s=96&d=mm&r=g\",\"contentUrl\":\"https:\/\/secure.gravatar.com\/avatar\/f941e681460179738071629a51574930?s=96&d=mm&r=g\",\"caption\":\"Jean-Paul Erhard\"},\"url\":\"https:\/\/peoplesphere.be\/fr\/author\/jpe\/\"}]}<\/script>\n<!-- \/ Yoast SEO plugin. -->","yoast_head_json":{"title":"Le cong\u00e9 pour aidants proches sera pris en compte pour la pension des fonctionnaires f\u00e9d\u00e9raux. - Peoplesphere","robots":{"index":"index","follow":"follow","max-snippet":"max-snippet:-1","max-image-preview":"max-image-preview:large","max-video-preview":"max-video-preview:-1"},"canonical":"https:\/\/peoplesphere.be\/fr\/conge-aidants-proches-sera-pris-compte-pension-fonctionnaires-federaux\/","og_locale":"fr_FR","og_type":"article","og_title":"Le cong\u00e9 pour aidants proches sera pris en compte pour la pension des fonctionnaires f\u00e9d\u00e9raux. - Peoplesphere","og_description":"Ce vendredi, sur proposition du Ministre des Pensions Daniel Bacquelaine, le Conseil des Ministres a d\u00e9cid\u00e9 de prendre en compte le cong\u00e9 pour aidants proches pour la pension des fonctionnaires f\u00e9d\u00e9raux et ceux des entreprises publiques autonomes, par analogie avec [&hellip;]","og_url":"https:\/\/peoplesphere.be\/fr\/conge-aidants-proches-sera-pris-compte-pension-fonctionnaires-federaux\/","og_site_name":"Peoplesphere","article_publisher":"https:\/\/www.facebook.com\/peoplesphere","article_published_time":"2020-02-21T16:03:15+00:00","article_modified_time":"2020-02-21T16:11:21+00:00","og_image":[{"width":1024,"height":683,"url":"https:\/\/peoplesphere.be\/fr\/wp-content\/uploads\/2020\/02\/aider.jpg","type":"image\/jpeg"}],"author":"Jean-Paul Erhard","twitter_card":"summary_large_image","twitter_creator":"@PeoplesphereMag","twitter_site":"@PeoplesphereMag","twitter_misc":{"\u00c9crit par":"Jean-Paul Erhard","Dur\u00e9e de lecture estim\u00e9e":"4 minutes"},"schema":{"@context":"https:\/\/schema.org","@graph":[{"@type":"Article","@id":"https:\/\/peoplesphere.be\/fr\/conge-aidants-proches-sera-pris-compte-pension-fonctionnaires-federaux\/#article","isPartOf":{"@id":"https:\/\/peoplesphere.be\/fr\/conge-aidants-proches-sera-pris-compte-pension-fonctionnaires-federaux\/"},"author":{"name":"Jean-Paul Erhard","@id":"https:\/\/peoplesphere.be\/fr\/#\/schema\/person\/7976225ff17988604334abb7b3536a7e"},"headline":"Le cong\u00e9 pour aidants proches sera pris en compte pour la pension des fonctionnaires f\u00e9d\u00e9raux.","datePublished":"2020-02-21T16:03:15+00:00","dateModified":"2020-02-21T16:11:21+00:00","mainEntityOfPage":{"@id":"https:\/\/peoplesphere.be\/fr\/conge-aidants-proches-sera-pris-compte-pension-fonctionnaires-federaux\/"},"wordCount":739,"publisher":{"@id":"https:\/\/peoplesphere.be\/fr\/#organization"},"keywords":["aidants proches","fonctionnaires f\u00e9d\u00e9raux","pensions"],"articleSection":["Actualit\u00e9s","Digital"],"inLanguage":"fr-FR"},{"@type":"WebPage","@id":"https:\/\/peoplesphere.be\/fr\/conge-aidants-proches-sera-pris-compte-pension-fonctionnaires-federaux\/","url":"https:\/\/peoplesphere.be\/fr\/conge-aidants-proches-sera-pris-compte-pension-fonctionnaires-federaux\/","name":"Le cong\u00e9 pour aidants proches sera pris en compte pour la pension des fonctionnaires f\u00e9d\u00e9raux. - Peoplesphere","isPartOf":{"@id":"https:\/\/peoplesphere.be\/fr\/#website"},"datePublished":"2020-02-21T16:03:15+00:00","dateModified":"2020-02-21T16:11:21+00:00","breadcrumb":{"@id":"https:\/\/peoplesphere.be\/fr\/conge-aidants-proches-sera-pris-compte-pension-fonctionnaires-federaux\/#breadcrumb"},"inLanguage":"fr-FR","potentialAction":[{"@type":"ReadAction","target":["https:\/\/peoplesphere.be\/fr\/conge-aidants-proches-sera-pris-compte-pension-fonctionnaires-federaux\/"]}]},{"@type":"BreadcrumbList","@id":"https:\/\/peoplesphere.be\/fr\/conge-aidants-proches-sera-pris-compte-pension-fonctionnaires-federaux\/#breadcrumb","itemListElement":[{"@type":"ListItem","position":1,"name":"Accueil","item":"https:\/\/peoplesphere.be\/fr\/"},{"@type":"ListItem","position":2,"name":"Le cong\u00e9 pour aidants proches sera pris en compte pour la pension des fonctionnaires f\u00e9d\u00e9raux."}]},{"@type":"WebSite","@id":"https:\/\/peoplesphere.be\/fr\/#website","url":"https:\/\/peoplesphere.be\/fr\/","name":"Peoplesphere","description":"The People Managers Magazine","publisher":{"@id":"https:\/\/peoplesphere.be\/fr\/#organization"},"potentialAction":[{"@type":"SearchAction","target":{"@type":"EntryPoint","urlTemplate":"https:\/\/peoplesphere.be\/fr\/?s={search_term_string}"},"query-input":"required name=search_term_string"}],"inLanguage":"fr-FR"},{"@type":"Organization","@id":"https:\/\/peoplesphere.be\/fr\/#organization","name":"Peoplesphere Company srl","url":"https:\/\/peoplesphere.be\/fr\/","logo":{"@type":"ImageObject","inLanguage":"fr-FR","@id":"https:\/\/peoplesphere.be\/fr\/#\/schema\/logo\/image\/","url":"https:\/\/peoplesphere.be\/fr\/wp-content\/uploads\/2023\/07\/peoplesphere-lgo-new-generik.jpg","contentUrl":"https:\/\/peoplesphere.be\/fr\/wp-content\/uploads\/2023\/07\/peoplesphere-lgo-new-generik.jpg","width":1031,"height":1479,"caption":"Peoplesphere Company srl"},"image":{"@id":"https:\/\/peoplesphere.be\/fr\/#\/schema\/logo\/image\/"},"sameAs":["https:\/\/www.facebook.com\/peoplesphere","https:\/\/twitter.com\/PeoplesphereMag","https:\/\/www.linkedin.com\/company\/7587361?trk","http:\/\/youtube.com\/peoplesphere"]},{"@type":"Person","@id":"https:\/\/peoplesphere.be\/fr\/#\/schema\/person\/7976225ff17988604334abb7b3536a7e","name":"Jean-Paul Erhard","image":{"@type":"ImageObject","inLanguage":"fr-FR","@id":"https:\/\/peoplesphere.be\/fr\/#\/schema\/person\/image\/","url":"https:\/\/secure.gravatar.com\/avatar\/f941e681460179738071629a51574930?s=96&d=mm&r=g","contentUrl":"https:\/\/secure.gravatar.com\/avatar\/f941e681460179738071629a51574930?s=96&d=mm&r=g","caption":"Jean-Paul Erhard"},"url":"https:\/\/peoplesphere.be\/fr\/author\/jpe\/"}]}},"_links":{"self":[{"href":"https:\/\/peoplesphere.be\/fr\/wp-json\/wp\/v2\/posts\/9114"}],"collection":[{"href":"https:\/\/peoplesphere.be\/fr\/wp-json\/wp\/v2\/posts"}],"about":[{"href":"https:\/\/peoplesphere.be\/fr\/wp-json\/wp\/v2\/types\/post"}],"author":[{"embeddable":true,"href":"https:\/\/peoplesphere.be\/fr\/wp-json\/wp\/v2\/users\/2"}],"replies":[{"embeddable":true,"href":"https:\/\/peoplesphere.be\/fr\/wp-json\/wp\/v2\/comments?post=9114"}],"version-history":[{"count":1,"href":"https:\/\/peoplesphere.be\/fr\/wp-json\/wp\/v2\/posts\/9114\/revisions"}],"predecessor-version":[{"id":9115,"href":"https:\/\/peoplesphere.be\/fr\/wp-json\/wp\/v2\/posts\/9114\/revisions\/9115"}],"wp:featuredmedia":[{"embeddable":true,"href":"https:\/\/peoplesphere.be\/fr\/wp-json\/wp\/v2\/media\/9116"}],"wp:attachment":[{"href":"https:\/\/peoplesphere.be\/fr\/wp-json\/wp\/v2\/media?parent=9114"}],"wp:term":[{"taxonomy":"category","embeddable":true,"href":"https:\/\/peoplesphere.be\/fr\/wp-json\/wp\/v2\/categories?post=9114"},{"taxonomy":"post_tag","embeddable":true,"href":"https:\/\/peoplesphere.be\/fr\/wp-json\/wp\/v2\/tags?post=9114"}],"curies":[{"name":"wp","href":"https:\/\/api.w.org\/{rel}","templated":true}]}}