









{"id":913,"date":"2015-06-10T10:58:55","date_gmt":"2015-06-10T08:58:55","guid":{"rendered":"http:\/\/www.peoplesphere.be\/wp\/?p=913"},"modified":"2015-10-19T11:59:25","modified_gmt":"2015-10-19T09:59:25","slug":"les-fondations-du-secteur-social-profit-sont-posees-pour-demain","status":"publish","type":"post","link":"https:\/\/peoplesphere.be\/fr\/les-fondations-du-secteur-social-profit-sont-posees-pour-demain\/","title":{"rendered":"Les fondations du secteur Social Profit sont pos\u00e9es pour demain"},"content":{"rendered":"<h1>Gr\u00e2ce aux intervenants qui ont contribu\u00e9 au programme du Social Profit Day le 4 juin dernier, le processus de refondation du secteur Social Profit est bien entam\u00e9. La sortie de l&rsquo;\u00e9dition 2015 du Barom\u00e8tre des entreprises sociales le confirme. Il est \u00e9vident que le secteur confront\u00e9 \u00e0 l&rsquo;effondrement des financements traditionnels doit se r\u00e9inventer. La seule question pertinente \u00e0 ce jour : comment ?<!--more--><\/h1>\n<p>Les premi\u00e8res conclusions tir\u00e9es au terme du Social Profit Day devraient permettre aux acteurs du secteur de repenser leurs organisations, \u00e0 la fois dans leur structure et dans leur fonctionnement quotidien.<\/p>\n<p><em><strong>1. Les notions de \u00ab\u00a0Client\u00a0\u00bb et de \u00ab\u00a0Profit\u00a0\u00bb sont install\u00e9es<\/strong><\/em> &#8211; Les notions habituellement associ\u00e9s au secteur marchand sont d\u00e9sormais int\u00e9gr\u00e9es dans le Social Profit. Bien entendu, c\u2019est d\u2019une autre forme de profit dont nous parlons mais il appara\u00eet clairement que les \u2018\u2019murs sont tomb\u00e9s\u2019\u2019\u2026<\/p>\n<p><em><strong>2. Gouvernance et transparence<\/strong><\/em> &#8211; Un \u00e9norme besoin de gouvernance (professionnalisation en la mati\u00e8re) appara\u00eet dans le secteur Social Profit. Les conseils d\u2019administration doivent certainement donner l\u2019exemple. La mont\u00e9e des exigences en mati\u00e8re de transparence est une des explications.<\/p>\n<p><em><strong>3. L&rsquo;union fait la force !<\/strong><\/em> &#8211; Les mouvements de concentration ne sont pas une fatalit\u00e9. Ils correspondent au besoin d\u2019associer les meilleures comp\u00e9tences afin de d\u00e9livrer le meilleur service. Atteindre une masse critique r\u00e9elle permet d\u2019am\u00e9liorer la qualit\u00e9 des prestations \u00e0 l\u2019\u00e9vidence.<\/p>\n<p><em><strong>4. Des dispositifs internes bas\u00e9s sur le collectif<\/strong><\/em> &#8211; Le secteur Social Profit donne l\u2019exemple en mati\u00e8re de gestion collective. Il s\u2019agit de ne pas reproduire les exc\u00e8s d\u2019individualisme que l\u2019on a pu observer dans le secteur priv\u00e9. Penser collectif, cela veut dire par exemple d\u00e9finir des objectifs collectifs plut\u00f4t qu\u2019individuels et imaginer des dispositifs de r\u00e9mun\u00e9ration collectifs eux aussi\u2026<\/p>\n<h2>Les tendances du barom\u00e8tre 2015 des entreprises sociales<\/h2>\n<p>L\u2019Acad\u00e9mie des Entrepreneurs Sociaux de HEC \u2013 Ecole de Gestion de l\u2019Universit\u00e9 de Li\u00e8ge et CBC Banque &amp; Assurance ont d\u00e9voil\u00e9 les r\u00e9sultats de leur Barom\u00e8tre annuel des Entreprises Sociales en Belgique. La deuxi\u00e8me \u00e9dition du Barom\u00e8tre dresse l\u2019\u00e9tat des lieux et analyse, en s\u2019appuyant sur les donn\u00e9es statistiques r\u00e9colt\u00e9es aupr\u00e8s de plus de 16.700 entreprises sociales en Belgique, les tendances, d\u00e9fis, enjeux et r\u00e9alit\u00e9s des entreprises sociales qui repr\u00e9sentent plus de 367 000 emplois dans notre pays.<\/p>\n<p>Celui-ci nous apprend que pr\u00e8s d\u2019un emploi sur huit rel\u00e8ve de l\u2019entrepreneuriat social, soit pr\u00e8s de 12 % de l\u2019emploi salari\u00e9 national. Comme le souligne l\u2019\u00e9conomiste Phillippe de Woot, Pr \u00e9m\u00e9rite de l\u2019UCL, membre de l\u2019Acad\u00e9mie royale de Belgique, dans le grand entretien qu\u2019il a accord\u00e9 pour le Barom\u00e8tre 2015, <em>\u00ab Les entreprises sociales ont d\u00e9montr\u00e9 qu\u2019une entreprise alternative peut avoir tous les ingr\u00e9dients de l\u2019entreprise performante, \u00e0 savoir : la cr\u00e9ativit\u00e9, le leadership et la citoyennet\u00e9. (\u2026) Je pense donc que ces entreprises innovantes conduites \u00e0 partir d\u2019un leadership responsable, pr\u00e9figurent une part importante de notre avenir.\u00bb<\/em><\/p>\n<p><em>\u00ab Le Barom\u00e8tre apporte un regard compl\u00e9mentaire sur l\u2019\u00e9conomie en portant l\u2019attention sur ces acteurs \u00e9conomiques d\u2019un genre \u00e0 part que sont les entreprises sociales et sur le r\u00f4le que celles-ci peuvent jouer pour inspirer les entreprises de demain et contribuer \u00e0 faire \u00e9voluer le syst\u00e8me \u00e9conomique \u00bb<\/em> explique Julie Rijpens, Directrice de l\u2019Acad\u00e9mie des Entrepreneurs Sociaux @HEC-ULg.<\/p>\n<p>Le barom\u00e8tre 2015 a par ailleurs mis en \u00e9vidence 5 grands enjeux que nous d\u00e9velopperons dans votre prochaine \u00e9dition de Peoplesphere (n\u00b0196 &#8211; juin 2015).<\/p>\n<p>Pour prendre connaissance des interventions et expos\u00e9s \u00e0 l&rsquo;occasion du Social Profit Day: <a href=\"https:\/\/peoplesphere.be\/socialprofitday\/fr\/\" target=\"_blank\">cliquez ici<\/a> ou t\u00e9l\u00e9chargez les pr\u00e9sentations ci-dessous.<\/p>\n<table width=\"370\" border=\"0\" cellpadding=\"10\" cellspacing=\"5\">\n<tr>\n<td width=\"50\" align=\"center\" valign=\"middle\" bgcolor=\"#2f569b\" ><img decoding=\"async\" loading=\"lazy\" src=\"https:\/\/peoplesphere.be\/img\/ppt.png\" width=\"36\" height=\"41\" align=\"middle\" \/><\/td>\n<td valign=\"middle\" bgcolor=\"#e9e9e9\">\n                <a href=\"https:\/\/peoplesphere.be\/socialprofitday\/docs\/1_social_profit_day_intro.pdf\" target=\"_blank\"><strong>Intro<\/strong><\/a><br \/>\n                (Jean-Paul ERHARD &#8211; Peter DE ROECK)<\/td>\n<\/tr>\n<tr>\n<td align=\"center\" valign=\"middle\" bgcolor=\"#2f569b\" ><img decoding=\"async\" loading=\"lazy\" src=\"https:\/\/peoplesphere.be\/img\/ppt.png\" alt=\"\" width=\"36\" height=\"41\" align=\"middle\" \/><\/td>\n<td valign=\"middle\" bgcolor=\"#e9e9e9\"><a href=\"https:\/\/peoplesphere.be\/socialprofitday\/docs\/2_social_profit_day_case_onp_scaillet.pdf\" target=\"_blank\"><strong>Case: Office National des Pensions<\/strong><\/a><br \/>\n                  (Sarah SCAILLET)<\/td>\n<\/tr>\n<tr>\n<td align=\"center\" valign=\"middle\" bgcolor=\"#2f569b\" ><img decoding=\"async\" loading=\"lazy\" src=\"https:\/\/peoplesphere.be\/img\/ppt.png\" alt=\"\" width=\"36\" height=\"41\" align=\"middle\" \/><\/td>\n<td valign=\"middle\" bgcolor=\"#e9e9e9\"><a href=\"https:\/\/peoplesphere.be\/socialprofitday\/docs\/3_social_profit_day_case_broeders_van_liefde.pdf\" target=\"_blank\"><strong>Case: Congr\u00e9gation des Fr\u00e8res de la Charit\u00e9<\/strong><\/a><br \/>\n                  (Koen OOSTERLINCK)<\/td>\n<\/tr>\n<tr>\n<td align=\"center\" valign=\"middle\" bgcolor=\"#2f569b\" ><img decoding=\"async\" loading=\"lazy\" src=\"https:\/\/peoplesphere.be\/img\/ppt.png\" alt=\"\" width=\"36\" height=\"41\" align=\"middle\" \/><\/td>\n<td valign=\"middle\" bgcolor=\"#e9e9e9\"><a href=\"https:\/\/peoplesphere.be\/socialprofitday\/docs\/4_social_profit_day_case_uzleuven_kesteloot.pdf\" target=\"_blank\"><strong>Case: UZ Leuven<\/strong><\/a><br \/>\n(Katrien KESTELOOT) <\/td>\n<\/tr>\n<tr>\n<td align=\"center\" valign=\"middle\" bgcolor=\"#2f569b\" ><img decoding=\"async\" loading=\"lazy\" src=\"https:\/\/peoplesphere.be\/img\/ppt.png\" alt=\"\" width=\"36\" height=\"41\" align=\"middle\" \/><\/td>\n<td valign=\"middle\" bgcolor=\"#e9e9e9\"><a href=\"https:\/\/peoplesphere.be\/socialprofitday\/docs\/5_social_profit_day_case_triodos_marquet.pdf\" target=\"_blank\"><strong>Case: Triodos Banque<\/strong><\/a><br \/>\n(UZ Leuven) <\/td>\n<\/tr>\n<tr>\n<td align=\"center\" valign=\"middle\" bgcolor=\"#2f569b\" ><img decoding=\"async\" loading=\"lazy\" src=\"https:\/\/peoplesphere.be\/img\/ppt.png\" alt=\"\" width=\"36\" height=\"41\" align=\"middle\" \/><\/td>\n<td valign=\"middle\" bgcolor=\"#e9e9e9\"><a href=\"https:\/\/peoplesphere.be\/socialprofitday\/docs\/7_funds_for_good_rapport_dimpact.pdf\" target=\"_blank\"><strong>Funds For Good &#8211; Rapport d&rsquo;impact<\/strong><\/a><\/td>\n<\/tr>\n<tr>\n<td align=\"center\" valign=\"middle\" bgcolor=\"#2f569b\" ><img decoding=\"async\" loading=\"lazy\" src=\"https:\/\/peoplesphere.be\/img\/ppt.png\" alt=\"\" width=\"36\" height=\"41\" align=\"middle\" \/><\/td>\n<td valign=\"middle\" bgcolor=\"#e9e9e9\"><a href=\"https:\/\/peoplesphere.be\/socialprofitday\/docs\/6_social_profit_day_intro_and_lessons_learned.pdf\" target=\"_blank\"><strong>Conclusion<\/strong><\/a><br \/>\n                (Jean-Paul ERHARD &#8211; Peter DE ROECK)<\/td>\n<\/tr>\n<\/table>\n<p>Pour rester inform\u00e9 quant aux prochaines activit\u00e9s consacr\u00e9es au secteur, signalez-vous via <a href=\"mailto:redaction@peoplesphere.be\" target=\"_blank\">redaction@peoplesphere.be<\/a><\/p>\n<p><a class=\"more-link\" href=\"https:\/\/peoplesphere.be\/fr\/social-profit-day-le-4-juin-a-bruxelles\/\">Voir le programme<\/a><\/p>\n","protected":false},"excerpt":{"rendered":"<p>Gr\u00e2ce aux intervenants qui ont contribu\u00e9 au programme du Social Profit Day le 4 juin dernier, le processus de refondation du secteur Social Profit est bien entam\u00e9. La sortie de l&rsquo;\u00e9dition 2015 du Barom\u00e8tre des entreprises sociales le confirme. Il [&hellip;]<\/p>\n","protected":false},"author":1,"featured_media":0,"comment_status":"closed","ping_status":"open","sticky":false,"template":"","format":"standard","meta":[],"categories":[69],"tags":[],"yoast_head":"<!-- This site is optimized with the Yoast SEO plugin v21.0 - https:\/\/yoast.com\/wordpress\/plugins\/seo\/ -->\n<title>Les fondations du secteur Social Profit sont pos\u00e9es pour demain - Peoplesphere<\/title>\n<meta name=\"robots\" content=\"index, follow, max-snippet:-1, max-image-preview:large, max-video-preview:-1\" \/>\n<link rel=\"canonical\" href=\"https:\/\/peoplesphere.be\/fr\/les-fondations-du-secteur-social-profit-sont-posees-pour-demain\/\" \/>\n<meta property=\"og:locale\" content=\"fr_FR\" \/>\n<meta property=\"og:type\" content=\"article\" \/>\n<meta property=\"og:title\" content=\"Les fondations du secteur Social Profit sont pos\u00e9es pour demain - Peoplesphere\" \/>\n<meta property=\"og:description\" content=\"Gr\u00e2ce aux intervenants qui ont contribu\u00e9 au programme du Social Profit Day le 4 juin dernier, le processus de refondation du secteur Social Profit est bien entam\u00e9. La sortie de l&rsquo;\u00e9dition 2015 du Barom\u00e8tre des entreprises sociales le confirme. Il [&hellip;]\" \/>\n<meta property=\"og:url\" content=\"https:\/\/peoplesphere.be\/fr\/les-fondations-du-secteur-social-profit-sont-posees-pour-demain\/\" \/>\n<meta property=\"og:site_name\" content=\"Peoplesphere\" \/>\n<meta property=\"article:publisher\" content=\"https:\/\/www.facebook.com\/peoplesphere\" \/>\n<meta property=\"article:published_time\" content=\"2015-06-10T08:58:55+00:00\" \/>\n<meta property=\"article:modified_time\" content=\"2015-10-19T09:59:25+00:00\" \/>\n<meta property=\"og:image\" content=\"https:\/\/peoplesphere.be\/img\/ppt.png\" \/>\n<meta name=\"author\" content=\"admin\" \/>\n<meta name=\"twitter:card\" content=\"summary_large_image\" \/>\n<meta name=\"twitter:creator\" content=\"@PeoplesphereMag\" \/>\n<meta name=\"twitter:site\" content=\"@PeoplesphereMag\" \/>\n<meta name=\"twitter:label1\" content=\"\u00c9crit par\" \/>\n\t<meta name=\"twitter:data1\" content=\"admin\" \/>\n\t<meta name=\"twitter:label2\" content=\"Dur\u00e9e de lecture estim\u00e9e\" \/>\n\t<meta name=\"twitter:data2\" content=\"3 minutes\" \/>\n<script type=\"application\/ld+json\" class=\"yoast-schema-graph\">{\"@context\":\"https:\/\/schema.org\",\"@graph\":[{\"@type\":\"Article\",\"@id\":\"https:\/\/peoplesphere.be\/fr\/les-fondations-du-secteur-social-profit-sont-posees-pour-demain\/#article\",\"isPartOf\":{\"@id\":\"https:\/\/peoplesphere.be\/fr\/les-fondations-du-secteur-social-profit-sont-posees-pour-demain\/\"},\"author\":{\"name\":\"admin\",\"@id\":\"https:\/\/peoplesphere.be\/fr\/#\/schema\/person\/31e983479d7c6c2adc52372e64a85ae6\"},\"headline\":\"Les fondations du secteur Social Profit sont pos\u00e9es pour demain\",\"datePublished\":\"2015-06-10T08:58:55+00:00\",\"dateModified\":\"2015-10-19T09:59:25+00:00\",\"mainEntityOfPage\":{\"@id\":\"https:\/\/peoplesphere.be\/fr\/les-fondations-du-secteur-social-profit-sont-posees-pour-demain\/\"},\"wordCount\":709,\"publisher\":{\"@id\":\"https:\/\/peoplesphere.be\/fr\/#organization\"},\"articleSection\":[\"Ressources\"],\"inLanguage\":\"fr-FR\"},{\"@type\":\"WebPage\",\"@id\":\"https:\/\/peoplesphere.be\/fr\/les-fondations-du-secteur-social-profit-sont-posees-pour-demain\/\",\"url\":\"https:\/\/peoplesphere.be\/fr\/les-fondations-du-secteur-social-profit-sont-posees-pour-demain\/\",\"name\":\"Les fondations du secteur Social Profit sont pos\u00e9es pour demain - Peoplesphere\",\"isPartOf\":{\"@id\":\"https:\/\/peoplesphere.be\/fr\/#website\"},\"datePublished\":\"2015-06-10T08:58:55+00:00\",\"dateModified\":\"2015-10-19T09:59:25+00:00\",\"breadcrumb\":{\"@id\":\"https:\/\/peoplesphere.be\/fr\/les-fondations-du-secteur-social-profit-sont-posees-pour-demain\/#breadcrumb\"},\"inLanguage\":\"fr-FR\",\"potentialAction\":[{\"@type\":\"ReadAction\",\"target\":[\"https:\/\/peoplesphere.be\/fr\/les-fondations-du-secteur-social-profit-sont-posees-pour-demain\/\"]}]},{\"@type\":\"BreadcrumbList\",\"@id\":\"https:\/\/peoplesphere.be\/fr\/les-fondations-du-secteur-social-profit-sont-posees-pour-demain\/#breadcrumb\",\"itemListElement\":[{\"@type\":\"ListItem\",\"position\":1,\"name\":\"Accueil\",\"item\":\"https:\/\/peoplesphere.be\/fr\/\"},{\"@type\":\"ListItem\",\"position\":2,\"name\":\"Les fondations du secteur Social Profit sont pos\u00e9es pour demain\"}]},{\"@type\":\"WebSite\",\"@id\":\"https:\/\/peoplesphere.be\/fr\/#website\",\"url\":\"https:\/\/peoplesphere.be\/fr\/\",\"name\":\"Peoplesphere\",\"description\":\"The People Managers Magazine\",\"publisher\":{\"@id\":\"https:\/\/peoplesphere.be\/fr\/#organization\"},\"potentialAction\":[{\"@type\":\"SearchAction\",\"target\":{\"@type\":\"EntryPoint\",\"urlTemplate\":\"https:\/\/peoplesphere.be\/fr\/?s={search_term_string}\"},\"query-input\":\"required name=search_term_string\"}],\"inLanguage\":\"fr-FR\"},{\"@type\":\"Organization\",\"@id\":\"https:\/\/peoplesphere.be\/fr\/#organization\",\"name\":\"Peoplesphere Company srl\",\"url\":\"https:\/\/peoplesphere.be\/fr\/\",\"logo\":{\"@type\":\"ImageObject\",\"inLanguage\":\"fr-FR\",\"@id\":\"https:\/\/peoplesphere.be\/fr\/#\/schema\/logo\/image\/\",\"url\":\"https:\/\/peoplesphere.be\/fr\/wp-content\/uploads\/2023\/07\/peoplesphere-lgo-new-generik.jpg\",\"contentUrl\":\"https:\/\/peoplesphere.be\/fr\/wp-content\/uploads\/2023\/07\/peoplesphere-lgo-new-generik.jpg\",\"width\":1031,\"height\":1479,\"caption\":\"Peoplesphere Company srl\"},\"image\":{\"@id\":\"https:\/\/peoplesphere.be\/fr\/#\/schema\/logo\/image\/\"},\"sameAs\":[\"https:\/\/www.facebook.com\/peoplesphere\",\"https:\/\/twitter.com\/PeoplesphereMag\",\"https:\/\/www.linkedin.com\/company\/7587361?trk\",\"http:\/\/youtube.com\/peoplesphere\"]},{\"@type\":\"Person\",\"@id\":\"https:\/\/peoplesphere.be\/fr\/#\/schema\/person\/31e983479d7c6c2adc52372e64a85ae6\",\"name\":\"admin\",\"image\":{\"@type\":\"ImageObject\",\"inLanguage\":\"fr-FR\",\"@id\":\"https:\/\/peoplesphere.be\/fr\/#\/schema\/person\/image\/\",\"url\":\"https:\/\/secure.gravatar.com\/avatar\/d20f4a44ec8508c3a90cb5021a329512?s=96&d=mm&r=g\",\"contentUrl\":\"https:\/\/secure.gravatar.com\/avatar\/d20f4a44ec8508c3a90cb5021a329512?s=96&d=mm&r=g\",\"caption\":\"admin\"},\"url\":\"https:\/\/peoplesphere.be\/fr\/author\/admin\/\"}]}<\/script>\n<!-- \/ Yoast SEO plugin. -->","yoast_head_json":{"title":"Les fondations du secteur Social Profit sont pos\u00e9es pour demain - Peoplesphere","robots":{"index":"index","follow":"follow","max-snippet":"max-snippet:-1","max-image-preview":"max-image-preview:large","max-video-preview":"max-video-preview:-1"},"canonical":"https:\/\/peoplesphere.be\/fr\/les-fondations-du-secteur-social-profit-sont-posees-pour-demain\/","og_locale":"fr_FR","og_type":"article","og_title":"Les fondations du secteur Social Profit sont pos\u00e9es pour demain - Peoplesphere","og_description":"Gr\u00e2ce aux intervenants qui ont contribu\u00e9 au programme du Social Profit Day le 4 juin dernier, le processus de refondation du secteur Social Profit est bien entam\u00e9. La sortie de l&rsquo;\u00e9dition 2015 du Barom\u00e8tre des entreprises sociales le confirme. Il [&hellip;]","og_url":"https:\/\/peoplesphere.be\/fr\/les-fondations-du-secteur-social-profit-sont-posees-pour-demain\/","og_site_name":"Peoplesphere","article_publisher":"https:\/\/www.facebook.com\/peoplesphere","article_published_time":"2015-06-10T08:58:55+00:00","article_modified_time":"2015-10-19T09:59:25+00:00","og_image":[{"url":"https:\/\/peoplesphere.be\/img\/ppt.png"}],"author":"admin","twitter_card":"summary_large_image","twitter_creator":"@PeoplesphereMag","twitter_site":"@PeoplesphereMag","twitter_misc":{"\u00c9crit par":"admin","Dur\u00e9e de lecture estim\u00e9e":"3 minutes"},"schema":{"@context":"https:\/\/schema.org","@graph":[{"@type":"Article","@id":"https:\/\/peoplesphere.be\/fr\/les-fondations-du-secteur-social-profit-sont-posees-pour-demain\/#article","isPartOf":{"@id":"https:\/\/peoplesphere.be\/fr\/les-fondations-du-secteur-social-profit-sont-posees-pour-demain\/"},"author":{"name":"admin","@id":"https:\/\/peoplesphere.be\/fr\/#\/schema\/person\/31e983479d7c6c2adc52372e64a85ae6"},"headline":"Les fondations du secteur Social Profit sont pos\u00e9es pour demain","datePublished":"2015-06-10T08:58:55+00:00","dateModified":"2015-10-19T09:59:25+00:00","mainEntityOfPage":{"@id":"https:\/\/peoplesphere.be\/fr\/les-fondations-du-secteur-social-profit-sont-posees-pour-demain\/"},"wordCount":709,"publisher":{"@id":"https:\/\/peoplesphere.be\/fr\/#organization"},"articleSection":["Ressources"],"inLanguage":"fr-FR"},{"@type":"WebPage","@id":"https:\/\/peoplesphere.be\/fr\/les-fondations-du-secteur-social-profit-sont-posees-pour-demain\/","url":"https:\/\/peoplesphere.be\/fr\/les-fondations-du-secteur-social-profit-sont-posees-pour-demain\/","name":"Les fondations du secteur Social Profit sont pos\u00e9es pour demain - Peoplesphere","isPartOf":{"@id":"https:\/\/peoplesphere.be\/fr\/#website"},"datePublished":"2015-06-10T08:58:55+00:00","dateModified":"2015-10-19T09:59:25+00:00","breadcrumb":{"@id":"https:\/\/peoplesphere.be\/fr\/les-fondations-du-secteur-social-profit-sont-posees-pour-demain\/#breadcrumb"},"inLanguage":"fr-FR","potentialAction":[{"@type":"ReadAction","target":["https:\/\/peoplesphere.be\/fr\/les-fondations-du-secteur-social-profit-sont-posees-pour-demain\/"]}]},{"@type":"BreadcrumbList","@id":"https:\/\/peoplesphere.be\/fr\/les-fondations-du-secteur-social-profit-sont-posees-pour-demain\/#breadcrumb","itemListElement":[{"@type":"ListItem","position":1,"name":"Accueil","item":"https:\/\/peoplesphere.be\/fr\/"},{"@type":"ListItem","position":2,"name":"Les fondations du secteur Social Profit sont pos\u00e9es pour demain"}]},{"@type":"WebSite","@id":"https:\/\/peoplesphere.be\/fr\/#website","url":"https:\/\/peoplesphere.be\/fr\/","name":"Peoplesphere","description":"The People Managers Magazine","publisher":{"@id":"https:\/\/peoplesphere.be\/fr\/#organization"},"potentialAction":[{"@type":"SearchAction","target":{"@type":"EntryPoint","urlTemplate":"https:\/\/peoplesphere.be\/fr\/?s={search_term_string}"},"query-input":"required name=search_term_string"}],"inLanguage":"fr-FR"},{"@type":"Organization","@id":"https:\/\/peoplesphere.be\/fr\/#organization","name":"Peoplesphere Company srl","url":"https:\/\/peoplesphere.be\/fr\/","logo":{"@type":"ImageObject","inLanguage":"fr-FR","@id":"https:\/\/peoplesphere.be\/fr\/#\/schema\/logo\/image\/","url":"https:\/\/peoplesphere.be\/fr\/wp-content\/uploads\/2023\/07\/peoplesphere-lgo-new-generik.jpg","contentUrl":"https:\/\/peoplesphere.be\/fr\/wp-content\/uploads\/2023\/07\/peoplesphere-lgo-new-generik.jpg","width":1031,"height":1479,"caption":"Peoplesphere Company srl"},"image":{"@id":"https:\/\/peoplesphere.be\/fr\/#\/schema\/logo\/image\/"},"sameAs":["https:\/\/www.facebook.com\/peoplesphere","https:\/\/twitter.com\/PeoplesphereMag","https:\/\/www.linkedin.com\/company\/7587361?trk","http:\/\/youtube.com\/peoplesphere"]},{"@type":"Person","@id":"https:\/\/peoplesphere.be\/fr\/#\/schema\/person\/31e983479d7c6c2adc52372e64a85ae6","name":"admin","image":{"@type":"ImageObject","inLanguage":"fr-FR","@id":"https:\/\/peoplesphere.be\/fr\/#\/schema\/person\/image\/","url":"https:\/\/secure.gravatar.com\/avatar\/d20f4a44ec8508c3a90cb5021a329512?s=96&d=mm&r=g","contentUrl":"https:\/\/secure.gravatar.com\/avatar\/d20f4a44ec8508c3a90cb5021a329512?s=96&d=mm&r=g","caption":"admin"},"url":"https:\/\/peoplesphere.be\/fr\/author\/admin\/"}]}},"_links":{"self":[{"href":"https:\/\/peoplesphere.be\/fr\/wp-json\/wp\/v2\/posts\/913"}],"collection":[{"href":"https:\/\/peoplesphere.be\/fr\/wp-json\/wp\/v2\/posts"}],"about":[{"href":"https:\/\/peoplesphere.be\/fr\/wp-json\/wp\/v2\/types\/post"}],"author":[{"embeddable":true,"href":"https:\/\/peoplesphere.be\/fr\/wp-json\/wp\/v2\/users\/1"}],"replies":[{"embeddable":true,"href":"https:\/\/peoplesphere.be\/fr\/wp-json\/wp\/v2\/comments?post=913"}],"version-history":[{"count":13,"href":"https:\/\/peoplesphere.be\/fr\/wp-json\/wp\/v2\/posts\/913\/revisions"}],"predecessor-version":[{"id":2049,"href":"https:\/\/peoplesphere.be\/fr\/wp-json\/wp\/v2\/posts\/913\/revisions\/2049"}],"wp:attachment":[{"href":"https:\/\/peoplesphere.be\/fr\/wp-json\/wp\/v2\/media?parent=913"}],"wp:term":[{"taxonomy":"category","embeddable":true,"href":"https:\/\/peoplesphere.be\/fr\/wp-json\/wp\/v2\/categories?post=913"},{"taxonomy":"post_tag","embeddable":true,"href":"https:\/\/peoplesphere.be\/fr\/wp-json\/wp\/v2\/tags?post=913"}],"curies":[{"name":"wp","href":"https:\/\/api.w.org\/{rel}","templated":true}]}}