









{"id":9196,"date":"2020-03-08T12:03:22","date_gmt":"2020-03-08T10:03:22","guid":{"rendered":"https:\/\/peoplesphere.be\/fr\/?p=9196"},"modified":"2020-03-08T12:03:22","modified_gmt":"2020-03-08T10:03:22","slug":"journee-internationale-droits-femmes-5-voies-a-emprunter-garantir-enfin-presence-feminine-top","status":"publish","type":"post","link":"https:\/\/peoplesphere.be\/fr\/journee-internationale-droits-femmes-5-voies-a-emprunter-garantir-enfin-presence-feminine-top\/","title":{"rendered":"Journ\u00e9e internationale des droits des femmes: 5 voies \u00e0 emprunter pour garantir (enfin) la pr\u00e9sence f\u00e9minine au top?"},"content":{"rendered":"<p>Il y a un retard consid\u00e9rable dans la r\u00e9alisation des promesses d&rsquo;\u00e9galit\u00e9 sur le march\u00e9 du travail. Selon le nouveau Global Gender Gap Report 2020 du Forum \u00e9conomique mondial, il faudra encore\u2026 100 ans pour que la repr\u00e9sentation des femmes dans le leadership et l&rsquo;\u00e9galit\u00e9 des genres devienne une r\u00e9alit\u00e9. \u00a0Parmi les 30 \u2018hashtags\u2019 en anglais les plus utilis\u00e9s sur les r\u00e9seaux sociaux en 2019, cinq concernaient sp\u00e9cifiquement les femmes, qu\u2019il s\u2019agisse de #WomenInSTEM, #PressforProgress ou #WCW (Women Crush Wednesday). L&rsquo;ensemble de ce d\u00e9bat m\u00e9diatique se traduit-il par de r\u00e9els progr\u00e8s sur le terrain?<!--more--><\/p>\n<p>Voici cinq conseils de ManpowerGroup pour aider les organisations \u00e0 d\u00e9fier le statu quo afin de cr\u00e9er un environnement o\u00f9 les femmes peuvent r\u00e9aliser pleinement leur potentiel.<\/p>\n<p><strong><em>1. Le salaire n\u2019est pas le seul moyen pour fid\u00e9liser le personnel.<\/em><\/strong><\/p>\n<p>Pour fid\u00e9liser les talents (f\u00e9minins), il est n\u00e9cessaire de comprendre ce qu&rsquo;ils veulent. Pour cela, ManpowerGroup a interrog\u00e9 r\u00e9cemment 15.000 personnes dans 15 pays et analys\u00e9 les r\u00e9sultats en fonction du genre et de l&rsquo;\u00e2ge. Les r\u00e9pondants ont d\u00e9clar\u00e9 que les entreprises devraient fixer plus de priorit\u00e9s, en ne se limitant pas uniquement au salaire. Les entreprises qui aident les personnes \u00e0 travailler quand, o\u00f9 et comment cela leur convient, attirent davantage de femmes. Un travail exigeant doit s&rsquo;accompagne de flexibilit\u00e9. Un meilleur \u00e9quilibre entre la vie professionnelle et la vie personnelle, la possibilit\u00e9 de d\u00e9veloppement personnel et une dose plus saine de temps libre sont des facteurs de r\u00e9tention beaucoup plus efficaces.<\/p>\n<p><strong><em>2. Priorit\u00e9 au d\u00e9veloppement personnel<\/em><\/strong><\/p>\n<p>Les femmes repr\u00e9sentent la moiti\u00e9 du vivier mondial de talents. Pourtant, seulement 25% des femmes occupent des postes de direction. Pour y rem\u00e9dier, les entreprises doivent abandonner des mod\u00e8les de carri\u00e8re s\u2019appuyant sur des st\u00e9r\u00e9otypes de genre afin que les femmes ne restent pas enferm\u00e9es dans des offres d&#8217;emploi qualifi\u00e9es de \u2018f\u00e9minines\u2019, telles que les fonctions de communication, de ressources humaines et de support. Les entreprises doivent \u00eatre explicites sur les domaines o\u00f9 les femmes peuvent se d\u00e9velopper. Elles doivent les aider \u00e0 acqu\u00e9rir les comp\u00e9tences et l&rsquo;exp\u00e9rience n\u00e9cessaires pour diriger et g\u00e9rer l&rsquo;entreprise dans les fonctions techniques et op\u00e9rationnelles.<\/p>\n<p><strong><em>3. Combler le double foss\u00e9 entre genre et comp\u00e9tences dans les domaines STEM<\/em><\/strong><\/p>\n<p>Les donn\u00e9es nous indiquent que les femmes sont sous-repr\u00e9sent\u00e9es dans les postes qui connaissent la croissance la plus rapide \u2013 en particulier les fonctions STEM (sciences, technologie, ing\u00e9nierie et math\u00e9matiques) &#8211; et que les r\u00f4les traditionnels (tels que les fonctions commerciales, financi\u00e8res ou administratives) sont principalement occup\u00e9s par des femmes. Pour rem\u00e9dier \u00e0 cette situation, l&rsquo;accent est souvent mis sur la fa\u00e7on d&rsquo;ajuster l&rsquo;\u00e9ducation pour aider les jeunes \u00e0 acc\u00e9der un emploi. Mais ce n\u2019est pas suffisant. Les entreprises ont-elles-aussi un r\u00f4le \u00e0 joue. Afin de recruter plus de talents (f\u00e9minins) et de faire face aux p\u00e9nuries de talents \u00e0 long terme, les employeurs doivent revoir les exigences qu&rsquo;ils formulent lors du recrutement. Il s&rsquo;agit souvent de l&rsquo;\u00e9ducation et de l&rsquo;exp\u00e9rience que les candidats doivent avoir termin\u00e9es. Ces exigences doivent s\u2019adapter pour garantir que des talents plus diversifi\u00e9s aient acc\u00e8s aux futurs r\u00f4les en croissance.<\/p>\n<p><em><strong>4. Priorit\u00e9 aux comp\u00e9tences<\/strong><\/em><\/p>\n<p>De nouvelles technologies (num\u00e9riques) arrivent constamment sur le march\u00e9, cr\u00e9ant de nouvelles comp\u00e9tences et de nouveaux emplois. N\u00e9anmoins, nous continuons \u00e0 prendre des d\u00e9cisions de recrutement et de promotion sur base d&rsquo;entretiens d&#8217;embauche et d&rsquo;exigences tr\u00e8s sp\u00e9cifiques bas\u00e9es sur l&rsquo;anciennet\u00e9 et l&rsquo;exp\u00e9rience de travail ant\u00e9rieure qui s\u2019av\u00e8rent souvent non pertinents pour les postes \u00e0 pourvoir. Des entretiens professionnels bas\u00e9s sur des \u00e9valuations objectives des comp\u00e9tences et la capacit\u00e9 \u00e0 s\u2019adapter au changement am\u00e9liorent la qualit\u00e9 du recrutement. De cette fa\u00e7on, les entreprises peuvent mieux mettre en corr\u00e9lation le potentiel des personnes aux fonctions et cr\u00e9er des conditions \u00e9quitables pour tous les candidats.<\/p>\n<p><strong><em>5. Travailler activement \u00e0 une inclusion consciente<\/em><\/strong><\/p>\n<p>Alors que le nombre de femmes et d\u2019hommes arrivant sur le march\u00e9 du travail est \u00e0 peu pr\u00e8s \u00e9gal, les femmes sont \u00e0 la tra\u00eene dans les promotions d\u00e8s la toute premi\u00e8re marche sur l\u2019\u00e9chelle de la carri\u00e8re. L\u2019action la plus efficace qu&rsquo;une organisation puisse entreprendre pour faire acc\u00e9der davantage de femmes \u00e0 des fonctions de direction consiste \u00e0 cr\u00e9er une culture d&rsquo; \u2018inclusion consciente\u2019 \u2013 en renfor\u00e7ant le d\u00e9sir, la conscience et la capacit\u00e9 des gens \u00e0 prendre des d\u00e9cisions. Diriger, penser et agir avec l&rsquo;intention d&rsquo;impliquer tout le monde. En cons\u00e9quence, le r\u00e9servoir de talents (f\u00e9minins) pouvant acc\u00e9der \u00e0 des fonctions de management s\u2019\u00e9largira naturellement.<br \/>\nEn ce d\u00e9but des ann\u00e9es 2020, nous ne pouvons pas rester enracin\u00e9s dans le pass\u00e9. Attirer et d\u00e9velopper davantage de femmes \u00e0 des postes de direction n\u00e9cessite un changement \u00e0 l&rsquo;\u00e9chelle de l&rsquo;entreprise, et ce changement doit \u00eatre pilot\u00e9 par en haut. Nous devons prendre des mesures pour construire un avenir \u00e9gal et inclusif. Notre croissance \u00e9conomique, la participation des travailleuses et des travailleurs et l\u2019avenir des g\u00e9n\u00e9rations futures en d\u00e9pendent.<\/p>\n<p><em>Source: ManpowerGroup<\/em><\/p>\n","protected":false},"excerpt":{"rendered":"<p>Il y a un retard consid\u00e9rable dans la r\u00e9alisation des promesses d&rsquo;\u00e9galit\u00e9 sur le march\u00e9 du travail. Selon le nouveau Global Gender Gap Report 2020 du Forum \u00e9conomique mondial, il faudra encore\u2026 100 ans pour que la repr\u00e9sentation des femmes [&hellip;]<\/p>\n","protected":false},"author":2,"featured_media":0,"comment_status":"closed","ping_status":"open","sticky":false,"template":"","format":"standard","meta":[],"categories":[65,10],"tags":[116,169,292,544,2953,189,371,1568],"yoast_head":"<!-- This site is optimized with the Yoast SEO plugin v21.0 - https:\/\/yoast.com\/wordpress\/plugins\/seo\/ -->\n<title>Journ\u00e9e internationale des droits des femmes: 5 voies \u00e0 emprunter pour garantir (enfin) la pr\u00e9sence f\u00e9minine au top? - Peoplesphere<\/title>\n<meta name=\"robots\" content=\"index, follow, max-snippet:-1, max-image-preview:large, max-video-preview:-1\" \/>\n<link rel=\"canonical\" href=\"https:\/\/peoplesphere.be\/fr\/journee-internationale-droits-femmes-5-voies-a-emprunter-garantir-enfin-presence-feminine-top\/\" \/>\n<meta property=\"og:locale\" content=\"fr_FR\" \/>\n<meta property=\"og:type\" content=\"article\" \/>\n<meta property=\"og:title\" content=\"Journ\u00e9e internationale des droits des femmes: 5 voies \u00e0 emprunter pour garantir (enfin) la pr\u00e9sence f\u00e9minine au top? - Peoplesphere\" \/>\n<meta property=\"og:description\" content=\"Il y a un retard consid\u00e9rable dans la r\u00e9alisation des promesses d&rsquo;\u00e9galit\u00e9 sur le march\u00e9 du travail. Selon le nouveau Global Gender Gap Report 2020 du Forum \u00e9conomique mondial, il faudra encore\u2026 100 ans pour que la repr\u00e9sentation des femmes [&hellip;]\" \/>\n<meta property=\"og:url\" content=\"https:\/\/peoplesphere.be\/fr\/journee-internationale-droits-femmes-5-voies-a-emprunter-garantir-enfin-presence-feminine-top\/\" \/>\n<meta property=\"og:site_name\" content=\"Peoplesphere\" \/>\n<meta property=\"article:publisher\" content=\"https:\/\/www.facebook.com\/peoplesphere\" \/>\n<meta property=\"article:published_time\" content=\"2020-03-08T10:03:22+00:00\" \/>\n<meta property=\"og:image\" content=\"http:\/\/www.peoplesphere.be\/fr\/wp-content\/uploads\/2016\/07\/facebook-default-posting-1200x628px.jpg\" \/>\n<meta name=\"author\" content=\"Jean-Paul Erhard\" \/>\n<meta name=\"twitter:card\" content=\"summary_large_image\" \/>\n<meta name=\"twitter:creator\" content=\"@PeoplesphereMag\" \/>\n<meta name=\"twitter:site\" content=\"@PeoplesphereMag\" \/>\n<meta name=\"twitter:label1\" content=\"\u00c9crit par\" \/>\n\t<meta name=\"twitter:data1\" content=\"Jean-Paul Erhard\" \/>\n\t<meta name=\"twitter:label2\" content=\"Dur\u00e9e de lecture estim\u00e9e\" \/>\n\t<meta name=\"twitter:data2\" content=\"4 minutes\" \/>\n<script type=\"application\/ld+json\" class=\"yoast-schema-graph\">{\"@context\":\"https:\/\/schema.org\",\"@graph\":[{\"@type\":\"Article\",\"@id\":\"https:\/\/peoplesphere.be\/fr\/journee-internationale-droits-femmes-5-voies-a-emprunter-garantir-enfin-presence-feminine-top\/#article\",\"isPartOf\":{\"@id\":\"https:\/\/peoplesphere.be\/fr\/journee-internationale-droits-femmes-5-voies-a-emprunter-garantir-enfin-presence-feminine-top\/\"},\"author\":{\"name\":\"Jean-Paul Erhard\",\"@id\":\"https:\/\/peoplesphere.be\/fr\/#\/schema\/person\/7976225ff17988604334abb7b3536a7e\"},\"headline\":\"Journ\u00e9e internationale des droits des femmes: 5 voies \u00e0 emprunter pour garantir (enfin) la pr\u00e9sence f\u00e9minine au top?\",\"datePublished\":\"2020-03-08T10:03:22+00:00\",\"dateModified\":\"2020-03-08T10:03:22+00:00\",\"mainEntityOfPage\":{\"@id\":\"https:\/\/peoplesphere.be\/fr\/journee-internationale-droits-femmes-5-voies-a-emprunter-garantir-enfin-presence-feminine-top\/\"},\"wordCount\":908,\"publisher\":{\"@id\":\"https:\/\/peoplesphere.be\/fr\/#organization\"},\"keywords\":[\"comp\u00e9tences\",\"diversit\u00e9\",\"\u00e9galit\u00e9 des genres\",\"inclusion\",\"journ\u00e9e internationale du droit des femmes\",\"leadership\",\"manpowergroup\",\"STEM\"],\"articleSection\":[\"Actualit\u00e9s\",\"Digital\"],\"inLanguage\":\"fr-FR\"},{\"@type\":\"WebPage\",\"@id\":\"https:\/\/peoplesphere.be\/fr\/journee-internationale-droits-femmes-5-voies-a-emprunter-garantir-enfin-presence-feminine-top\/\",\"url\":\"https:\/\/peoplesphere.be\/fr\/journee-internationale-droits-femmes-5-voies-a-emprunter-garantir-enfin-presence-feminine-top\/\",\"name\":\"Journ\u00e9e internationale des droits des femmes: 5 voies \u00e0 emprunter pour garantir (enfin) la pr\u00e9sence f\u00e9minine au top? - Peoplesphere\",\"isPartOf\":{\"@id\":\"https:\/\/peoplesphere.be\/fr\/#website\"},\"datePublished\":\"2020-03-08T10:03:22+00:00\",\"dateModified\":\"2020-03-08T10:03:22+00:00\",\"breadcrumb\":{\"@id\":\"https:\/\/peoplesphere.be\/fr\/journee-internationale-droits-femmes-5-voies-a-emprunter-garantir-enfin-presence-feminine-top\/#breadcrumb\"},\"inLanguage\":\"fr-FR\",\"potentialAction\":[{\"@type\":\"ReadAction\",\"target\":[\"https:\/\/peoplesphere.be\/fr\/journee-internationale-droits-femmes-5-voies-a-emprunter-garantir-enfin-presence-feminine-top\/\"]}]},{\"@type\":\"BreadcrumbList\",\"@id\":\"https:\/\/peoplesphere.be\/fr\/journee-internationale-droits-femmes-5-voies-a-emprunter-garantir-enfin-presence-feminine-top\/#breadcrumb\",\"itemListElement\":[{\"@type\":\"ListItem\",\"position\":1,\"name\":\"Accueil\",\"item\":\"https:\/\/peoplesphere.be\/fr\/\"},{\"@type\":\"ListItem\",\"position\":2,\"name\":\"Journ\u00e9e internationale des droits des femmes: 5 voies \u00e0 emprunter pour garantir (enfin) la pr\u00e9sence f\u00e9minine au top?\"}]},{\"@type\":\"WebSite\",\"@id\":\"https:\/\/peoplesphere.be\/fr\/#website\",\"url\":\"https:\/\/peoplesphere.be\/fr\/\",\"name\":\"Peoplesphere\",\"description\":\"The People Managers Magazine\",\"publisher\":{\"@id\":\"https:\/\/peoplesphere.be\/fr\/#organization\"},\"potentialAction\":[{\"@type\":\"SearchAction\",\"target\":{\"@type\":\"EntryPoint\",\"urlTemplate\":\"https:\/\/peoplesphere.be\/fr\/?s={search_term_string}\"},\"query-input\":\"required name=search_term_string\"}],\"inLanguage\":\"fr-FR\"},{\"@type\":\"Organization\",\"@id\":\"https:\/\/peoplesphere.be\/fr\/#organization\",\"name\":\"Peoplesphere Company srl\",\"url\":\"https:\/\/peoplesphere.be\/fr\/\",\"logo\":{\"@type\":\"ImageObject\",\"inLanguage\":\"fr-FR\",\"@id\":\"https:\/\/peoplesphere.be\/fr\/#\/schema\/logo\/image\/\",\"url\":\"https:\/\/peoplesphere.be\/fr\/wp-content\/uploads\/2023\/07\/peoplesphere-lgo-new-generik.jpg\",\"contentUrl\":\"https:\/\/peoplesphere.be\/fr\/wp-content\/uploads\/2023\/07\/peoplesphere-lgo-new-generik.jpg\",\"width\":1031,\"height\":1479,\"caption\":\"Peoplesphere Company srl\"},\"image\":{\"@id\":\"https:\/\/peoplesphere.be\/fr\/#\/schema\/logo\/image\/\"},\"sameAs\":[\"https:\/\/www.facebook.com\/peoplesphere\",\"https:\/\/twitter.com\/PeoplesphereMag\",\"https:\/\/www.linkedin.com\/company\/7587361?trk\",\"http:\/\/youtube.com\/peoplesphere\"]},{\"@type\":\"Person\",\"@id\":\"https:\/\/peoplesphere.be\/fr\/#\/schema\/person\/7976225ff17988604334abb7b3536a7e\",\"name\":\"Jean-Paul Erhard\",\"image\":{\"@type\":\"ImageObject\",\"inLanguage\":\"fr-FR\",\"@id\":\"https:\/\/peoplesphere.be\/fr\/#\/schema\/person\/image\/\",\"url\":\"https:\/\/secure.gravatar.com\/avatar\/f941e681460179738071629a51574930?s=96&d=mm&r=g\",\"contentUrl\":\"https:\/\/secure.gravatar.com\/avatar\/f941e681460179738071629a51574930?s=96&d=mm&r=g\",\"caption\":\"Jean-Paul Erhard\"},\"url\":\"https:\/\/peoplesphere.be\/fr\/author\/jpe\/\"}]}<\/script>\n<!-- \/ Yoast SEO plugin. -->","yoast_head_json":{"title":"Journ\u00e9e internationale des droits des femmes: 5 voies \u00e0 emprunter pour garantir (enfin) la pr\u00e9sence f\u00e9minine au top? - Peoplesphere","robots":{"index":"index","follow":"follow","max-snippet":"max-snippet:-1","max-image-preview":"max-image-preview:large","max-video-preview":"max-video-preview:-1"},"canonical":"https:\/\/peoplesphere.be\/fr\/journee-internationale-droits-femmes-5-voies-a-emprunter-garantir-enfin-presence-feminine-top\/","og_locale":"fr_FR","og_type":"article","og_title":"Journ\u00e9e internationale des droits des femmes: 5 voies \u00e0 emprunter pour garantir (enfin) la pr\u00e9sence f\u00e9minine au top? - Peoplesphere","og_description":"Il y a un retard consid\u00e9rable dans la r\u00e9alisation des promesses d&rsquo;\u00e9galit\u00e9 sur le march\u00e9 du travail. Selon le nouveau Global Gender Gap Report 2020 du Forum \u00e9conomique mondial, il faudra encore\u2026 100 ans pour que la repr\u00e9sentation des femmes [&hellip;]","og_url":"https:\/\/peoplesphere.be\/fr\/journee-internationale-droits-femmes-5-voies-a-emprunter-garantir-enfin-presence-feminine-top\/","og_site_name":"Peoplesphere","article_publisher":"https:\/\/www.facebook.com\/peoplesphere","article_published_time":"2020-03-08T10:03:22+00:00","og_image":[{"url":"http:\/\/www.peoplesphere.be\/fr\/wp-content\/uploads\/2016\/07\/facebook-default-posting-1200x628px.jpg"}],"author":"Jean-Paul Erhard","twitter_card":"summary_large_image","twitter_creator":"@PeoplesphereMag","twitter_site":"@PeoplesphereMag","twitter_misc":{"\u00c9crit par":"Jean-Paul Erhard","Dur\u00e9e de lecture estim\u00e9e":"4 minutes"},"schema":{"@context":"https:\/\/schema.org","@graph":[{"@type":"Article","@id":"https:\/\/peoplesphere.be\/fr\/journee-internationale-droits-femmes-5-voies-a-emprunter-garantir-enfin-presence-feminine-top\/#article","isPartOf":{"@id":"https:\/\/peoplesphere.be\/fr\/journee-internationale-droits-femmes-5-voies-a-emprunter-garantir-enfin-presence-feminine-top\/"},"author":{"name":"Jean-Paul Erhard","@id":"https:\/\/peoplesphere.be\/fr\/#\/schema\/person\/7976225ff17988604334abb7b3536a7e"},"headline":"Journ\u00e9e internationale des droits des femmes: 5 voies \u00e0 emprunter pour garantir (enfin) la pr\u00e9sence f\u00e9minine au top?","datePublished":"2020-03-08T10:03:22+00:00","dateModified":"2020-03-08T10:03:22+00:00","mainEntityOfPage":{"@id":"https:\/\/peoplesphere.be\/fr\/journee-internationale-droits-femmes-5-voies-a-emprunter-garantir-enfin-presence-feminine-top\/"},"wordCount":908,"publisher":{"@id":"https:\/\/peoplesphere.be\/fr\/#organization"},"keywords":["comp\u00e9tences","diversit\u00e9","\u00e9galit\u00e9 des genres","inclusion","journ\u00e9e internationale du droit des femmes","leadership","manpowergroup","STEM"],"articleSection":["Actualit\u00e9s","Digital"],"inLanguage":"fr-FR"},{"@type":"WebPage","@id":"https:\/\/peoplesphere.be\/fr\/journee-internationale-droits-femmes-5-voies-a-emprunter-garantir-enfin-presence-feminine-top\/","url":"https:\/\/peoplesphere.be\/fr\/journee-internationale-droits-femmes-5-voies-a-emprunter-garantir-enfin-presence-feminine-top\/","name":"Journ\u00e9e internationale des droits des femmes: 5 voies \u00e0 emprunter pour garantir (enfin) la pr\u00e9sence f\u00e9minine au top? - Peoplesphere","isPartOf":{"@id":"https:\/\/peoplesphere.be\/fr\/#website"},"datePublished":"2020-03-08T10:03:22+00:00","dateModified":"2020-03-08T10:03:22+00:00","breadcrumb":{"@id":"https:\/\/peoplesphere.be\/fr\/journee-internationale-droits-femmes-5-voies-a-emprunter-garantir-enfin-presence-feminine-top\/#breadcrumb"},"inLanguage":"fr-FR","potentialAction":[{"@type":"ReadAction","target":["https:\/\/peoplesphere.be\/fr\/journee-internationale-droits-femmes-5-voies-a-emprunter-garantir-enfin-presence-feminine-top\/"]}]},{"@type":"BreadcrumbList","@id":"https:\/\/peoplesphere.be\/fr\/journee-internationale-droits-femmes-5-voies-a-emprunter-garantir-enfin-presence-feminine-top\/#breadcrumb","itemListElement":[{"@type":"ListItem","position":1,"name":"Accueil","item":"https:\/\/peoplesphere.be\/fr\/"},{"@type":"ListItem","position":2,"name":"Journ\u00e9e internationale des droits des femmes: 5 voies \u00e0 emprunter pour garantir (enfin) la pr\u00e9sence f\u00e9minine au top?"}]},{"@type":"WebSite","@id":"https:\/\/peoplesphere.be\/fr\/#website","url":"https:\/\/peoplesphere.be\/fr\/","name":"Peoplesphere","description":"The People Managers Magazine","publisher":{"@id":"https:\/\/peoplesphere.be\/fr\/#organization"},"potentialAction":[{"@type":"SearchAction","target":{"@type":"EntryPoint","urlTemplate":"https:\/\/peoplesphere.be\/fr\/?s={search_term_string}"},"query-input":"required name=search_term_string"}],"inLanguage":"fr-FR"},{"@type":"Organization","@id":"https:\/\/peoplesphere.be\/fr\/#organization","name":"Peoplesphere Company srl","url":"https:\/\/peoplesphere.be\/fr\/","logo":{"@type":"ImageObject","inLanguage":"fr-FR","@id":"https:\/\/peoplesphere.be\/fr\/#\/schema\/logo\/image\/","url":"https:\/\/peoplesphere.be\/fr\/wp-content\/uploads\/2023\/07\/peoplesphere-lgo-new-generik.jpg","contentUrl":"https:\/\/peoplesphere.be\/fr\/wp-content\/uploads\/2023\/07\/peoplesphere-lgo-new-generik.jpg","width":1031,"height":1479,"caption":"Peoplesphere Company srl"},"image":{"@id":"https:\/\/peoplesphere.be\/fr\/#\/schema\/logo\/image\/"},"sameAs":["https:\/\/www.facebook.com\/peoplesphere","https:\/\/twitter.com\/PeoplesphereMag","https:\/\/www.linkedin.com\/company\/7587361?trk","http:\/\/youtube.com\/peoplesphere"]},{"@type":"Person","@id":"https:\/\/peoplesphere.be\/fr\/#\/schema\/person\/7976225ff17988604334abb7b3536a7e","name":"Jean-Paul Erhard","image":{"@type":"ImageObject","inLanguage":"fr-FR","@id":"https:\/\/peoplesphere.be\/fr\/#\/schema\/person\/image\/","url":"https:\/\/secure.gravatar.com\/avatar\/f941e681460179738071629a51574930?s=96&d=mm&r=g","contentUrl":"https:\/\/secure.gravatar.com\/avatar\/f941e681460179738071629a51574930?s=96&d=mm&r=g","caption":"Jean-Paul Erhard"},"url":"https:\/\/peoplesphere.be\/fr\/author\/jpe\/"}]}},"_links":{"self":[{"href":"https:\/\/peoplesphere.be\/fr\/wp-json\/wp\/v2\/posts\/9196"}],"collection":[{"href":"https:\/\/peoplesphere.be\/fr\/wp-json\/wp\/v2\/posts"}],"about":[{"href":"https:\/\/peoplesphere.be\/fr\/wp-json\/wp\/v2\/types\/post"}],"author":[{"embeddable":true,"href":"https:\/\/peoplesphere.be\/fr\/wp-json\/wp\/v2\/users\/2"}],"replies":[{"embeddable":true,"href":"https:\/\/peoplesphere.be\/fr\/wp-json\/wp\/v2\/comments?post=9196"}],"version-history":[{"count":1,"href":"https:\/\/peoplesphere.be\/fr\/wp-json\/wp\/v2\/posts\/9196\/revisions"}],"predecessor-version":[{"id":9197,"href":"https:\/\/peoplesphere.be\/fr\/wp-json\/wp\/v2\/posts\/9196\/revisions\/9197"}],"wp:attachment":[{"href":"https:\/\/peoplesphere.be\/fr\/wp-json\/wp\/v2\/media?parent=9196"}],"wp:term":[{"taxonomy":"category","embeddable":true,"href":"https:\/\/peoplesphere.be\/fr\/wp-json\/wp\/v2\/categories?post=9196"},{"taxonomy":"post_tag","embeddable":true,"href":"https:\/\/peoplesphere.be\/fr\/wp-json\/wp\/v2\/tags?post=9196"}],"curies":[{"name":"wp","href":"https:\/\/api.w.org\/{rel}","templated":true}]}}