









{"id":9202,"date":"2020-03-10T07:57:24","date_gmt":"2020-03-10T05:57:24","guid":{"rendered":"https:\/\/peoplesphere.be\/fr\/?p=9202"},"modified":"2020-03-10T07:57:24","modified_gmt":"2020-03-10T05:57:24","slug":"nombre-de-neets-augmente-leffet-de-leconomie-numerique-267-millions-de-jeunes-deconnectes-marche-de-lemploi-2019","status":"publish","type":"post","link":"https:\/\/peoplesphere.be\/fr\/nombre-de-neets-augmente-leffet-de-leconomie-numerique-267-millions-de-jeunes-deconnectes-marche-de-lemploi-2019\/","title":{"rendered":"Le nombre de NEETs augmente sous l&rsquo;effet de l&rsquo;\u00e9conomie num\u00e9rique: 267 millions de jeunes d\u00e9connect\u00e9s du march\u00e9 de l&#8217;emploi en 2019."},"content":{"rendered":"<p>Le nombre de jeunes actuellement non scolaris\u00e9s, sans emploi ni formation (NEET) augmente, et les jeunes femmes sont deux fois plus susceptibles d\u2019\u00eatre concern\u00e9es que leurs homologues masculins, selon un nouveau rapport de l\u2019Organisation internationale du Travail (OIT). Les jeunes (\u00e2g\u00e9s de 15 \u00e0 24 ans) qui travaillent sont aussi davantage expos\u00e9s que les travailleurs plus \u00e2g\u00e9s au risque de perdre leur emploi du fait de l\u2019automatisation, et ceux qui ont une formation technique sont particuli\u00e8rement vuln\u00e9rables, comme le montre le rapport.<!--more--><\/p>\n<p><em>\u00abCela illustre combien les comp\u00e9tences li\u00e9es \u00e0 un m\u00e9tier acquises par la formation professionnelle peuvent vite devenir obsol\u00e8tes, plus vite que les comp\u00e9tences de formation g\u00e9n\u00e9rale\u00bb<\/em>, pr\u00e9cise le rapport. Il appelle \u00e0 r\u00e9viser les programmes de formation professionnelle, \u00e0 les moderniser afin qu\u2019ils r\u00e9pondent aux exigences nouvelles de l\u2019\u00e9conomie num\u00e9rique.<\/p>\n<p><em>Les derni\u00e8res Tendances mondiales de l\u2019emploi des jeunes 2020: La technologie et l&rsquo;avenir des emplois (GET Youth 2020)<\/em> montrent que, depuis le pr\u00e9c\u00e9dent rapport GET Youth de 2017, une tendance \u00e0 la hausse du nombre de NEET a \u00e9t\u00e9 observ\u00e9e. En 2016, 259 millions de jeunes \u00e9taient class\u00e9s comme NEET, un chiffre qui aurait grimp\u00e9 \u00e0 267 millions en 2019 et devrait continuer d\u2019augmenter pour atteindre 273 millions en 2021. En termes de pourcentage, la tendance est aussi \u00e0 la hausse \u2013 de 21,7 pour cent en 2015 \u00e0 22,4 pour cent en 2020. Ces tendances impliquent que l\u2019objectif assign\u00e9 par la communaut\u00e9 internationale de r\u00e9duire sensiblement le taux de NEET d\u2019ici \u00e0 2020 ne sera pas atteint.<\/p>\n<p>On compte actuellement 1,3 milliard de jeunes dans le monde environ, parmi lesquels 267 millions sont class\u00e9s comme NEET. Deux tiers des NEET, soit 181 millions, sont des jeunes femmes. En Europe et en Am\u00e9rique du Nord, les \u00e9carts entre les sexes en mati\u00e8re de taux de jeunes NEET sont les plus faibles.<\/p>\n<p><em>\u00abTrop de jeunes gens de par le monde sont coup\u00e9s de l\u2019\u00e9ducation et du march\u00e9 du travail, ce qui peut compromettre leurs perspectives \u00e0 long terme et nuire, au bout du compte, au d\u00e9veloppement social et \u00e9conomique de leurs pays\u00bb<\/em>, a d\u00e9clar\u00e9 Sangheon Lee, Directeur du D\u00e9partement des politiques d\u2019emploi de l\u2019OIT. <em>\u00abMais les raisons qui les conduisent \u00e0 devenir des NEET sont extr\u00eamement vari\u00e9es. Le d\u00e9fi consistera \u00e0 conjuguer l\u2019approche flexible dont on a besoin pour toucher ces jeunes gens avec des politiques et des mesures fermes, n\u00e9cessaires pour obtenir des r\u00e9sultats. Une approche \u2018unique pour tous\u2019 ne fonctionnera pas.\u00bb<\/em><\/p>\n<p>L&rsquo;anxi\u00e9t\u00e9 concernant l&rsquo;impact des technologies sur l&#8217;emploi est souvent plus prononc\u00e9e parmi les jeunes. Dans l&rsquo;Union europ\u00e9enne, 22% des jeunes de 15 \u00e0 24 ans pensent que leur emploi actuel pourrait \u00eatre enti\u00e8rement ou principalement occup\u00e9 par un robot ou une intelligence artificielle, contre 17% des adultes.<br \/>\nM\u00eame dans les pays d\u2019Europe, plus riches, o\u00f9 la part de l\u2019emploi salari\u00e9 tend \u00e0 \u00eatre \u00e9lev\u00e9e, de nouvelles formes de travail \u2013 des formes de travail souvent plus pr\u00e9caires pour les jeunes \u2013 se sont rapidement d\u00e9velopp\u00e9es ces derni\u00e8res ann\u00e9es, en raison de la mont\u00e9e en puissance de l\u2019\u00e9conomie des plateformes num\u00e9riques.<\/p>\n<p>La qualit\u00e9 m\u00e9diocre de certains emplois occup\u00e9s par des jeunes se traduit par des conditions de travail pr\u00e9caires, une absence de protection sociale et juridique, et des possibilit\u00e9s de formation et de progression de carri\u00e8re limit\u00e9es.<\/p>\n<p>Le rapport montre que les jeunes qui ont effectu\u00e9 des \u00e9tudes sup\u00e9rieures ont moins de risque de voir leur poste remplac\u00e9 par l\u2019automatisation. Cependant, ils sont confront\u00e9s \u00e0 d\u2019autres difficult\u00e9s puisque la hausse rapide du nombre de jeunes dipl\u00f4m\u00e9s dans la population active a d\u00e9pass\u00e9 la demande de main-d\u2019\u0153uvre dipl\u00f4m\u00e9e, tirant les salaires des dipl\u00f4m\u00e9s vers le bas.<\/p>\n<p><em>\u00abOn ne cr\u00e9e pas suffisamment d\u2019emplois pour ces jeunes, ce qui veut dire que le potentiel de millions d\u2019entre eux reste largement inexploit\u00e9\u00bb<\/em>, d\u00e9plore Sukti Dasgupta, Chef du Service de l\u2019emploi et des march\u00e9s du travail au sein du D\u00e9partement des politiques d\u2019emploi de l\u2019OIT. <em>\u00abNous ne pouvons pas nous permettre de g\u00e2cher ces talents ni ces investissements dans l\u2019apprentissage si nous voulons relever les d\u00e9fis li\u00e9s aux technologies, au changement climatique, aux in\u00e9galit\u00e9s et \u00e0 la d\u00e9mographie. Nous avons besoin de cadres strat\u00e9giques int\u00e9gr\u00e9s et de syst\u00e8mes de formation r\u00e9actifs, \u00e9labor\u00e9s dans le cadre d\u2019un dialogue entre gouvernements, travailleurs et employeurs.\u00bb<\/em><\/p>\n<p><em>Source: OIT &#8211; Organisation Internationale du Travail<\/em><\/p>\n","protected":false},"excerpt":{"rendered":"<p>Le nombre de jeunes actuellement non scolaris\u00e9s, sans emploi ni formation (NEET) augmente, et les jeunes femmes sont deux fois plus susceptibles d\u2019\u00eatre concern\u00e9es que leurs homologues masculins, selon un nouveau rapport de l\u2019Organisation internationale du Travail (OIT). Les jeunes [&hellip;]<\/p>\n","protected":false},"author":2,"featured_media":0,"comment_status":"closed","ping_status":"open","sticky":false,"template":"","format":"standard","meta":[],"categories":[65,10],"tags":[726,11,48,702,966,584],"yoast_head":"<!-- This site is optimized with the Yoast SEO plugin v21.0 - https:\/\/yoast.com\/wordpress\/plugins\/seo\/ -->\n<title>Le nombre de NEETs augmente sous l&#039;effet de l&#039;\u00e9conomie num\u00e9rique: 267 millions de jeunes d\u00e9connect\u00e9s du march\u00e9 de l&#039;emploi en 2019. - Peoplesphere<\/title>\n<meta name=\"robots\" content=\"index, follow, max-snippet:-1, max-image-preview:large, max-video-preview:-1\" \/>\n<link rel=\"canonical\" href=\"https:\/\/peoplesphere.be\/fr\/nombre-de-neets-augmente-leffet-de-leconomie-numerique-267-millions-de-jeunes-deconnectes-marche-de-lemploi-2019\/\" \/>\n<meta property=\"og:locale\" content=\"fr_FR\" \/>\n<meta property=\"og:type\" content=\"article\" \/>\n<meta property=\"og:title\" content=\"Le nombre de NEETs augmente sous l&#039;effet de l&#039;\u00e9conomie num\u00e9rique: 267 millions de jeunes d\u00e9connect\u00e9s du march\u00e9 de l&#039;emploi en 2019. - Peoplesphere\" \/>\n<meta property=\"og:description\" content=\"Le nombre de jeunes actuellement non scolaris\u00e9s, sans emploi ni formation (NEET) augmente, et les jeunes femmes sont deux fois plus susceptibles d\u2019\u00eatre concern\u00e9es que leurs homologues masculins, selon un nouveau rapport de l\u2019Organisation internationale du Travail (OIT). Les jeunes [&hellip;]\" \/>\n<meta property=\"og:url\" content=\"https:\/\/peoplesphere.be\/fr\/nombre-de-neets-augmente-leffet-de-leconomie-numerique-267-millions-de-jeunes-deconnectes-marche-de-lemploi-2019\/\" \/>\n<meta property=\"og:site_name\" content=\"Peoplesphere\" \/>\n<meta property=\"article:publisher\" content=\"https:\/\/www.facebook.com\/peoplesphere\" \/>\n<meta property=\"article:published_time\" content=\"2020-03-10T05:57:24+00:00\" \/>\n<meta property=\"og:image\" content=\"http:\/\/www.peoplesphere.be\/fr\/wp-content\/uploads\/2016\/07\/facebook-default-posting-1200x628px.jpg\" \/>\n<meta name=\"author\" content=\"Jean-Paul Erhard\" \/>\n<meta name=\"twitter:card\" content=\"summary_large_image\" \/>\n<meta name=\"twitter:creator\" content=\"@PeoplesphereMag\" \/>\n<meta name=\"twitter:site\" content=\"@PeoplesphereMag\" \/>\n<meta name=\"twitter:label1\" content=\"\u00c9crit par\" \/>\n\t<meta name=\"twitter:data1\" content=\"Jean-Paul Erhard\" \/>\n\t<meta name=\"twitter:label2\" content=\"Dur\u00e9e de lecture estim\u00e9e\" \/>\n\t<meta name=\"twitter:data2\" content=\"4 minutes\" \/>\n<script type=\"application\/ld+json\" class=\"yoast-schema-graph\">{\"@context\":\"https:\/\/schema.org\",\"@graph\":[{\"@type\":\"Article\",\"@id\":\"https:\/\/peoplesphere.be\/fr\/nombre-de-neets-augmente-leffet-de-leconomie-numerique-267-millions-de-jeunes-deconnectes-marche-de-lemploi-2019\/#article\",\"isPartOf\":{\"@id\":\"https:\/\/peoplesphere.be\/fr\/nombre-de-neets-augmente-leffet-de-leconomie-numerique-267-millions-de-jeunes-deconnectes-marche-de-lemploi-2019\/\"},\"author\":{\"name\":\"Jean-Paul Erhard\",\"@id\":\"https:\/\/peoplesphere.be\/fr\/#\/schema\/person\/7976225ff17988604334abb7b3536a7e\"},\"headline\":\"Le nombre de NEETs augmente sous l&rsquo;effet de l&rsquo;\u00e9conomie num\u00e9rique: 267 millions de jeunes d\u00e9connect\u00e9s du march\u00e9 de l&#8217;emploi en 2019.\",\"datePublished\":\"2020-03-10T05:57:24+00:00\",\"dateModified\":\"2020-03-10T05:57:24+00:00\",\"mainEntityOfPage\":{\"@id\":\"https:\/\/peoplesphere.be\/fr\/nombre-de-neets-augmente-leffet-de-leconomie-numerique-267-millions-de-jeunes-deconnectes-marche-de-lemploi-2019\/\"},\"wordCount\":795,\"publisher\":{\"@id\":\"https:\/\/peoplesphere.be\/fr\/#organization\"},\"keywords\":[\"\u00e9conomie num\u00e9rique\",\"emploi\",\"Formation\",\"march\u00e9 de l'emploi\",\"NEET\",\"OIT\"],\"articleSection\":[\"Actualit\u00e9s\",\"Digital\"],\"inLanguage\":\"fr-FR\"},{\"@type\":\"WebPage\",\"@id\":\"https:\/\/peoplesphere.be\/fr\/nombre-de-neets-augmente-leffet-de-leconomie-numerique-267-millions-de-jeunes-deconnectes-marche-de-lemploi-2019\/\",\"url\":\"https:\/\/peoplesphere.be\/fr\/nombre-de-neets-augmente-leffet-de-leconomie-numerique-267-millions-de-jeunes-deconnectes-marche-de-lemploi-2019\/\",\"name\":\"Le nombre de NEETs augmente sous l'effet de l'\u00e9conomie num\u00e9rique: 267 millions de jeunes d\u00e9connect\u00e9s du march\u00e9 de l'emploi en 2019. - Peoplesphere\",\"isPartOf\":{\"@id\":\"https:\/\/peoplesphere.be\/fr\/#website\"},\"datePublished\":\"2020-03-10T05:57:24+00:00\",\"dateModified\":\"2020-03-10T05:57:24+00:00\",\"breadcrumb\":{\"@id\":\"https:\/\/peoplesphere.be\/fr\/nombre-de-neets-augmente-leffet-de-leconomie-numerique-267-millions-de-jeunes-deconnectes-marche-de-lemploi-2019\/#breadcrumb\"},\"inLanguage\":\"fr-FR\",\"potentialAction\":[{\"@type\":\"ReadAction\",\"target\":[\"https:\/\/peoplesphere.be\/fr\/nombre-de-neets-augmente-leffet-de-leconomie-numerique-267-millions-de-jeunes-deconnectes-marche-de-lemploi-2019\/\"]}]},{\"@type\":\"BreadcrumbList\",\"@id\":\"https:\/\/peoplesphere.be\/fr\/nombre-de-neets-augmente-leffet-de-leconomie-numerique-267-millions-de-jeunes-deconnectes-marche-de-lemploi-2019\/#breadcrumb\",\"itemListElement\":[{\"@type\":\"ListItem\",\"position\":1,\"name\":\"Accueil\",\"item\":\"https:\/\/peoplesphere.be\/fr\/\"},{\"@type\":\"ListItem\",\"position\":2,\"name\":\"Le nombre de NEETs augmente sous l&rsquo;effet de l&rsquo;\u00e9conomie num\u00e9rique: 267 millions de jeunes d\u00e9connect\u00e9s du march\u00e9 de l&#8217;emploi en 2019.\"}]},{\"@type\":\"WebSite\",\"@id\":\"https:\/\/peoplesphere.be\/fr\/#website\",\"url\":\"https:\/\/peoplesphere.be\/fr\/\",\"name\":\"Peoplesphere\",\"description\":\"The People Managers Magazine\",\"publisher\":{\"@id\":\"https:\/\/peoplesphere.be\/fr\/#organization\"},\"potentialAction\":[{\"@type\":\"SearchAction\",\"target\":{\"@type\":\"EntryPoint\",\"urlTemplate\":\"https:\/\/peoplesphere.be\/fr\/?s={search_term_string}\"},\"query-input\":\"required name=search_term_string\"}],\"inLanguage\":\"fr-FR\"},{\"@type\":\"Organization\",\"@id\":\"https:\/\/peoplesphere.be\/fr\/#organization\",\"name\":\"Peoplesphere Company srl\",\"url\":\"https:\/\/peoplesphere.be\/fr\/\",\"logo\":{\"@type\":\"ImageObject\",\"inLanguage\":\"fr-FR\",\"@id\":\"https:\/\/peoplesphere.be\/fr\/#\/schema\/logo\/image\/\",\"url\":\"https:\/\/peoplesphere.be\/fr\/wp-content\/uploads\/2023\/07\/peoplesphere-lgo-new-generik.jpg\",\"contentUrl\":\"https:\/\/peoplesphere.be\/fr\/wp-content\/uploads\/2023\/07\/peoplesphere-lgo-new-generik.jpg\",\"width\":1031,\"height\":1479,\"caption\":\"Peoplesphere Company srl\"},\"image\":{\"@id\":\"https:\/\/peoplesphere.be\/fr\/#\/schema\/logo\/image\/\"},\"sameAs\":[\"https:\/\/www.facebook.com\/peoplesphere\",\"https:\/\/twitter.com\/PeoplesphereMag\",\"https:\/\/www.linkedin.com\/company\/7587361?trk\",\"http:\/\/youtube.com\/peoplesphere\"]},{\"@type\":\"Person\",\"@id\":\"https:\/\/peoplesphere.be\/fr\/#\/schema\/person\/7976225ff17988604334abb7b3536a7e\",\"name\":\"Jean-Paul Erhard\",\"image\":{\"@type\":\"ImageObject\",\"inLanguage\":\"fr-FR\",\"@id\":\"https:\/\/peoplesphere.be\/fr\/#\/schema\/person\/image\/\",\"url\":\"https:\/\/secure.gravatar.com\/avatar\/f941e681460179738071629a51574930?s=96&d=mm&r=g\",\"contentUrl\":\"https:\/\/secure.gravatar.com\/avatar\/f941e681460179738071629a51574930?s=96&d=mm&r=g\",\"caption\":\"Jean-Paul Erhard\"},\"url\":\"https:\/\/peoplesphere.be\/fr\/author\/jpe\/\"}]}<\/script>\n<!-- \/ Yoast SEO plugin. -->","yoast_head_json":{"title":"Le nombre de NEETs augmente sous l'effet de l'\u00e9conomie num\u00e9rique: 267 millions de jeunes d\u00e9connect\u00e9s du march\u00e9 de l'emploi en 2019. - Peoplesphere","robots":{"index":"index","follow":"follow","max-snippet":"max-snippet:-1","max-image-preview":"max-image-preview:large","max-video-preview":"max-video-preview:-1"},"canonical":"https:\/\/peoplesphere.be\/fr\/nombre-de-neets-augmente-leffet-de-leconomie-numerique-267-millions-de-jeunes-deconnectes-marche-de-lemploi-2019\/","og_locale":"fr_FR","og_type":"article","og_title":"Le nombre de NEETs augmente sous l'effet de l'\u00e9conomie num\u00e9rique: 267 millions de jeunes d\u00e9connect\u00e9s du march\u00e9 de l'emploi en 2019. - Peoplesphere","og_description":"Le nombre de jeunes actuellement non scolaris\u00e9s, sans emploi ni formation (NEET) augmente, et les jeunes femmes sont deux fois plus susceptibles d\u2019\u00eatre concern\u00e9es que leurs homologues masculins, selon un nouveau rapport de l\u2019Organisation internationale du Travail (OIT). Les jeunes [&hellip;]","og_url":"https:\/\/peoplesphere.be\/fr\/nombre-de-neets-augmente-leffet-de-leconomie-numerique-267-millions-de-jeunes-deconnectes-marche-de-lemploi-2019\/","og_site_name":"Peoplesphere","article_publisher":"https:\/\/www.facebook.com\/peoplesphere","article_published_time":"2020-03-10T05:57:24+00:00","og_image":[{"url":"http:\/\/www.peoplesphere.be\/fr\/wp-content\/uploads\/2016\/07\/facebook-default-posting-1200x628px.jpg"}],"author":"Jean-Paul Erhard","twitter_card":"summary_large_image","twitter_creator":"@PeoplesphereMag","twitter_site":"@PeoplesphereMag","twitter_misc":{"\u00c9crit par":"Jean-Paul Erhard","Dur\u00e9e de lecture estim\u00e9e":"4 minutes"},"schema":{"@context":"https:\/\/schema.org","@graph":[{"@type":"Article","@id":"https:\/\/peoplesphere.be\/fr\/nombre-de-neets-augmente-leffet-de-leconomie-numerique-267-millions-de-jeunes-deconnectes-marche-de-lemploi-2019\/#article","isPartOf":{"@id":"https:\/\/peoplesphere.be\/fr\/nombre-de-neets-augmente-leffet-de-leconomie-numerique-267-millions-de-jeunes-deconnectes-marche-de-lemploi-2019\/"},"author":{"name":"Jean-Paul Erhard","@id":"https:\/\/peoplesphere.be\/fr\/#\/schema\/person\/7976225ff17988604334abb7b3536a7e"},"headline":"Le nombre de NEETs augmente sous l&rsquo;effet de l&rsquo;\u00e9conomie num\u00e9rique: 267 millions de jeunes d\u00e9connect\u00e9s du march\u00e9 de l&#8217;emploi en 2019.","datePublished":"2020-03-10T05:57:24+00:00","dateModified":"2020-03-10T05:57:24+00:00","mainEntityOfPage":{"@id":"https:\/\/peoplesphere.be\/fr\/nombre-de-neets-augmente-leffet-de-leconomie-numerique-267-millions-de-jeunes-deconnectes-marche-de-lemploi-2019\/"},"wordCount":795,"publisher":{"@id":"https:\/\/peoplesphere.be\/fr\/#organization"},"keywords":["\u00e9conomie num\u00e9rique","emploi","Formation","march\u00e9 de l'emploi","NEET","OIT"],"articleSection":["Actualit\u00e9s","Digital"],"inLanguage":"fr-FR"},{"@type":"WebPage","@id":"https:\/\/peoplesphere.be\/fr\/nombre-de-neets-augmente-leffet-de-leconomie-numerique-267-millions-de-jeunes-deconnectes-marche-de-lemploi-2019\/","url":"https:\/\/peoplesphere.be\/fr\/nombre-de-neets-augmente-leffet-de-leconomie-numerique-267-millions-de-jeunes-deconnectes-marche-de-lemploi-2019\/","name":"Le nombre de NEETs augmente sous l'effet de l'\u00e9conomie num\u00e9rique: 267 millions de jeunes d\u00e9connect\u00e9s du march\u00e9 de l'emploi en 2019. - Peoplesphere","isPartOf":{"@id":"https:\/\/peoplesphere.be\/fr\/#website"},"datePublished":"2020-03-10T05:57:24+00:00","dateModified":"2020-03-10T05:57:24+00:00","breadcrumb":{"@id":"https:\/\/peoplesphere.be\/fr\/nombre-de-neets-augmente-leffet-de-leconomie-numerique-267-millions-de-jeunes-deconnectes-marche-de-lemploi-2019\/#breadcrumb"},"inLanguage":"fr-FR","potentialAction":[{"@type":"ReadAction","target":["https:\/\/peoplesphere.be\/fr\/nombre-de-neets-augmente-leffet-de-leconomie-numerique-267-millions-de-jeunes-deconnectes-marche-de-lemploi-2019\/"]}]},{"@type":"BreadcrumbList","@id":"https:\/\/peoplesphere.be\/fr\/nombre-de-neets-augmente-leffet-de-leconomie-numerique-267-millions-de-jeunes-deconnectes-marche-de-lemploi-2019\/#breadcrumb","itemListElement":[{"@type":"ListItem","position":1,"name":"Accueil","item":"https:\/\/peoplesphere.be\/fr\/"},{"@type":"ListItem","position":2,"name":"Le nombre de NEETs augmente sous l&rsquo;effet de l&rsquo;\u00e9conomie num\u00e9rique: 267 millions de jeunes d\u00e9connect\u00e9s du march\u00e9 de l&#8217;emploi en 2019."}]},{"@type":"WebSite","@id":"https:\/\/peoplesphere.be\/fr\/#website","url":"https:\/\/peoplesphere.be\/fr\/","name":"Peoplesphere","description":"The People Managers Magazine","publisher":{"@id":"https:\/\/peoplesphere.be\/fr\/#organization"},"potentialAction":[{"@type":"SearchAction","target":{"@type":"EntryPoint","urlTemplate":"https:\/\/peoplesphere.be\/fr\/?s={search_term_string}"},"query-input":"required name=search_term_string"}],"inLanguage":"fr-FR"},{"@type":"Organization","@id":"https:\/\/peoplesphere.be\/fr\/#organization","name":"Peoplesphere Company srl","url":"https:\/\/peoplesphere.be\/fr\/","logo":{"@type":"ImageObject","inLanguage":"fr-FR","@id":"https:\/\/peoplesphere.be\/fr\/#\/schema\/logo\/image\/","url":"https:\/\/peoplesphere.be\/fr\/wp-content\/uploads\/2023\/07\/peoplesphere-lgo-new-generik.jpg","contentUrl":"https:\/\/peoplesphere.be\/fr\/wp-content\/uploads\/2023\/07\/peoplesphere-lgo-new-generik.jpg","width":1031,"height":1479,"caption":"Peoplesphere Company srl"},"image":{"@id":"https:\/\/peoplesphere.be\/fr\/#\/schema\/logo\/image\/"},"sameAs":["https:\/\/www.facebook.com\/peoplesphere","https:\/\/twitter.com\/PeoplesphereMag","https:\/\/www.linkedin.com\/company\/7587361?trk","http:\/\/youtube.com\/peoplesphere"]},{"@type":"Person","@id":"https:\/\/peoplesphere.be\/fr\/#\/schema\/person\/7976225ff17988604334abb7b3536a7e","name":"Jean-Paul Erhard","image":{"@type":"ImageObject","inLanguage":"fr-FR","@id":"https:\/\/peoplesphere.be\/fr\/#\/schema\/person\/image\/","url":"https:\/\/secure.gravatar.com\/avatar\/f941e681460179738071629a51574930?s=96&d=mm&r=g","contentUrl":"https:\/\/secure.gravatar.com\/avatar\/f941e681460179738071629a51574930?s=96&d=mm&r=g","caption":"Jean-Paul Erhard"},"url":"https:\/\/peoplesphere.be\/fr\/author\/jpe\/"}]}},"_links":{"self":[{"href":"https:\/\/peoplesphere.be\/fr\/wp-json\/wp\/v2\/posts\/9202"}],"collection":[{"href":"https:\/\/peoplesphere.be\/fr\/wp-json\/wp\/v2\/posts"}],"about":[{"href":"https:\/\/peoplesphere.be\/fr\/wp-json\/wp\/v2\/types\/post"}],"author":[{"embeddable":true,"href":"https:\/\/peoplesphere.be\/fr\/wp-json\/wp\/v2\/users\/2"}],"replies":[{"embeddable":true,"href":"https:\/\/peoplesphere.be\/fr\/wp-json\/wp\/v2\/comments?post=9202"}],"version-history":[{"count":1,"href":"https:\/\/peoplesphere.be\/fr\/wp-json\/wp\/v2\/posts\/9202\/revisions"}],"predecessor-version":[{"id":9203,"href":"https:\/\/peoplesphere.be\/fr\/wp-json\/wp\/v2\/posts\/9202\/revisions\/9203"}],"wp:attachment":[{"href":"https:\/\/peoplesphere.be\/fr\/wp-json\/wp\/v2\/media?parent=9202"}],"wp:term":[{"taxonomy":"category","embeddable":true,"href":"https:\/\/peoplesphere.be\/fr\/wp-json\/wp\/v2\/categories?post=9202"},{"taxonomy":"post_tag","embeddable":true,"href":"https:\/\/peoplesphere.be\/fr\/wp-json\/wp\/v2\/tags?post=9202"}],"curies":[{"name":"wp","href":"https:\/\/api.w.org\/{rel}","templated":true}]}}