









{"id":9208,"date":"2020-03-11T17:17:29","date_gmt":"2020-03-11T15:17:29","guid":{"rendered":"https:\/\/peoplesphere.be\/fr\/?p=9208"},"modified":"2020-03-11T17:18:50","modified_gmt":"2020-03-11T15:18:50","slug":"31eme-edition-de-hrm-night-reprogramme-a-date-ulterieure","status":"publish","type":"post","link":"https:\/\/peoplesphere.be\/fr\/31eme-edition-de-hrm-night-reprogramme-a-date-ulterieure\/","title":{"rendered":"La 31\u00e8me \u00e9dition de la HRM Night\u00a9 est reprogramm\u00e9e \u00e0 une date ult\u00e9rieure."},"content":{"rendered":"<p>Apr\u00e8s bon nombre de consultations aupr\u00e8s des laur\u00e9ats, partenaires et parties prenantes de la 31\u00e8me HRM Night\u00a9, l&rsquo;\u00e9quipe en charge de l&rsquo;organisation a d\u00e9cid\u00e9 de reprogrammer \u00e0 une date ult\u00e9rieure cette 31\u00e8me \u00e9dition de la HRM Night\u00a9, pr\u00e9vue \u00e0 la date du 2 avril prochain.<!--more--><\/p>\n<p>La situation sanitaire du pays et du continent europ\u00e9en d\u00e9sormais nous pose de tr\u00e8s int\u00e9ressantes questions\u2026 Quelle position prendre face \u00e0 une maladie pour laquelle la recommandation prioritaire consiste \u00e0 pr\u00f4ner la \u00ab\u00a0distanciation sociale\u00a0\u00bb, alors que le coeur de notre m\u00e9tier au quotidien consiste \u00e0 cr\u00e9er du lien et \u00e0 unir les forces au sein de nos entreprises? Nous y reviendrons tr\u00e8s certainement.<\/p>\n<p>En reportant la date de cette rencontre annuelle tant attendue, nous prenons notre part dans la lutte contre la propagation du virus dont le pic est annonc\u00e9 pour la fin de ce mois de mars.\u00a0Priorit\u00e9 \u00e0 la sant\u00e9 et \u00e0 la s\u00e9curit\u00e9 de toutes et tous !<\/p>\n<p>Les conditions ne sont pas r\u00e9unies pour que nous puissions profiter pleinement, tous ensemble, d\u2019une formidable soir\u00e9e de partage et de reconnaissance des talents qui se sont exprim\u00e9s au cours de l\u2019ann\u00e9e \u00e9coul\u00e9e.<\/p>\n<p>D\u00e8s que les estimations quant \u00e0 la fin des mesures de pr\u00e9caution seront disponibles, nous vous communiquerons notre nouvelle date de rendez-vous pour d\u00e9couvrir et c\u00e9l\u00e9brer ensemble les laur\u00e9ats de cette ann\u00e9e 2020. Il faudra encore patienter quelques semaines avant de d\u00e9couvrir qui seront les HR Manager of the Year\u00a9, HR Team of the Year\u00a9 et Young HR Leader of the Year\u00a9 de l&rsquo;ann\u00e9e 2020.<\/p>\n<p>Prenez grand soin de vous, de vos proches et de celles et ceux qui seraient isol\u00e9s durant cette p\u00e9riode difficile.<br \/>\nEt \u00e0 tr\u00e8s bient\u00f4t !<\/p>\n<p>Jean-Paul Erhard,<br \/>\nmanaging partner HRM Night\u00a9<\/p>\n","protected":false},"excerpt":{"rendered":"<p>Apr\u00e8s bon nombre de consultations aupr\u00e8s des laur\u00e9ats, partenaires et parties prenantes de la 31\u00e8me HRM Night\u00a9, l&rsquo;\u00e9quipe en charge de l&rsquo;organisation a d\u00e9cid\u00e9 de reprogrammer \u00e0 une date ult\u00e9rieure cette 31\u00e8me \u00e9dition de la HRM Night\u00a9, pr\u00e9vue \u00e0 la [&hellip;]<\/p>\n","protected":false},"author":2,"featured_media":0,"comment_status":"closed","ping_status":"open","sticky":false,"template":"","format":"standard","meta":[],"categories":[67,8],"tags":[690,628,683,1771],"yoast_head":"<!-- This site is optimized with the Yoast SEO plugin v21.0 - https:\/\/yoast.com\/wordpress\/plugins\/seo\/ -->\n<title>La 31\u00e8me \u00e9dition de la HRM Night\u00a9 est reprogramm\u00e9e \u00e0 une date ult\u00e9rieure. - Peoplesphere<\/title>\n<meta name=\"robots\" content=\"index, follow, max-snippet:-1, max-image-preview:large, max-video-preview:-1\" \/>\n<link rel=\"canonical\" href=\"https:\/\/peoplesphere.be\/fr\/31eme-edition-de-hrm-night-reprogramme-a-date-ulterieure\/\" \/>\n<meta property=\"og:locale\" content=\"fr_FR\" \/>\n<meta property=\"og:type\" content=\"article\" \/>\n<meta property=\"og:title\" content=\"La 31\u00e8me \u00e9dition de la HRM Night\u00a9 est reprogramm\u00e9e \u00e0 une date ult\u00e9rieure. - Peoplesphere\" \/>\n<meta property=\"og:description\" content=\"Apr\u00e8s bon nombre de consultations aupr\u00e8s des laur\u00e9ats, partenaires et parties prenantes de la 31\u00e8me HRM Night\u00a9, l&rsquo;\u00e9quipe en charge de l&rsquo;organisation a d\u00e9cid\u00e9 de reprogrammer \u00e0 une date ult\u00e9rieure cette 31\u00e8me \u00e9dition de la HRM Night\u00a9, pr\u00e9vue \u00e0 la [&hellip;]\" \/>\n<meta property=\"og:url\" content=\"https:\/\/peoplesphere.be\/fr\/31eme-edition-de-hrm-night-reprogramme-a-date-ulterieure\/\" \/>\n<meta property=\"og:site_name\" content=\"Peoplesphere\" \/>\n<meta property=\"article:publisher\" content=\"https:\/\/www.facebook.com\/peoplesphere\" \/>\n<meta property=\"article:published_time\" content=\"2020-03-11T15:17:29+00:00\" \/>\n<meta property=\"article:modified_time\" content=\"2020-03-11T15:18:50+00:00\" \/>\n<meta property=\"og:image\" content=\"http:\/\/www.peoplesphere.be\/fr\/wp-content\/uploads\/2016\/07\/facebook-default-posting-1200x628px.jpg\" \/>\n<meta name=\"author\" content=\"Jean-Paul Erhard\" \/>\n<meta name=\"twitter:card\" content=\"summary_large_image\" \/>\n<meta name=\"twitter:creator\" content=\"@PeoplesphereMag\" \/>\n<meta name=\"twitter:site\" content=\"@PeoplesphereMag\" \/>\n<meta name=\"twitter:label1\" content=\"\u00c9crit par\" \/>\n\t<meta name=\"twitter:data1\" content=\"Jean-Paul Erhard\" \/>\n\t<meta name=\"twitter:label2\" content=\"Dur\u00e9e de lecture estim\u00e9e\" \/>\n\t<meta name=\"twitter:data2\" content=\"2 minutes\" \/>\n<script type=\"application\/ld+json\" class=\"yoast-schema-graph\">{\"@context\":\"https:\/\/schema.org\",\"@graph\":[{\"@type\":\"Article\",\"@id\":\"https:\/\/peoplesphere.be\/fr\/31eme-edition-de-hrm-night-reprogramme-a-date-ulterieure\/#article\",\"isPartOf\":{\"@id\":\"https:\/\/peoplesphere.be\/fr\/31eme-edition-de-hrm-night-reprogramme-a-date-ulterieure\/\"},\"author\":{\"name\":\"Jean-Paul Erhard\",\"@id\":\"https:\/\/peoplesphere.be\/fr\/#\/schema\/person\/7976225ff17988604334abb7b3536a7e\"},\"headline\":\"La 31\u00e8me \u00e9dition de la HRM Night\u00a9 est reprogramm\u00e9e \u00e0 une date ult\u00e9rieure.\",\"datePublished\":\"2020-03-11T15:17:29+00:00\",\"dateModified\":\"2020-03-11T15:18:50+00:00\",\"mainEntityOfPage\":{\"@id\":\"https:\/\/peoplesphere.be\/fr\/31eme-edition-de-hrm-night-reprogramme-a-date-ulterieure\/\"},\"wordCount\":320,\"publisher\":{\"@id\":\"https:\/\/peoplesphere.be\/fr\/#organization\"},\"keywords\":[\"hr manager of the year\",\"HR Team of the Year\",\"HRM Night\",\"Young HR Leader of the Year\"],\"articleSection\":[\"Calendrier\",\"Events\"],\"inLanguage\":\"fr-FR\"},{\"@type\":\"WebPage\",\"@id\":\"https:\/\/peoplesphere.be\/fr\/31eme-edition-de-hrm-night-reprogramme-a-date-ulterieure\/\",\"url\":\"https:\/\/peoplesphere.be\/fr\/31eme-edition-de-hrm-night-reprogramme-a-date-ulterieure\/\",\"name\":\"La 31\u00e8me \u00e9dition de la HRM Night\u00a9 est reprogramm\u00e9e \u00e0 une date ult\u00e9rieure. - Peoplesphere\",\"isPartOf\":{\"@id\":\"https:\/\/peoplesphere.be\/fr\/#website\"},\"datePublished\":\"2020-03-11T15:17:29+00:00\",\"dateModified\":\"2020-03-11T15:18:50+00:00\",\"breadcrumb\":{\"@id\":\"https:\/\/peoplesphere.be\/fr\/31eme-edition-de-hrm-night-reprogramme-a-date-ulterieure\/#breadcrumb\"},\"inLanguage\":\"fr-FR\",\"potentialAction\":[{\"@type\":\"ReadAction\",\"target\":[\"https:\/\/peoplesphere.be\/fr\/31eme-edition-de-hrm-night-reprogramme-a-date-ulterieure\/\"]}]},{\"@type\":\"BreadcrumbList\",\"@id\":\"https:\/\/peoplesphere.be\/fr\/31eme-edition-de-hrm-night-reprogramme-a-date-ulterieure\/#breadcrumb\",\"itemListElement\":[{\"@type\":\"ListItem\",\"position\":1,\"name\":\"Accueil\",\"item\":\"https:\/\/peoplesphere.be\/fr\/\"},{\"@type\":\"ListItem\",\"position\":2,\"name\":\"La 31\u00e8me \u00e9dition de la HRM Night\u00a9 est reprogramm\u00e9e \u00e0 une date ult\u00e9rieure.\"}]},{\"@type\":\"WebSite\",\"@id\":\"https:\/\/peoplesphere.be\/fr\/#website\",\"url\":\"https:\/\/peoplesphere.be\/fr\/\",\"name\":\"Peoplesphere\",\"description\":\"The People Managers Magazine\",\"publisher\":{\"@id\":\"https:\/\/peoplesphere.be\/fr\/#organization\"},\"potentialAction\":[{\"@type\":\"SearchAction\",\"target\":{\"@type\":\"EntryPoint\",\"urlTemplate\":\"https:\/\/peoplesphere.be\/fr\/?s={search_term_string}\"},\"query-input\":\"required name=search_term_string\"}],\"inLanguage\":\"fr-FR\"},{\"@type\":\"Organization\",\"@id\":\"https:\/\/peoplesphere.be\/fr\/#organization\",\"name\":\"Peoplesphere Company srl\",\"url\":\"https:\/\/peoplesphere.be\/fr\/\",\"logo\":{\"@type\":\"ImageObject\",\"inLanguage\":\"fr-FR\",\"@id\":\"https:\/\/peoplesphere.be\/fr\/#\/schema\/logo\/image\/\",\"url\":\"https:\/\/peoplesphere.be\/fr\/wp-content\/uploads\/2023\/07\/peoplesphere-lgo-new-generik.jpg\",\"contentUrl\":\"https:\/\/peoplesphere.be\/fr\/wp-content\/uploads\/2023\/07\/peoplesphere-lgo-new-generik.jpg\",\"width\":1031,\"height\":1479,\"caption\":\"Peoplesphere Company srl\"},\"image\":{\"@id\":\"https:\/\/peoplesphere.be\/fr\/#\/schema\/logo\/image\/\"},\"sameAs\":[\"https:\/\/www.facebook.com\/peoplesphere\",\"https:\/\/twitter.com\/PeoplesphereMag\",\"https:\/\/www.linkedin.com\/company\/7587361?trk\",\"http:\/\/youtube.com\/peoplesphere\"]},{\"@type\":\"Person\",\"@id\":\"https:\/\/peoplesphere.be\/fr\/#\/schema\/person\/7976225ff17988604334abb7b3536a7e\",\"name\":\"Jean-Paul Erhard\",\"image\":{\"@type\":\"ImageObject\",\"inLanguage\":\"fr-FR\",\"@id\":\"https:\/\/peoplesphere.be\/fr\/#\/schema\/person\/image\/\",\"url\":\"https:\/\/secure.gravatar.com\/avatar\/f941e681460179738071629a51574930?s=96&d=mm&r=g\",\"contentUrl\":\"https:\/\/secure.gravatar.com\/avatar\/f941e681460179738071629a51574930?s=96&d=mm&r=g\",\"caption\":\"Jean-Paul Erhard\"},\"url\":\"https:\/\/peoplesphere.be\/fr\/author\/jpe\/\"}]}<\/script>\n<!-- \/ Yoast SEO plugin. -->","yoast_head_json":{"title":"La 31\u00e8me \u00e9dition de la HRM Night\u00a9 est reprogramm\u00e9e \u00e0 une date ult\u00e9rieure. - Peoplesphere","robots":{"index":"index","follow":"follow","max-snippet":"max-snippet:-1","max-image-preview":"max-image-preview:large","max-video-preview":"max-video-preview:-1"},"canonical":"https:\/\/peoplesphere.be\/fr\/31eme-edition-de-hrm-night-reprogramme-a-date-ulterieure\/","og_locale":"fr_FR","og_type":"article","og_title":"La 31\u00e8me \u00e9dition de la HRM Night\u00a9 est reprogramm\u00e9e \u00e0 une date ult\u00e9rieure. - Peoplesphere","og_description":"Apr\u00e8s bon nombre de consultations aupr\u00e8s des laur\u00e9ats, partenaires et parties prenantes de la 31\u00e8me HRM Night\u00a9, l&rsquo;\u00e9quipe en charge de l&rsquo;organisation a d\u00e9cid\u00e9 de reprogrammer \u00e0 une date ult\u00e9rieure cette 31\u00e8me \u00e9dition de la HRM Night\u00a9, pr\u00e9vue \u00e0 la [&hellip;]","og_url":"https:\/\/peoplesphere.be\/fr\/31eme-edition-de-hrm-night-reprogramme-a-date-ulterieure\/","og_site_name":"Peoplesphere","article_publisher":"https:\/\/www.facebook.com\/peoplesphere","article_published_time":"2020-03-11T15:17:29+00:00","article_modified_time":"2020-03-11T15:18:50+00:00","og_image":[{"url":"http:\/\/www.peoplesphere.be\/fr\/wp-content\/uploads\/2016\/07\/facebook-default-posting-1200x628px.jpg"}],"author":"Jean-Paul Erhard","twitter_card":"summary_large_image","twitter_creator":"@PeoplesphereMag","twitter_site":"@PeoplesphereMag","twitter_misc":{"\u00c9crit par":"Jean-Paul Erhard","Dur\u00e9e de lecture estim\u00e9e":"2 minutes"},"schema":{"@context":"https:\/\/schema.org","@graph":[{"@type":"Article","@id":"https:\/\/peoplesphere.be\/fr\/31eme-edition-de-hrm-night-reprogramme-a-date-ulterieure\/#article","isPartOf":{"@id":"https:\/\/peoplesphere.be\/fr\/31eme-edition-de-hrm-night-reprogramme-a-date-ulterieure\/"},"author":{"name":"Jean-Paul Erhard","@id":"https:\/\/peoplesphere.be\/fr\/#\/schema\/person\/7976225ff17988604334abb7b3536a7e"},"headline":"La 31\u00e8me \u00e9dition de la HRM Night\u00a9 est reprogramm\u00e9e \u00e0 une date ult\u00e9rieure.","datePublished":"2020-03-11T15:17:29+00:00","dateModified":"2020-03-11T15:18:50+00:00","mainEntityOfPage":{"@id":"https:\/\/peoplesphere.be\/fr\/31eme-edition-de-hrm-night-reprogramme-a-date-ulterieure\/"},"wordCount":320,"publisher":{"@id":"https:\/\/peoplesphere.be\/fr\/#organization"},"keywords":["hr manager of the year","HR Team of the Year","HRM Night","Young HR Leader of the Year"],"articleSection":["Calendrier","Events"],"inLanguage":"fr-FR"},{"@type":"WebPage","@id":"https:\/\/peoplesphere.be\/fr\/31eme-edition-de-hrm-night-reprogramme-a-date-ulterieure\/","url":"https:\/\/peoplesphere.be\/fr\/31eme-edition-de-hrm-night-reprogramme-a-date-ulterieure\/","name":"La 31\u00e8me \u00e9dition de la HRM Night\u00a9 est reprogramm\u00e9e \u00e0 une date ult\u00e9rieure. - Peoplesphere","isPartOf":{"@id":"https:\/\/peoplesphere.be\/fr\/#website"},"datePublished":"2020-03-11T15:17:29+00:00","dateModified":"2020-03-11T15:18:50+00:00","breadcrumb":{"@id":"https:\/\/peoplesphere.be\/fr\/31eme-edition-de-hrm-night-reprogramme-a-date-ulterieure\/#breadcrumb"},"inLanguage":"fr-FR","potentialAction":[{"@type":"ReadAction","target":["https:\/\/peoplesphere.be\/fr\/31eme-edition-de-hrm-night-reprogramme-a-date-ulterieure\/"]}]},{"@type":"BreadcrumbList","@id":"https:\/\/peoplesphere.be\/fr\/31eme-edition-de-hrm-night-reprogramme-a-date-ulterieure\/#breadcrumb","itemListElement":[{"@type":"ListItem","position":1,"name":"Accueil","item":"https:\/\/peoplesphere.be\/fr\/"},{"@type":"ListItem","position":2,"name":"La 31\u00e8me \u00e9dition de la HRM Night\u00a9 est reprogramm\u00e9e \u00e0 une date ult\u00e9rieure."}]},{"@type":"WebSite","@id":"https:\/\/peoplesphere.be\/fr\/#website","url":"https:\/\/peoplesphere.be\/fr\/","name":"Peoplesphere","description":"The People Managers Magazine","publisher":{"@id":"https:\/\/peoplesphere.be\/fr\/#organization"},"potentialAction":[{"@type":"SearchAction","target":{"@type":"EntryPoint","urlTemplate":"https:\/\/peoplesphere.be\/fr\/?s={search_term_string}"},"query-input":"required name=search_term_string"}],"inLanguage":"fr-FR"},{"@type":"Organization","@id":"https:\/\/peoplesphere.be\/fr\/#organization","name":"Peoplesphere Company srl","url":"https:\/\/peoplesphere.be\/fr\/","logo":{"@type":"ImageObject","inLanguage":"fr-FR","@id":"https:\/\/peoplesphere.be\/fr\/#\/schema\/logo\/image\/","url":"https:\/\/peoplesphere.be\/fr\/wp-content\/uploads\/2023\/07\/peoplesphere-lgo-new-generik.jpg","contentUrl":"https:\/\/peoplesphere.be\/fr\/wp-content\/uploads\/2023\/07\/peoplesphere-lgo-new-generik.jpg","width":1031,"height":1479,"caption":"Peoplesphere Company srl"},"image":{"@id":"https:\/\/peoplesphere.be\/fr\/#\/schema\/logo\/image\/"},"sameAs":["https:\/\/www.facebook.com\/peoplesphere","https:\/\/twitter.com\/PeoplesphereMag","https:\/\/www.linkedin.com\/company\/7587361?trk","http:\/\/youtube.com\/peoplesphere"]},{"@type":"Person","@id":"https:\/\/peoplesphere.be\/fr\/#\/schema\/person\/7976225ff17988604334abb7b3536a7e","name":"Jean-Paul Erhard","image":{"@type":"ImageObject","inLanguage":"fr-FR","@id":"https:\/\/peoplesphere.be\/fr\/#\/schema\/person\/image\/","url":"https:\/\/secure.gravatar.com\/avatar\/f941e681460179738071629a51574930?s=96&d=mm&r=g","contentUrl":"https:\/\/secure.gravatar.com\/avatar\/f941e681460179738071629a51574930?s=96&d=mm&r=g","caption":"Jean-Paul Erhard"},"url":"https:\/\/peoplesphere.be\/fr\/author\/jpe\/"}]}},"_links":{"self":[{"href":"https:\/\/peoplesphere.be\/fr\/wp-json\/wp\/v2\/posts\/9208"}],"collection":[{"href":"https:\/\/peoplesphere.be\/fr\/wp-json\/wp\/v2\/posts"}],"about":[{"href":"https:\/\/peoplesphere.be\/fr\/wp-json\/wp\/v2\/types\/post"}],"author":[{"embeddable":true,"href":"https:\/\/peoplesphere.be\/fr\/wp-json\/wp\/v2\/users\/2"}],"replies":[{"embeddable":true,"href":"https:\/\/peoplesphere.be\/fr\/wp-json\/wp\/v2\/comments?post=9208"}],"version-history":[{"count":2,"href":"https:\/\/peoplesphere.be\/fr\/wp-json\/wp\/v2\/posts\/9208\/revisions"}],"predecessor-version":[{"id":9211,"href":"https:\/\/peoplesphere.be\/fr\/wp-json\/wp\/v2\/posts\/9208\/revisions\/9211"}],"wp:attachment":[{"href":"https:\/\/peoplesphere.be\/fr\/wp-json\/wp\/v2\/media?parent=9208"}],"wp:term":[{"taxonomy":"category","embeddable":true,"href":"https:\/\/peoplesphere.be\/fr\/wp-json\/wp\/v2\/categories?post=9208"},{"taxonomy":"post_tag","embeddable":true,"href":"https:\/\/peoplesphere.be\/fr\/wp-json\/wp\/v2\/tags?post=9208"}],"curies":[{"name":"wp","href":"https:\/\/api.w.org\/{rel}","templated":true}]}}