









{"id":9224,"date":"2020-03-12T17:28:51","date_gmt":"2020-03-12T15:28:51","guid":{"rendered":"https:\/\/peoplesphere.be\/fr\/?p=9224"},"modified":"2020-03-12T17:28:51","modified_gmt":"2020-03-12T15:28:51","slug":"rapport-conseil-central-de-leconomie-front-commun-syndical-constate-handicap-salarial-de-belgique-nexiste","status":"publish","type":"post","link":"https:\/\/peoplesphere.be\/fr\/rapport-conseil-central-de-leconomie-front-commun-syndical-constate-handicap-salarial-de-belgique-nexiste\/","title":{"rendered":"Rapport du Conseil central de l&rsquo;\u00e9conomie: le front commun syndical constate que le &lsquo;handicap salarial&rsquo; de la Belgique n&rsquo;existe pas."},"content":{"rendered":"<p>Le Conseil central de l\u2019\u00e9conomie vient de publier son rapport interm\u00e9diaire sur les co\u00fbts salariaux.<br \/>\nPour la CSC, FGTB et CGSLB, en front commun, plusieurs constats s\u2019imposent.\u00a0Les nouveaux chiffres montrent clairement que la marge salariale \u00e9tablie selon la loi r\u00e9vis\u00e9e en 2017 a \u00e9t\u00e9 sous-estim\u00e9e dans le rapport \u00e9tabli pour les n\u00e9gociations salariales 2019-2020. Avec quelles cons\u00e9quences sur le plan de la concertation sociale?<!--more--><\/p>\n<p><em>\u00ab\u00a0Le pr\u00e9tendu &lsquo;handicap salarial historique&rsquo; n\u2019existe pas ! Et il devrait exister de la marge pour n\u00e9gocier des hausses de salaire lors du prochain accord interprofessionnel.\u00a0Ce rapport renforce donc notre exigence de r\u00e9former la loi sur la formation des salaires de 2017 et ses dispositifs qui cadenassent toute n\u00e9gociation salariale.\u00a0\u00bb<\/em><\/p>\n<p>Ce rapport a \u00e9t\u00e9 \u00e9tabli sur base de donn\u00e9es et d\u2019hypoth\u00e8ses de projection provenant de diff\u00e9rentes institutions nationales et internationales. <em>\u00ab\u00a0Les nouveaux chiffres d\u00e9montrent que le \u00ab handicap salarial \u00bb en fin 2018 \u00e9tait inexistant alors que le rapport \u00e9tabli pour les n\u00e9gociations indiquait un handicap de 0,9%.\u00a0M\u00eame avec la m\u00e9thode de calcul discutable de la loi sur la formation des salaires de 1996 modifi\u00e9e en 2017, le co\u00fbt salarial horaire en Belgique a \u00e9volu\u00e9 moins vite que dans les pays voisins (Allemagne, France, Pays-Bas). D\u00e8s lors, l\u2019\u00e9cart mesurant l\u2019\u00e9volution salariale horaire officielle depuis 1996 s\u2019\u00e9l\u00e8vera \u00e0 1% en faveur de la Belgique, en fin 2020.\u00a0\u00bb<\/em><\/p>\n<p>Les syndicats rel\u00e8vent encore qu&rsquo;en tenant compte des subsides salariaux et du taux des cotisations patronales r\u00e9els, le rapport indique un avantage de 4.7% pour la Belgique. <em>\u00ab\u00a0Le rapport d\u00e9montre \u00e9galement qu\u2019il n\u2019existe pas d\u2019\u00ab \u00e9cart salarial historique \u00bb quand on tient compte de la productivit\u00e9. N\u00e9anmoins, avec la loi actuelle sur les salaires, les interlocuteurs sociaux sont oblig\u00e9s d\u2019accepter une mod\u00e9ration salariale suppl\u00e9mentaire en vue de corriger un \u00e9cart salarial historique virtuel, dont l\u2019existence n\u2019a jamais \u00e9t\u00e9 d\u00e9montr\u00e9e.\u00a0Les chiffres du rapport du Conseil central de l\u2019\u00e9conomie sont clairs: le pr\u00e9sum\u00e9 \u00ab handicap salarial historique \u00bb de la Belgique n\u2019existe pas.\u00a0\u00bb<\/em><\/p>\n<p><em>Source: FGTB &#8211; CSC &#8211; CGSLB<\/em><\/p>\n","protected":false},"excerpt":{"rendered":"<p>Le Conseil central de l\u2019\u00e9conomie vient de publier son rapport interm\u00e9diaire sur les co\u00fbts salariaux. Pour la CSC, FGTB et CGSLB, en front commun, plusieurs constats s\u2019imposent.\u00a0Les nouveaux chiffres montrent clairement que la marge salariale \u00e9tablie selon la loi r\u00e9vis\u00e9e [&hellip;]<\/p>\n","protected":false},"author":2,"featured_media":0,"comment_status":"closed","ping_status":"open","sticky":false,"template":"","format":"standard","meta":[],"categories":[65,10],"tags":[332,1750,304,2205,110],"yoast_head":"<!-- This site is optimized with the Yoast SEO plugin v21.0 - https:\/\/yoast.com\/wordpress\/plugins\/seo\/ -->\n<title>Rapport du Conseil central de l&#039;\u00e9conomie: le front commun syndical constate que le &#039;handicap salarial&#039; de la Belgique n&#039;existe pas. - Peoplesphere<\/title>\n<meta name=\"robots\" content=\"index, follow, max-snippet:-1, max-image-preview:large, max-video-preview:-1\" \/>\n<link rel=\"canonical\" href=\"https:\/\/peoplesphere.be\/fr\/rapport-conseil-central-de-leconomie-front-commun-syndical-constate-handicap-salarial-de-belgique-nexiste\/\" \/>\n<meta property=\"og:locale\" content=\"fr_FR\" \/>\n<meta property=\"og:type\" content=\"article\" \/>\n<meta property=\"og:title\" content=\"Rapport du Conseil central de l&#039;\u00e9conomie: le front commun syndical constate que le &#039;handicap salarial&#039; de la Belgique n&#039;existe pas. - Peoplesphere\" \/>\n<meta property=\"og:description\" content=\"Le Conseil central de l\u2019\u00e9conomie vient de publier son rapport interm\u00e9diaire sur les co\u00fbts salariaux. Pour la CSC, FGTB et CGSLB, en front commun, plusieurs constats s\u2019imposent.\u00a0Les nouveaux chiffres montrent clairement que la marge salariale \u00e9tablie selon la loi r\u00e9vis\u00e9e [&hellip;]\" \/>\n<meta property=\"og:url\" content=\"https:\/\/peoplesphere.be\/fr\/rapport-conseil-central-de-leconomie-front-commun-syndical-constate-handicap-salarial-de-belgique-nexiste\/\" \/>\n<meta property=\"og:site_name\" content=\"Peoplesphere\" \/>\n<meta property=\"article:publisher\" content=\"https:\/\/www.facebook.com\/peoplesphere\" \/>\n<meta property=\"article:published_time\" content=\"2020-03-12T15:28:51+00:00\" \/>\n<meta property=\"og:image\" content=\"http:\/\/www.peoplesphere.be\/fr\/wp-content\/uploads\/2016\/07\/facebook-default-posting-1200x628px.jpg\" \/>\n<meta name=\"author\" content=\"Jean-Paul Erhard\" \/>\n<meta name=\"twitter:card\" content=\"summary_large_image\" \/>\n<meta name=\"twitter:creator\" content=\"@PeoplesphereMag\" \/>\n<meta name=\"twitter:site\" content=\"@PeoplesphereMag\" \/>\n<meta name=\"twitter:label1\" content=\"\u00c9crit par\" \/>\n\t<meta name=\"twitter:data1\" content=\"Jean-Paul Erhard\" \/>\n\t<meta name=\"twitter:label2\" content=\"Dur\u00e9e de lecture estim\u00e9e\" \/>\n\t<meta name=\"twitter:data2\" content=\"2 minutes\" \/>\n<script type=\"application\/ld+json\" class=\"yoast-schema-graph\">{\"@context\":\"https:\/\/schema.org\",\"@graph\":[{\"@type\":\"Article\",\"@id\":\"https:\/\/peoplesphere.be\/fr\/rapport-conseil-central-de-leconomie-front-commun-syndical-constate-handicap-salarial-de-belgique-nexiste\/#article\",\"isPartOf\":{\"@id\":\"https:\/\/peoplesphere.be\/fr\/rapport-conseil-central-de-leconomie-front-commun-syndical-constate-handicap-salarial-de-belgique-nexiste\/\"},\"author\":{\"name\":\"Jean-Paul Erhard\",\"@id\":\"https:\/\/peoplesphere.be\/fr\/#\/schema\/person\/7976225ff17988604334abb7b3536a7e\"},\"headline\":\"Rapport du Conseil central de l&rsquo;\u00e9conomie: le front commun syndical constate que le &lsquo;handicap salarial&rsquo; de la Belgique n&rsquo;existe pas.\",\"datePublished\":\"2020-03-12T15:28:51+00:00\",\"dateModified\":\"2020-03-12T15:28:51+00:00\",\"mainEntityOfPage\":{\"@id\":\"https:\/\/peoplesphere.be\/fr\/rapport-conseil-central-de-leconomie-front-commun-syndical-constate-handicap-salarial-de-belgique-nexiste\/\"},\"wordCount\":381,\"publisher\":{\"@id\":\"https:\/\/peoplesphere.be\/fr\/#organization\"},\"keywords\":[\"concertation sociale\",\"conseil central de l'\u00e9conomie\",\"handicap salarial\",\"marge salariale\",\"syndicats\"],\"articleSection\":[\"Actualit\u00e9s\",\"Digital\"],\"inLanguage\":\"fr-FR\"},{\"@type\":\"WebPage\",\"@id\":\"https:\/\/peoplesphere.be\/fr\/rapport-conseil-central-de-leconomie-front-commun-syndical-constate-handicap-salarial-de-belgique-nexiste\/\",\"url\":\"https:\/\/peoplesphere.be\/fr\/rapport-conseil-central-de-leconomie-front-commun-syndical-constate-handicap-salarial-de-belgique-nexiste\/\",\"name\":\"Rapport du Conseil central de l'\u00e9conomie: le front commun syndical constate que le 'handicap salarial' de la Belgique n'existe pas. - Peoplesphere\",\"isPartOf\":{\"@id\":\"https:\/\/peoplesphere.be\/fr\/#website\"},\"datePublished\":\"2020-03-12T15:28:51+00:00\",\"dateModified\":\"2020-03-12T15:28:51+00:00\",\"breadcrumb\":{\"@id\":\"https:\/\/peoplesphere.be\/fr\/rapport-conseil-central-de-leconomie-front-commun-syndical-constate-handicap-salarial-de-belgique-nexiste\/#breadcrumb\"},\"inLanguage\":\"fr-FR\",\"potentialAction\":[{\"@type\":\"ReadAction\",\"target\":[\"https:\/\/peoplesphere.be\/fr\/rapport-conseil-central-de-leconomie-front-commun-syndical-constate-handicap-salarial-de-belgique-nexiste\/\"]}]},{\"@type\":\"BreadcrumbList\",\"@id\":\"https:\/\/peoplesphere.be\/fr\/rapport-conseil-central-de-leconomie-front-commun-syndical-constate-handicap-salarial-de-belgique-nexiste\/#breadcrumb\",\"itemListElement\":[{\"@type\":\"ListItem\",\"position\":1,\"name\":\"Accueil\",\"item\":\"https:\/\/peoplesphere.be\/fr\/\"},{\"@type\":\"ListItem\",\"position\":2,\"name\":\"Rapport du Conseil central de l&rsquo;\u00e9conomie: le front commun syndical constate que le &lsquo;handicap salarial&rsquo; de la Belgique n&rsquo;existe pas.\"}]},{\"@type\":\"WebSite\",\"@id\":\"https:\/\/peoplesphere.be\/fr\/#website\",\"url\":\"https:\/\/peoplesphere.be\/fr\/\",\"name\":\"Peoplesphere\",\"description\":\"The People Managers Magazine\",\"publisher\":{\"@id\":\"https:\/\/peoplesphere.be\/fr\/#organization\"},\"potentialAction\":[{\"@type\":\"SearchAction\",\"target\":{\"@type\":\"EntryPoint\",\"urlTemplate\":\"https:\/\/peoplesphere.be\/fr\/?s={search_term_string}\"},\"query-input\":\"required name=search_term_string\"}],\"inLanguage\":\"fr-FR\"},{\"@type\":\"Organization\",\"@id\":\"https:\/\/peoplesphere.be\/fr\/#organization\",\"name\":\"Peoplesphere Company srl\",\"url\":\"https:\/\/peoplesphere.be\/fr\/\",\"logo\":{\"@type\":\"ImageObject\",\"inLanguage\":\"fr-FR\",\"@id\":\"https:\/\/peoplesphere.be\/fr\/#\/schema\/logo\/image\/\",\"url\":\"https:\/\/peoplesphere.be\/fr\/wp-content\/uploads\/2023\/07\/peoplesphere-lgo-new-generik.jpg\",\"contentUrl\":\"https:\/\/peoplesphere.be\/fr\/wp-content\/uploads\/2023\/07\/peoplesphere-lgo-new-generik.jpg\",\"width\":1031,\"height\":1479,\"caption\":\"Peoplesphere Company srl\"},\"image\":{\"@id\":\"https:\/\/peoplesphere.be\/fr\/#\/schema\/logo\/image\/\"},\"sameAs\":[\"https:\/\/www.facebook.com\/peoplesphere\",\"https:\/\/twitter.com\/PeoplesphereMag\",\"https:\/\/www.linkedin.com\/company\/7587361?trk\",\"http:\/\/youtube.com\/peoplesphere\"]},{\"@type\":\"Person\",\"@id\":\"https:\/\/peoplesphere.be\/fr\/#\/schema\/person\/7976225ff17988604334abb7b3536a7e\",\"name\":\"Jean-Paul Erhard\",\"image\":{\"@type\":\"ImageObject\",\"inLanguage\":\"fr-FR\",\"@id\":\"https:\/\/peoplesphere.be\/fr\/#\/schema\/person\/image\/\",\"url\":\"https:\/\/secure.gravatar.com\/avatar\/f941e681460179738071629a51574930?s=96&d=mm&r=g\",\"contentUrl\":\"https:\/\/secure.gravatar.com\/avatar\/f941e681460179738071629a51574930?s=96&d=mm&r=g\",\"caption\":\"Jean-Paul Erhard\"},\"url\":\"https:\/\/peoplesphere.be\/fr\/author\/jpe\/\"}]}<\/script>\n<!-- \/ Yoast SEO plugin. -->","yoast_head_json":{"title":"Rapport du Conseil central de l'\u00e9conomie: le front commun syndical constate que le 'handicap salarial' de la Belgique n'existe pas. - Peoplesphere","robots":{"index":"index","follow":"follow","max-snippet":"max-snippet:-1","max-image-preview":"max-image-preview:large","max-video-preview":"max-video-preview:-1"},"canonical":"https:\/\/peoplesphere.be\/fr\/rapport-conseil-central-de-leconomie-front-commun-syndical-constate-handicap-salarial-de-belgique-nexiste\/","og_locale":"fr_FR","og_type":"article","og_title":"Rapport du Conseil central de l'\u00e9conomie: le front commun syndical constate que le 'handicap salarial' de la Belgique n'existe pas. - Peoplesphere","og_description":"Le Conseil central de l\u2019\u00e9conomie vient de publier son rapport interm\u00e9diaire sur les co\u00fbts salariaux. Pour la CSC, FGTB et CGSLB, en front commun, plusieurs constats s\u2019imposent.\u00a0Les nouveaux chiffres montrent clairement que la marge salariale \u00e9tablie selon la loi r\u00e9vis\u00e9e [&hellip;]","og_url":"https:\/\/peoplesphere.be\/fr\/rapport-conseil-central-de-leconomie-front-commun-syndical-constate-handicap-salarial-de-belgique-nexiste\/","og_site_name":"Peoplesphere","article_publisher":"https:\/\/www.facebook.com\/peoplesphere","article_published_time":"2020-03-12T15:28:51+00:00","og_image":[{"url":"http:\/\/www.peoplesphere.be\/fr\/wp-content\/uploads\/2016\/07\/facebook-default-posting-1200x628px.jpg"}],"author":"Jean-Paul Erhard","twitter_card":"summary_large_image","twitter_creator":"@PeoplesphereMag","twitter_site":"@PeoplesphereMag","twitter_misc":{"\u00c9crit par":"Jean-Paul Erhard","Dur\u00e9e de lecture estim\u00e9e":"2 minutes"},"schema":{"@context":"https:\/\/schema.org","@graph":[{"@type":"Article","@id":"https:\/\/peoplesphere.be\/fr\/rapport-conseil-central-de-leconomie-front-commun-syndical-constate-handicap-salarial-de-belgique-nexiste\/#article","isPartOf":{"@id":"https:\/\/peoplesphere.be\/fr\/rapport-conseil-central-de-leconomie-front-commun-syndical-constate-handicap-salarial-de-belgique-nexiste\/"},"author":{"name":"Jean-Paul Erhard","@id":"https:\/\/peoplesphere.be\/fr\/#\/schema\/person\/7976225ff17988604334abb7b3536a7e"},"headline":"Rapport du Conseil central de l&rsquo;\u00e9conomie: le front commun syndical constate que le &lsquo;handicap salarial&rsquo; de la Belgique n&rsquo;existe pas.","datePublished":"2020-03-12T15:28:51+00:00","dateModified":"2020-03-12T15:28:51+00:00","mainEntityOfPage":{"@id":"https:\/\/peoplesphere.be\/fr\/rapport-conseil-central-de-leconomie-front-commun-syndical-constate-handicap-salarial-de-belgique-nexiste\/"},"wordCount":381,"publisher":{"@id":"https:\/\/peoplesphere.be\/fr\/#organization"},"keywords":["concertation sociale","conseil central de l'\u00e9conomie","handicap salarial","marge salariale","syndicats"],"articleSection":["Actualit\u00e9s","Digital"],"inLanguage":"fr-FR"},{"@type":"WebPage","@id":"https:\/\/peoplesphere.be\/fr\/rapport-conseil-central-de-leconomie-front-commun-syndical-constate-handicap-salarial-de-belgique-nexiste\/","url":"https:\/\/peoplesphere.be\/fr\/rapport-conseil-central-de-leconomie-front-commun-syndical-constate-handicap-salarial-de-belgique-nexiste\/","name":"Rapport du Conseil central de l'\u00e9conomie: le front commun syndical constate que le 'handicap salarial' de la Belgique n'existe pas. - Peoplesphere","isPartOf":{"@id":"https:\/\/peoplesphere.be\/fr\/#website"},"datePublished":"2020-03-12T15:28:51+00:00","dateModified":"2020-03-12T15:28:51+00:00","breadcrumb":{"@id":"https:\/\/peoplesphere.be\/fr\/rapport-conseil-central-de-leconomie-front-commun-syndical-constate-handicap-salarial-de-belgique-nexiste\/#breadcrumb"},"inLanguage":"fr-FR","potentialAction":[{"@type":"ReadAction","target":["https:\/\/peoplesphere.be\/fr\/rapport-conseil-central-de-leconomie-front-commun-syndical-constate-handicap-salarial-de-belgique-nexiste\/"]}]},{"@type":"BreadcrumbList","@id":"https:\/\/peoplesphere.be\/fr\/rapport-conseil-central-de-leconomie-front-commun-syndical-constate-handicap-salarial-de-belgique-nexiste\/#breadcrumb","itemListElement":[{"@type":"ListItem","position":1,"name":"Accueil","item":"https:\/\/peoplesphere.be\/fr\/"},{"@type":"ListItem","position":2,"name":"Rapport du Conseil central de l&rsquo;\u00e9conomie: le front commun syndical constate que le &lsquo;handicap salarial&rsquo; de la Belgique n&rsquo;existe pas."}]},{"@type":"WebSite","@id":"https:\/\/peoplesphere.be\/fr\/#website","url":"https:\/\/peoplesphere.be\/fr\/","name":"Peoplesphere","description":"The People Managers Magazine","publisher":{"@id":"https:\/\/peoplesphere.be\/fr\/#organization"},"potentialAction":[{"@type":"SearchAction","target":{"@type":"EntryPoint","urlTemplate":"https:\/\/peoplesphere.be\/fr\/?s={search_term_string}"},"query-input":"required name=search_term_string"}],"inLanguage":"fr-FR"},{"@type":"Organization","@id":"https:\/\/peoplesphere.be\/fr\/#organization","name":"Peoplesphere Company srl","url":"https:\/\/peoplesphere.be\/fr\/","logo":{"@type":"ImageObject","inLanguage":"fr-FR","@id":"https:\/\/peoplesphere.be\/fr\/#\/schema\/logo\/image\/","url":"https:\/\/peoplesphere.be\/fr\/wp-content\/uploads\/2023\/07\/peoplesphere-lgo-new-generik.jpg","contentUrl":"https:\/\/peoplesphere.be\/fr\/wp-content\/uploads\/2023\/07\/peoplesphere-lgo-new-generik.jpg","width":1031,"height":1479,"caption":"Peoplesphere Company srl"},"image":{"@id":"https:\/\/peoplesphere.be\/fr\/#\/schema\/logo\/image\/"},"sameAs":["https:\/\/www.facebook.com\/peoplesphere","https:\/\/twitter.com\/PeoplesphereMag","https:\/\/www.linkedin.com\/company\/7587361?trk","http:\/\/youtube.com\/peoplesphere"]},{"@type":"Person","@id":"https:\/\/peoplesphere.be\/fr\/#\/schema\/person\/7976225ff17988604334abb7b3536a7e","name":"Jean-Paul Erhard","image":{"@type":"ImageObject","inLanguage":"fr-FR","@id":"https:\/\/peoplesphere.be\/fr\/#\/schema\/person\/image\/","url":"https:\/\/secure.gravatar.com\/avatar\/f941e681460179738071629a51574930?s=96&d=mm&r=g","contentUrl":"https:\/\/secure.gravatar.com\/avatar\/f941e681460179738071629a51574930?s=96&d=mm&r=g","caption":"Jean-Paul Erhard"},"url":"https:\/\/peoplesphere.be\/fr\/author\/jpe\/"}]}},"_links":{"self":[{"href":"https:\/\/peoplesphere.be\/fr\/wp-json\/wp\/v2\/posts\/9224"}],"collection":[{"href":"https:\/\/peoplesphere.be\/fr\/wp-json\/wp\/v2\/posts"}],"about":[{"href":"https:\/\/peoplesphere.be\/fr\/wp-json\/wp\/v2\/types\/post"}],"author":[{"embeddable":true,"href":"https:\/\/peoplesphere.be\/fr\/wp-json\/wp\/v2\/users\/2"}],"replies":[{"embeddable":true,"href":"https:\/\/peoplesphere.be\/fr\/wp-json\/wp\/v2\/comments?post=9224"}],"version-history":[{"count":1,"href":"https:\/\/peoplesphere.be\/fr\/wp-json\/wp\/v2\/posts\/9224\/revisions"}],"predecessor-version":[{"id":9225,"href":"https:\/\/peoplesphere.be\/fr\/wp-json\/wp\/v2\/posts\/9224\/revisions\/9225"}],"wp:attachment":[{"href":"https:\/\/peoplesphere.be\/fr\/wp-json\/wp\/v2\/media?parent=9224"}],"wp:term":[{"taxonomy":"category","embeddable":true,"href":"https:\/\/peoplesphere.be\/fr\/wp-json\/wp\/v2\/categories?post=9224"},{"taxonomy":"post_tag","embeddable":true,"href":"https:\/\/peoplesphere.be\/fr\/wp-json\/wp\/v2\/tags?post=9224"}],"curies":[{"name":"wp","href":"https:\/\/api.w.org\/{rel}","templated":true}]}}