









{"id":9226,"date":"2020-03-13T06:24:53","date_gmt":"2020-03-13T04:24:53","guid":{"rendered":"https:\/\/peoplesphere.be\/fr\/?p=9226"},"modified":"2020-03-13T06:24:53","modified_gmt":"2020-03-13T04:24:53","slug":"phase-2-renforcee-lutter-contre-propagation-coronavirus-nouvelles-mesures-gouvernement","status":"publish","type":"post","link":"https:\/\/peoplesphere.be\/fr\/phase-2-renforcee-lutter-contre-propagation-coronavirus-nouvelles-mesures-gouvernement\/","title":{"rendered":"Phase 2 renforc\u00e9e pour lutter contre la propagation du coronavirus : les nouvelles mesures du gouvernement."},"content":{"rendered":"<p>De l&rsquo;\u00e9pid\u00e9mie \u00e0 la pand\u00e9mie et avec plusieurs pays europ\u00e9ens s&rsquo;engageant dans diverses restrictions, le gouvernement belge devait donner une r\u00e9ponse claire dans la foul\u00e9e de la r\u00e9union du Conseil national de s\u00e9curit\u00e9 qui se r\u00e9unissait ce jeudi en soir\u00e9e. Voici les mesures d\u00e9cid\u00e9es par l&rsquo;ex\u00e9cutif et qui seront d&rsquo;application dans la nuit de ce vendredi 13 mars (!).<!--more--><\/p>\n<p>La Premi\u00e8re ministre Sophie Wilm\u00e8s a commenc\u00e9 par exprimer le soutien du gouvernement aux familles des victimes du coronavirus mais aussi leur gratitude au personnel m\u00e9dical. Sophie Wilm\u00e8s a rappel\u00e9 ensuite que le bilan actuel s\u2019\u00e9l\u00e8ve \u00e0 369 cas.<\/p>\n<p><em>\u00ab\u00a0Nous sommes pass\u00e9s en phase f\u00e9d\u00e9rale\u00a0\u00bb<\/em> annonce la Premi\u00e8re ministre mais pr\u00e9cise que ce n&rsquo;est pas un \u00ab\u00a0lockdown\u00a0\u00bb. <em>\u00ab\u00a0On reste en phase 2\u00a0\u00bb, une phase qui permet de \u00ab\u00a0contenir la dispersion et la multiplication du virus\u00a0\u00bb.<\/em><\/p>\n<p><strong><em>Les mesures annonc\u00e9es sont les suivantes :<\/em><\/strong><\/p>\n<p>&#8211; Toutes les activit\u00e9s r\u00e9cr\u00e9atives, culturelles, folkloriques priv\u00e9es ou publiques sont annul\u00e9es, peu importe leur taille.<br \/>\n&#8211; Discoth\u00e8ques, caf\u00e9s et restaurants doivent \u00eatre ferm\u00e9s.<br \/>\n&#8211; Les magasins comme les supermarch\u00e9s, les pharmacies ou les magasins d&rsquo;alimentation seront ouverts la semaine et le week-end. Les autres magasins seront ouverts la semaine et ferm\u00e9s le week-end.<br \/>\n&#8211; En ce qui concerne les \u00e9coles, les cours sont suspendus. Mais la mise en place d&rsquo;un service d&rsquo;accueil devra \u00eatre organis\u00e9 pour les enfants dont les parents travaillent, par exemple dans le domaine des soins de sant\u00e9, et pour les enfants dont il n&rsquo;est pas possible d&rsquo;organiser une garde autre que les grands-parents.<br \/>\n&#8211; Les cr\u00e8ches restent ouvertes.<\/p>\n<p><em>Source : RTBF<\/em><\/p>\n","protected":false},"excerpt":{"rendered":"<p>De l&rsquo;\u00e9pid\u00e9mie \u00e0 la pand\u00e9mie et avec plusieurs pays europ\u00e9ens s&rsquo;engageant dans diverses restrictions, le gouvernement belge devait donner une r\u00e9ponse claire dans la foul\u00e9e de la r\u00e9union du Conseil national de s\u00e9curit\u00e9 qui se r\u00e9unissait ce jeudi en soir\u00e9e. [&hellip;]<\/p>\n","protected":false},"author":2,"featured_media":0,"comment_status":"closed","ping_status":"open","sticky":false,"template":"","format":"standard","meta":[],"categories":[65,10],"tags":[2964,2947,42,17],"yoast_head":"<!-- This site is optimized with the Yoast SEO plugin v21.0 - https:\/\/yoast.com\/wordpress\/plugins\/seo\/ -->\n<title>Phase 2 renforc\u00e9e pour lutter contre la propagation du coronavirus : les nouvelles mesures du gouvernement. - Peoplesphere<\/title>\n<meta name=\"robots\" content=\"index, follow, max-snippet:-1, max-image-preview:large, max-video-preview:-1\" \/>\n<link rel=\"canonical\" href=\"https:\/\/peoplesphere.be\/fr\/phase-2-renforcee-lutter-contre-propagation-coronavirus-nouvelles-mesures-gouvernement\/\" \/>\n<meta property=\"og:locale\" content=\"fr_FR\" \/>\n<meta property=\"og:type\" content=\"article\" \/>\n<meta property=\"og:title\" content=\"Phase 2 renforc\u00e9e pour lutter contre la propagation du coronavirus : les nouvelles mesures du gouvernement. - Peoplesphere\" \/>\n<meta property=\"og:description\" content=\"De l&rsquo;\u00e9pid\u00e9mie \u00e0 la pand\u00e9mie et avec plusieurs pays europ\u00e9ens s&rsquo;engageant dans diverses restrictions, le gouvernement belge devait donner une r\u00e9ponse claire dans la foul\u00e9e de la r\u00e9union du Conseil national de s\u00e9curit\u00e9 qui se r\u00e9unissait ce jeudi en soir\u00e9e. [&hellip;]\" \/>\n<meta property=\"og:url\" content=\"https:\/\/peoplesphere.be\/fr\/phase-2-renforcee-lutter-contre-propagation-coronavirus-nouvelles-mesures-gouvernement\/\" \/>\n<meta property=\"og:site_name\" content=\"Peoplesphere\" \/>\n<meta property=\"article:publisher\" content=\"https:\/\/www.facebook.com\/peoplesphere\" \/>\n<meta property=\"article:published_time\" content=\"2020-03-13T04:24:53+00:00\" \/>\n<meta property=\"og:image\" content=\"http:\/\/www.peoplesphere.be\/fr\/wp-content\/uploads\/2016\/07\/facebook-default-posting-1200x628px.jpg\" \/>\n<meta name=\"author\" content=\"Jean-Paul Erhard\" \/>\n<meta name=\"twitter:card\" content=\"summary_large_image\" \/>\n<meta name=\"twitter:creator\" content=\"@PeoplesphereMag\" \/>\n<meta name=\"twitter:site\" content=\"@PeoplesphereMag\" \/>\n<meta name=\"twitter:label1\" content=\"\u00c9crit par\" \/>\n\t<meta name=\"twitter:data1\" content=\"Jean-Paul Erhard\" \/>\n\t<meta name=\"twitter:label2\" content=\"Dur\u00e9e de lecture estim\u00e9e\" \/>\n\t<meta name=\"twitter:data2\" content=\"1 minute\" \/>\n<script type=\"application\/ld+json\" class=\"yoast-schema-graph\">{\"@context\":\"https:\/\/schema.org\",\"@graph\":[{\"@type\":\"Article\",\"@id\":\"https:\/\/peoplesphere.be\/fr\/phase-2-renforcee-lutter-contre-propagation-coronavirus-nouvelles-mesures-gouvernement\/#article\",\"isPartOf\":{\"@id\":\"https:\/\/peoplesphere.be\/fr\/phase-2-renforcee-lutter-contre-propagation-coronavirus-nouvelles-mesures-gouvernement\/\"},\"author\":{\"name\":\"Jean-Paul Erhard\",\"@id\":\"https:\/\/peoplesphere.be\/fr\/#\/schema\/person\/7976225ff17988604334abb7b3536a7e\"},\"headline\":\"Phase 2 renforc\u00e9e pour lutter contre la propagation du coronavirus : les nouvelles mesures du gouvernement.\",\"datePublished\":\"2020-03-13T04:24:53+00:00\",\"dateModified\":\"2020-03-13T04:24:53+00:00\",\"mainEntityOfPage\":{\"@id\":\"https:\/\/peoplesphere.be\/fr\/phase-2-renforcee-lutter-contre-propagation-coronavirus-nouvelles-mesures-gouvernement\/\"},\"wordCount\":300,\"publisher\":{\"@id\":\"https:\/\/peoplesphere.be\/fr\/#organization\"},\"keywords\":[\"conseil national de s\u00e9curit\u00e9\",\"coronavirus\",\"Pr\u00e9vention\",\"Sant\u00e9\"],\"articleSection\":[\"Actualit\u00e9s\",\"Digital\"],\"inLanguage\":\"fr-FR\"},{\"@type\":\"WebPage\",\"@id\":\"https:\/\/peoplesphere.be\/fr\/phase-2-renforcee-lutter-contre-propagation-coronavirus-nouvelles-mesures-gouvernement\/\",\"url\":\"https:\/\/peoplesphere.be\/fr\/phase-2-renforcee-lutter-contre-propagation-coronavirus-nouvelles-mesures-gouvernement\/\",\"name\":\"Phase 2 renforc\u00e9e pour lutter contre la propagation du coronavirus : les nouvelles mesures du gouvernement. - Peoplesphere\",\"isPartOf\":{\"@id\":\"https:\/\/peoplesphere.be\/fr\/#website\"},\"datePublished\":\"2020-03-13T04:24:53+00:00\",\"dateModified\":\"2020-03-13T04:24:53+00:00\",\"breadcrumb\":{\"@id\":\"https:\/\/peoplesphere.be\/fr\/phase-2-renforcee-lutter-contre-propagation-coronavirus-nouvelles-mesures-gouvernement\/#breadcrumb\"},\"inLanguage\":\"fr-FR\",\"potentialAction\":[{\"@type\":\"ReadAction\",\"target\":[\"https:\/\/peoplesphere.be\/fr\/phase-2-renforcee-lutter-contre-propagation-coronavirus-nouvelles-mesures-gouvernement\/\"]}]},{\"@type\":\"BreadcrumbList\",\"@id\":\"https:\/\/peoplesphere.be\/fr\/phase-2-renforcee-lutter-contre-propagation-coronavirus-nouvelles-mesures-gouvernement\/#breadcrumb\",\"itemListElement\":[{\"@type\":\"ListItem\",\"position\":1,\"name\":\"Accueil\",\"item\":\"https:\/\/peoplesphere.be\/fr\/\"},{\"@type\":\"ListItem\",\"position\":2,\"name\":\"Phase 2 renforc\u00e9e pour lutter contre la propagation du coronavirus : les nouvelles mesures du gouvernement.\"}]},{\"@type\":\"WebSite\",\"@id\":\"https:\/\/peoplesphere.be\/fr\/#website\",\"url\":\"https:\/\/peoplesphere.be\/fr\/\",\"name\":\"Peoplesphere\",\"description\":\"The People Managers Magazine\",\"publisher\":{\"@id\":\"https:\/\/peoplesphere.be\/fr\/#organization\"},\"potentialAction\":[{\"@type\":\"SearchAction\",\"target\":{\"@type\":\"EntryPoint\",\"urlTemplate\":\"https:\/\/peoplesphere.be\/fr\/?s={search_term_string}\"},\"query-input\":\"required name=search_term_string\"}],\"inLanguage\":\"fr-FR\"},{\"@type\":\"Organization\",\"@id\":\"https:\/\/peoplesphere.be\/fr\/#organization\",\"name\":\"Peoplesphere Company srl\",\"url\":\"https:\/\/peoplesphere.be\/fr\/\",\"logo\":{\"@type\":\"ImageObject\",\"inLanguage\":\"fr-FR\",\"@id\":\"https:\/\/peoplesphere.be\/fr\/#\/schema\/logo\/image\/\",\"url\":\"https:\/\/peoplesphere.be\/fr\/wp-content\/uploads\/2023\/07\/peoplesphere-lgo-new-generik.jpg\",\"contentUrl\":\"https:\/\/peoplesphere.be\/fr\/wp-content\/uploads\/2023\/07\/peoplesphere-lgo-new-generik.jpg\",\"width\":1031,\"height\":1479,\"caption\":\"Peoplesphere Company srl\"},\"image\":{\"@id\":\"https:\/\/peoplesphere.be\/fr\/#\/schema\/logo\/image\/\"},\"sameAs\":[\"https:\/\/www.facebook.com\/peoplesphere\",\"https:\/\/twitter.com\/PeoplesphereMag\",\"https:\/\/www.linkedin.com\/company\/7587361?trk\",\"http:\/\/youtube.com\/peoplesphere\"]},{\"@type\":\"Person\",\"@id\":\"https:\/\/peoplesphere.be\/fr\/#\/schema\/person\/7976225ff17988604334abb7b3536a7e\",\"name\":\"Jean-Paul Erhard\",\"image\":{\"@type\":\"ImageObject\",\"inLanguage\":\"fr-FR\",\"@id\":\"https:\/\/peoplesphere.be\/fr\/#\/schema\/person\/image\/\",\"url\":\"https:\/\/secure.gravatar.com\/avatar\/f941e681460179738071629a51574930?s=96&d=mm&r=g\",\"contentUrl\":\"https:\/\/secure.gravatar.com\/avatar\/f941e681460179738071629a51574930?s=96&d=mm&r=g\",\"caption\":\"Jean-Paul Erhard\"},\"url\":\"https:\/\/peoplesphere.be\/fr\/author\/jpe\/\"}]}<\/script>\n<!-- \/ Yoast SEO plugin. -->","yoast_head_json":{"title":"Phase 2 renforc\u00e9e pour lutter contre la propagation du coronavirus : les nouvelles mesures du gouvernement. - Peoplesphere","robots":{"index":"index","follow":"follow","max-snippet":"max-snippet:-1","max-image-preview":"max-image-preview:large","max-video-preview":"max-video-preview:-1"},"canonical":"https:\/\/peoplesphere.be\/fr\/phase-2-renforcee-lutter-contre-propagation-coronavirus-nouvelles-mesures-gouvernement\/","og_locale":"fr_FR","og_type":"article","og_title":"Phase 2 renforc\u00e9e pour lutter contre la propagation du coronavirus : les nouvelles mesures du gouvernement. - Peoplesphere","og_description":"De l&rsquo;\u00e9pid\u00e9mie \u00e0 la pand\u00e9mie et avec plusieurs pays europ\u00e9ens s&rsquo;engageant dans diverses restrictions, le gouvernement belge devait donner une r\u00e9ponse claire dans la foul\u00e9e de la r\u00e9union du Conseil national de s\u00e9curit\u00e9 qui se r\u00e9unissait ce jeudi en soir\u00e9e. [&hellip;]","og_url":"https:\/\/peoplesphere.be\/fr\/phase-2-renforcee-lutter-contre-propagation-coronavirus-nouvelles-mesures-gouvernement\/","og_site_name":"Peoplesphere","article_publisher":"https:\/\/www.facebook.com\/peoplesphere","article_published_time":"2020-03-13T04:24:53+00:00","og_image":[{"url":"http:\/\/www.peoplesphere.be\/fr\/wp-content\/uploads\/2016\/07\/facebook-default-posting-1200x628px.jpg"}],"author":"Jean-Paul Erhard","twitter_card":"summary_large_image","twitter_creator":"@PeoplesphereMag","twitter_site":"@PeoplesphereMag","twitter_misc":{"\u00c9crit par":"Jean-Paul Erhard","Dur\u00e9e de lecture estim\u00e9e":"1 minute"},"schema":{"@context":"https:\/\/schema.org","@graph":[{"@type":"Article","@id":"https:\/\/peoplesphere.be\/fr\/phase-2-renforcee-lutter-contre-propagation-coronavirus-nouvelles-mesures-gouvernement\/#article","isPartOf":{"@id":"https:\/\/peoplesphere.be\/fr\/phase-2-renforcee-lutter-contre-propagation-coronavirus-nouvelles-mesures-gouvernement\/"},"author":{"name":"Jean-Paul Erhard","@id":"https:\/\/peoplesphere.be\/fr\/#\/schema\/person\/7976225ff17988604334abb7b3536a7e"},"headline":"Phase 2 renforc\u00e9e pour lutter contre la propagation du coronavirus : les nouvelles mesures du gouvernement.","datePublished":"2020-03-13T04:24:53+00:00","dateModified":"2020-03-13T04:24:53+00:00","mainEntityOfPage":{"@id":"https:\/\/peoplesphere.be\/fr\/phase-2-renforcee-lutter-contre-propagation-coronavirus-nouvelles-mesures-gouvernement\/"},"wordCount":300,"publisher":{"@id":"https:\/\/peoplesphere.be\/fr\/#organization"},"keywords":["conseil national de s\u00e9curit\u00e9","coronavirus","Pr\u00e9vention","Sant\u00e9"],"articleSection":["Actualit\u00e9s","Digital"],"inLanguage":"fr-FR"},{"@type":"WebPage","@id":"https:\/\/peoplesphere.be\/fr\/phase-2-renforcee-lutter-contre-propagation-coronavirus-nouvelles-mesures-gouvernement\/","url":"https:\/\/peoplesphere.be\/fr\/phase-2-renforcee-lutter-contre-propagation-coronavirus-nouvelles-mesures-gouvernement\/","name":"Phase 2 renforc\u00e9e pour lutter contre la propagation du coronavirus : les nouvelles mesures du gouvernement. - Peoplesphere","isPartOf":{"@id":"https:\/\/peoplesphere.be\/fr\/#website"},"datePublished":"2020-03-13T04:24:53+00:00","dateModified":"2020-03-13T04:24:53+00:00","breadcrumb":{"@id":"https:\/\/peoplesphere.be\/fr\/phase-2-renforcee-lutter-contre-propagation-coronavirus-nouvelles-mesures-gouvernement\/#breadcrumb"},"inLanguage":"fr-FR","potentialAction":[{"@type":"ReadAction","target":["https:\/\/peoplesphere.be\/fr\/phase-2-renforcee-lutter-contre-propagation-coronavirus-nouvelles-mesures-gouvernement\/"]}]},{"@type":"BreadcrumbList","@id":"https:\/\/peoplesphere.be\/fr\/phase-2-renforcee-lutter-contre-propagation-coronavirus-nouvelles-mesures-gouvernement\/#breadcrumb","itemListElement":[{"@type":"ListItem","position":1,"name":"Accueil","item":"https:\/\/peoplesphere.be\/fr\/"},{"@type":"ListItem","position":2,"name":"Phase 2 renforc\u00e9e pour lutter contre la propagation du coronavirus : les nouvelles mesures du gouvernement."}]},{"@type":"WebSite","@id":"https:\/\/peoplesphere.be\/fr\/#website","url":"https:\/\/peoplesphere.be\/fr\/","name":"Peoplesphere","description":"The People Managers Magazine","publisher":{"@id":"https:\/\/peoplesphere.be\/fr\/#organization"},"potentialAction":[{"@type":"SearchAction","target":{"@type":"EntryPoint","urlTemplate":"https:\/\/peoplesphere.be\/fr\/?s={search_term_string}"},"query-input":"required name=search_term_string"}],"inLanguage":"fr-FR"},{"@type":"Organization","@id":"https:\/\/peoplesphere.be\/fr\/#organization","name":"Peoplesphere Company srl","url":"https:\/\/peoplesphere.be\/fr\/","logo":{"@type":"ImageObject","inLanguage":"fr-FR","@id":"https:\/\/peoplesphere.be\/fr\/#\/schema\/logo\/image\/","url":"https:\/\/peoplesphere.be\/fr\/wp-content\/uploads\/2023\/07\/peoplesphere-lgo-new-generik.jpg","contentUrl":"https:\/\/peoplesphere.be\/fr\/wp-content\/uploads\/2023\/07\/peoplesphere-lgo-new-generik.jpg","width":1031,"height":1479,"caption":"Peoplesphere Company srl"},"image":{"@id":"https:\/\/peoplesphere.be\/fr\/#\/schema\/logo\/image\/"},"sameAs":["https:\/\/www.facebook.com\/peoplesphere","https:\/\/twitter.com\/PeoplesphereMag","https:\/\/www.linkedin.com\/company\/7587361?trk","http:\/\/youtube.com\/peoplesphere"]},{"@type":"Person","@id":"https:\/\/peoplesphere.be\/fr\/#\/schema\/person\/7976225ff17988604334abb7b3536a7e","name":"Jean-Paul Erhard","image":{"@type":"ImageObject","inLanguage":"fr-FR","@id":"https:\/\/peoplesphere.be\/fr\/#\/schema\/person\/image\/","url":"https:\/\/secure.gravatar.com\/avatar\/f941e681460179738071629a51574930?s=96&d=mm&r=g","contentUrl":"https:\/\/secure.gravatar.com\/avatar\/f941e681460179738071629a51574930?s=96&d=mm&r=g","caption":"Jean-Paul Erhard"},"url":"https:\/\/peoplesphere.be\/fr\/author\/jpe\/"}]}},"_links":{"self":[{"href":"https:\/\/peoplesphere.be\/fr\/wp-json\/wp\/v2\/posts\/9226"}],"collection":[{"href":"https:\/\/peoplesphere.be\/fr\/wp-json\/wp\/v2\/posts"}],"about":[{"href":"https:\/\/peoplesphere.be\/fr\/wp-json\/wp\/v2\/types\/post"}],"author":[{"embeddable":true,"href":"https:\/\/peoplesphere.be\/fr\/wp-json\/wp\/v2\/users\/2"}],"replies":[{"embeddable":true,"href":"https:\/\/peoplesphere.be\/fr\/wp-json\/wp\/v2\/comments?post=9226"}],"version-history":[{"count":1,"href":"https:\/\/peoplesphere.be\/fr\/wp-json\/wp\/v2\/posts\/9226\/revisions"}],"predecessor-version":[{"id":9227,"href":"https:\/\/peoplesphere.be\/fr\/wp-json\/wp\/v2\/posts\/9226\/revisions\/9227"}],"wp:attachment":[{"href":"https:\/\/peoplesphere.be\/fr\/wp-json\/wp\/v2\/media?parent=9226"}],"wp:term":[{"taxonomy":"category","embeddable":true,"href":"https:\/\/peoplesphere.be\/fr\/wp-json\/wp\/v2\/categories?post=9226"},{"taxonomy":"post_tag","embeddable":true,"href":"https:\/\/peoplesphere.be\/fr\/wp-json\/wp\/v2\/tags?post=9226"}],"curies":[{"name":"wp","href":"https:\/\/api.w.org\/{rel}","templated":true}]}}