









{"id":9244,"date":"2020-03-17T12:06:21","date_gmt":"2020-03-17T10:06:21","guid":{"rendered":"https:\/\/peoplesphere.be\/fr\/?p=9244"},"modified":"2020-03-17T12:06:21","modified_gmt":"2020-03-17T10:06:21","slug":"elections-sociales-reportees-a-date-ulterieure","status":"publish","type":"post","link":"https:\/\/peoplesphere.be\/fr\/elections-sociales-reportees-a-date-ulterieure\/","title":{"rendered":"Les \u00e9lections sociales sont report\u00e9es \u00e0 une date ult\u00e9rieure."},"content":{"rendered":"<p>De Tijd annon\u00e7ait le report mardi sur son site internet, et la d\u00e9cision a \u00e9t\u00e9 confirm\u00e9e par la FEB. Un \u00ab\u00a0consensus informel\u00a0\u00bb a \u00e9t\u00e9 atteint lundi au sein du Groupe des Dix, explique le porte-parole de la FEB: les \u00e9lections sociales, qui devaient avoir lieu en mai prochain, sont report\u00e9es \u00e0 une date ult\u00e9rieure, et ce en raison de l&rsquo;\u00e9pid\u00e9mie de coronavirus, a confirm\u00e9 mardi la F\u00e9d\u00e9ration des entreprises de Belgique (FEB). Les d\u00e9tails pratiques doivent encore \u00eatre d\u00e9termin\u00e9s.<!--more--><\/p>\n<p>Le Groupe des Dix discutera ce mardi apr\u00e8s-midi des d\u00e9tails pratiques et des arrangements juridiques pour le report. Selon le quotidien flamand, les \u00e9lections sociales devraient avoir lieu durant l&rsquo;\u00e9t\u00e9.<\/p>\n<p>Les \u00e9lections sociales concernent 10.700 entreprises et pr\u00e8s de 1,8 millions d&#8217;employ\u00e9s, selon le tirage au sort des listes \u00e9tablies en d\u00e9cembre. Elles devaient se tenir du 11 au 24 mai, et d\u00e9signer, pour une dur\u00e9e de quatre ans, les repr\u00e9sentants des travailleurs au sein des conseils d&rsquo;entreprise &#8211; pour celles de plus de 100 travailleurs &#8211; et des comit\u00e9s pour la pr\u00e9vention et la protection du travail (CPPT) &#8211; pour celles d&rsquo;au moins 50 travailleurs.<\/p>\n<p><em>Source: RTBF &#8211; FEB<\/em><\/p>\n","protected":false},"excerpt":{"rendered":"<p>De Tijd annon\u00e7ait le report mardi sur son site internet, et la d\u00e9cision a \u00e9t\u00e9 confirm\u00e9e par la FEB. Un \u00ab\u00a0consensus informel\u00a0\u00bb a \u00e9t\u00e9 atteint lundi au sein du Groupe des Dix, explique le porte-parole de la FEB: les \u00e9lections [&hellip;]<\/p>\n","protected":false},"author":2,"featured_media":0,"comment_status":"closed","ping_status":"open","sticky":false,"template":"","format":"standard","meta":[],"categories":[65,10],"tags":[332,275,1207,876,110],"yoast_head":"<!-- This site is optimized with the Yoast SEO plugin v21.0 - https:\/\/yoast.com\/wordpress\/plugins\/seo\/ -->\n<title>Les \u00e9lections sociales sont report\u00e9es \u00e0 une date ult\u00e9rieure. - Peoplesphere<\/title>\n<meta name=\"robots\" content=\"index, follow, max-snippet:-1, max-image-preview:large, max-video-preview:-1\" \/>\n<link rel=\"canonical\" href=\"https:\/\/peoplesphere.be\/fr\/elections-sociales-reportees-a-date-ulterieure\/\" \/>\n<meta property=\"og:locale\" content=\"fr_FR\" \/>\n<meta property=\"og:type\" content=\"article\" \/>\n<meta property=\"og:title\" content=\"Les \u00e9lections sociales sont report\u00e9es \u00e0 une date ult\u00e9rieure. - Peoplesphere\" \/>\n<meta property=\"og:description\" content=\"De Tijd annon\u00e7ait le report mardi sur son site internet, et la d\u00e9cision a \u00e9t\u00e9 confirm\u00e9e par la FEB. Un \u00ab\u00a0consensus informel\u00a0\u00bb a \u00e9t\u00e9 atteint lundi au sein du Groupe des Dix, explique le porte-parole de la FEB: les \u00e9lections [&hellip;]\" \/>\n<meta property=\"og:url\" content=\"https:\/\/peoplesphere.be\/fr\/elections-sociales-reportees-a-date-ulterieure\/\" \/>\n<meta property=\"og:site_name\" content=\"Peoplesphere\" \/>\n<meta property=\"article:publisher\" content=\"https:\/\/www.facebook.com\/peoplesphere\" \/>\n<meta property=\"article:published_time\" content=\"2020-03-17T10:06:21+00:00\" \/>\n<meta property=\"og:image\" content=\"http:\/\/www.peoplesphere.be\/fr\/wp-content\/uploads\/2016\/07\/facebook-default-posting-1200x628px.jpg\" \/>\n<meta name=\"author\" content=\"Jean-Paul Erhard\" \/>\n<meta name=\"twitter:card\" content=\"summary_large_image\" \/>\n<meta name=\"twitter:creator\" content=\"@PeoplesphereMag\" \/>\n<meta name=\"twitter:site\" content=\"@PeoplesphereMag\" \/>\n<meta name=\"twitter:label1\" content=\"\u00c9crit par\" \/>\n\t<meta name=\"twitter:data1\" content=\"Jean-Paul Erhard\" \/>\n\t<meta name=\"twitter:label2\" content=\"Dur\u00e9e de lecture estim\u00e9e\" \/>\n\t<meta name=\"twitter:data2\" content=\"1 minute\" \/>\n<script type=\"application\/ld+json\" class=\"yoast-schema-graph\">{\"@context\":\"https:\/\/schema.org\",\"@graph\":[{\"@type\":\"Article\",\"@id\":\"https:\/\/peoplesphere.be\/fr\/elections-sociales-reportees-a-date-ulterieure\/#article\",\"isPartOf\":{\"@id\":\"https:\/\/peoplesphere.be\/fr\/elections-sociales-reportees-a-date-ulterieure\/\"},\"author\":{\"name\":\"Jean-Paul Erhard\",\"@id\":\"https:\/\/peoplesphere.be\/fr\/#\/schema\/person\/7976225ff17988604334abb7b3536a7e\"},\"headline\":\"Les \u00e9lections sociales sont report\u00e9es \u00e0 une date ult\u00e9rieure.\",\"datePublished\":\"2020-03-17T10:06:21+00:00\",\"dateModified\":\"2020-03-17T10:06:21+00:00\",\"mainEntityOfPage\":{\"@id\":\"https:\/\/peoplesphere.be\/fr\/elections-sociales-reportees-a-date-ulterieure\/\"},\"wordCount\":215,\"publisher\":{\"@id\":\"https:\/\/peoplesphere.be\/fr\/#organization\"},\"keywords\":[\"concertation sociale\",\"\u00e9lections sociales\",\"FEB\",\"groupe des dix\",\"syndicats\"],\"articleSection\":[\"Actualit\u00e9s\",\"Digital\"],\"inLanguage\":\"fr-FR\"},{\"@type\":\"WebPage\",\"@id\":\"https:\/\/peoplesphere.be\/fr\/elections-sociales-reportees-a-date-ulterieure\/\",\"url\":\"https:\/\/peoplesphere.be\/fr\/elections-sociales-reportees-a-date-ulterieure\/\",\"name\":\"Les \u00e9lections sociales sont report\u00e9es \u00e0 une date ult\u00e9rieure. - Peoplesphere\",\"isPartOf\":{\"@id\":\"https:\/\/peoplesphere.be\/fr\/#website\"},\"datePublished\":\"2020-03-17T10:06:21+00:00\",\"dateModified\":\"2020-03-17T10:06:21+00:00\",\"breadcrumb\":{\"@id\":\"https:\/\/peoplesphere.be\/fr\/elections-sociales-reportees-a-date-ulterieure\/#breadcrumb\"},\"inLanguage\":\"fr-FR\",\"potentialAction\":[{\"@type\":\"ReadAction\",\"target\":[\"https:\/\/peoplesphere.be\/fr\/elections-sociales-reportees-a-date-ulterieure\/\"]}]},{\"@type\":\"BreadcrumbList\",\"@id\":\"https:\/\/peoplesphere.be\/fr\/elections-sociales-reportees-a-date-ulterieure\/#breadcrumb\",\"itemListElement\":[{\"@type\":\"ListItem\",\"position\":1,\"name\":\"Accueil\",\"item\":\"https:\/\/peoplesphere.be\/fr\/\"},{\"@type\":\"ListItem\",\"position\":2,\"name\":\"Les \u00e9lections sociales sont report\u00e9es \u00e0 une date ult\u00e9rieure.\"}]},{\"@type\":\"WebSite\",\"@id\":\"https:\/\/peoplesphere.be\/fr\/#website\",\"url\":\"https:\/\/peoplesphere.be\/fr\/\",\"name\":\"Peoplesphere\",\"description\":\"The People Managers Magazine\",\"publisher\":{\"@id\":\"https:\/\/peoplesphere.be\/fr\/#organization\"},\"potentialAction\":[{\"@type\":\"SearchAction\",\"target\":{\"@type\":\"EntryPoint\",\"urlTemplate\":\"https:\/\/peoplesphere.be\/fr\/?s={search_term_string}\"},\"query-input\":\"required name=search_term_string\"}],\"inLanguage\":\"fr-FR\"},{\"@type\":\"Organization\",\"@id\":\"https:\/\/peoplesphere.be\/fr\/#organization\",\"name\":\"Peoplesphere Company srl\",\"url\":\"https:\/\/peoplesphere.be\/fr\/\",\"logo\":{\"@type\":\"ImageObject\",\"inLanguage\":\"fr-FR\",\"@id\":\"https:\/\/peoplesphere.be\/fr\/#\/schema\/logo\/image\/\",\"url\":\"https:\/\/peoplesphere.be\/fr\/wp-content\/uploads\/2023\/07\/peoplesphere-lgo-new-generik.jpg\",\"contentUrl\":\"https:\/\/peoplesphere.be\/fr\/wp-content\/uploads\/2023\/07\/peoplesphere-lgo-new-generik.jpg\",\"width\":1031,\"height\":1479,\"caption\":\"Peoplesphere Company srl\"},\"image\":{\"@id\":\"https:\/\/peoplesphere.be\/fr\/#\/schema\/logo\/image\/\"},\"sameAs\":[\"https:\/\/www.facebook.com\/peoplesphere\",\"https:\/\/twitter.com\/PeoplesphereMag\",\"https:\/\/www.linkedin.com\/company\/7587361?trk\",\"http:\/\/youtube.com\/peoplesphere\"]},{\"@type\":\"Person\",\"@id\":\"https:\/\/peoplesphere.be\/fr\/#\/schema\/person\/7976225ff17988604334abb7b3536a7e\",\"name\":\"Jean-Paul Erhard\",\"image\":{\"@type\":\"ImageObject\",\"inLanguage\":\"fr-FR\",\"@id\":\"https:\/\/peoplesphere.be\/fr\/#\/schema\/person\/image\/\",\"url\":\"https:\/\/secure.gravatar.com\/avatar\/f941e681460179738071629a51574930?s=96&d=mm&r=g\",\"contentUrl\":\"https:\/\/secure.gravatar.com\/avatar\/f941e681460179738071629a51574930?s=96&d=mm&r=g\",\"caption\":\"Jean-Paul Erhard\"},\"url\":\"https:\/\/peoplesphere.be\/fr\/author\/jpe\/\"}]}<\/script>\n<!-- \/ Yoast SEO plugin. -->","yoast_head_json":{"title":"Les \u00e9lections sociales sont report\u00e9es \u00e0 une date ult\u00e9rieure. - Peoplesphere","robots":{"index":"index","follow":"follow","max-snippet":"max-snippet:-1","max-image-preview":"max-image-preview:large","max-video-preview":"max-video-preview:-1"},"canonical":"https:\/\/peoplesphere.be\/fr\/elections-sociales-reportees-a-date-ulterieure\/","og_locale":"fr_FR","og_type":"article","og_title":"Les \u00e9lections sociales sont report\u00e9es \u00e0 une date ult\u00e9rieure. - Peoplesphere","og_description":"De Tijd annon\u00e7ait le report mardi sur son site internet, et la d\u00e9cision a \u00e9t\u00e9 confirm\u00e9e par la FEB. Un \u00ab\u00a0consensus informel\u00a0\u00bb a \u00e9t\u00e9 atteint lundi au sein du Groupe des Dix, explique le porte-parole de la FEB: les \u00e9lections [&hellip;]","og_url":"https:\/\/peoplesphere.be\/fr\/elections-sociales-reportees-a-date-ulterieure\/","og_site_name":"Peoplesphere","article_publisher":"https:\/\/www.facebook.com\/peoplesphere","article_published_time":"2020-03-17T10:06:21+00:00","og_image":[{"url":"http:\/\/www.peoplesphere.be\/fr\/wp-content\/uploads\/2016\/07\/facebook-default-posting-1200x628px.jpg"}],"author":"Jean-Paul Erhard","twitter_card":"summary_large_image","twitter_creator":"@PeoplesphereMag","twitter_site":"@PeoplesphereMag","twitter_misc":{"\u00c9crit par":"Jean-Paul Erhard","Dur\u00e9e de lecture estim\u00e9e":"1 minute"},"schema":{"@context":"https:\/\/schema.org","@graph":[{"@type":"Article","@id":"https:\/\/peoplesphere.be\/fr\/elections-sociales-reportees-a-date-ulterieure\/#article","isPartOf":{"@id":"https:\/\/peoplesphere.be\/fr\/elections-sociales-reportees-a-date-ulterieure\/"},"author":{"name":"Jean-Paul Erhard","@id":"https:\/\/peoplesphere.be\/fr\/#\/schema\/person\/7976225ff17988604334abb7b3536a7e"},"headline":"Les \u00e9lections sociales sont report\u00e9es \u00e0 une date ult\u00e9rieure.","datePublished":"2020-03-17T10:06:21+00:00","dateModified":"2020-03-17T10:06:21+00:00","mainEntityOfPage":{"@id":"https:\/\/peoplesphere.be\/fr\/elections-sociales-reportees-a-date-ulterieure\/"},"wordCount":215,"publisher":{"@id":"https:\/\/peoplesphere.be\/fr\/#organization"},"keywords":["concertation sociale","\u00e9lections sociales","FEB","groupe des dix","syndicats"],"articleSection":["Actualit\u00e9s","Digital"],"inLanguage":"fr-FR"},{"@type":"WebPage","@id":"https:\/\/peoplesphere.be\/fr\/elections-sociales-reportees-a-date-ulterieure\/","url":"https:\/\/peoplesphere.be\/fr\/elections-sociales-reportees-a-date-ulterieure\/","name":"Les \u00e9lections sociales sont report\u00e9es \u00e0 une date ult\u00e9rieure. - Peoplesphere","isPartOf":{"@id":"https:\/\/peoplesphere.be\/fr\/#website"},"datePublished":"2020-03-17T10:06:21+00:00","dateModified":"2020-03-17T10:06:21+00:00","breadcrumb":{"@id":"https:\/\/peoplesphere.be\/fr\/elections-sociales-reportees-a-date-ulterieure\/#breadcrumb"},"inLanguage":"fr-FR","potentialAction":[{"@type":"ReadAction","target":["https:\/\/peoplesphere.be\/fr\/elections-sociales-reportees-a-date-ulterieure\/"]}]},{"@type":"BreadcrumbList","@id":"https:\/\/peoplesphere.be\/fr\/elections-sociales-reportees-a-date-ulterieure\/#breadcrumb","itemListElement":[{"@type":"ListItem","position":1,"name":"Accueil","item":"https:\/\/peoplesphere.be\/fr\/"},{"@type":"ListItem","position":2,"name":"Les \u00e9lections sociales sont report\u00e9es \u00e0 une date ult\u00e9rieure."}]},{"@type":"WebSite","@id":"https:\/\/peoplesphere.be\/fr\/#website","url":"https:\/\/peoplesphere.be\/fr\/","name":"Peoplesphere","description":"The People Managers Magazine","publisher":{"@id":"https:\/\/peoplesphere.be\/fr\/#organization"},"potentialAction":[{"@type":"SearchAction","target":{"@type":"EntryPoint","urlTemplate":"https:\/\/peoplesphere.be\/fr\/?s={search_term_string}"},"query-input":"required name=search_term_string"}],"inLanguage":"fr-FR"},{"@type":"Organization","@id":"https:\/\/peoplesphere.be\/fr\/#organization","name":"Peoplesphere Company srl","url":"https:\/\/peoplesphere.be\/fr\/","logo":{"@type":"ImageObject","inLanguage":"fr-FR","@id":"https:\/\/peoplesphere.be\/fr\/#\/schema\/logo\/image\/","url":"https:\/\/peoplesphere.be\/fr\/wp-content\/uploads\/2023\/07\/peoplesphere-lgo-new-generik.jpg","contentUrl":"https:\/\/peoplesphere.be\/fr\/wp-content\/uploads\/2023\/07\/peoplesphere-lgo-new-generik.jpg","width":1031,"height":1479,"caption":"Peoplesphere Company srl"},"image":{"@id":"https:\/\/peoplesphere.be\/fr\/#\/schema\/logo\/image\/"},"sameAs":["https:\/\/www.facebook.com\/peoplesphere","https:\/\/twitter.com\/PeoplesphereMag","https:\/\/www.linkedin.com\/company\/7587361?trk","http:\/\/youtube.com\/peoplesphere"]},{"@type":"Person","@id":"https:\/\/peoplesphere.be\/fr\/#\/schema\/person\/7976225ff17988604334abb7b3536a7e","name":"Jean-Paul Erhard","image":{"@type":"ImageObject","inLanguage":"fr-FR","@id":"https:\/\/peoplesphere.be\/fr\/#\/schema\/person\/image\/","url":"https:\/\/secure.gravatar.com\/avatar\/f941e681460179738071629a51574930?s=96&d=mm&r=g","contentUrl":"https:\/\/secure.gravatar.com\/avatar\/f941e681460179738071629a51574930?s=96&d=mm&r=g","caption":"Jean-Paul Erhard"},"url":"https:\/\/peoplesphere.be\/fr\/author\/jpe\/"}]}},"_links":{"self":[{"href":"https:\/\/peoplesphere.be\/fr\/wp-json\/wp\/v2\/posts\/9244"}],"collection":[{"href":"https:\/\/peoplesphere.be\/fr\/wp-json\/wp\/v2\/posts"}],"about":[{"href":"https:\/\/peoplesphere.be\/fr\/wp-json\/wp\/v2\/types\/post"}],"author":[{"embeddable":true,"href":"https:\/\/peoplesphere.be\/fr\/wp-json\/wp\/v2\/users\/2"}],"replies":[{"embeddable":true,"href":"https:\/\/peoplesphere.be\/fr\/wp-json\/wp\/v2\/comments?post=9244"}],"version-history":[{"count":1,"href":"https:\/\/peoplesphere.be\/fr\/wp-json\/wp\/v2\/posts\/9244\/revisions"}],"predecessor-version":[{"id":9245,"href":"https:\/\/peoplesphere.be\/fr\/wp-json\/wp\/v2\/posts\/9244\/revisions\/9245"}],"wp:attachment":[{"href":"https:\/\/peoplesphere.be\/fr\/wp-json\/wp\/v2\/media?parent=9244"}],"wp:term":[{"taxonomy":"category","embeddable":true,"href":"https:\/\/peoplesphere.be\/fr\/wp-json\/wp\/v2\/categories?post=9244"},{"taxonomy":"post_tag","embeddable":true,"href":"https:\/\/peoplesphere.be\/fr\/wp-json\/wp\/v2\/tags?post=9244"}],"curies":[{"name":"wp","href":"https:\/\/api.w.org\/{rel}","templated":true}]}}