









{"id":9248,"date":"2020-03-18T08:40:44","date_gmt":"2020-03-18T06:40:44","guid":{"rendered":"https:\/\/peoplesphere.be\/fr\/?p=9248"},"modified":"2020-03-18T08:40:44","modified_gmt":"2020-03-18T06:40:44","slug":"pays-quasiment-a-larret-bain-de-sang-social-prevision-mesures-de-soutien-aux-pme-doivent-etre-renforcees","status":"publish","type":"post","link":"https:\/\/peoplesphere.be\/fr\/pays-quasiment-a-larret-bain-de-sang-social-prevision-mesures-de-soutien-aux-pme-doivent-etre-renforcees\/","title":{"rendered":"Un pays quasiment \u00e0 l&rsquo;arr\u00eat et un bain de sang social en pr\u00e9vision&#8230; Les mesures de soutien aux PME doivent \u00eatre renforc\u00e9es."},"content":{"rendered":"<p>A l&rsquo;annonce des mesures de confinement d\u00e9cid\u00e9es par le conseil national de s\u00e9curit\u00e9, l&rsquo;UCM insiste sur la n\u00e9cessit\u00e9 de prot\u00e9ger les ind\u00e9pendants et les PME durant cette p\u00e9riode. <em>\u00ab\u00a0Il faut leur permettre de (sur)vivre pour \u00e9viter un bain de sang social, un tsunami sans pr\u00e9c\u00e9dent de faillites et de licenciements. Des mesures ont \u00e9t\u00e9 prises. Elles sont insuffisantes face \u00e0 l&rsquo;ampleur et la gravit\u00e9 de la situation.\u00a0\u00bb<\/em> <!--more--><\/p>\n<p>Pour Pierre-Fr\u00e9d\u00e9ric Nyst, pr\u00e9sident UCM : <em>\u00ab\u00a0Le gouvernement a pris ce soir une mesure radicale : le pays sera quasiment \u00e0 l&rsquo;arr\u00eat jusqu&rsquo;au 5 avril. Chacun doit prendre sa part de l&rsquo;effort colossal demand\u00e9 aujourd&rsquo;hui \u00e0 la population. Les ind\u00e9pendants et les chefs de PME doivent \u00eatre prot\u00e9g\u00e9s. La plupart d&rsquo;entre eux n&rsquo;auront plus du tout de rentr\u00e9es financi\u00e8res. Il faut leur permettre de geler leurs d\u00e9penses.<\/em><br \/>\n<em>Il n&rsquo;est pas ind\u00e9cent en particulier de demander un effort aux banques, qui ont obtenu le soutien dont elles avaient besoin dans un pass\u00e9 r\u00e9cent. Les pr\u00eats \u00e0 court terme doivent \u00eatre possibles \u00e0 des taux d&rsquo;int\u00e9r\u00eat r\u00e9duits, surtout vu la mobilisation des outils publics pour accorder des garanties.\u00a0\u00bb<\/em><\/p>\n<p>L&rsquo;UCM demande aux autorit\u00e9s un moratoire sur le remboursement des pr\u00eats publics (c&rsquo;est fait \u00e0 Bruxelles), un moratoire sur le paiement des loyers priv\u00e9s pay\u00e9s par les entreprises, et un moratoire sur le remboursement des pr\u00eats hypoth\u00e9caires.<\/p>\n<p>Elle requiert \u00e9galement :<\/p>\n<p>&#8211; Le ch\u00f4mage pour force majeure doit \u00eatre automatique pour l\u2019ensemble des employeurs du pays.<br \/>\n-L&rsquo;indemnisation par l&#8217;employeur du premier mois de maladie doit \u00eatre temporairement suspendue.<br \/>\n&#8211; Pour pr\u00e9server la tr\u00e9sorerie des entreprises, les cotisations patronales et le pr\u00e9compte professionnel doivent \u00eatre gel\u00e9s, tout comme l&rsquo;ensemble des taxes pesant sur l&rsquo;activit\u00e9 \u00e9conomique.<br \/>\n&#8211; L&rsquo;UCM insiste pour que le droit passerelle, qui garantit une sorte de ch\u00f4mage aux ind\u00e9pendants, soit accord\u00e9 pendant tout le temps de la crise. Pour beaucoup de personnes et de m\u00e9nages, c&rsquo;est la seule possibilit\u00e9 d&rsquo;obtenir un revenu. Les fonds de crise d\u00e9bloqu\u00e9s par la Wallonie et Bruxelles doivent permettre d&rsquo;augmenter les montants (1.292 euros pour un isol\u00e9, 1.614 euros pour un m\u00e9nage).<\/p>\n<p><em>\u00ab\u00a0Chacun doit prendre sa part de l&rsquo;effort colossal demand\u00e9 aujourd&rsquo;hui \u00e0 la population. Les salari\u00e9s, les banques, les propri\u00e9taires, les actionnaires, les consommateurs\u2026 doivent se montrer solidaires des ind\u00e9pendants et des chefs de PME. C&rsquo;est la condition du red\u00e9marrage \u00e9conomique quand la crise sanitaire sera derri\u00e8re nous.\u00a0\u00bb<\/em><\/p>\n","protected":false},"excerpt":{"rendered":"<p>A l&rsquo;annonce des mesures de confinement d\u00e9cid\u00e9es par le conseil national de s\u00e9curit\u00e9, l&rsquo;UCM insiste sur la n\u00e9cessit\u00e9 de prot\u00e9ger les ind\u00e9pendants et les PME durant cette p\u00e9riode. \u00ab\u00a0Il faut leur permettre de (sur)vivre pour \u00e9viter un bain de sang [&hellip;]<\/p>\n","protected":false},"author":2,"featured_media":0,"comment_status":"closed","ping_status":"open","sticky":false,"template":"","format":"standard","meta":[],"categories":[65,10],"tags":[2947,27,1350],"yoast_head":"<!-- This site is optimized with the Yoast SEO plugin v21.0 - https:\/\/yoast.com\/wordpress\/plugins\/seo\/ -->\n<title>Un pays quasiment \u00e0 l&#039;arr\u00eat et un bain de sang social en pr\u00e9vision... Les mesures de soutien aux PME doivent \u00eatre renforc\u00e9es. - Peoplesphere<\/title>\n<meta name=\"robots\" content=\"index, follow, max-snippet:-1, max-image-preview:large, max-video-preview:-1\" \/>\n<link rel=\"canonical\" href=\"https:\/\/peoplesphere.be\/fr\/pays-quasiment-a-larret-bain-de-sang-social-prevision-mesures-de-soutien-aux-pme-doivent-etre-renforcees\/\" \/>\n<meta property=\"og:locale\" content=\"fr_FR\" \/>\n<meta property=\"og:type\" content=\"article\" \/>\n<meta property=\"og:title\" content=\"Un pays quasiment \u00e0 l&#039;arr\u00eat et un bain de sang social en pr\u00e9vision... Les mesures de soutien aux PME doivent \u00eatre renforc\u00e9es. - Peoplesphere\" \/>\n<meta property=\"og:description\" content=\"A l&rsquo;annonce des mesures de confinement d\u00e9cid\u00e9es par le conseil national de s\u00e9curit\u00e9, l&rsquo;UCM insiste sur la n\u00e9cessit\u00e9 de prot\u00e9ger les ind\u00e9pendants et les PME durant cette p\u00e9riode. \u00ab\u00a0Il faut leur permettre de (sur)vivre pour \u00e9viter un bain de sang [&hellip;]\" \/>\n<meta property=\"og:url\" content=\"https:\/\/peoplesphere.be\/fr\/pays-quasiment-a-larret-bain-de-sang-social-prevision-mesures-de-soutien-aux-pme-doivent-etre-renforcees\/\" \/>\n<meta property=\"og:site_name\" content=\"Peoplesphere\" \/>\n<meta property=\"article:publisher\" content=\"https:\/\/www.facebook.com\/peoplesphere\" \/>\n<meta property=\"article:published_time\" content=\"2020-03-18T06:40:44+00:00\" \/>\n<meta property=\"og:image\" content=\"http:\/\/www.peoplesphere.be\/fr\/wp-content\/uploads\/2016\/07\/facebook-default-posting-1200x628px.jpg\" \/>\n<meta name=\"author\" content=\"Jean-Paul Erhard\" \/>\n<meta name=\"twitter:card\" content=\"summary_large_image\" \/>\n<meta name=\"twitter:creator\" content=\"@PeoplesphereMag\" \/>\n<meta name=\"twitter:site\" content=\"@PeoplesphereMag\" \/>\n<meta name=\"twitter:label1\" content=\"\u00c9crit par\" \/>\n\t<meta name=\"twitter:data1\" content=\"Jean-Paul Erhard\" \/>\n\t<meta name=\"twitter:label2\" content=\"Dur\u00e9e de lecture estim\u00e9e\" \/>\n\t<meta name=\"twitter:data2\" content=\"2 minutes\" \/>\n<script type=\"application\/ld+json\" class=\"yoast-schema-graph\">{\"@context\":\"https:\/\/schema.org\",\"@graph\":[{\"@type\":\"Article\",\"@id\":\"https:\/\/peoplesphere.be\/fr\/pays-quasiment-a-larret-bain-de-sang-social-prevision-mesures-de-soutien-aux-pme-doivent-etre-renforcees\/#article\",\"isPartOf\":{\"@id\":\"https:\/\/peoplesphere.be\/fr\/pays-quasiment-a-larret-bain-de-sang-social-prevision-mesures-de-soutien-aux-pme-doivent-etre-renforcees\/\"},\"author\":{\"name\":\"Jean-Paul Erhard\",\"@id\":\"https:\/\/peoplesphere.be\/fr\/#\/schema\/person\/7976225ff17988604334abb7b3536a7e\"},\"headline\":\"Un pays quasiment \u00e0 l&rsquo;arr\u00eat et un bain de sang social en pr\u00e9vision&#8230; Les mesures de soutien aux PME doivent \u00eatre renforc\u00e9es.\",\"datePublished\":\"2020-03-18T06:40:44+00:00\",\"dateModified\":\"2020-03-18T06:40:44+00:00\",\"mainEntityOfPage\":{\"@id\":\"https:\/\/peoplesphere.be\/fr\/pays-quasiment-a-larret-bain-de-sang-social-prevision-mesures-de-soutien-aux-pme-doivent-etre-renforcees\/\"},\"wordCount\":448,\"publisher\":{\"@id\":\"https:\/\/peoplesphere.be\/fr\/#organization\"},\"keywords\":[\"coronavirus\",\"PME\",\"ucm\"],\"articleSection\":[\"Actualit\u00e9s\",\"Digital\"],\"inLanguage\":\"fr-FR\"},{\"@type\":\"WebPage\",\"@id\":\"https:\/\/peoplesphere.be\/fr\/pays-quasiment-a-larret-bain-de-sang-social-prevision-mesures-de-soutien-aux-pme-doivent-etre-renforcees\/\",\"url\":\"https:\/\/peoplesphere.be\/fr\/pays-quasiment-a-larret-bain-de-sang-social-prevision-mesures-de-soutien-aux-pme-doivent-etre-renforcees\/\",\"name\":\"Un pays quasiment \u00e0 l'arr\u00eat et un bain de sang social en pr\u00e9vision... Les mesures de soutien aux PME doivent \u00eatre renforc\u00e9es. - Peoplesphere\",\"isPartOf\":{\"@id\":\"https:\/\/peoplesphere.be\/fr\/#website\"},\"datePublished\":\"2020-03-18T06:40:44+00:00\",\"dateModified\":\"2020-03-18T06:40:44+00:00\",\"breadcrumb\":{\"@id\":\"https:\/\/peoplesphere.be\/fr\/pays-quasiment-a-larret-bain-de-sang-social-prevision-mesures-de-soutien-aux-pme-doivent-etre-renforcees\/#breadcrumb\"},\"inLanguage\":\"fr-FR\",\"potentialAction\":[{\"@type\":\"ReadAction\",\"target\":[\"https:\/\/peoplesphere.be\/fr\/pays-quasiment-a-larret-bain-de-sang-social-prevision-mesures-de-soutien-aux-pme-doivent-etre-renforcees\/\"]}]},{\"@type\":\"BreadcrumbList\",\"@id\":\"https:\/\/peoplesphere.be\/fr\/pays-quasiment-a-larret-bain-de-sang-social-prevision-mesures-de-soutien-aux-pme-doivent-etre-renforcees\/#breadcrumb\",\"itemListElement\":[{\"@type\":\"ListItem\",\"position\":1,\"name\":\"Accueil\",\"item\":\"https:\/\/peoplesphere.be\/fr\/\"},{\"@type\":\"ListItem\",\"position\":2,\"name\":\"Un pays quasiment \u00e0 l&rsquo;arr\u00eat et un bain de sang social en pr\u00e9vision&#8230; Les mesures de soutien aux PME doivent \u00eatre renforc\u00e9es.\"}]},{\"@type\":\"WebSite\",\"@id\":\"https:\/\/peoplesphere.be\/fr\/#website\",\"url\":\"https:\/\/peoplesphere.be\/fr\/\",\"name\":\"Peoplesphere\",\"description\":\"The People Managers Magazine\",\"publisher\":{\"@id\":\"https:\/\/peoplesphere.be\/fr\/#organization\"},\"potentialAction\":[{\"@type\":\"SearchAction\",\"target\":{\"@type\":\"EntryPoint\",\"urlTemplate\":\"https:\/\/peoplesphere.be\/fr\/?s={search_term_string}\"},\"query-input\":\"required name=search_term_string\"}],\"inLanguage\":\"fr-FR\"},{\"@type\":\"Organization\",\"@id\":\"https:\/\/peoplesphere.be\/fr\/#organization\",\"name\":\"Peoplesphere Company srl\",\"url\":\"https:\/\/peoplesphere.be\/fr\/\",\"logo\":{\"@type\":\"ImageObject\",\"inLanguage\":\"fr-FR\",\"@id\":\"https:\/\/peoplesphere.be\/fr\/#\/schema\/logo\/image\/\",\"url\":\"https:\/\/peoplesphere.be\/fr\/wp-content\/uploads\/2023\/07\/peoplesphere-lgo-new-generik.jpg\",\"contentUrl\":\"https:\/\/peoplesphere.be\/fr\/wp-content\/uploads\/2023\/07\/peoplesphere-lgo-new-generik.jpg\",\"width\":1031,\"height\":1479,\"caption\":\"Peoplesphere Company srl\"},\"image\":{\"@id\":\"https:\/\/peoplesphere.be\/fr\/#\/schema\/logo\/image\/\"},\"sameAs\":[\"https:\/\/www.facebook.com\/peoplesphere\",\"https:\/\/twitter.com\/PeoplesphereMag\",\"https:\/\/www.linkedin.com\/company\/7587361?trk\",\"http:\/\/youtube.com\/peoplesphere\"]},{\"@type\":\"Person\",\"@id\":\"https:\/\/peoplesphere.be\/fr\/#\/schema\/person\/7976225ff17988604334abb7b3536a7e\",\"name\":\"Jean-Paul Erhard\",\"image\":{\"@type\":\"ImageObject\",\"inLanguage\":\"fr-FR\",\"@id\":\"https:\/\/peoplesphere.be\/fr\/#\/schema\/person\/image\/\",\"url\":\"https:\/\/secure.gravatar.com\/avatar\/f941e681460179738071629a51574930?s=96&d=mm&r=g\",\"contentUrl\":\"https:\/\/secure.gravatar.com\/avatar\/f941e681460179738071629a51574930?s=96&d=mm&r=g\",\"caption\":\"Jean-Paul Erhard\"},\"url\":\"https:\/\/peoplesphere.be\/fr\/author\/jpe\/\"}]}<\/script>\n<!-- \/ Yoast SEO plugin. -->","yoast_head_json":{"title":"Un pays quasiment \u00e0 l'arr\u00eat et un bain de sang social en pr\u00e9vision... Les mesures de soutien aux PME doivent \u00eatre renforc\u00e9es. - Peoplesphere","robots":{"index":"index","follow":"follow","max-snippet":"max-snippet:-1","max-image-preview":"max-image-preview:large","max-video-preview":"max-video-preview:-1"},"canonical":"https:\/\/peoplesphere.be\/fr\/pays-quasiment-a-larret-bain-de-sang-social-prevision-mesures-de-soutien-aux-pme-doivent-etre-renforcees\/","og_locale":"fr_FR","og_type":"article","og_title":"Un pays quasiment \u00e0 l'arr\u00eat et un bain de sang social en pr\u00e9vision... Les mesures de soutien aux PME doivent \u00eatre renforc\u00e9es. - Peoplesphere","og_description":"A l&rsquo;annonce des mesures de confinement d\u00e9cid\u00e9es par le conseil national de s\u00e9curit\u00e9, l&rsquo;UCM insiste sur la n\u00e9cessit\u00e9 de prot\u00e9ger les ind\u00e9pendants et les PME durant cette p\u00e9riode. \u00ab\u00a0Il faut leur permettre de (sur)vivre pour \u00e9viter un bain de sang [&hellip;]","og_url":"https:\/\/peoplesphere.be\/fr\/pays-quasiment-a-larret-bain-de-sang-social-prevision-mesures-de-soutien-aux-pme-doivent-etre-renforcees\/","og_site_name":"Peoplesphere","article_publisher":"https:\/\/www.facebook.com\/peoplesphere","article_published_time":"2020-03-18T06:40:44+00:00","og_image":[{"url":"http:\/\/www.peoplesphere.be\/fr\/wp-content\/uploads\/2016\/07\/facebook-default-posting-1200x628px.jpg"}],"author":"Jean-Paul Erhard","twitter_card":"summary_large_image","twitter_creator":"@PeoplesphereMag","twitter_site":"@PeoplesphereMag","twitter_misc":{"\u00c9crit par":"Jean-Paul Erhard","Dur\u00e9e de lecture estim\u00e9e":"2 minutes"},"schema":{"@context":"https:\/\/schema.org","@graph":[{"@type":"Article","@id":"https:\/\/peoplesphere.be\/fr\/pays-quasiment-a-larret-bain-de-sang-social-prevision-mesures-de-soutien-aux-pme-doivent-etre-renforcees\/#article","isPartOf":{"@id":"https:\/\/peoplesphere.be\/fr\/pays-quasiment-a-larret-bain-de-sang-social-prevision-mesures-de-soutien-aux-pme-doivent-etre-renforcees\/"},"author":{"name":"Jean-Paul Erhard","@id":"https:\/\/peoplesphere.be\/fr\/#\/schema\/person\/7976225ff17988604334abb7b3536a7e"},"headline":"Un pays quasiment \u00e0 l&rsquo;arr\u00eat et un bain de sang social en pr\u00e9vision&#8230; Les mesures de soutien aux PME doivent \u00eatre renforc\u00e9es.","datePublished":"2020-03-18T06:40:44+00:00","dateModified":"2020-03-18T06:40:44+00:00","mainEntityOfPage":{"@id":"https:\/\/peoplesphere.be\/fr\/pays-quasiment-a-larret-bain-de-sang-social-prevision-mesures-de-soutien-aux-pme-doivent-etre-renforcees\/"},"wordCount":448,"publisher":{"@id":"https:\/\/peoplesphere.be\/fr\/#organization"},"keywords":["coronavirus","PME","ucm"],"articleSection":["Actualit\u00e9s","Digital"],"inLanguage":"fr-FR"},{"@type":"WebPage","@id":"https:\/\/peoplesphere.be\/fr\/pays-quasiment-a-larret-bain-de-sang-social-prevision-mesures-de-soutien-aux-pme-doivent-etre-renforcees\/","url":"https:\/\/peoplesphere.be\/fr\/pays-quasiment-a-larret-bain-de-sang-social-prevision-mesures-de-soutien-aux-pme-doivent-etre-renforcees\/","name":"Un pays quasiment \u00e0 l'arr\u00eat et un bain de sang social en pr\u00e9vision... Les mesures de soutien aux PME doivent \u00eatre renforc\u00e9es. - Peoplesphere","isPartOf":{"@id":"https:\/\/peoplesphere.be\/fr\/#website"},"datePublished":"2020-03-18T06:40:44+00:00","dateModified":"2020-03-18T06:40:44+00:00","breadcrumb":{"@id":"https:\/\/peoplesphere.be\/fr\/pays-quasiment-a-larret-bain-de-sang-social-prevision-mesures-de-soutien-aux-pme-doivent-etre-renforcees\/#breadcrumb"},"inLanguage":"fr-FR","potentialAction":[{"@type":"ReadAction","target":["https:\/\/peoplesphere.be\/fr\/pays-quasiment-a-larret-bain-de-sang-social-prevision-mesures-de-soutien-aux-pme-doivent-etre-renforcees\/"]}]},{"@type":"BreadcrumbList","@id":"https:\/\/peoplesphere.be\/fr\/pays-quasiment-a-larret-bain-de-sang-social-prevision-mesures-de-soutien-aux-pme-doivent-etre-renforcees\/#breadcrumb","itemListElement":[{"@type":"ListItem","position":1,"name":"Accueil","item":"https:\/\/peoplesphere.be\/fr\/"},{"@type":"ListItem","position":2,"name":"Un pays quasiment \u00e0 l&rsquo;arr\u00eat et un bain de sang social en pr\u00e9vision&#8230; Les mesures de soutien aux PME doivent \u00eatre renforc\u00e9es."}]},{"@type":"WebSite","@id":"https:\/\/peoplesphere.be\/fr\/#website","url":"https:\/\/peoplesphere.be\/fr\/","name":"Peoplesphere","description":"The People Managers Magazine","publisher":{"@id":"https:\/\/peoplesphere.be\/fr\/#organization"},"potentialAction":[{"@type":"SearchAction","target":{"@type":"EntryPoint","urlTemplate":"https:\/\/peoplesphere.be\/fr\/?s={search_term_string}"},"query-input":"required name=search_term_string"}],"inLanguage":"fr-FR"},{"@type":"Organization","@id":"https:\/\/peoplesphere.be\/fr\/#organization","name":"Peoplesphere Company srl","url":"https:\/\/peoplesphere.be\/fr\/","logo":{"@type":"ImageObject","inLanguage":"fr-FR","@id":"https:\/\/peoplesphere.be\/fr\/#\/schema\/logo\/image\/","url":"https:\/\/peoplesphere.be\/fr\/wp-content\/uploads\/2023\/07\/peoplesphere-lgo-new-generik.jpg","contentUrl":"https:\/\/peoplesphere.be\/fr\/wp-content\/uploads\/2023\/07\/peoplesphere-lgo-new-generik.jpg","width":1031,"height":1479,"caption":"Peoplesphere Company srl"},"image":{"@id":"https:\/\/peoplesphere.be\/fr\/#\/schema\/logo\/image\/"},"sameAs":["https:\/\/www.facebook.com\/peoplesphere","https:\/\/twitter.com\/PeoplesphereMag","https:\/\/www.linkedin.com\/company\/7587361?trk","http:\/\/youtube.com\/peoplesphere"]},{"@type":"Person","@id":"https:\/\/peoplesphere.be\/fr\/#\/schema\/person\/7976225ff17988604334abb7b3536a7e","name":"Jean-Paul Erhard","image":{"@type":"ImageObject","inLanguage":"fr-FR","@id":"https:\/\/peoplesphere.be\/fr\/#\/schema\/person\/image\/","url":"https:\/\/secure.gravatar.com\/avatar\/f941e681460179738071629a51574930?s=96&d=mm&r=g","contentUrl":"https:\/\/secure.gravatar.com\/avatar\/f941e681460179738071629a51574930?s=96&d=mm&r=g","caption":"Jean-Paul Erhard"},"url":"https:\/\/peoplesphere.be\/fr\/author\/jpe\/"}]}},"_links":{"self":[{"href":"https:\/\/peoplesphere.be\/fr\/wp-json\/wp\/v2\/posts\/9248"}],"collection":[{"href":"https:\/\/peoplesphere.be\/fr\/wp-json\/wp\/v2\/posts"}],"about":[{"href":"https:\/\/peoplesphere.be\/fr\/wp-json\/wp\/v2\/types\/post"}],"author":[{"embeddable":true,"href":"https:\/\/peoplesphere.be\/fr\/wp-json\/wp\/v2\/users\/2"}],"replies":[{"embeddable":true,"href":"https:\/\/peoplesphere.be\/fr\/wp-json\/wp\/v2\/comments?post=9248"}],"version-history":[{"count":1,"href":"https:\/\/peoplesphere.be\/fr\/wp-json\/wp\/v2\/posts\/9248\/revisions"}],"predecessor-version":[{"id":9249,"href":"https:\/\/peoplesphere.be\/fr\/wp-json\/wp\/v2\/posts\/9248\/revisions\/9249"}],"wp:attachment":[{"href":"https:\/\/peoplesphere.be\/fr\/wp-json\/wp\/v2\/media?parent=9248"}],"wp:term":[{"taxonomy":"category","embeddable":true,"href":"https:\/\/peoplesphere.be\/fr\/wp-json\/wp\/v2\/categories?post=9248"},{"taxonomy":"post_tag","embeddable":true,"href":"https:\/\/peoplesphere.be\/fr\/wp-json\/wp\/v2\/tags?post=9248"}],"curies":[{"name":"wp","href":"https:\/\/api.w.org\/{rel}","templated":true}]}}