









{"id":9253,"date":"2020-03-18T11:47:44","date_gmt":"2020-03-18T09:47:44","guid":{"rendered":"https:\/\/peoplesphere.be\/fr\/?p=9253"},"modified":"2020-03-18T11:51:43","modified_gmt":"2020-03-18T09:51:43","slug":"distanciation-sociale-solidarite-equation-impossible-noublions-de-travailler-malgre-crise","status":"publish","type":"post","link":"https:\/\/peoplesphere.be\/fr\/distanciation-sociale-solidarite-equation-impossible-noublions-de-travailler-malgre-crise\/","title":{"rendered":"Distanciation sociale et solidarit\u00e9, une \u00e9quation impossible? (N\u2019oublions pas de travailler malgr\u00e9 la crise)."},"content":{"rendered":"<p>Cette crise est, sans surprise, parfaitement \u00e0 l\u2019image de notre soci\u00e9t\u00e9: hyper paradoxale. Le seul rem\u00e8de identifi\u00e9 aujourd\u2019hui consiste \u00e0 s\u2019\u00e9loigner les uns des autres et \u00e0 faire preuve d\u2019une attention exceptionnelle \u00e0 la sant\u00e9 et au bien-\u00eatre d\u2019autrui. Cette injonction contradictoire de type &lsquo;si tu m\u2019aimes, tiens toi loin de moi&rsquo; exige de nous une grande maturit\u00e9 et une capacit\u00e9 \u00e0 renoncer aux plaisirs imm\u00e9diats, \u00e0 commencer par celui d\u2019\u00eatre ensemble. Allons-nous r\u00e9ussir \u00e0 adopter les bons comportements? Et \u00e0 pr\u00e9parer le \u2018retour \u00e0 la normale\u2019?<!--more--><\/p>\n<p>Les premiers constats ne sont pas vraiment enthousiasmants\u2026 La mani\u00e8re dont nous nous comportons pour nous jeter sur la nourriture et les produits d\u2019hygi\u00e8ne \u00e0 de simples fins de stockage &#8211; si cela n\u2019\u00e9tait pas risible &#8211; atteste de la pr\u00e9dominance du r\u00e9flexe de survie et de l\u2019\u00e9go\u00efsme terrible qui nous caract\u00e9risent.<br \/>\nEt pendant ce temps, l\u2019appel est g\u00e9n\u00e9ral pour que nous prenions les mesures n\u00e9cessaires afin de prot\u00e9ger la sant\u00e9 des gens qui nous entourent.<\/p>\n<p>Bien s\u00fbr, la situation pr\u00e9sente son lot d\u2019opportunit\u00e9s: acc\u00e9l\u00e9ration du t\u00e9l\u00e9travail et de la transformation technologique de l\u2019entreprise, investissement possible en mati\u00e8re de formation et de d\u00e9veloppement personnel, diminution du nombre de r\u00e9unions manifestement inutiles\u2026 Tout ceci nous permet de r\u00e9fl\u00e9chir sur l\u2019\u00e9volution du monde du travail, trop lente aux go\u00fbts de certains, souvent d\u00e9sincarn\u00e9e selon les autres.<\/p>\n<p>Mais soyons honn\u00eates: le ralentissement contraint de l\u2019activit\u00e9 \u00e9conomique va amener un nombre significatif d\u2019entre nous \u00e0 \u2018oublier\u2019 de travailler. C\u2019est in\u00e9vitable. Notre attention est focalis\u00e9e sur nos familles que nous retrouvons dans le quotidien. Elle est accapar\u00e9e aussi par l\u2019anxi\u00e9t\u00e9 g\u00e9n\u00e9rale.<br \/>\nArr\u00eatons donc de nous r\u00e9jouir de la g\u00e9n\u00e9ralisation du travail \u00e0 distance et de la puissance technologique qui la soutient. Ce n\u2019est qu\u2019une formule de remplacement dont nous devrons constater qu\u2019elle permet de limiter les d\u00e9g\u00e2ts. Ces formules de collaboration \u00e0 distance font partie d\u2019un arsenal de moyens que nous devons utiliser aujourd\u2019hui. Elles sont importantes et b\u00e9n\u00e9fiques. Elles comportent toutefois leur part de risques (celui de la s\u00e9curit\u00e9 informatique entre autres). Au final, elles ne sont pas une alternative compl\u00e8te susceptible de garantir le bon fonctionnement de nos entreprises.<\/p>\n<p><strong><em>Une guerre \u00e9conomique en pr\u00e9paration.<\/em><\/strong><\/p>\n<p>Les d\u00e9g\u00e2ts que nous \u00e9voquions ci-dessus, il y en aura. Beaucoup. Et ils seront lourds \u00e0 supporter. Cependant, la r\u00e9silience des travailleurs et des organisations qui les abritent est souvent impressionnante. Donc, \u00e0 l\u2019\u00e9vidence, nous allons nous relever. Mais le prix \u00e0 payer sera \u00e9lev\u00e9.<br \/>\nApr\u00e8s la guerre sanitaire viendra le temps de la guerre \u00e9conomique \u00e0 laquelle seront confront\u00e9es des entreprises durement marqu\u00e9es par cette p\u00e9riode d\u2019angoisse, de gel des initiatives et de repli sur soi. Nous le savons d\u00e9j\u00e0: il n\u2019y aura pas de la place pour tout le monde. Des emplois seront perdus. Des entreprises vont dispara\u00eetre. Il faudra alors lancer de nouveaux appels \u00e0 la solidarit\u00e9 alors que nous aurons d\u00e9j\u00e0 pay\u00e9 un lourd tribut \u00e0 cette \u00e9pid\u00e9mie mondiale. La r\u00e9ponse ne sera pas \u00e9vidente. Les \u00e9nergies mobilisables vont certainement manquer.<br \/>\nNous savons que ceci va se produire et c\u2019est sans doute pour cette raison que nous devons, imm\u00e9diatement, veiller \u00e0 maintenir un rythme de travail s\u00e9rieux malgr\u00e9 les conditions de confinement et d\u2019\u00e9loignement de nos \u00e9quipes. Il s\u2019agit de rendre le red\u00e9marrage moins douloureux.<\/p>\n<p>Nous entendons \u00e9galement celles et ceux qui pr\u00e9tendent que <strong><em>\u2018rien ne sera plus comme avant?\u2019<\/em> <\/strong>Et bien nous sommes pr\u00eats \u00e0 parier le contraire. Donnons quelques semaines, de nouveaux \u00e9v\u00e9nements inattendus et nous aurons oubli\u00e9 ce que nous sommes en train de vivre. Nos habitudes bonnes et mauvaises, solidement ancr\u00e9es, reprendront le dessus.<br \/>\nNous sommes certainement capables d\u2019adapter notre mani\u00e8re d\u2019\u00eatre pour lutter ensemble contre un ennemi invisible. Mais nous avons aussi une propension naturelle \u00e0 laisser s\u2019exprimer nos instincts primaires d\u2019\u00e9go\u00efsme, d\u2019auto-destruction et de satisfaction instantan\u00e9e de pulsions basiques. C\u2019est pour cela que nous filons dans les parcs lorsque le soleil brille, pour cela que nous sommes pr\u00eats \u00e0 combattre pour le dernier pot de Nutella, et pour cela que nous reprendrons l\u2019avion pour un city trip de 36 heures lorsque le traffic a\u00e9rien aura repris.<\/p>\n<p>Notre pr\u00e9occupation premi\u00e8re aujourd\u2019hui consiste \u00e0 \u00e9viter la paralysie totale, malgr\u00e9 la complexit\u00e9 de la situation. L\u2019enjeu est de taille. Car, pour une r\u00e9elle majorit\u00e9 des travailleurs, les contradictions per\u00e7ues sur le plan du management et les paradoxes g\u00e9n\u00e8rent de l\u2019immobilisme. Et, apr\u00e8s la sant\u00e9 et la s\u00e9curit\u00e9 de chacune et chacun d\u2019entre nous, c\u2019est peut-\u00eatre l\u00e0 que se trouve le principal danger qui nous guette.<\/p>\n<p>Jean-Paul Erhard<\/p>\n","protected":false},"excerpt":{"rendered":"<p>Cette crise est, sans surprise, parfaitement \u00e0 l\u2019image de notre soci\u00e9t\u00e9: hyper paradoxale. Le seul rem\u00e8de identifi\u00e9 aujourd\u2019hui consiste \u00e0 s\u2019\u00e9loigner les uns des autres et \u00e0 faire preuve d\u2019une attention exceptionnelle \u00e0 la sant\u00e9 et au bien-\u00eatre d\u2019autrui. Cette [&hellip;]<\/p>\n","protected":false},"author":2,"featured_media":0,"comment_status":"closed","ping_status":"open","sticky":false,"template":"","format":"standard","meta":[],"categories":[65,10],"tags":[74,2947,346,208,48,189,232,219],"yoast_head":"<!-- This site is optimized with the Yoast SEO plugin v21.0 - https:\/\/yoast.com\/wordpress\/plugins\/seo\/ -->\n<title>Distanciation sociale et solidarit\u00e9, une \u00e9quation impossible? (N\u2019oublions pas de travailler malgr\u00e9 la crise). - Peoplesphere<\/title>\n<meta name=\"robots\" content=\"index, follow, max-snippet:-1, max-image-preview:large, max-video-preview:-1\" \/>\n<link rel=\"canonical\" href=\"https:\/\/peoplesphere.be\/fr\/distanciation-sociale-solidarite-equation-impossible-noublions-de-travailler-malgre-crise\/\" \/>\n<meta property=\"og:locale\" content=\"fr_FR\" \/>\n<meta property=\"og:type\" content=\"article\" \/>\n<meta property=\"og:title\" content=\"Distanciation sociale et solidarit\u00e9, une \u00e9quation impossible? (N\u2019oublions pas de travailler malgr\u00e9 la crise). - Peoplesphere\" \/>\n<meta property=\"og:description\" content=\"Cette crise est, sans surprise, parfaitement \u00e0 l\u2019image de notre soci\u00e9t\u00e9: hyper paradoxale. Le seul rem\u00e8de identifi\u00e9 aujourd\u2019hui consiste \u00e0 s\u2019\u00e9loigner les uns des autres et \u00e0 faire preuve d\u2019une attention exceptionnelle \u00e0 la sant\u00e9 et au bien-\u00eatre d\u2019autrui. Cette [&hellip;]\" \/>\n<meta property=\"og:url\" content=\"https:\/\/peoplesphere.be\/fr\/distanciation-sociale-solidarite-equation-impossible-noublions-de-travailler-malgre-crise\/\" \/>\n<meta property=\"og:site_name\" content=\"Peoplesphere\" \/>\n<meta property=\"article:publisher\" content=\"https:\/\/www.facebook.com\/peoplesphere\" \/>\n<meta property=\"article:published_time\" content=\"2020-03-18T09:47:44+00:00\" \/>\n<meta property=\"article:modified_time\" content=\"2020-03-18T09:51:43+00:00\" \/>\n<meta property=\"og:image\" content=\"http:\/\/www.peoplesphere.be\/fr\/wp-content\/uploads\/2016\/07\/facebook-default-posting-1200x628px.jpg\" \/>\n<meta name=\"author\" content=\"Jean-Paul Erhard\" \/>\n<meta name=\"twitter:card\" content=\"summary_large_image\" \/>\n<meta name=\"twitter:creator\" content=\"@PeoplesphereMag\" \/>\n<meta name=\"twitter:site\" content=\"@PeoplesphereMag\" \/>\n<meta name=\"twitter:label1\" content=\"\u00c9crit par\" \/>\n\t<meta name=\"twitter:data1\" content=\"Jean-Paul Erhard\" \/>\n\t<meta name=\"twitter:label2\" content=\"Dur\u00e9e de lecture estim\u00e9e\" \/>\n\t<meta name=\"twitter:data2\" content=\"4 minutes\" \/>\n<script type=\"application\/ld+json\" class=\"yoast-schema-graph\">{\"@context\":\"https:\/\/schema.org\",\"@graph\":[{\"@type\":\"Article\",\"@id\":\"https:\/\/peoplesphere.be\/fr\/distanciation-sociale-solidarite-equation-impossible-noublions-de-travailler-malgre-crise\/#article\",\"isPartOf\":{\"@id\":\"https:\/\/peoplesphere.be\/fr\/distanciation-sociale-solidarite-equation-impossible-noublions-de-travailler-malgre-crise\/\"},\"author\":{\"name\":\"Jean-Paul Erhard\",\"@id\":\"https:\/\/peoplesphere.be\/fr\/#\/schema\/person\/7976225ff17988604334abb7b3536a7e\"},\"headline\":\"Distanciation sociale et solidarit\u00e9, une \u00e9quation impossible? (N\u2019oublions pas de travailler malgr\u00e9 la crise).\",\"datePublished\":\"2020-03-18T09:47:44+00:00\",\"dateModified\":\"2020-03-18T09:51:43+00:00\",\"mainEntityOfPage\":{\"@id\":\"https:\/\/peoplesphere.be\/fr\/distanciation-sociale-solidarite-equation-impossible-noublions-de-travailler-malgre-crise\/\"},\"wordCount\":855,\"publisher\":{\"@id\":\"https:\/\/peoplesphere.be\/fr\/#organization\"},\"keywords\":[\"collaboration\",\"coronavirus\",\"crise\",\"engagement\",\"Formation\",\"leadership\",\"people management\",\"t\u00e9l\u00e9travail\"],\"articleSection\":[\"Actualit\u00e9s\",\"Digital\"],\"inLanguage\":\"fr-FR\"},{\"@type\":\"WebPage\",\"@id\":\"https:\/\/peoplesphere.be\/fr\/distanciation-sociale-solidarite-equation-impossible-noublions-de-travailler-malgre-crise\/\",\"url\":\"https:\/\/peoplesphere.be\/fr\/distanciation-sociale-solidarite-equation-impossible-noublions-de-travailler-malgre-crise\/\",\"name\":\"Distanciation sociale et solidarit\u00e9, une \u00e9quation impossible? (N\u2019oublions pas de travailler malgr\u00e9 la crise). - Peoplesphere\",\"isPartOf\":{\"@id\":\"https:\/\/peoplesphere.be\/fr\/#website\"},\"datePublished\":\"2020-03-18T09:47:44+00:00\",\"dateModified\":\"2020-03-18T09:51:43+00:00\",\"breadcrumb\":{\"@id\":\"https:\/\/peoplesphere.be\/fr\/distanciation-sociale-solidarite-equation-impossible-noublions-de-travailler-malgre-crise\/#breadcrumb\"},\"inLanguage\":\"fr-FR\",\"potentialAction\":[{\"@type\":\"ReadAction\",\"target\":[\"https:\/\/peoplesphere.be\/fr\/distanciation-sociale-solidarite-equation-impossible-noublions-de-travailler-malgre-crise\/\"]}]},{\"@type\":\"BreadcrumbList\",\"@id\":\"https:\/\/peoplesphere.be\/fr\/distanciation-sociale-solidarite-equation-impossible-noublions-de-travailler-malgre-crise\/#breadcrumb\",\"itemListElement\":[{\"@type\":\"ListItem\",\"position\":1,\"name\":\"Accueil\",\"item\":\"https:\/\/peoplesphere.be\/fr\/\"},{\"@type\":\"ListItem\",\"position\":2,\"name\":\"Distanciation sociale et solidarit\u00e9, une \u00e9quation impossible? (N\u2019oublions pas de travailler malgr\u00e9 la crise).\"}]},{\"@type\":\"WebSite\",\"@id\":\"https:\/\/peoplesphere.be\/fr\/#website\",\"url\":\"https:\/\/peoplesphere.be\/fr\/\",\"name\":\"Peoplesphere\",\"description\":\"The People Managers Magazine\",\"publisher\":{\"@id\":\"https:\/\/peoplesphere.be\/fr\/#organization\"},\"potentialAction\":[{\"@type\":\"SearchAction\",\"target\":{\"@type\":\"EntryPoint\",\"urlTemplate\":\"https:\/\/peoplesphere.be\/fr\/?s={search_term_string}\"},\"query-input\":\"required name=search_term_string\"}],\"inLanguage\":\"fr-FR\"},{\"@type\":\"Organization\",\"@id\":\"https:\/\/peoplesphere.be\/fr\/#organization\",\"name\":\"Peoplesphere Company srl\",\"url\":\"https:\/\/peoplesphere.be\/fr\/\",\"logo\":{\"@type\":\"ImageObject\",\"inLanguage\":\"fr-FR\",\"@id\":\"https:\/\/peoplesphere.be\/fr\/#\/schema\/logo\/image\/\",\"url\":\"https:\/\/peoplesphere.be\/fr\/wp-content\/uploads\/2023\/07\/peoplesphere-lgo-new-generik.jpg\",\"contentUrl\":\"https:\/\/peoplesphere.be\/fr\/wp-content\/uploads\/2023\/07\/peoplesphere-lgo-new-generik.jpg\",\"width\":1031,\"height\":1479,\"caption\":\"Peoplesphere Company srl\"},\"image\":{\"@id\":\"https:\/\/peoplesphere.be\/fr\/#\/schema\/logo\/image\/\"},\"sameAs\":[\"https:\/\/www.facebook.com\/peoplesphere\",\"https:\/\/twitter.com\/PeoplesphereMag\",\"https:\/\/www.linkedin.com\/company\/7587361?trk\",\"http:\/\/youtube.com\/peoplesphere\"]},{\"@type\":\"Person\",\"@id\":\"https:\/\/peoplesphere.be\/fr\/#\/schema\/person\/7976225ff17988604334abb7b3536a7e\",\"name\":\"Jean-Paul Erhard\",\"image\":{\"@type\":\"ImageObject\",\"inLanguage\":\"fr-FR\",\"@id\":\"https:\/\/peoplesphere.be\/fr\/#\/schema\/person\/image\/\",\"url\":\"https:\/\/secure.gravatar.com\/avatar\/f941e681460179738071629a51574930?s=96&d=mm&r=g\",\"contentUrl\":\"https:\/\/secure.gravatar.com\/avatar\/f941e681460179738071629a51574930?s=96&d=mm&r=g\",\"caption\":\"Jean-Paul Erhard\"},\"url\":\"https:\/\/peoplesphere.be\/fr\/author\/jpe\/\"}]}<\/script>\n<!-- \/ Yoast SEO plugin. -->","yoast_head_json":{"title":"Distanciation sociale et solidarit\u00e9, une \u00e9quation impossible? (N\u2019oublions pas de travailler malgr\u00e9 la crise). - Peoplesphere","robots":{"index":"index","follow":"follow","max-snippet":"max-snippet:-1","max-image-preview":"max-image-preview:large","max-video-preview":"max-video-preview:-1"},"canonical":"https:\/\/peoplesphere.be\/fr\/distanciation-sociale-solidarite-equation-impossible-noublions-de-travailler-malgre-crise\/","og_locale":"fr_FR","og_type":"article","og_title":"Distanciation sociale et solidarit\u00e9, une \u00e9quation impossible? (N\u2019oublions pas de travailler malgr\u00e9 la crise). - Peoplesphere","og_description":"Cette crise est, sans surprise, parfaitement \u00e0 l\u2019image de notre soci\u00e9t\u00e9: hyper paradoxale. Le seul rem\u00e8de identifi\u00e9 aujourd\u2019hui consiste \u00e0 s\u2019\u00e9loigner les uns des autres et \u00e0 faire preuve d\u2019une attention exceptionnelle \u00e0 la sant\u00e9 et au bien-\u00eatre d\u2019autrui. Cette [&hellip;]","og_url":"https:\/\/peoplesphere.be\/fr\/distanciation-sociale-solidarite-equation-impossible-noublions-de-travailler-malgre-crise\/","og_site_name":"Peoplesphere","article_publisher":"https:\/\/www.facebook.com\/peoplesphere","article_published_time":"2020-03-18T09:47:44+00:00","article_modified_time":"2020-03-18T09:51:43+00:00","og_image":[{"url":"http:\/\/www.peoplesphere.be\/fr\/wp-content\/uploads\/2016\/07\/facebook-default-posting-1200x628px.jpg"}],"author":"Jean-Paul Erhard","twitter_card":"summary_large_image","twitter_creator":"@PeoplesphereMag","twitter_site":"@PeoplesphereMag","twitter_misc":{"\u00c9crit par":"Jean-Paul Erhard","Dur\u00e9e de lecture estim\u00e9e":"4 minutes"},"schema":{"@context":"https:\/\/schema.org","@graph":[{"@type":"Article","@id":"https:\/\/peoplesphere.be\/fr\/distanciation-sociale-solidarite-equation-impossible-noublions-de-travailler-malgre-crise\/#article","isPartOf":{"@id":"https:\/\/peoplesphere.be\/fr\/distanciation-sociale-solidarite-equation-impossible-noublions-de-travailler-malgre-crise\/"},"author":{"name":"Jean-Paul Erhard","@id":"https:\/\/peoplesphere.be\/fr\/#\/schema\/person\/7976225ff17988604334abb7b3536a7e"},"headline":"Distanciation sociale et solidarit\u00e9, une \u00e9quation impossible? (N\u2019oublions pas de travailler malgr\u00e9 la crise).","datePublished":"2020-03-18T09:47:44+00:00","dateModified":"2020-03-18T09:51:43+00:00","mainEntityOfPage":{"@id":"https:\/\/peoplesphere.be\/fr\/distanciation-sociale-solidarite-equation-impossible-noublions-de-travailler-malgre-crise\/"},"wordCount":855,"publisher":{"@id":"https:\/\/peoplesphere.be\/fr\/#organization"},"keywords":["collaboration","coronavirus","crise","engagement","Formation","leadership","people management","t\u00e9l\u00e9travail"],"articleSection":["Actualit\u00e9s","Digital"],"inLanguage":"fr-FR"},{"@type":"WebPage","@id":"https:\/\/peoplesphere.be\/fr\/distanciation-sociale-solidarite-equation-impossible-noublions-de-travailler-malgre-crise\/","url":"https:\/\/peoplesphere.be\/fr\/distanciation-sociale-solidarite-equation-impossible-noublions-de-travailler-malgre-crise\/","name":"Distanciation sociale et solidarit\u00e9, une \u00e9quation impossible? (N\u2019oublions pas de travailler malgr\u00e9 la crise). - Peoplesphere","isPartOf":{"@id":"https:\/\/peoplesphere.be\/fr\/#website"},"datePublished":"2020-03-18T09:47:44+00:00","dateModified":"2020-03-18T09:51:43+00:00","breadcrumb":{"@id":"https:\/\/peoplesphere.be\/fr\/distanciation-sociale-solidarite-equation-impossible-noublions-de-travailler-malgre-crise\/#breadcrumb"},"inLanguage":"fr-FR","potentialAction":[{"@type":"ReadAction","target":["https:\/\/peoplesphere.be\/fr\/distanciation-sociale-solidarite-equation-impossible-noublions-de-travailler-malgre-crise\/"]}]},{"@type":"BreadcrumbList","@id":"https:\/\/peoplesphere.be\/fr\/distanciation-sociale-solidarite-equation-impossible-noublions-de-travailler-malgre-crise\/#breadcrumb","itemListElement":[{"@type":"ListItem","position":1,"name":"Accueil","item":"https:\/\/peoplesphere.be\/fr\/"},{"@type":"ListItem","position":2,"name":"Distanciation sociale et solidarit\u00e9, une \u00e9quation impossible? (N\u2019oublions pas de travailler malgr\u00e9 la crise)."}]},{"@type":"WebSite","@id":"https:\/\/peoplesphere.be\/fr\/#website","url":"https:\/\/peoplesphere.be\/fr\/","name":"Peoplesphere","description":"The People Managers Magazine","publisher":{"@id":"https:\/\/peoplesphere.be\/fr\/#organization"},"potentialAction":[{"@type":"SearchAction","target":{"@type":"EntryPoint","urlTemplate":"https:\/\/peoplesphere.be\/fr\/?s={search_term_string}"},"query-input":"required name=search_term_string"}],"inLanguage":"fr-FR"},{"@type":"Organization","@id":"https:\/\/peoplesphere.be\/fr\/#organization","name":"Peoplesphere Company srl","url":"https:\/\/peoplesphere.be\/fr\/","logo":{"@type":"ImageObject","inLanguage":"fr-FR","@id":"https:\/\/peoplesphere.be\/fr\/#\/schema\/logo\/image\/","url":"https:\/\/peoplesphere.be\/fr\/wp-content\/uploads\/2023\/07\/peoplesphere-lgo-new-generik.jpg","contentUrl":"https:\/\/peoplesphere.be\/fr\/wp-content\/uploads\/2023\/07\/peoplesphere-lgo-new-generik.jpg","width":1031,"height":1479,"caption":"Peoplesphere Company srl"},"image":{"@id":"https:\/\/peoplesphere.be\/fr\/#\/schema\/logo\/image\/"},"sameAs":["https:\/\/www.facebook.com\/peoplesphere","https:\/\/twitter.com\/PeoplesphereMag","https:\/\/www.linkedin.com\/company\/7587361?trk","http:\/\/youtube.com\/peoplesphere"]},{"@type":"Person","@id":"https:\/\/peoplesphere.be\/fr\/#\/schema\/person\/7976225ff17988604334abb7b3536a7e","name":"Jean-Paul Erhard","image":{"@type":"ImageObject","inLanguage":"fr-FR","@id":"https:\/\/peoplesphere.be\/fr\/#\/schema\/person\/image\/","url":"https:\/\/secure.gravatar.com\/avatar\/f941e681460179738071629a51574930?s=96&d=mm&r=g","contentUrl":"https:\/\/secure.gravatar.com\/avatar\/f941e681460179738071629a51574930?s=96&d=mm&r=g","caption":"Jean-Paul Erhard"},"url":"https:\/\/peoplesphere.be\/fr\/author\/jpe\/"}]}},"_links":{"self":[{"href":"https:\/\/peoplesphere.be\/fr\/wp-json\/wp\/v2\/posts\/9253"}],"collection":[{"href":"https:\/\/peoplesphere.be\/fr\/wp-json\/wp\/v2\/posts"}],"about":[{"href":"https:\/\/peoplesphere.be\/fr\/wp-json\/wp\/v2\/types\/post"}],"author":[{"embeddable":true,"href":"https:\/\/peoplesphere.be\/fr\/wp-json\/wp\/v2\/users\/2"}],"replies":[{"embeddable":true,"href":"https:\/\/peoplesphere.be\/fr\/wp-json\/wp\/v2\/comments?post=9253"}],"version-history":[{"count":4,"href":"https:\/\/peoplesphere.be\/fr\/wp-json\/wp\/v2\/posts\/9253\/revisions"}],"predecessor-version":[{"id":9257,"href":"https:\/\/peoplesphere.be\/fr\/wp-json\/wp\/v2\/posts\/9253\/revisions\/9257"}],"wp:attachment":[{"href":"https:\/\/peoplesphere.be\/fr\/wp-json\/wp\/v2\/media?parent=9253"}],"wp:term":[{"taxonomy":"category","embeddable":true,"href":"https:\/\/peoplesphere.be\/fr\/wp-json\/wp\/v2\/categories?post=9253"},{"taxonomy":"post_tag","embeddable":true,"href":"https:\/\/peoplesphere.be\/fr\/wp-json\/wp\/v2\/tags?post=9253"}],"curies":[{"name":"wp","href":"https:\/\/api.w.org\/{rel}","templated":true}]}}