









{"id":9281,"date":"2020-03-23T17:16:35","date_gmt":"2020-03-23T15:16:35","guid":{"rendered":"https:\/\/peoplesphere.be\/fr\/?p=9281"},"modified":"2020-03-23T17:16:35","modified_gmt":"2020-03-23T15:16:35","slug":"teletravail-confinement-ligue-familles-requiert-accompagnement-afin-deviter-burn-outs-serie","status":"publish","type":"post","link":"https:\/\/peoplesphere.be\/fr\/teletravail-confinement-ligue-familles-requiert-accompagnement-afin-deviter-burn-outs-serie\/","title":{"rendered":"T\u00e9l\u00e9travail et confinement: la Ligue des Familles requiert un accompagnement afin d&rsquo;\u00e9viter les burn-outs en s\u00e9rie."},"content":{"rendered":"<p>La phase d&rsquo;\u00e9merveillement est pass\u00e9e. Apr\u00e8s que le plus grand nombre se soit r\u00e9joui du passage au t\u00e9l\u00e9travail \u00e0 grande \u00e9chelle, certains semblent d\u00e9couvrir une r\u00e9alit\u00e9 moins rose&#8230; Le travail \u00e0 domicile est bel et bien devenu un outil de management n\u00e9cessaire aujourd&rsquo;hui pour mieux \u00e9quilibrer vies priv\u00e9e et professionnelle. De l\u00e0 \u00e0 y passer sur une base \u00e0 temps plein, contraint et forc\u00e9 comme c&rsquo;est le cas actuellement&#8230; Les t\u00e9moignages abondent d\u00e9sormais et la Ligue des familles les r\u00e9percutent afin de faire \u00e9cho aux situations difficiles auxquelles sont confront\u00e9s les travailleurs.<!--more--><\/p>\n<p><em>\u00ab\u00a0Certaines familles se retrouvent en grande difficult\u00e9\u00a0\u00bb<\/em>, explique Caroline Tirmarche, responsable du service d\u2019\u00e9tudes de la Ligue des familles interrog\u00e9e par la RTBF.<em> \u00ab\u00a0Nous recevons tous les jours des milliers de retours de parents qui nous disent que le t\u00e9l\u00e9travail est incompatible avec la charge d\u2019enfants. Ces parents ne savent plus quoi faire.\u00a0Cela vaut pour toutes les familles, mais cela se fait ressentir avec encore un peu plus d\u2019acuit\u00e9 dans les familles fragilis\u00e9es : papa ou maman solo, par exemple, ou encore les gardes altern\u00e9es pour les parents s\u00e9par\u00e9s.\u00a0\u00bb<\/em><\/p>\n<p>Et quid si la situation dure plusieurs semaines, voire plusieurs mois? Le risque de burn-out \u00ab\u00a0en s\u00e9rie\u00a0\u00bb est bien r\u00e9el alerte la Ligue des familles qui se demande s\u2019il est <em>\u00ab\u00a0vraiment n\u00e9cessaire de faire ressentir \u00e0 tous ces parents, cette culpabilit\u00e9 de ne jamais rien faire correctement, ce tiraillement entre conscience professionnelle et souci de ne pas laisser sa prog\u00e9niture toute la journ\u00e9e devant la t\u00e9l\u00e9.\u00a0\u00bb<\/em><\/p>\n<p>La Ligue des familles demande donc des indemnit\u00e9s afin de faire face \u00e0 la situation. <em>\u00ab\u00a0Nous avons envoy\u00e9 un courrier au Conseil National de S\u00e9curit\u00e9 (CNS) pour demander de prendre notre requ\u00eate en compte.\u00a0Sans devoir poser des cong\u00e9s &#8211; parentaux, sans solde ou l\u00e9gaux qui p\u00e9naliseraient les parents &#8211; l\u2019association propose la mise en place d\u2019un syst\u00e8me d\u2019indemnisation inspir\u00e9 de ce que la France a \u00e9tabli en urgence : tout salari\u00e9 oblig\u00e9 de s\u2019arr\u00eater \u00e0 cause du coronavirus pour garder son enfant pourra b\u00e9n\u00e9ficier, sous conditions, d\u2019un arr\u00eat de travail couvert par l\u2019assurance maladie.\u00a0Sans perdre de rentr\u00e9es financi\u00e8res, ce serait une bouff\u00e9e d\u2019oxyg\u00e8ne pour les familles puisque, dans le syst\u00e8me fran\u00e7ais, les salaires sont maintenus \u00e0 100%, 90% pris en charge par l\u00a0\u00bbassurance maladie, le reste par l\u2019employeur\u00a0\u00bb.<\/em><\/p>\n<p>La Ligue des familles est bien consciente d&rsquo;une r\u00e9alit\u00e9 de terrain forc\u00e9ment plurielle et de la difficult\u00e9 de d\u00e9ployer une approche 100% \u00e9quitable : \u00ab\u00a0<em>C\u2019est certain que ce syst\u00e8me d\u2019indemnisations ne solutionnera pas tous les cas. Pensez aux infirmi\u00e8res et infirmiers qui travaillent de nuit, qui doivent s\u2019occuper de leurs enfants en journ\u00e9e, et plus g\u00e9n\u00e9ralement des travailleurs dans des secteurs qui ne peuvent pas s\u2019arr\u00eater\u2026 Raison de plus pour demander une vraie politique d\u2019accompagnement des familles en ces temps troubl\u00e9s\u00a0\u00bb<\/em>, conclut Caroline Tirmarche.<\/p>\n<p><em>Source: RTBF<\/em><\/p>\n","protected":false},"excerpt":{"rendered":"<p>La phase d&rsquo;\u00e9merveillement est pass\u00e9e. Apr\u00e8s que le plus grand nombre se soit r\u00e9joui du passage au t\u00e9l\u00e9travail \u00e0 grande \u00e9chelle, certains semblent d\u00e9couvrir une r\u00e9alit\u00e9 moins rose&#8230; Le travail \u00e0 domicile est bel et bien devenu un outil de [&hellip;]<\/p>\n","protected":false},"author":2,"featured_media":0,"comment_status":"closed","ping_status":"open","sticky":false,"template":"","format":"standard","meta":[],"categories":[65,10],"tags":[20,300,2978,2947,522,219],"yoast_head":"<!-- This site is optimized with the Yoast SEO plugin v21.0 - https:\/\/yoast.com\/wordpress\/plugins\/seo\/ -->\n<title>T\u00e9l\u00e9travail et confinement: la Ligue des Familles requiert un accompagnement afin d&#039;\u00e9viter les burn-outs en s\u00e9rie. - Peoplesphere<\/title>\n<meta name=\"robots\" content=\"index, follow, max-snippet:-1, max-image-preview:large, max-video-preview:-1\" \/>\n<link rel=\"canonical\" href=\"https:\/\/peoplesphere.be\/fr\/teletravail-confinement-ligue-familles-requiert-accompagnement-afin-deviter-burn-outs-serie\/\" \/>\n<meta property=\"og:locale\" content=\"fr_FR\" \/>\n<meta property=\"og:type\" content=\"article\" \/>\n<meta property=\"og:title\" content=\"T\u00e9l\u00e9travail et confinement: la Ligue des Familles requiert un accompagnement afin d&#039;\u00e9viter les burn-outs en s\u00e9rie. - Peoplesphere\" \/>\n<meta property=\"og:description\" content=\"La phase d&rsquo;\u00e9merveillement est pass\u00e9e. Apr\u00e8s que le plus grand nombre se soit r\u00e9joui du passage au t\u00e9l\u00e9travail \u00e0 grande \u00e9chelle, certains semblent d\u00e9couvrir une r\u00e9alit\u00e9 moins rose&#8230; Le travail \u00e0 domicile est bel et bien devenu un outil de [&hellip;]\" \/>\n<meta property=\"og:url\" content=\"https:\/\/peoplesphere.be\/fr\/teletravail-confinement-ligue-familles-requiert-accompagnement-afin-deviter-burn-outs-serie\/\" \/>\n<meta property=\"og:site_name\" content=\"Peoplesphere\" \/>\n<meta property=\"article:publisher\" content=\"https:\/\/www.facebook.com\/peoplesphere\" \/>\n<meta property=\"article:published_time\" content=\"2020-03-23T15:16:35+00:00\" \/>\n<meta property=\"og:image\" content=\"http:\/\/www.peoplesphere.be\/fr\/wp-content\/uploads\/2016\/07\/facebook-default-posting-1200x628px.jpg\" \/>\n<meta name=\"author\" content=\"Jean-Paul Erhard\" \/>\n<meta name=\"twitter:card\" content=\"summary_large_image\" \/>\n<meta name=\"twitter:creator\" content=\"@PeoplesphereMag\" \/>\n<meta name=\"twitter:site\" content=\"@PeoplesphereMag\" \/>\n<meta name=\"twitter:label1\" content=\"\u00c9crit par\" \/>\n\t<meta name=\"twitter:data1\" content=\"Jean-Paul Erhard\" \/>\n\t<meta name=\"twitter:label2\" content=\"Dur\u00e9e de lecture estim\u00e9e\" \/>\n\t<meta name=\"twitter:data2\" content=\"3 minutes\" \/>\n<script type=\"application\/ld+json\" class=\"yoast-schema-graph\">{\"@context\":\"https:\/\/schema.org\",\"@graph\":[{\"@type\":\"Article\",\"@id\":\"https:\/\/peoplesphere.be\/fr\/teletravail-confinement-ligue-familles-requiert-accompagnement-afin-deviter-burn-outs-serie\/#article\",\"isPartOf\":{\"@id\":\"https:\/\/peoplesphere.be\/fr\/teletravail-confinement-ligue-familles-requiert-accompagnement-afin-deviter-burn-outs-serie\/\"},\"author\":{\"name\":\"Jean-Paul Erhard\",\"@id\":\"https:\/\/peoplesphere.be\/fr\/#\/schema\/person\/7976225ff17988604334abb7b3536a7e\"},\"headline\":\"T\u00e9l\u00e9travail et confinement: la Ligue des Familles requiert un accompagnement afin d&rsquo;\u00e9viter les burn-outs en s\u00e9rie.\",\"datePublished\":\"2020-03-23T15:16:35+00:00\",\"dateModified\":\"2020-03-23T15:16:35+00:00\",\"mainEntityOfPage\":{\"@id\":\"https:\/\/peoplesphere.be\/fr\/teletravail-confinement-ligue-familles-requiert-accompagnement-afin-deviter-burn-outs-serie\/\"},\"wordCount\":541,\"publisher\":{\"@id\":\"https:\/\/peoplesphere.be\/fr\/#organization\"},\"keywords\":[\"Burn-out\",\"charge psycho-sociale\",\"confinement\",\"coronavirus\",\"indemnit\u00e9s\",\"t\u00e9l\u00e9travail\"],\"articleSection\":[\"Actualit\u00e9s\",\"Digital\"],\"inLanguage\":\"fr-FR\"},{\"@type\":\"WebPage\",\"@id\":\"https:\/\/peoplesphere.be\/fr\/teletravail-confinement-ligue-familles-requiert-accompagnement-afin-deviter-burn-outs-serie\/\",\"url\":\"https:\/\/peoplesphere.be\/fr\/teletravail-confinement-ligue-familles-requiert-accompagnement-afin-deviter-burn-outs-serie\/\",\"name\":\"T\u00e9l\u00e9travail et confinement: la Ligue des Familles requiert un accompagnement afin d'\u00e9viter les burn-outs en s\u00e9rie. - Peoplesphere\",\"isPartOf\":{\"@id\":\"https:\/\/peoplesphere.be\/fr\/#website\"},\"datePublished\":\"2020-03-23T15:16:35+00:00\",\"dateModified\":\"2020-03-23T15:16:35+00:00\",\"breadcrumb\":{\"@id\":\"https:\/\/peoplesphere.be\/fr\/teletravail-confinement-ligue-familles-requiert-accompagnement-afin-deviter-burn-outs-serie\/#breadcrumb\"},\"inLanguage\":\"fr-FR\",\"potentialAction\":[{\"@type\":\"ReadAction\",\"target\":[\"https:\/\/peoplesphere.be\/fr\/teletravail-confinement-ligue-familles-requiert-accompagnement-afin-deviter-burn-outs-serie\/\"]}]},{\"@type\":\"BreadcrumbList\",\"@id\":\"https:\/\/peoplesphere.be\/fr\/teletravail-confinement-ligue-familles-requiert-accompagnement-afin-deviter-burn-outs-serie\/#breadcrumb\",\"itemListElement\":[{\"@type\":\"ListItem\",\"position\":1,\"name\":\"Accueil\",\"item\":\"https:\/\/peoplesphere.be\/fr\/\"},{\"@type\":\"ListItem\",\"position\":2,\"name\":\"T\u00e9l\u00e9travail et confinement: la Ligue des Familles requiert un accompagnement afin d&rsquo;\u00e9viter les burn-outs en s\u00e9rie.\"}]},{\"@type\":\"WebSite\",\"@id\":\"https:\/\/peoplesphere.be\/fr\/#website\",\"url\":\"https:\/\/peoplesphere.be\/fr\/\",\"name\":\"Peoplesphere\",\"description\":\"The People Managers Magazine\",\"publisher\":{\"@id\":\"https:\/\/peoplesphere.be\/fr\/#organization\"},\"potentialAction\":[{\"@type\":\"SearchAction\",\"target\":{\"@type\":\"EntryPoint\",\"urlTemplate\":\"https:\/\/peoplesphere.be\/fr\/?s={search_term_string}\"},\"query-input\":\"required name=search_term_string\"}],\"inLanguage\":\"fr-FR\"},{\"@type\":\"Organization\",\"@id\":\"https:\/\/peoplesphere.be\/fr\/#organization\",\"name\":\"Peoplesphere Company srl\",\"url\":\"https:\/\/peoplesphere.be\/fr\/\",\"logo\":{\"@type\":\"ImageObject\",\"inLanguage\":\"fr-FR\",\"@id\":\"https:\/\/peoplesphere.be\/fr\/#\/schema\/logo\/image\/\",\"url\":\"https:\/\/peoplesphere.be\/fr\/wp-content\/uploads\/2023\/07\/peoplesphere-lgo-new-generik.jpg\",\"contentUrl\":\"https:\/\/peoplesphere.be\/fr\/wp-content\/uploads\/2023\/07\/peoplesphere-lgo-new-generik.jpg\",\"width\":1031,\"height\":1479,\"caption\":\"Peoplesphere Company srl\"},\"image\":{\"@id\":\"https:\/\/peoplesphere.be\/fr\/#\/schema\/logo\/image\/\"},\"sameAs\":[\"https:\/\/www.facebook.com\/peoplesphere\",\"https:\/\/twitter.com\/PeoplesphereMag\",\"https:\/\/www.linkedin.com\/company\/7587361?trk\",\"http:\/\/youtube.com\/peoplesphere\"]},{\"@type\":\"Person\",\"@id\":\"https:\/\/peoplesphere.be\/fr\/#\/schema\/person\/7976225ff17988604334abb7b3536a7e\",\"name\":\"Jean-Paul Erhard\",\"image\":{\"@type\":\"ImageObject\",\"inLanguage\":\"fr-FR\",\"@id\":\"https:\/\/peoplesphere.be\/fr\/#\/schema\/person\/image\/\",\"url\":\"https:\/\/secure.gravatar.com\/avatar\/f941e681460179738071629a51574930?s=96&d=mm&r=g\",\"contentUrl\":\"https:\/\/secure.gravatar.com\/avatar\/f941e681460179738071629a51574930?s=96&d=mm&r=g\",\"caption\":\"Jean-Paul Erhard\"},\"url\":\"https:\/\/peoplesphere.be\/fr\/author\/jpe\/\"}]}<\/script>\n<!-- \/ Yoast SEO plugin. -->","yoast_head_json":{"title":"T\u00e9l\u00e9travail et confinement: la Ligue des Familles requiert un accompagnement afin d'\u00e9viter les burn-outs en s\u00e9rie. - Peoplesphere","robots":{"index":"index","follow":"follow","max-snippet":"max-snippet:-1","max-image-preview":"max-image-preview:large","max-video-preview":"max-video-preview:-1"},"canonical":"https:\/\/peoplesphere.be\/fr\/teletravail-confinement-ligue-familles-requiert-accompagnement-afin-deviter-burn-outs-serie\/","og_locale":"fr_FR","og_type":"article","og_title":"T\u00e9l\u00e9travail et confinement: la Ligue des Familles requiert un accompagnement afin d'\u00e9viter les burn-outs en s\u00e9rie. - Peoplesphere","og_description":"La phase d&rsquo;\u00e9merveillement est pass\u00e9e. Apr\u00e8s que le plus grand nombre se soit r\u00e9joui du passage au t\u00e9l\u00e9travail \u00e0 grande \u00e9chelle, certains semblent d\u00e9couvrir une r\u00e9alit\u00e9 moins rose&#8230; Le travail \u00e0 domicile est bel et bien devenu un outil de [&hellip;]","og_url":"https:\/\/peoplesphere.be\/fr\/teletravail-confinement-ligue-familles-requiert-accompagnement-afin-deviter-burn-outs-serie\/","og_site_name":"Peoplesphere","article_publisher":"https:\/\/www.facebook.com\/peoplesphere","article_published_time":"2020-03-23T15:16:35+00:00","og_image":[{"url":"http:\/\/www.peoplesphere.be\/fr\/wp-content\/uploads\/2016\/07\/facebook-default-posting-1200x628px.jpg"}],"author":"Jean-Paul Erhard","twitter_card":"summary_large_image","twitter_creator":"@PeoplesphereMag","twitter_site":"@PeoplesphereMag","twitter_misc":{"\u00c9crit par":"Jean-Paul Erhard","Dur\u00e9e de lecture estim\u00e9e":"3 minutes"},"schema":{"@context":"https:\/\/schema.org","@graph":[{"@type":"Article","@id":"https:\/\/peoplesphere.be\/fr\/teletravail-confinement-ligue-familles-requiert-accompagnement-afin-deviter-burn-outs-serie\/#article","isPartOf":{"@id":"https:\/\/peoplesphere.be\/fr\/teletravail-confinement-ligue-familles-requiert-accompagnement-afin-deviter-burn-outs-serie\/"},"author":{"name":"Jean-Paul Erhard","@id":"https:\/\/peoplesphere.be\/fr\/#\/schema\/person\/7976225ff17988604334abb7b3536a7e"},"headline":"T\u00e9l\u00e9travail et confinement: la Ligue des Familles requiert un accompagnement afin d&rsquo;\u00e9viter les burn-outs en s\u00e9rie.","datePublished":"2020-03-23T15:16:35+00:00","dateModified":"2020-03-23T15:16:35+00:00","mainEntityOfPage":{"@id":"https:\/\/peoplesphere.be\/fr\/teletravail-confinement-ligue-familles-requiert-accompagnement-afin-deviter-burn-outs-serie\/"},"wordCount":541,"publisher":{"@id":"https:\/\/peoplesphere.be\/fr\/#organization"},"keywords":["Burn-out","charge psycho-sociale","confinement","coronavirus","indemnit\u00e9s","t\u00e9l\u00e9travail"],"articleSection":["Actualit\u00e9s","Digital"],"inLanguage":"fr-FR"},{"@type":"WebPage","@id":"https:\/\/peoplesphere.be\/fr\/teletravail-confinement-ligue-familles-requiert-accompagnement-afin-deviter-burn-outs-serie\/","url":"https:\/\/peoplesphere.be\/fr\/teletravail-confinement-ligue-familles-requiert-accompagnement-afin-deviter-burn-outs-serie\/","name":"T\u00e9l\u00e9travail et confinement: la Ligue des Familles requiert un accompagnement afin d'\u00e9viter les burn-outs en s\u00e9rie. - Peoplesphere","isPartOf":{"@id":"https:\/\/peoplesphere.be\/fr\/#website"},"datePublished":"2020-03-23T15:16:35+00:00","dateModified":"2020-03-23T15:16:35+00:00","breadcrumb":{"@id":"https:\/\/peoplesphere.be\/fr\/teletravail-confinement-ligue-familles-requiert-accompagnement-afin-deviter-burn-outs-serie\/#breadcrumb"},"inLanguage":"fr-FR","potentialAction":[{"@type":"ReadAction","target":["https:\/\/peoplesphere.be\/fr\/teletravail-confinement-ligue-familles-requiert-accompagnement-afin-deviter-burn-outs-serie\/"]}]},{"@type":"BreadcrumbList","@id":"https:\/\/peoplesphere.be\/fr\/teletravail-confinement-ligue-familles-requiert-accompagnement-afin-deviter-burn-outs-serie\/#breadcrumb","itemListElement":[{"@type":"ListItem","position":1,"name":"Accueil","item":"https:\/\/peoplesphere.be\/fr\/"},{"@type":"ListItem","position":2,"name":"T\u00e9l\u00e9travail et confinement: la Ligue des Familles requiert un accompagnement afin d&rsquo;\u00e9viter les burn-outs en s\u00e9rie."}]},{"@type":"WebSite","@id":"https:\/\/peoplesphere.be\/fr\/#website","url":"https:\/\/peoplesphere.be\/fr\/","name":"Peoplesphere","description":"The People Managers Magazine","publisher":{"@id":"https:\/\/peoplesphere.be\/fr\/#organization"},"potentialAction":[{"@type":"SearchAction","target":{"@type":"EntryPoint","urlTemplate":"https:\/\/peoplesphere.be\/fr\/?s={search_term_string}"},"query-input":"required name=search_term_string"}],"inLanguage":"fr-FR"},{"@type":"Organization","@id":"https:\/\/peoplesphere.be\/fr\/#organization","name":"Peoplesphere Company srl","url":"https:\/\/peoplesphere.be\/fr\/","logo":{"@type":"ImageObject","inLanguage":"fr-FR","@id":"https:\/\/peoplesphere.be\/fr\/#\/schema\/logo\/image\/","url":"https:\/\/peoplesphere.be\/fr\/wp-content\/uploads\/2023\/07\/peoplesphere-lgo-new-generik.jpg","contentUrl":"https:\/\/peoplesphere.be\/fr\/wp-content\/uploads\/2023\/07\/peoplesphere-lgo-new-generik.jpg","width":1031,"height":1479,"caption":"Peoplesphere Company srl"},"image":{"@id":"https:\/\/peoplesphere.be\/fr\/#\/schema\/logo\/image\/"},"sameAs":["https:\/\/www.facebook.com\/peoplesphere","https:\/\/twitter.com\/PeoplesphereMag","https:\/\/www.linkedin.com\/company\/7587361?trk","http:\/\/youtube.com\/peoplesphere"]},{"@type":"Person","@id":"https:\/\/peoplesphere.be\/fr\/#\/schema\/person\/7976225ff17988604334abb7b3536a7e","name":"Jean-Paul Erhard","image":{"@type":"ImageObject","inLanguage":"fr-FR","@id":"https:\/\/peoplesphere.be\/fr\/#\/schema\/person\/image\/","url":"https:\/\/secure.gravatar.com\/avatar\/f941e681460179738071629a51574930?s=96&d=mm&r=g","contentUrl":"https:\/\/secure.gravatar.com\/avatar\/f941e681460179738071629a51574930?s=96&d=mm&r=g","caption":"Jean-Paul Erhard"},"url":"https:\/\/peoplesphere.be\/fr\/author\/jpe\/"}]}},"_links":{"self":[{"href":"https:\/\/peoplesphere.be\/fr\/wp-json\/wp\/v2\/posts\/9281"}],"collection":[{"href":"https:\/\/peoplesphere.be\/fr\/wp-json\/wp\/v2\/posts"}],"about":[{"href":"https:\/\/peoplesphere.be\/fr\/wp-json\/wp\/v2\/types\/post"}],"author":[{"embeddable":true,"href":"https:\/\/peoplesphere.be\/fr\/wp-json\/wp\/v2\/users\/2"}],"replies":[{"embeddable":true,"href":"https:\/\/peoplesphere.be\/fr\/wp-json\/wp\/v2\/comments?post=9281"}],"version-history":[{"count":1,"href":"https:\/\/peoplesphere.be\/fr\/wp-json\/wp\/v2\/posts\/9281\/revisions"}],"predecessor-version":[{"id":9282,"href":"https:\/\/peoplesphere.be\/fr\/wp-json\/wp\/v2\/posts\/9281\/revisions\/9282"}],"wp:attachment":[{"href":"https:\/\/peoplesphere.be\/fr\/wp-json\/wp\/v2\/media?parent=9281"}],"wp:term":[{"taxonomy":"category","embeddable":true,"href":"https:\/\/peoplesphere.be\/fr\/wp-json\/wp\/v2\/categories?post=9281"},{"taxonomy":"post_tag","embeddable":true,"href":"https:\/\/peoplesphere.be\/fr\/wp-json\/wp\/v2\/tags?post=9281"}],"curies":[{"name":"wp","href":"https:\/\/api.w.org\/{rel}","templated":true}]}}