









{"id":9318,"date":"2020-03-27T08:29:10","date_gmt":"2020-03-27T06:29:10","guid":{"rendered":"https:\/\/peoplesphere.be\/fr\/?p=9318"},"modified":"2020-03-27T08:29:10","modified_gmt":"2020-03-27T06:29:10","slug":"secteur-de-lassurance-sengage-a-soutenir-entreprises-particuliers-difficulte-suite-a-crise-coronavirus","status":"publish","type":"post","link":"https:\/\/peoplesphere.be\/fr\/secteur-de-lassurance-sengage-a-soutenir-entreprises-particuliers-difficulte-suite-a-crise-coronavirus\/","title":{"rendered":"Le secteur de l&rsquo;assurance s&rsquo;engage \u00e0 soutenir les entreprises et les particuliers en difficult\u00e9 suite \u00e0 la crise du coronavirus."},"content":{"rendered":"<p>Le secteur belge de l\u2019assurance va s\u2019efforcer d\u2019att\u00e9nuer l\u2019incidence n\u00e9gative de la crise du coronavirus sur les particuliers, les m\u00e9nages, les ind\u00e9pendants et les entreprises. Au cours des prochains mois, les entreprises d\u2019assurance feront preuve de flexibilit\u00e9 \u00e0 l\u2019\u00e9gard des clients en difficult\u00e9 et veilleront \u00e0 ce qu\u2019ils restent prot\u00e9g\u00e9s en permanence. L\u2019organisation sectorielle vient de parvenir \u00e0 un accord sur la question, qui a \u00e9t\u00e9 facilit\u00e9 par la Banque nationale, avec l\u2019appui de la FSMA et du gouvernement f\u00e9d\u00e9ral.<!--more--><\/p>\n<p>Apr\u00e8s que les pouvoirs publics et le secteur bancaire ont pris de nombreuses initiatives ces<br \/>\nderni\u00e8res semaines pour att\u00e9nuer les cons\u00e9quences \u00e9conomiques de la pand\u00e9mie de coronavirus, c\u2019est \u00e0 pr\u00e9sent au tour du secteur belge de l\u2019assurance de consentir des efforts.<\/p>\n<p>L\u2019attention se porte principalement sur les groupes de la soci\u00e9t\u00e9 qui sont les plus touch\u00e9s par les retomb\u00e9es \u00e9conomiques de la crise du coronavirus, \u00e0 savoir les nombreux travailleurs mis au ch\u00f4mage temporaire et les entreprises contraintes de fermer leurs portes ou dont l\u2019activit\u00e9 \u00e9conomique chute fortement.<\/p>\n<p>Le train de mesures communiqu\u00e9 aujourd\u2019hui par Assuralia, l\u2019union professionnelle des entreprises d\u2019assurances, s\u2019inscrit dans le cadre des travaux de l\u2019Economic Risk Management Group (ERMG), que le \ufffc\ufffc\ufffc\ufffcgouvernement f\u00e9d\u00e9ral a cr\u00e9\u00e9 pour lutter contre les cons\u00e9quences \u00e9conomiques de la pand\u00e9mie de\u00a0\ufffccoronavirus.<\/p>\n<p>Concr\u00e8tement, il s\u2019agit notamment de faire preuve de flexibilit\u00e9 \u00e0 l\u2019\u00e9gard des personnes qui rencontrent des difficult\u00e9s de paiement, d\u2019accorder un r\u00e9pit \u00e0 celles qui doivent rembourser un cr\u00e9dit hypoth\u00e9caire, de mettre au point un dispositif concernant les assurances relatives au solde restant d\u00fb et les assurances-incendie (cette derni\u00e8re disposition concerne toute personne devenue ch\u00f4meuse). Il est \u00e9galement important que les assureurs s\u2019engagent \u00e0 continuer de prot\u00e9ger le personnel en cas de ch\u00f4mage temporaire.<\/p>\n<p><strong><em>Voici un relev\u00e9 des mesures prises pour les personnes physiques sont mises au ch\u00f4mage temporaire en raison de la crise du COVID- 19:\u00a0<\/em><\/strong><\/p>\n<p>\u2022\u00a0Le secteur de l\u2019assurance s\u2019engage \u00e0 poursuivre, sans autres formalit\u00e9s, les couvertures en mati\u00e8re de pension, de d\u00e9c\u00e8s, d\u2019invalidit\u00e9 et d\u2019hospitalisation dans le cadre des assurances collectives (contract\u00e9es par les employeurs) des personnes mises au ch\u00f4mage temporaire. Le paiement des primes dues dans ce cadre par les employeurs est report\u00e9 au\u00a030 septembre 2020, tandis que le paiement des primes dues par les travailleurs est annul\u00e9.<\/p>\n<p>\u2022 Les paiements d\u2019int\u00e9r\u00eats et les remboursements en capital de cr\u00e9dits hypoth\u00e9caires contract\u00e9s aupr\u00e8s d\u2019entreprises d\u2019assurance, ainsi que le paiement des primes d\u2019assurances solde restant d\u00fb li\u00e9es \u00e0 des emprunts hypoth\u00e9caires, sont suspendus jusqu\u2019au<br \/>\n30 septembre 2020, pour autant que l\u2019assur\u00e9 puisse d\u00e9montrer qu\u2019il a \u00e9t\u00e9 confront\u00e9 \u00e0 des difficult\u00e9s financi\u00e8res en raison de la crise du COVID-19. Cet accord va dans le m\u00eame sens que celui conclu par les autorit\u00e9s avec les banques. En outre, un report de paiement jusqu\u2019au 30 septembre prochain pourra aussi \u00eatre obtenu pour les primes d\u2019assurances- incendie li\u00e9es \u00e0 des pr\u00eats hypoth\u00e9caires arrivant \u00e0 \u00e9ch\u00e9ance entre le 30 mars et le\u00a030 septembre 2020. Cette derni\u00e8re disposition ne s\u2019applique qu\u2019aux personnes qui ont \u00e9t\u00e9 mises au ch\u00f4mage.<\/p>\n<p>\u2022 En ce qui concerne toutes les autres assurances, les assur\u00e9s qui conna\u00eetraient des difficult\u00e9s pour payer leur prime sont pri\u00e9s de prendre contact directement avec leur assureur ou interm\u00e9diaire afin d\u2019examiner si une solution ad\u00e9quate peut \u00eatre trouv\u00e9e.<\/p>\n<p><strong><em>En ce qui concerne les entreprises touch\u00e9es par la crise du COVID-19 :<\/em><\/strong><\/p>\n<p>\u2022 Le secteur de l\u2019assurance souligne que certaines couvertures d\u2019assurance (accidents du travail, responsabilit\u00e9 civile, etc.) pr\u00e9voient d\u00e9j\u00e0 une adaptation ult\u00e9rieure de la prime en cas de r\u00e9duction des activit\u00e9s. Cette adaptation est imput\u00e9e automatiquement. En outre, les entreprises qui se voient contraintes d\u2019interrompre leurs activit\u00e9s conform\u00e9ment \u00e0 la demande des autorit\u00e9s pourront obtenir un report de paiement, en concertation avec leur assureur, pour toutes les primes arrivant \u00e0 \u00e9ch\u00e9ance entre le 30 mars et le\u00a030 septembre 2020. Pour toute autre mesure \u00e9ventuelle concernant la suspension des contrats, il est recommand\u00e9 aux entreprises de prendre contact directement avec leur assureur ou interm\u00e9diaire.<\/p>\n<p>\u2022 S\u2019agissant des pr\u00eats octroy\u00e9s aux entreprises, les assureurs s\u2019aligneront \u00e9galement sur les conditions d\u00e9j\u00e0 d\u00e9finies pour le secteur bancaire, \u00e0 savoir un report du remboursement des cr\u00e9dits (paiements d\u2019int\u00e9r\u00eats et remboursements en capital) jusqu\u2019au 30 septembre 2020.<\/p>\n<p>Nathalie Muylle, ministre de l\u2019Emploi, de l\u2019\u00c9conomie et des Consommateurs commente cet accord en ces termes : <em>\u00ab Nous mettons actuellement tout en \u0153uvre pour limiter les dommages caus\u00e9s \u00e0 notre \u00e9conomie et maintenir le pouvoir d\u2019achat des m\u00e9nages. L\u2019essentiel est de permettre un red\u00e9marrage rapide de l\u2019\u00e9conomie. Il faut donc saluer les mesures prises par le secteur de l\u2019assurance dans ces circonstances exceptionnelles afin de continuer de couvrir les risques pesant sur les entreprises et les m\u00e9nages priv\u00e9s. \u00bb<\/em><\/p>\n<p>Ces derniers jours, la Banque nationale a men\u00e9 d\u2019intenses n\u00e9gociations avec le secteur de l\u2019assurance concernant ce train de mesures. <em>\u00ab Nous sommes tr\u00e8s heureux que le secteur de l\u2019assurance, \u00e0 l\u2019instar du secteur bancaire, assume lui aussi ses responsabilit\u00e9s socio-\u00e9conomiques \u00bb<\/em>, a d\u00e9clar\u00e9 Jean Hilgers, directeur de la Banque nationale. \u00ab<em> Nous sommes \u00e9galement conscients que ces mesures interviennent alors que le secteur de l\u2019assurance ressent d\u00e9j\u00e0 les effets n\u00e9gatifs des turbulences secouant les march\u00e9s financiers. En effet, la tendance baissi\u00e8re sur les march\u00e9s boursiers et l\u2019augmentation des spreads sur les obligations de plusieurs \u00c9tats membres de l\u2019UE exercent d\u00e9j\u00e0 une incidence n\u00e9gative sur le bilan prudentiel des assureurs, qui est traditionnellement \u00e9valu\u00e9 \u00e0 la valeur de march\u00e9. Dans ce contexte difficile, nous tenons \u00e0 remercier Assuralia et ses membres pour cette initiative. \u00bb<\/em><\/p>\n<p>Hilde Vernaillen, pr\u00e9sidente d\u2019Assuralia, compl\u00e8te encore : <em>\u00ab Les assureurs t\u00e9moignent de leur solidarit\u00e9, d\u2019une part, en accordant un report des paiements des primes aux personnes qui sont le plus dans le besoin et, d\u2019autre part, en maintenant la protection des couvertures compl\u00e9mentaires vitales (d\u00e9c\u00e8s, invalidit\u00e9 et hospitalisation) dans l\u2019assurance-groupe pour toute personne soumise au ch\u00f4mage temporaire. \u00bb<\/em><\/p>\n<p><em>Source : Banque Nationale de Belgique<\/em><\/p>\n","protected":false},"excerpt":{"rendered":"<p>Le secteur belge de l\u2019assurance va s\u2019efforcer d\u2019att\u00e9nuer l\u2019incidence n\u00e9gative de la crise du coronavirus sur les particuliers, les m\u00e9nages, les ind\u00e9pendants et les entreprises. Au cours des prochains mois, les entreprises d\u2019assurance feront preuve de flexibilit\u00e9 \u00e0 l\u2019\u00e9gard des [&hellip;]<\/p>\n","protected":false},"author":2,"featured_media":0,"comment_status":"closed","ping_status":"open","sticky":false,"template":"","format":"standard","meta":[],"categories":[65,10],"tags":[372,1412,2947,43],"yoast_head":"<!-- This site is optimized with the Yoast SEO plugin v21.0 - https:\/\/yoast.com\/wordpress\/plugins\/seo\/ -->\n<title>Le secteur de l&#039;assurance s&#039;engage \u00e0 soutenir les entreprises et les particuliers en difficult\u00e9 suite \u00e0 la crise du coronavirus. - Peoplesphere<\/title>\n<meta name=\"robots\" content=\"index, follow, max-snippet:-1, max-image-preview:large, max-video-preview:-1\" \/>\n<link rel=\"canonical\" href=\"https:\/\/peoplesphere.be\/fr\/secteur-de-lassurance-sengage-a-soutenir-entreprises-particuliers-difficulte-suite-a-crise-coronavirus\/\" \/>\n<meta property=\"og:locale\" content=\"fr_FR\" \/>\n<meta property=\"og:type\" content=\"article\" \/>\n<meta property=\"og:title\" content=\"Le secteur de l&#039;assurance s&#039;engage \u00e0 soutenir les entreprises et les particuliers en difficult\u00e9 suite \u00e0 la crise du coronavirus. - Peoplesphere\" \/>\n<meta property=\"og:description\" content=\"Le secteur belge de l\u2019assurance va s\u2019efforcer d\u2019att\u00e9nuer l\u2019incidence n\u00e9gative de la crise du coronavirus sur les particuliers, les m\u00e9nages, les ind\u00e9pendants et les entreprises. Au cours des prochains mois, les entreprises d\u2019assurance feront preuve de flexibilit\u00e9 \u00e0 l\u2019\u00e9gard des [&hellip;]\" \/>\n<meta property=\"og:url\" content=\"https:\/\/peoplesphere.be\/fr\/secteur-de-lassurance-sengage-a-soutenir-entreprises-particuliers-difficulte-suite-a-crise-coronavirus\/\" \/>\n<meta property=\"og:site_name\" content=\"Peoplesphere\" \/>\n<meta property=\"article:publisher\" content=\"https:\/\/www.facebook.com\/peoplesphere\" \/>\n<meta property=\"article:published_time\" content=\"2020-03-27T06:29:10+00:00\" \/>\n<meta property=\"og:image\" content=\"http:\/\/www.peoplesphere.be\/fr\/wp-content\/uploads\/2016\/07\/facebook-default-posting-1200x628px.jpg\" \/>\n<meta name=\"author\" content=\"Jean-Paul Erhard\" \/>\n<meta name=\"twitter:card\" content=\"summary_large_image\" \/>\n<meta name=\"twitter:creator\" content=\"@PeoplesphereMag\" \/>\n<meta name=\"twitter:site\" content=\"@PeoplesphereMag\" \/>\n<meta name=\"twitter:label1\" content=\"\u00c9crit par\" \/>\n\t<meta name=\"twitter:data1\" content=\"Jean-Paul Erhard\" \/>\n\t<meta name=\"twitter:label2\" content=\"Dur\u00e9e de lecture estim\u00e9e\" \/>\n\t<meta name=\"twitter:data2\" content=\"5 minutes\" \/>\n<script type=\"application\/ld+json\" class=\"yoast-schema-graph\">{\"@context\":\"https:\/\/schema.org\",\"@graph\":[{\"@type\":\"Article\",\"@id\":\"https:\/\/peoplesphere.be\/fr\/secteur-de-lassurance-sengage-a-soutenir-entreprises-particuliers-difficulte-suite-a-crise-coronavirus\/#article\",\"isPartOf\":{\"@id\":\"https:\/\/peoplesphere.be\/fr\/secteur-de-lassurance-sengage-a-soutenir-entreprises-particuliers-difficulte-suite-a-crise-coronavirus\/\"},\"author\":{\"name\":\"Jean-Paul Erhard\",\"@id\":\"https:\/\/peoplesphere.be\/fr\/#\/schema\/person\/7976225ff17988604334abb7b3536a7e\"},\"headline\":\"Le secteur de l&rsquo;assurance s&rsquo;engage \u00e0 soutenir les entreprises et les particuliers en difficult\u00e9 suite \u00e0 la crise du coronavirus.\",\"datePublished\":\"2020-03-27T06:29:10+00:00\",\"dateModified\":\"2020-03-27T06:29:10+00:00\",\"mainEntityOfPage\":{\"@id\":\"https:\/\/peoplesphere.be\/fr\/secteur-de-lassurance-sengage-a-soutenir-entreprises-particuliers-difficulte-suite-a-crise-coronavirus\/\"},\"wordCount\":1105,\"publisher\":{\"@id\":\"https:\/\/peoplesphere.be\/fr\/#organization\"},\"keywords\":[\"assurances\",\"BNB\",\"coronavirus\",\"Risques\"],\"articleSection\":[\"Actualit\u00e9s\",\"Digital\"],\"inLanguage\":\"fr-FR\"},{\"@type\":\"WebPage\",\"@id\":\"https:\/\/peoplesphere.be\/fr\/secteur-de-lassurance-sengage-a-soutenir-entreprises-particuliers-difficulte-suite-a-crise-coronavirus\/\",\"url\":\"https:\/\/peoplesphere.be\/fr\/secteur-de-lassurance-sengage-a-soutenir-entreprises-particuliers-difficulte-suite-a-crise-coronavirus\/\",\"name\":\"Le secteur de l'assurance s'engage \u00e0 soutenir les entreprises et les particuliers en difficult\u00e9 suite \u00e0 la crise du coronavirus. - Peoplesphere\",\"isPartOf\":{\"@id\":\"https:\/\/peoplesphere.be\/fr\/#website\"},\"datePublished\":\"2020-03-27T06:29:10+00:00\",\"dateModified\":\"2020-03-27T06:29:10+00:00\",\"breadcrumb\":{\"@id\":\"https:\/\/peoplesphere.be\/fr\/secteur-de-lassurance-sengage-a-soutenir-entreprises-particuliers-difficulte-suite-a-crise-coronavirus\/#breadcrumb\"},\"inLanguage\":\"fr-FR\",\"potentialAction\":[{\"@type\":\"ReadAction\",\"target\":[\"https:\/\/peoplesphere.be\/fr\/secteur-de-lassurance-sengage-a-soutenir-entreprises-particuliers-difficulte-suite-a-crise-coronavirus\/\"]}]},{\"@type\":\"BreadcrumbList\",\"@id\":\"https:\/\/peoplesphere.be\/fr\/secteur-de-lassurance-sengage-a-soutenir-entreprises-particuliers-difficulte-suite-a-crise-coronavirus\/#breadcrumb\",\"itemListElement\":[{\"@type\":\"ListItem\",\"position\":1,\"name\":\"Accueil\",\"item\":\"https:\/\/peoplesphere.be\/fr\/\"},{\"@type\":\"ListItem\",\"position\":2,\"name\":\"Le secteur de l&rsquo;assurance s&rsquo;engage \u00e0 soutenir les entreprises et les particuliers en difficult\u00e9 suite \u00e0 la crise du coronavirus.\"}]},{\"@type\":\"WebSite\",\"@id\":\"https:\/\/peoplesphere.be\/fr\/#website\",\"url\":\"https:\/\/peoplesphere.be\/fr\/\",\"name\":\"Peoplesphere\",\"description\":\"The People Managers Magazine\",\"publisher\":{\"@id\":\"https:\/\/peoplesphere.be\/fr\/#organization\"},\"potentialAction\":[{\"@type\":\"SearchAction\",\"target\":{\"@type\":\"EntryPoint\",\"urlTemplate\":\"https:\/\/peoplesphere.be\/fr\/?s={search_term_string}\"},\"query-input\":\"required name=search_term_string\"}],\"inLanguage\":\"fr-FR\"},{\"@type\":\"Organization\",\"@id\":\"https:\/\/peoplesphere.be\/fr\/#organization\",\"name\":\"Peoplesphere Company srl\",\"url\":\"https:\/\/peoplesphere.be\/fr\/\",\"logo\":{\"@type\":\"ImageObject\",\"inLanguage\":\"fr-FR\",\"@id\":\"https:\/\/peoplesphere.be\/fr\/#\/schema\/logo\/image\/\",\"url\":\"https:\/\/peoplesphere.be\/fr\/wp-content\/uploads\/2023\/07\/peoplesphere-lgo-new-generik.jpg\",\"contentUrl\":\"https:\/\/peoplesphere.be\/fr\/wp-content\/uploads\/2023\/07\/peoplesphere-lgo-new-generik.jpg\",\"width\":1031,\"height\":1479,\"caption\":\"Peoplesphere Company srl\"},\"image\":{\"@id\":\"https:\/\/peoplesphere.be\/fr\/#\/schema\/logo\/image\/\"},\"sameAs\":[\"https:\/\/www.facebook.com\/peoplesphere\",\"https:\/\/twitter.com\/PeoplesphereMag\",\"https:\/\/www.linkedin.com\/company\/7587361?trk\",\"http:\/\/youtube.com\/peoplesphere\"]},{\"@type\":\"Person\",\"@id\":\"https:\/\/peoplesphere.be\/fr\/#\/schema\/person\/7976225ff17988604334abb7b3536a7e\",\"name\":\"Jean-Paul Erhard\",\"image\":{\"@type\":\"ImageObject\",\"inLanguage\":\"fr-FR\",\"@id\":\"https:\/\/peoplesphere.be\/fr\/#\/schema\/person\/image\/\",\"url\":\"https:\/\/secure.gravatar.com\/avatar\/f941e681460179738071629a51574930?s=96&d=mm&r=g\",\"contentUrl\":\"https:\/\/secure.gravatar.com\/avatar\/f941e681460179738071629a51574930?s=96&d=mm&r=g\",\"caption\":\"Jean-Paul Erhard\"},\"url\":\"https:\/\/peoplesphere.be\/fr\/author\/jpe\/\"}]}<\/script>\n<!-- \/ Yoast SEO plugin. -->","yoast_head_json":{"title":"Le secteur de l'assurance s'engage \u00e0 soutenir les entreprises et les particuliers en difficult\u00e9 suite \u00e0 la crise du coronavirus. - Peoplesphere","robots":{"index":"index","follow":"follow","max-snippet":"max-snippet:-1","max-image-preview":"max-image-preview:large","max-video-preview":"max-video-preview:-1"},"canonical":"https:\/\/peoplesphere.be\/fr\/secteur-de-lassurance-sengage-a-soutenir-entreprises-particuliers-difficulte-suite-a-crise-coronavirus\/","og_locale":"fr_FR","og_type":"article","og_title":"Le secteur de l'assurance s'engage \u00e0 soutenir les entreprises et les particuliers en difficult\u00e9 suite \u00e0 la crise du coronavirus. - Peoplesphere","og_description":"Le secteur belge de l\u2019assurance va s\u2019efforcer d\u2019att\u00e9nuer l\u2019incidence n\u00e9gative de la crise du coronavirus sur les particuliers, les m\u00e9nages, les ind\u00e9pendants et les entreprises. Au cours des prochains mois, les entreprises d\u2019assurance feront preuve de flexibilit\u00e9 \u00e0 l\u2019\u00e9gard des [&hellip;]","og_url":"https:\/\/peoplesphere.be\/fr\/secteur-de-lassurance-sengage-a-soutenir-entreprises-particuliers-difficulte-suite-a-crise-coronavirus\/","og_site_name":"Peoplesphere","article_publisher":"https:\/\/www.facebook.com\/peoplesphere","article_published_time":"2020-03-27T06:29:10+00:00","og_image":[{"url":"http:\/\/www.peoplesphere.be\/fr\/wp-content\/uploads\/2016\/07\/facebook-default-posting-1200x628px.jpg"}],"author":"Jean-Paul Erhard","twitter_card":"summary_large_image","twitter_creator":"@PeoplesphereMag","twitter_site":"@PeoplesphereMag","twitter_misc":{"\u00c9crit par":"Jean-Paul Erhard","Dur\u00e9e de lecture estim\u00e9e":"5 minutes"},"schema":{"@context":"https:\/\/schema.org","@graph":[{"@type":"Article","@id":"https:\/\/peoplesphere.be\/fr\/secteur-de-lassurance-sengage-a-soutenir-entreprises-particuliers-difficulte-suite-a-crise-coronavirus\/#article","isPartOf":{"@id":"https:\/\/peoplesphere.be\/fr\/secteur-de-lassurance-sengage-a-soutenir-entreprises-particuliers-difficulte-suite-a-crise-coronavirus\/"},"author":{"name":"Jean-Paul Erhard","@id":"https:\/\/peoplesphere.be\/fr\/#\/schema\/person\/7976225ff17988604334abb7b3536a7e"},"headline":"Le secteur de l&rsquo;assurance s&rsquo;engage \u00e0 soutenir les entreprises et les particuliers en difficult\u00e9 suite \u00e0 la crise du coronavirus.","datePublished":"2020-03-27T06:29:10+00:00","dateModified":"2020-03-27T06:29:10+00:00","mainEntityOfPage":{"@id":"https:\/\/peoplesphere.be\/fr\/secteur-de-lassurance-sengage-a-soutenir-entreprises-particuliers-difficulte-suite-a-crise-coronavirus\/"},"wordCount":1105,"publisher":{"@id":"https:\/\/peoplesphere.be\/fr\/#organization"},"keywords":["assurances","BNB","coronavirus","Risques"],"articleSection":["Actualit\u00e9s","Digital"],"inLanguage":"fr-FR"},{"@type":"WebPage","@id":"https:\/\/peoplesphere.be\/fr\/secteur-de-lassurance-sengage-a-soutenir-entreprises-particuliers-difficulte-suite-a-crise-coronavirus\/","url":"https:\/\/peoplesphere.be\/fr\/secteur-de-lassurance-sengage-a-soutenir-entreprises-particuliers-difficulte-suite-a-crise-coronavirus\/","name":"Le secteur de l'assurance s'engage \u00e0 soutenir les entreprises et les particuliers en difficult\u00e9 suite \u00e0 la crise du coronavirus. - Peoplesphere","isPartOf":{"@id":"https:\/\/peoplesphere.be\/fr\/#website"},"datePublished":"2020-03-27T06:29:10+00:00","dateModified":"2020-03-27T06:29:10+00:00","breadcrumb":{"@id":"https:\/\/peoplesphere.be\/fr\/secteur-de-lassurance-sengage-a-soutenir-entreprises-particuliers-difficulte-suite-a-crise-coronavirus\/#breadcrumb"},"inLanguage":"fr-FR","potentialAction":[{"@type":"ReadAction","target":["https:\/\/peoplesphere.be\/fr\/secteur-de-lassurance-sengage-a-soutenir-entreprises-particuliers-difficulte-suite-a-crise-coronavirus\/"]}]},{"@type":"BreadcrumbList","@id":"https:\/\/peoplesphere.be\/fr\/secteur-de-lassurance-sengage-a-soutenir-entreprises-particuliers-difficulte-suite-a-crise-coronavirus\/#breadcrumb","itemListElement":[{"@type":"ListItem","position":1,"name":"Accueil","item":"https:\/\/peoplesphere.be\/fr\/"},{"@type":"ListItem","position":2,"name":"Le secteur de l&rsquo;assurance s&rsquo;engage \u00e0 soutenir les entreprises et les particuliers en difficult\u00e9 suite \u00e0 la crise du coronavirus."}]},{"@type":"WebSite","@id":"https:\/\/peoplesphere.be\/fr\/#website","url":"https:\/\/peoplesphere.be\/fr\/","name":"Peoplesphere","description":"The People Managers Magazine","publisher":{"@id":"https:\/\/peoplesphere.be\/fr\/#organization"},"potentialAction":[{"@type":"SearchAction","target":{"@type":"EntryPoint","urlTemplate":"https:\/\/peoplesphere.be\/fr\/?s={search_term_string}"},"query-input":"required name=search_term_string"}],"inLanguage":"fr-FR"},{"@type":"Organization","@id":"https:\/\/peoplesphere.be\/fr\/#organization","name":"Peoplesphere Company srl","url":"https:\/\/peoplesphere.be\/fr\/","logo":{"@type":"ImageObject","inLanguage":"fr-FR","@id":"https:\/\/peoplesphere.be\/fr\/#\/schema\/logo\/image\/","url":"https:\/\/peoplesphere.be\/fr\/wp-content\/uploads\/2023\/07\/peoplesphere-lgo-new-generik.jpg","contentUrl":"https:\/\/peoplesphere.be\/fr\/wp-content\/uploads\/2023\/07\/peoplesphere-lgo-new-generik.jpg","width":1031,"height":1479,"caption":"Peoplesphere Company srl"},"image":{"@id":"https:\/\/peoplesphere.be\/fr\/#\/schema\/logo\/image\/"},"sameAs":["https:\/\/www.facebook.com\/peoplesphere","https:\/\/twitter.com\/PeoplesphereMag","https:\/\/www.linkedin.com\/company\/7587361?trk","http:\/\/youtube.com\/peoplesphere"]},{"@type":"Person","@id":"https:\/\/peoplesphere.be\/fr\/#\/schema\/person\/7976225ff17988604334abb7b3536a7e","name":"Jean-Paul Erhard","image":{"@type":"ImageObject","inLanguage":"fr-FR","@id":"https:\/\/peoplesphere.be\/fr\/#\/schema\/person\/image\/","url":"https:\/\/secure.gravatar.com\/avatar\/f941e681460179738071629a51574930?s=96&d=mm&r=g","contentUrl":"https:\/\/secure.gravatar.com\/avatar\/f941e681460179738071629a51574930?s=96&d=mm&r=g","caption":"Jean-Paul Erhard"},"url":"https:\/\/peoplesphere.be\/fr\/author\/jpe\/"}]}},"_links":{"self":[{"href":"https:\/\/peoplesphere.be\/fr\/wp-json\/wp\/v2\/posts\/9318"}],"collection":[{"href":"https:\/\/peoplesphere.be\/fr\/wp-json\/wp\/v2\/posts"}],"about":[{"href":"https:\/\/peoplesphere.be\/fr\/wp-json\/wp\/v2\/types\/post"}],"author":[{"embeddable":true,"href":"https:\/\/peoplesphere.be\/fr\/wp-json\/wp\/v2\/users\/2"}],"replies":[{"embeddable":true,"href":"https:\/\/peoplesphere.be\/fr\/wp-json\/wp\/v2\/comments?post=9318"}],"version-history":[{"count":1,"href":"https:\/\/peoplesphere.be\/fr\/wp-json\/wp\/v2\/posts\/9318\/revisions"}],"predecessor-version":[{"id":9319,"href":"https:\/\/peoplesphere.be\/fr\/wp-json\/wp\/v2\/posts\/9318\/revisions\/9319"}],"wp:attachment":[{"href":"https:\/\/peoplesphere.be\/fr\/wp-json\/wp\/v2\/media?parent=9318"}],"wp:term":[{"taxonomy":"category","embeddable":true,"href":"https:\/\/peoplesphere.be\/fr\/wp-json\/wp\/v2\/categories?post=9318"},{"taxonomy":"post_tag","embeddable":true,"href":"https:\/\/peoplesphere.be\/fr\/wp-json\/wp\/v2\/tags?post=9318"}],"curies":[{"name":"wp","href":"https:\/\/api.w.org\/{rel}","templated":true}]}}