









{"id":9346,"date":"2020-04-02T09:09:46","date_gmt":"2020-04-02T07:09:46","guid":{"rendered":"https:\/\/peoplesphere.be\/fr\/?p=9346"},"modified":"2020-04-02T09:09:46","modified_gmt":"2020-04-02T07:09:46","slug":"mesures-durgence-matiere-dassurance-chomage-doivent-etre-suivies-dune-reflexion-long-terme-eviter-catastrophe-sociale","status":"publish","type":"post","link":"https:\/\/peoplesphere.be\/fr\/mesures-durgence-matiere-dassurance-chomage-doivent-etre-suivies-dune-reflexion-long-terme-eviter-catastrophe-sociale\/","title":{"rendered":"Les mesures d&rsquo;urgence en mati\u00e8re d&rsquo;assurance-ch\u00f4mage doivent \u00eatre suivies d&rsquo;une r\u00e9flexion long terme pour \u00e9viter une catastrophe sociale."},"content":{"rendered":"<p>Avec la crise du coronavirus, des chercheurs UCLouvain, KU Leuven et UGent interpellent les autorit\u00e9s sur l\u2019attention indispensable \u00e0 apporter aux incitations cr\u00e9\u00e9es par les mesures prises en urgence (ch\u00f4mage temporaire, etc.). Ils pointent l&rsquo;importance de ces mesures visant \u00e0 sauver les postes de travail et le savoir-faire par des mesures strictement temporaires. Toutefois, ils soulignent qu&rsquo;une attention accrue aux incitations cr\u00e9\u00e9es par les dispositions prises en urgence est \u00e0 pr\u00e9sent n\u00e9cessaire car, <em>\u00ab\u00a0malgr\u00e9 ces soutiens, des salari\u00e9s seront licenci\u00e9s dans les jours et semaines qui viennent ou l\u2019ont d\u00e9j\u00e0 \u00e9t\u00e9. Ils ne peuvent \u00eatre oubli\u00e9s. De mani\u00e8re strictement temporaire, il est, d\u00e8s lors, recommand\u00e9 de r\u00e9duire la dur\u00e9e d\u2019emploi pr\u00e9alable \u00e0 l\u2019octroi des allocations de ch\u00f4mage complet.\u00a0\u00bb<\/em><!--more--><\/p>\n<p>Le choc qui frappe nos \u00e9conomies n\u2019a rien en commun avec d\u2019autres crises survenues dans le pass\u00e9 proche, comme celle de la Grande R\u00e9cession de 2008-2009. Aucune activit\u00e9 \u00e9conomique viable juste avant la crise du Covid-19 n\u2019est devenue obsol\u00e8te du seul fait de celle-ci. L\u2019offre d\u2019un ensemble de biens et services a brutalement baiss\u00e9 ou disparu en raison des freins, motiv\u00e9s, \u00e0 la mobilit\u00e9 et aux contacts en face-\u00e0-face. Des probl\u00e8mes d\u2019approvisionnements internationaux se sont ajout\u00e9s. Beaucoup d\u2019\u00e9changes \u00e9conomiques se sont donc rar\u00e9fi\u00e9s mais les co\u00fbts fixes des entreprises concern\u00e9es sont, eux, demeur\u00e9s pr\u00e9sents. L\u2019incertitude sur la dur\u00e9e de ces graves perturbations engendre des attentes pessimistes (comme l\u2019indique le barom\u00e8tre de conjoncture de mars de la Banque Nationale de Belgique) et incite \u00e0 reporter des d\u00e9cisions qui repr\u00e9sentent une forme d\u2019investissement. Les licenciements et le report des embauches font d\u00e8s lors partie des ajustements spontan\u00e9s de nos \u00e9conomies. Ceci affecte n\u00e9gativement les personnes concern\u00e9es et l\u2019ensemble de ces \u00e9volutions peut conduire \u00e0 une contraction \u00e9conomique plus ou moins durable.<\/p>\n<p>Dans ce contexte sommairement d\u00e9peint, il faut \u00e0 court terme d\u00e9sinciter les entreprises en difficult\u00e9 \u00e0 licencier massivement. Les postes de travail et le savoir-faire sont ainsi sauvegard\u00e9s et les pertes de revenus limit\u00e9es. Les autorit\u00e9s belges ont eu cette pr\u00e9occupation rapidement \u00e0 l\u2019esprit et ont heureusement agi. Pour les personnes licenci\u00e9es, r\u00e9cemment ou non, il faut aussi att\u00e9nuer le choc subi. Avant de d\u00e9velopper ces r\u00e9ponses, rappelons qu\u2019atteindre ces objectifs repr\u00e9sente bien \u00e9videmment un co\u00fbt pour la collectivit\u00e9. Or, notre situation d\u2019endettement public est pr\u00e9occupante et p\u00e8se sur la capacit\u00e9 publique \u00e0 r\u00e9pondre aux d\u00e9fis de moyen et long terme (vieillissement, sant\u00e9 publique, r\u00e9chauffement climatique, etc.). Notre \u00c9tat f\u00e9d\u00e9ral doit jouer, un temps et de mani\u00e8re coordonn\u00e9e, le r\u00f4le d\u2019assureur et de payeur de dernier ressort, mais sans perdre de vue les g\u00e9n\u00e9rations jeunes et \u00e0 venir. A ce stade, ni toutes les entreprises ni tous les m\u00e9nages n\u2019ont besoin d\u2019une aide financi\u00e8re. Des comportements opportunistes peu soucieux de l\u2019int\u00e9r\u00eat collectif peuvent \u00eatre favoris\u00e9s par la forme pr\u00e9cise prise par l\u2019intervention publique. Une attention accrue aux incitations cr\u00e9\u00e9es par les dispositions prises en urgence est \u00e0 pr\u00e9sent n\u00e9cessaire. Des contr\u00f4les bien pens\u00e9s sont un compl\u00e9ment limit\u00e9 mais utile, requ\u00e9rant probablement un ajustement \u00e0 la hausse des capacit\u00e9s publiques de contr\u00f4le (contr\u00f4leurs sociaux de l\u2019ONEM, inspection du travail, etc.).<\/p>\n<p>Pour freiner la propension des employeurs \u00e0 licencier, l\u2019extension de la notion de \u00abforce majeure\u00bb en mati\u00e8re de ch\u00f4mage temporaire figure parmi les mesures prises par les autorit\u00e9s publiques. Cette mesure est limit\u00e9e dans le temps et accessible \u00e0 un large \u00e9ventail d\u2019entreprises et de travailleurs. S\u2019il appara\u00eet justifi\u00e9 de minimiser les contr\u00f4les d\u2019\u00e9ligibilit\u00e9 \u00e0 l\u2019entr\u00e9e, l\u2019absence de remise de justificatif par l\u2019employeur permettant un contr\u00f4le a posteriori risque de mener \u00e0 des abus. En outre, il y a lieu de se pr\u00e9occuper de certains types de travailleurs qui, sans avoir un statut de salari\u00e9, d\u00e9pendent dans les faits d\u2019un employeur (livreurs, chauffeurs, etc.).<\/p>\n<p>Il est \u00e0 noter que la formule d\u2019extension de la force majeure pr\u00e9voit que les entreprises ne sont pas oblig\u00e9es de fermer totalement. Ceci rend possible, sans toutefois h\u00e9las l\u2019encourager, une rotation de la main d\u2019\u0153uvre et un partage du travail existant. Comme l\u2019\u00e9conomiste Arindrajit Dube l\u2019explique, il faudrait que les employeurs aient financi\u00e8rement plus d\u2019int\u00e9r\u00eat \u00e0 garder leurs travailleurs en emploi (\u00e0 temps partiel) plut\u00f4t que de les mettre en ch\u00f4mage temporaire. En outre, selon le site web de la FEB, <em>\u00abl\u2019ONEM autorise \u00e0 travailler chez un autre employeur que celui qui a mis le travailleur en ch\u00f4mage temporaire\u00bb<\/em>. Toutefois, la mesure n\u2019incite pas financi\u00e8rement \u00e0 une reprise du travail \u00e0 temps partiel (par n\u00e9cessit\u00e9 \u00e9conomique ou priv\u00e9e, comme le fait de devoir s\u2019occuper de ses enfants) puisque les revenus de ces journ\u00e9es ouvr\u00e9es ne peuvent pas, m\u00eame partiellement, \u00eatre cumul\u00e9s avec l\u2019allocation de ch\u00f4mage.<\/p>\n<p>La mobilisation des plateformes digitales existantes facilitant la rencontre entre les besoins des employeurs et la population devrait permettre de rencontrer certains besoins urgents dans des secteurs tr\u00e8s sollicit\u00e9s actuellement. Ce serait de m\u00eame bien utile lors de la sortie progressive du confinement dans la mesure o\u00f9 l\u2019on peut s\u2019attendre \u00e0 une certaine inad\u00e9quation entre le profil des travailleurs immunis\u00e9s et celui des emplois des secteurs o\u00f9 l\u2019activit\u00e9 \u00e9conomique pourra reprendre. Or, la mise en \u0153uvre de cette rencontre entre besoins et disponibilit\u00e9 en main d\u2019\u0153uvre est complexe. Elle requiert que le dispositif de ch\u00f4mage temporaire soit suffisamment incitatif \u00e0 la reprise du travail m\u00eame partiel (comme c&rsquo;est le cas pour le ch\u00f4mage complet avec l&rsquo;allocation de garantie de revenu), que des formations en ligne pr\u00e9parent ces personnes si elles doivent exercer de nouvelles fonctions (voir \u00e0 ce propos le pic observ\u00e9 dans les formations en ligne en Flandre, notamment en fran\u00e7ais, comptabilit\u00e9 et intelligence artificielle), que diverses pr\u00e9occupations de nature juridique soient anticip\u00e9es (nature du contrat, assurance couvrant les risques li\u00e9s \u00e0 l\u2019ex\u00e9cution des t\u00e2ches, par exemple), etc.<\/p>\n<p>Quelles que soient les possibilit\u00e9s offertes par le syst\u00e8me de ch\u00f4mage temporaire, des salari\u00e9s seront licenci\u00e9s dans les jours et semaines qui viennent. Sans inciter les employeurs \u00e0 recourir massivement au ch\u00f4mage complet plut\u00f4t qu\u2019au ch\u00f4mage temporaire (o\u00f9 l\u2019admissibilit\u00e9 du travailleur est imm\u00e9diate en cas de motif de force majeure coronavirus), il faudrait d\u00e9cider d\u2019all\u00e9ger temporairement la dur\u00e9e d\u2019emploi pr\u00e9alable \u00e0 l\u2019octroi d\u2019allocations de ch\u00f4mage complet en Belgique (dont, en simplifiant, la dur\u00e9e varie d\u2019une \u00e0 deux ann\u00e9es selon l\u2019\u00e2ge du demandeur).<\/p>\n<p>Certains secteurs fort sollicit\u00e9s recrutent sans doute encore. A cette nuance pr\u00e8s, la plupart des personnes d\u00e9j\u00e0 en ch\u00f4mage avant le d\u00e9but du confinement ou qui y entrent ces temps-ci, ne vont pas avoir de chances significatives d\u2019\u00eatre embauch\u00e9es durant les semaines o\u00f9 le confinement est strict, voire au-del\u00e0 si l\u2019\u00e9conomie a du mal \u00e0 reprendre du souffle. Durant toute cette p\u00e9riode et cette p\u00e9riode seulement :<br \/>\n\u2022 Le compteur de dur\u00e9e de ch\u00f4mage qui intervient dans le calcul des trois ann\u00e9es de droit aux allocations d\u2019insertion apr\u00e8s les \u00e9tudes et le compteur de dur\u00e9e qui intervient pour le calcul des allocations d\u00e9gressives de ch\u00f4mage complet doit \u00eatre interrompu.<br \/>\n\u2022 Les rendez-vous de contr\u00f4le de l\u2019effort de recherche d\u2019emploi doivent \u00eatre postpos\u00e9s et l\u2019absence de preuves de recherche d\u2019emploi durant la p\u00e9riode en question ne peut \u00eatre pris en compte dans le contr\u00f4le de l\u2019effort de recherche.<\/p>\n<p>Ces mesures n\u2019impliquent pas qu\u2019il faille cesser tout accompagnement visant \u00e0 favoriser le retour \u00e0 l\u2019emploi des ch\u00f4meurs. Ainsi, dans la crise actuelle, les services r\u00e9gionaux de l\u2019emploi ont tout leur r\u00f4le \u00e0 jouer, comme celui de stimuler financi\u00e8rement la formation (\u00e0 distance) pendant la p\u00e9riode d\u2019inoccupation, en r\u00e9orientant \u00e9ventuellement des budgets allou\u00e9s \u00e0 la formation en pr\u00e9sentiel, de continuer \u00e0 alimenter les plateformes d\u2019offres d\u2019emploi (cf. supra) et d\u2019encourager, en cette p\u00e9riode de rar\u00e9faction des embauches, les demandeurs d\u2019emploi \u00e0 \u00e9largir la gamme des possibilit\u00e9s d\u2019emploi qui s\u2019offrent \u00e0 eux.<\/p>\n<p>De tels ajustements au syst\u00e8me d\u2019assurance-ch\u00f4mage ne sont pas isol\u00e9s. De nombreux \u00c9tats am\u00e9ricains y recourent. Selon des informations directes, la Su\u00e8de suspend \u00e9galement le contr\u00f4le de l\u2019effort de recherche d\u2019emploi par les ch\u00f4meurs. De tels ajustements peuvent, eux aussi, susciter des comportements opportunistes, dans le chef des ch\u00f4meurs cette fois. Cette attitude est cependant \u00e0 court terme un probl\u00e8me de second-ordre.<\/p>\n<p>Pour terminer, soulignons l\u2019importance de veiller au caract\u00e8re strictement temporaire des diverses mesures mises en place. Nos syst\u00e8mes d\u2019assurance sociale et de redistribution sont d\u2019une complexit\u00e9 inou\u00efe et les moyens pour les financer sont rares. Toute tentative de p\u00e9rennisation des mesures prises dans l\u2019urgence rendrait un tr\u00e8s mauvais service \u00e0 la collectivit\u00e9. Car le temps viendra prochainement de red\u00e9finir des priorit\u00e9s coh\u00e9rentes en mati\u00e8re d\u2019assurance sociale et de redistribution, en ayant pris du recul par rapport \u00e0 la p\u00e9nible exp\u00e9rience en cours.<\/p>\n<p><em>Source: Regards Economiques &#8211; Ont particip\u00e9 \u00e0 cette \u00e9tude : Bart Cockx (Vakgroep Economie, UGent), Muriel Dejemeppe (IRES, UCLouvain), Koen Declercq (LEER, KU Leuven) et Bruno Van der Linden (IRES, UCLouvain).<\/em><\/p>\n","protected":false},"excerpt":{"rendered":"<p>Avec la crise du coronavirus, des chercheurs UCLouvain, KU Leuven et UGent interpellent les autorit\u00e9s sur l\u2019attention indispensable \u00e0 apporter aux incitations cr\u00e9\u00e9es par les mesures prises en urgence (ch\u00f4mage temporaire, etc.). Ils pointent l&rsquo;importance de ces mesures visant \u00e0 [&hellip;]<\/p>\n","protected":false},"author":2,"featured_media":0,"comment_status":"closed","ping_status":"open","sticky":false,"template":"","format":"standard","meta":[],"categories":[65,10],"tags":[2994,2947,11,514,136,397,2747],"yoast_head":"<!-- This site is optimized with the Yoast SEO plugin v21.0 - https:\/\/yoast.com\/wordpress\/plugins\/seo\/ -->\n<title>Les mesures d&#039;urgence en mati\u00e8re d&#039;assurance-ch\u00f4mage doivent \u00eatre suivies d&#039;une r\u00e9flexion long terme pour \u00e9viter une catastrophe sociale. - Peoplesphere<\/title>\n<meta name=\"robots\" content=\"index, follow, max-snippet:-1, max-image-preview:large, max-video-preview:-1\" \/>\n<link rel=\"canonical\" href=\"https:\/\/peoplesphere.be\/fr\/mesures-durgence-matiere-dassurance-chomage-doivent-etre-suivies-dune-reflexion-long-terme-eviter-catastrophe-sociale\/\" \/>\n<meta property=\"og:locale\" content=\"fr_FR\" \/>\n<meta property=\"og:type\" content=\"article\" \/>\n<meta property=\"og:title\" content=\"Les mesures d&#039;urgence en mati\u00e8re d&#039;assurance-ch\u00f4mage doivent \u00eatre suivies d&#039;une r\u00e9flexion long terme pour \u00e9viter une catastrophe sociale. - Peoplesphere\" \/>\n<meta property=\"og:description\" content=\"Avec la crise du coronavirus, des chercheurs UCLouvain, KU Leuven et UGent interpellent les autorit\u00e9s sur l\u2019attention indispensable \u00e0 apporter aux incitations cr\u00e9\u00e9es par les mesures prises en urgence (ch\u00f4mage temporaire, etc.). Ils pointent l&rsquo;importance de ces mesures visant \u00e0 [&hellip;]\" \/>\n<meta property=\"og:url\" content=\"https:\/\/peoplesphere.be\/fr\/mesures-durgence-matiere-dassurance-chomage-doivent-etre-suivies-dune-reflexion-long-terme-eviter-catastrophe-sociale\/\" \/>\n<meta property=\"og:site_name\" content=\"Peoplesphere\" \/>\n<meta property=\"article:publisher\" content=\"https:\/\/www.facebook.com\/peoplesphere\" \/>\n<meta property=\"article:published_time\" content=\"2020-04-02T07:09:46+00:00\" \/>\n<meta property=\"og:image\" content=\"http:\/\/www.peoplesphere.be\/fr\/wp-content\/uploads\/2016\/07\/facebook-default-posting-1200x628px.jpg\" \/>\n<meta name=\"author\" content=\"Jean-Paul Erhard\" \/>\n<meta name=\"twitter:card\" content=\"summary_large_image\" \/>\n<meta name=\"twitter:creator\" content=\"@PeoplesphereMag\" \/>\n<meta name=\"twitter:site\" content=\"@PeoplesphereMag\" \/>\n<meta name=\"twitter:label1\" content=\"\u00c9crit par\" \/>\n\t<meta name=\"twitter:data1\" content=\"Jean-Paul Erhard\" \/>\n\t<meta name=\"twitter:label2\" content=\"Dur\u00e9e de lecture estim\u00e9e\" \/>\n\t<meta name=\"twitter:data2\" content=\"8 minutes\" \/>\n<script type=\"application\/ld+json\" class=\"yoast-schema-graph\">{\"@context\":\"https:\/\/schema.org\",\"@graph\":[{\"@type\":\"Article\",\"@id\":\"https:\/\/peoplesphere.be\/fr\/mesures-durgence-matiere-dassurance-chomage-doivent-etre-suivies-dune-reflexion-long-terme-eviter-catastrophe-sociale\/#article\",\"isPartOf\":{\"@id\":\"https:\/\/peoplesphere.be\/fr\/mesures-durgence-matiere-dassurance-chomage-doivent-etre-suivies-dune-reflexion-long-terme-eviter-catastrophe-sociale\/\"},\"author\":{\"name\":\"Jean-Paul Erhard\",\"@id\":\"https:\/\/peoplesphere.be\/fr\/#\/schema\/person\/7976225ff17988604334abb7b3536a7e\"},\"headline\":\"Les mesures d&rsquo;urgence en mati\u00e8re d&rsquo;assurance-ch\u00f4mage doivent \u00eatre suivies d&rsquo;une r\u00e9flexion long terme pour \u00e9viter une catastrophe sociale.\",\"datePublished\":\"2020-04-02T07:09:46+00:00\",\"dateModified\":\"2020-04-02T07:09:46+00:00\",\"mainEntityOfPage\":{\"@id\":\"https:\/\/peoplesphere.be\/fr\/mesures-durgence-matiere-dassurance-chomage-doivent-etre-suivies-dune-reflexion-long-terme-eviter-catastrophe-sociale\/\"},\"wordCount\":1670,\"publisher\":{\"@id\":\"https:\/\/peoplesphere.be\/fr\/#organization\"},\"keywords\":[\"assurance-ch\u00f4mage\",\"coronavirus\",\"emploi\",\"licenciements\",\"mobilit\u00e9\",\"ONEM\",\"Regards \u00e9conomiques\"],\"articleSection\":[\"Actualit\u00e9s\",\"Digital\"],\"inLanguage\":\"fr-FR\"},{\"@type\":\"WebPage\",\"@id\":\"https:\/\/peoplesphere.be\/fr\/mesures-durgence-matiere-dassurance-chomage-doivent-etre-suivies-dune-reflexion-long-terme-eviter-catastrophe-sociale\/\",\"url\":\"https:\/\/peoplesphere.be\/fr\/mesures-durgence-matiere-dassurance-chomage-doivent-etre-suivies-dune-reflexion-long-terme-eviter-catastrophe-sociale\/\",\"name\":\"Les mesures d'urgence en mati\u00e8re d'assurance-ch\u00f4mage doivent \u00eatre suivies d'une r\u00e9flexion long terme pour \u00e9viter une catastrophe sociale. - Peoplesphere\",\"isPartOf\":{\"@id\":\"https:\/\/peoplesphere.be\/fr\/#website\"},\"datePublished\":\"2020-04-02T07:09:46+00:00\",\"dateModified\":\"2020-04-02T07:09:46+00:00\",\"breadcrumb\":{\"@id\":\"https:\/\/peoplesphere.be\/fr\/mesures-durgence-matiere-dassurance-chomage-doivent-etre-suivies-dune-reflexion-long-terme-eviter-catastrophe-sociale\/#breadcrumb\"},\"inLanguage\":\"fr-FR\",\"potentialAction\":[{\"@type\":\"ReadAction\",\"target\":[\"https:\/\/peoplesphere.be\/fr\/mesures-durgence-matiere-dassurance-chomage-doivent-etre-suivies-dune-reflexion-long-terme-eviter-catastrophe-sociale\/\"]}]},{\"@type\":\"BreadcrumbList\",\"@id\":\"https:\/\/peoplesphere.be\/fr\/mesures-durgence-matiere-dassurance-chomage-doivent-etre-suivies-dune-reflexion-long-terme-eviter-catastrophe-sociale\/#breadcrumb\",\"itemListElement\":[{\"@type\":\"ListItem\",\"position\":1,\"name\":\"Accueil\",\"item\":\"https:\/\/peoplesphere.be\/fr\/\"},{\"@type\":\"ListItem\",\"position\":2,\"name\":\"Les mesures d&rsquo;urgence en mati\u00e8re d&rsquo;assurance-ch\u00f4mage doivent \u00eatre suivies d&rsquo;une r\u00e9flexion long terme pour \u00e9viter une catastrophe sociale.\"}]},{\"@type\":\"WebSite\",\"@id\":\"https:\/\/peoplesphere.be\/fr\/#website\",\"url\":\"https:\/\/peoplesphere.be\/fr\/\",\"name\":\"Peoplesphere\",\"description\":\"The People Managers Magazine\",\"publisher\":{\"@id\":\"https:\/\/peoplesphere.be\/fr\/#organization\"},\"potentialAction\":[{\"@type\":\"SearchAction\",\"target\":{\"@type\":\"EntryPoint\",\"urlTemplate\":\"https:\/\/peoplesphere.be\/fr\/?s={search_term_string}\"},\"query-input\":\"required name=search_term_string\"}],\"inLanguage\":\"fr-FR\"},{\"@type\":\"Organization\",\"@id\":\"https:\/\/peoplesphere.be\/fr\/#organization\",\"name\":\"Peoplesphere Company srl\",\"url\":\"https:\/\/peoplesphere.be\/fr\/\",\"logo\":{\"@type\":\"ImageObject\",\"inLanguage\":\"fr-FR\",\"@id\":\"https:\/\/peoplesphere.be\/fr\/#\/schema\/logo\/image\/\",\"url\":\"https:\/\/peoplesphere.be\/fr\/wp-content\/uploads\/2023\/07\/peoplesphere-lgo-new-generik.jpg\",\"contentUrl\":\"https:\/\/peoplesphere.be\/fr\/wp-content\/uploads\/2023\/07\/peoplesphere-lgo-new-generik.jpg\",\"width\":1031,\"height\":1479,\"caption\":\"Peoplesphere Company srl\"},\"image\":{\"@id\":\"https:\/\/peoplesphere.be\/fr\/#\/schema\/logo\/image\/\"},\"sameAs\":[\"https:\/\/www.facebook.com\/peoplesphere\",\"https:\/\/twitter.com\/PeoplesphereMag\",\"https:\/\/www.linkedin.com\/company\/7587361?trk\",\"http:\/\/youtube.com\/peoplesphere\"]},{\"@type\":\"Person\",\"@id\":\"https:\/\/peoplesphere.be\/fr\/#\/schema\/person\/7976225ff17988604334abb7b3536a7e\",\"name\":\"Jean-Paul Erhard\",\"image\":{\"@type\":\"ImageObject\",\"inLanguage\":\"fr-FR\",\"@id\":\"https:\/\/peoplesphere.be\/fr\/#\/schema\/person\/image\/\",\"url\":\"https:\/\/secure.gravatar.com\/avatar\/f941e681460179738071629a51574930?s=96&d=mm&r=g\",\"contentUrl\":\"https:\/\/secure.gravatar.com\/avatar\/f941e681460179738071629a51574930?s=96&d=mm&r=g\",\"caption\":\"Jean-Paul Erhard\"},\"url\":\"https:\/\/peoplesphere.be\/fr\/author\/jpe\/\"}]}<\/script>\n<!-- \/ Yoast SEO plugin. -->","yoast_head_json":{"title":"Les mesures d'urgence en mati\u00e8re d'assurance-ch\u00f4mage doivent \u00eatre suivies d'une r\u00e9flexion long terme pour \u00e9viter une catastrophe sociale. - Peoplesphere","robots":{"index":"index","follow":"follow","max-snippet":"max-snippet:-1","max-image-preview":"max-image-preview:large","max-video-preview":"max-video-preview:-1"},"canonical":"https:\/\/peoplesphere.be\/fr\/mesures-durgence-matiere-dassurance-chomage-doivent-etre-suivies-dune-reflexion-long-terme-eviter-catastrophe-sociale\/","og_locale":"fr_FR","og_type":"article","og_title":"Les mesures d'urgence en mati\u00e8re d'assurance-ch\u00f4mage doivent \u00eatre suivies d'une r\u00e9flexion long terme pour \u00e9viter une catastrophe sociale. - Peoplesphere","og_description":"Avec la crise du coronavirus, des chercheurs UCLouvain, KU Leuven et UGent interpellent les autorit\u00e9s sur l\u2019attention indispensable \u00e0 apporter aux incitations cr\u00e9\u00e9es par les mesures prises en urgence (ch\u00f4mage temporaire, etc.). Ils pointent l&rsquo;importance de ces mesures visant \u00e0 [&hellip;]","og_url":"https:\/\/peoplesphere.be\/fr\/mesures-durgence-matiere-dassurance-chomage-doivent-etre-suivies-dune-reflexion-long-terme-eviter-catastrophe-sociale\/","og_site_name":"Peoplesphere","article_publisher":"https:\/\/www.facebook.com\/peoplesphere","article_published_time":"2020-04-02T07:09:46+00:00","og_image":[{"url":"http:\/\/www.peoplesphere.be\/fr\/wp-content\/uploads\/2016\/07\/facebook-default-posting-1200x628px.jpg"}],"author":"Jean-Paul Erhard","twitter_card":"summary_large_image","twitter_creator":"@PeoplesphereMag","twitter_site":"@PeoplesphereMag","twitter_misc":{"\u00c9crit par":"Jean-Paul Erhard","Dur\u00e9e de lecture estim\u00e9e":"8 minutes"},"schema":{"@context":"https:\/\/schema.org","@graph":[{"@type":"Article","@id":"https:\/\/peoplesphere.be\/fr\/mesures-durgence-matiere-dassurance-chomage-doivent-etre-suivies-dune-reflexion-long-terme-eviter-catastrophe-sociale\/#article","isPartOf":{"@id":"https:\/\/peoplesphere.be\/fr\/mesures-durgence-matiere-dassurance-chomage-doivent-etre-suivies-dune-reflexion-long-terme-eviter-catastrophe-sociale\/"},"author":{"name":"Jean-Paul Erhard","@id":"https:\/\/peoplesphere.be\/fr\/#\/schema\/person\/7976225ff17988604334abb7b3536a7e"},"headline":"Les mesures d&rsquo;urgence en mati\u00e8re d&rsquo;assurance-ch\u00f4mage doivent \u00eatre suivies d&rsquo;une r\u00e9flexion long terme pour \u00e9viter une catastrophe sociale.","datePublished":"2020-04-02T07:09:46+00:00","dateModified":"2020-04-02T07:09:46+00:00","mainEntityOfPage":{"@id":"https:\/\/peoplesphere.be\/fr\/mesures-durgence-matiere-dassurance-chomage-doivent-etre-suivies-dune-reflexion-long-terme-eviter-catastrophe-sociale\/"},"wordCount":1670,"publisher":{"@id":"https:\/\/peoplesphere.be\/fr\/#organization"},"keywords":["assurance-ch\u00f4mage","coronavirus","emploi","licenciements","mobilit\u00e9","ONEM","Regards \u00e9conomiques"],"articleSection":["Actualit\u00e9s","Digital"],"inLanguage":"fr-FR"},{"@type":"WebPage","@id":"https:\/\/peoplesphere.be\/fr\/mesures-durgence-matiere-dassurance-chomage-doivent-etre-suivies-dune-reflexion-long-terme-eviter-catastrophe-sociale\/","url":"https:\/\/peoplesphere.be\/fr\/mesures-durgence-matiere-dassurance-chomage-doivent-etre-suivies-dune-reflexion-long-terme-eviter-catastrophe-sociale\/","name":"Les mesures d'urgence en mati\u00e8re d'assurance-ch\u00f4mage doivent \u00eatre suivies d'une r\u00e9flexion long terme pour \u00e9viter une catastrophe sociale. - Peoplesphere","isPartOf":{"@id":"https:\/\/peoplesphere.be\/fr\/#website"},"datePublished":"2020-04-02T07:09:46+00:00","dateModified":"2020-04-02T07:09:46+00:00","breadcrumb":{"@id":"https:\/\/peoplesphere.be\/fr\/mesures-durgence-matiere-dassurance-chomage-doivent-etre-suivies-dune-reflexion-long-terme-eviter-catastrophe-sociale\/#breadcrumb"},"inLanguage":"fr-FR","potentialAction":[{"@type":"ReadAction","target":["https:\/\/peoplesphere.be\/fr\/mesures-durgence-matiere-dassurance-chomage-doivent-etre-suivies-dune-reflexion-long-terme-eviter-catastrophe-sociale\/"]}]},{"@type":"BreadcrumbList","@id":"https:\/\/peoplesphere.be\/fr\/mesures-durgence-matiere-dassurance-chomage-doivent-etre-suivies-dune-reflexion-long-terme-eviter-catastrophe-sociale\/#breadcrumb","itemListElement":[{"@type":"ListItem","position":1,"name":"Accueil","item":"https:\/\/peoplesphere.be\/fr\/"},{"@type":"ListItem","position":2,"name":"Les mesures d&rsquo;urgence en mati\u00e8re d&rsquo;assurance-ch\u00f4mage doivent \u00eatre suivies d&rsquo;une r\u00e9flexion long terme pour \u00e9viter une catastrophe sociale."}]},{"@type":"WebSite","@id":"https:\/\/peoplesphere.be\/fr\/#website","url":"https:\/\/peoplesphere.be\/fr\/","name":"Peoplesphere","description":"The People Managers Magazine","publisher":{"@id":"https:\/\/peoplesphere.be\/fr\/#organization"},"potentialAction":[{"@type":"SearchAction","target":{"@type":"EntryPoint","urlTemplate":"https:\/\/peoplesphere.be\/fr\/?s={search_term_string}"},"query-input":"required name=search_term_string"}],"inLanguage":"fr-FR"},{"@type":"Organization","@id":"https:\/\/peoplesphere.be\/fr\/#organization","name":"Peoplesphere Company srl","url":"https:\/\/peoplesphere.be\/fr\/","logo":{"@type":"ImageObject","inLanguage":"fr-FR","@id":"https:\/\/peoplesphere.be\/fr\/#\/schema\/logo\/image\/","url":"https:\/\/peoplesphere.be\/fr\/wp-content\/uploads\/2023\/07\/peoplesphere-lgo-new-generik.jpg","contentUrl":"https:\/\/peoplesphere.be\/fr\/wp-content\/uploads\/2023\/07\/peoplesphere-lgo-new-generik.jpg","width":1031,"height":1479,"caption":"Peoplesphere Company srl"},"image":{"@id":"https:\/\/peoplesphere.be\/fr\/#\/schema\/logo\/image\/"},"sameAs":["https:\/\/www.facebook.com\/peoplesphere","https:\/\/twitter.com\/PeoplesphereMag","https:\/\/www.linkedin.com\/company\/7587361?trk","http:\/\/youtube.com\/peoplesphere"]},{"@type":"Person","@id":"https:\/\/peoplesphere.be\/fr\/#\/schema\/person\/7976225ff17988604334abb7b3536a7e","name":"Jean-Paul Erhard","image":{"@type":"ImageObject","inLanguage":"fr-FR","@id":"https:\/\/peoplesphere.be\/fr\/#\/schema\/person\/image\/","url":"https:\/\/secure.gravatar.com\/avatar\/f941e681460179738071629a51574930?s=96&d=mm&r=g","contentUrl":"https:\/\/secure.gravatar.com\/avatar\/f941e681460179738071629a51574930?s=96&d=mm&r=g","caption":"Jean-Paul Erhard"},"url":"https:\/\/peoplesphere.be\/fr\/author\/jpe\/"}]}},"_links":{"self":[{"href":"https:\/\/peoplesphere.be\/fr\/wp-json\/wp\/v2\/posts\/9346"}],"collection":[{"href":"https:\/\/peoplesphere.be\/fr\/wp-json\/wp\/v2\/posts"}],"about":[{"href":"https:\/\/peoplesphere.be\/fr\/wp-json\/wp\/v2\/types\/post"}],"author":[{"embeddable":true,"href":"https:\/\/peoplesphere.be\/fr\/wp-json\/wp\/v2\/users\/2"}],"replies":[{"embeddable":true,"href":"https:\/\/peoplesphere.be\/fr\/wp-json\/wp\/v2\/comments?post=9346"}],"version-history":[{"count":1,"href":"https:\/\/peoplesphere.be\/fr\/wp-json\/wp\/v2\/posts\/9346\/revisions"}],"predecessor-version":[{"id":9347,"href":"https:\/\/peoplesphere.be\/fr\/wp-json\/wp\/v2\/posts\/9346\/revisions\/9347"}],"wp:attachment":[{"href":"https:\/\/peoplesphere.be\/fr\/wp-json\/wp\/v2\/media?parent=9346"}],"wp:term":[{"taxonomy":"category","embeddable":true,"href":"https:\/\/peoplesphere.be\/fr\/wp-json\/wp\/v2\/categories?post=9346"},{"taxonomy":"post_tag","embeddable":true,"href":"https:\/\/peoplesphere.be\/fr\/wp-json\/wp\/v2\/tags?post=9346"}],"curies":[{"name":"wp","href":"https:\/\/api.w.org\/{rel}","templated":true}]}}