









{"id":9356,"date":"2020-04-03T10:42:12","date_gmt":"2020-04-03T08:42:12","guid":{"rendered":"https:\/\/peoplesphere.be\/fr\/?p=9356"},"modified":"2020-04-03T10:42:12","modified_gmt":"2020-04-03T08:42:12","slug":"secteur-de-mobilite-reclame-lautorisation-dexercer-a-nouveau-activites-toute-securite","status":"publish","type":"post","link":"https:\/\/peoplesphere.be\/fr\/secteur-de-mobilite-reclame-lautorisation-dexercer-a-nouveau-activites-toute-securite\/","title":{"rendered":"Le secteur de la mobilit\u00e9 r\u00e9clame l&rsquo;autorisation d&rsquo;exercer \u00e0 nouveau ses activit\u00e9s, en toute s\u00e9curit\u00e9."},"content":{"rendered":"<p>Les importateurs, garagistes et loueurs de v\u00e9hicules demandent au gouvernement qu\u2019il assouplisse les mesures restrictives en vigueur pour leur secteur lors du prochain ajustement qu\u2019il effectuera. Les concessionnaires et le secteur de la r\u00e9paration se disent parfaitement en mesure de garantir les r\u00e8gles d\u2019hygi\u00e8ne et de distanciation sociale et rappellent par ailleurs leur r\u00f4le essentiel \u00e0 la relance \u00e9conomique.<!--more--><\/p>\n<p>Depuis la fermeture obligatoire des commerces, le commerce automobile et les services connexes de l\u2019apr\u00e8s-vente sont pratiquement \u00e0 l\u2019arr\u00eat complet. Les statistiques d\u2019immatriculation des voitures, motos, camionnettes et utilitaires lourds sont actuellement quasiment r\u00e9duites \u00e0 z\u00e9ro :<\/p>\n<ul>\n<li>La r\u00e9ception de v\u00e9hicules est interdite, m\u00eame si ceuxci sont pr\u00eats dans nos ports, chez l\u2019importateur ou le vendeur, en attente de leur nouveau propri\u00e9taire;<\/li>\n<li>Le contr\u00f4le technique d\u2019occasion des v\u00e9hicules \u00e0 immatriculer n\u2019est plus possible ;<\/li>\n<li>Les soci\u00e9t\u00e9s de leasing ne peuvent proc\u00e9der ni \u00e0 la livraison de v\u00e9hicules neufs ni \u00e0 la reprise des v\u00e9hicules arriv\u00e9s en fin de contrat.<\/li>\n<\/ul>\n<p>Seuls les d\u00e9pannages et r\u00e9parations urgents demeurent autoris\u00e9s mais cette activit\u00e9 ne repr\u00e9sente qu\u2019une fraction de l\u2019activit\u00e9 habituelle de nos garages et v\u00e9locistes.<\/p>\n<p>Cette situation hypoth\u00e8que le flux vital et ininterrompu de l\u2019approvisionnement des magasins (alimentaires), des entreprises et du secteur m\u00e9dical, bref, l\u2019assurance de pouvoir proposer des moyens de d\u00e9placement s\u00fbrs \u00e0 ceux qui en ont vraiment besoin.<\/p>\n<p>Le secteur de la mobilit\u00e9, repr\u00e9sent\u00e9 par FEBIAC, RENTA et TRAXIO, reconna\u00eet que ces mesures fortes sont, tout comme dans d\u2019autres secteurs \u00e9conomiques, une n\u00e9cessit\u00e9 absolue des plus appr\u00e9ci\u00e9e.<\/p>\n<p>Toutefois, il souligne \u00ab\u00a0<em>qu&rsquo;elles ne prolongent les chances de survie de nos d\u00e9taillants que pendant un bref r\u00e9pit, en raison du caract\u00e8re fortement capitalistique de leurs activit\u00e9s. Nous sommes fermement convaincus que l\u2019on peut et que l\u2019on doit en faire davantage, dans le strict respect des r\u00e8gles de s\u00e9curit\u00e9 et d\u2019hygi\u00e8ne qui sont par ailleurs tr\u00e8s justifi\u00e9es.\u00a0C\u2019est pourquoi notre secteur demande que les activit\u00e9s principales suivantes puissent reprendre le plus vite possible afin de p\u00e9renniser les chances de survie de nos entreprises sectorielles :<\/em><\/p>\n<ul>\n<li><em>Assurer la r\u00e9ception des v\u00e9hicules d\u00e9j\u00e0 vendus aux clients en respectant la distanciation sociale. Les v\u00e9hicules ayant fait l\u2019objet de commandes ant\u00e9rieures et livr\u00e9s depuis, s\u2019amoncellent chez les concessionnaires, les importateurs, les centres de distribution logistique et dans les ports belges. Elles sont pr\u00eates \u00e0 assurer la r\u00e9ception individuelle des v\u00e9hicules aux clients sans contact ou par le biais de la livraison \u00e0 domicile.<\/em><\/li>\n<li><em>La reprise des activit\u00e9s de commerce de v\u00e9hicules d\u2019occasion telles que le contr\u00f4le technique d\u2019occasion et la revisite dans toutes les r\u00e9gions du pays, l\u2019\u00e9valuation et la r\u00e9paration des sinistres, le transport du v\u00e9hicule et la possibilit\u00e9 d\u2019aller le voir dans un showroom.\u00a0<\/em><\/li>\n<li><em>La possibilit\u00e9 d\u2019exercer des activit\u00e9s r\u00e9guli\u00e8res d\u2019entretien et de r\u00e9paration, sur rendez-vous individuel avec le client et, ici aussi, dans le respect scrupuleux de la distanciation sociale.\u00a0<\/em><\/li>\n<\/ul>\n<p><em>Si aucune mesure transitoire n\u2019\u00e9tait prise, le blocage actuel de la production et du commerce automobile menacerait \u00e9galement de paralyser une partie des futures ventes de voitures. La production et le march\u00e9 ayant des mois de retard, les v\u00e9hicules d\u00e9j\u00e0 command\u00e9s mais pas encore mis en production, ainsi que les r\u00e9serves existantes de v\u00e9hicules pas encore vendus ne pourront pas se r\u00e9sorber dans les d\u00e9lais pr\u00e9vus.\u00a0<\/em><em>Dans les circonstances actuelles, nous ne nous attendons pas \u00e0 ce que les citoyens et les entreprises puissent reprendre leurs activit\u00e9s imm\u00e9diatement apr\u00e8s le 19 avril mais au nom des secteurs comme les n\u00f4tres, capables de respecter strictement les consignes sanitaires et la distanciation sociale, nous appelons de nos v\u0153ux une certaine souplesse.\u00a0\u00bb<\/em><\/p>\n<p><em>Source: FEBIAC &#8211; Traxio &#8211; Renta<\/em><\/p>\n","protected":false},"excerpt":{"rendered":"<p>Les importateurs, garagistes et loueurs de v\u00e9hicules demandent au gouvernement qu\u2019il assouplisse les mesures restrictives en vigueur pour leur secteur lors du prochain ajustement qu\u2019il effectuera. Les concessionnaires et le secteur de la r\u00e9paration se disent parfaitement en mesure de [&hellip;]<\/p>\n","protected":false},"author":2,"featured_media":0,"comment_status":"closed","ping_status":"open","sticky":false,"template":"","format":"standard","meta":[],"categories":[65,10],"tags":[2978,2947,2995,1321,136,2219,1322,1323],"yoast_head":"<!-- This site is optimized with the Yoast SEO plugin v21.0 - https:\/\/yoast.com\/wordpress\/plugins\/seo\/ -->\n<title>Le secteur de la mobilit\u00e9 r\u00e9clame l&#039;autorisation d&#039;exercer \u00e0 nouveau ses activit\u00e9s, en toute s\u00e9curit\u00e9. - Peoplesphere<\/title>\n<meta name=\"robots\" content=\"index, follow, max-snippet:-1, max-image-preview:large, max-video-preview:-1\" \/>\n<link rel=\"canonical\" href=\"https:\/\/peoplesphere.be\/fr\/secteur-de-mobilite-reclame-lautorisation-dexercer-a-nouveau-activites-toute-securite\/\" \/>\n<meta property=\"og:locale\" content=\"fr_FR\" \/>\n<meta property=\"og:type\" content=\"article\" \/>\n<meta property=\"og:title\" content=\"Le secteur de la mobilit\u00e9 r\u00e9clame l&#039;autorisation d&#039;exercer \u00e0 nouveau ses activit\u00e9s, en toute s\u00e9curit\u00e9. - Peoplesphere\" \/>\n<meta property=\"og:description\" content=\"Les importateurs, garagistes et loueurs de v\u00e9hicules demandent au gouvernement qu\u2019il assouplisse les mesures restrictives en vigueur pour leur secteur lors du prochain ajustement qu\u2019il effectuera. Les concessionnaires et le secteur de la r\u00e9paration se disent parfaitement en mesure de [&hellip;]\" \/>\n<meta property=\"og:url\" content=\"https:\/\/peoplesphere.be\/fr\/secteur-de-mobilite-reclame-lautorisation-dexercer-a-nouveau-activites-toute-securite\/\" \/>\n<meta property=\"og:site_name\" content=\"Peoplesphere\" \/>\n<meta property=\"article:publisher\" content=\"https:\/\/www.facebook.com\/peoplesphere\" \/>\n<meta property=\"article:published_time\" content=\"2020-04-03T08:42:12+00:00\" \/>\n<meta property=\"og:image\" content=\"http:\/\/www.peoplesphere.be\/fr\/wp-content\/uploads\/2016\/07\/facebook-default-posting-1200x628px.jpg\" \/>\n<meta name=\"author\" content=\"Jean-Paul Erhard\" \/>\n<meta name=\"twitter:card\" content=\"summary_large_image\" \/>\n<meta name=\"twitter:creator\" content=\"@PeoplesphereMag\" \/>\n<meta name=\"twitter:site\" content=\"@PeoplesphereMag\" \/>\n<meta name=\"twitter:label1\" content=\"\u00c9crit par\" \/>\n\t<meta name=\"twitter:data1\" content=\"Jean-Paul Erhard\" \/>\n\t<meta name=\"twitter:label2\" content=\"Dur\u00e9e de lecture estim\u00e9e\" \/>\n\t<meta name=\"twitter:data2\" content=\"3 minutes\" \/>\n<script type=\"application\/ld+json\" class=\"yoast-schema-graph\">{\"@context\":\"https:\/\/schema.org\",\"@graph\":[{\"@type\":\"Article\",\"@id\":\"https:\/\/peoplesphere.be\/fr\/secteur-de-mobilite-reclame-lautorisation-dexercer-a-nouveau-activites-toute-securite\/#article\",\"isPartOf\":{\"@id\":\"https:\/\/peoplesphere.be\/fr\/secteur-de-mobilite-reclame-lautorisation-dexercer-a-nouveau-activites-toute-securite\/\"},\"author\":{\"name\":\"Jean-Paul Erhard\",\"@id\":\"https:\/\/peoplesphere.be\/fr\/#\/schema\/person\/7976225ff17988604334abb7b3536a7e\"},\"headline\":\"Le secteur de la mobilit\u00e9 r\u00e9clame l&rsquo;autorisation d&rsquo;exercer \u00e0 nouveau ses activit\u00e9s, en toute s\u00e9curit\u00e9.\",\"datePublished\":\"2020-04-03T08:42:12+00:00\",\"dateModified\":\"2020-04-03T08:42:12+00:00\",\"mainEntityOfPage\":{\"@id\":\"https:\/\/peoplesphere.be\/fr\/secteur-de-mobilite-reclame-lautorisation-dexercer-a-nouveau-activites-toute-securite\/\"},\"wordCount\":699,\"publisher\":{\"@id\":\"https:\/\/peoplesphere.be\/fr\/#organization\"},\"keywords\":[\"confinement\",\"coronavirus\",\"distanciation sociale\",\"febiac\",\"mobilit\u00e9\",\"relance \u00e9conomique\",\"renta\",\"traxio\"],\"articleSection\":[\"Actualit\u00e9s\",\"Digital\"],\"inLanguage\":\"fr-FR\"},{\"@type\":\"WebPage\",\"@id\":\"https:\/\/peoplesphere.be\/fr\/secteur-de-mobilite-reclame-lautorisation-dexercer-a-nouveau-activites-toute-securite\/\",\"url\":\"https:\/\/peoplesphere.be\/fr\/secteur-de-mobilite-reclame-lautorisation-dexercer-a-nouveau-activites-toute-securite\/\",\"name\":\"Le secteur de la mobilit\u00e9 r\u00e9clame l'autorisation d'exercer \u00e0 nouveau ses activit\u00e9s, en toute s\u00e9curit\u00e9. - Peoplesphere\",\"isPartOf\":{\"@id\":\"https:\/\/peoplesphere.be\/fr\/#website\"},\"datePublished\":\"2020-04-03T08:42:12+00:00\",\"dateModified\":\"2020-04-03T08:42:12+00:00\",\"breadcrumb\":{\"@id\":\"https:\/\/peoplesphere.be\/fr\/secteur-de-mobilite-reclame-lautorisation-dexercer-a-nouveau-activites-toute-securite\/#breadcrumb\"},\"inLanguage\":\"fr-FR\",\"potentialAction\":[{\"@type\":\"ReadAction\",\"target\":[\"https:\/\/peoplesphere.be\/fr\/secteur-de-mobilite-reclame-lautorisation-dexercer-a-nouveau-activites-toute-securite\/\"]}]},{\"@type\":\"BreadcrumbList\",\"@id\":\"https:\/\/peoplesphere.be\/fr\/secteur-de-mobilite-reclame-lautorisation-dexercer-a-nouveau-activites-toute-securite\/#breadcrumb\",\"itemListElement\":[{\"@type\":\"ListItem\",\"position\":1,\"name\":\"Accueil\",\"item\":\"https:\/\/peoplesphere.be\/fr\/\"},{\"@type\":\"ListItem\",\"position\":2,\"name\":\"Le secteur de la mobilit\u00e9 r\u00e9clame l&rsquo;autorisation d&rsquo;exercer \u00e0 nouveau ses activit\u00e9s, en toute s\u00e9curit\u00e9.\"}]},{\"@type\":\"WebSite\",\"@id\":\"https:\/\/peoplesphere.be\/fr\/#website\",\"url\":\"https:\/\/peoplesphere.be\/fr\/\",\"name\":\"Peoplesphere\",\"description\":\"The People Managers Magazine\",\"publisher\":{\"@id\":\"https:\/\/peoplesphere.be\/fr\/#organization\"},\"potentialAction\":[{\"@type\":\"SearchAction\",\"target\":{\"@type\":\"EntryPoint\",\"urlTemplate\":\"https:\/\/peoplesphere.be\/fr\/?s={search_term_string}\"},\"query-input\":\"required name=search_term_string\"}],\"inLanguage\":\"fr-FR\"},{\"@type\":\"Organization\",\"@id\":\"https:\/\/peoplesphere.be\/fr\/#organization\",\"name\":\"Peoplesphere Company srl\",\"url\":\"https:\/\/peoplesphere.be\/fr\/\",\"logo\":{\"@type\":\"ImageObject\",\"inLanguage\":\"fr-FR\",\"@id\":\"https:\/\/peoplesphere.be\/fr\/#\/schema\/logo\/image\/\",\"url\":\"https:\/\/peoplesphere.be\/fr\/wp-content\/uploads\/2023\/07\/peoplesphere-lgo-new-generik.jpg\",\"contentUrl\":\"https:\/\/peoplesphere.be\/fr\/wp-content\/uploads\/2023\/07\/peoplesphere-lgo-new-generik.jpg\",\"width\":1031,\"height\":1479,\"caption\":\"Peoplesphere Company srl\"},\"image\":{\"@id\":\"https:\/\/peoplesphere.be\/fr\/#\/schema\/logo\/image\/\"},\"sameAs\":[\"https:\/\/www.facebook.com\/peoplesphere\",\"https:\/\/twitter.com\/PeoplesphereMag\",\"https:\/\/www.linkedin.com\/company\/7587361?trk\",\"http:\/\/youtube.com\/peoplesphere\"]},{\"@type\":\"Person\",\"@id\":\"https:\/\/peoplesphere.be\/fr\/#\/schema\/person\/7976225ff17988604334abb7b3536a7e\",\"name\":\"Jean-Paul Erhard\",\"image\":{\"@type\":\"ImageObject\",\"inLanguage\":\"fr-FR\",\"@id\":\"https:\/\/peoplesphere.be\/fr\/#\/schema\/person\/image\/\",\"url\":\"https:\/\/secure.gravatar.com\/avatar\/f941e681460179738071629a51574930?s=96&d=mm&r=g\",\"contentUrl\":\"https:\/\/secure.gravatar.com\/avatar\/f941e681460179738071629a51574930?s=96&d=mm&r=g\",\"caption\":\"Jean-Paul Erhard\"},\"url\":\"https:\/\/peoplesphere.be\/fr\/author\/jpe\/\"}]}<\/script>\n<!-- \/ Yoast SEO plugin. -->","yoast_head_json":{"title":"Le secteur de la mobilit\u00e9 r\u00e9clame l'autorisation d'exercer \u00e0 nouveau ses activit\u00e9s, en toute s\u00e9curit\u00e9. - Peoplesphere","robots":{"index":"index","follow":"follow","max-snippet":"max-snippet:-1","max-image-preview":"max-image-preview:large","max-video-preview":"max-video-preview:-1"},"canonical":"https:\/\/peoplesphere.be\/fr\/secteur-de-mobilite-reclame-lautorisation-dexercer-a-nouveau-activites-toute-securite\/","og_locale":"fr_FR","og_type":"article","og_title":"Le secteur de la mobilit\u00e9 r\u00e9clame l'autorisation d'exercer \u00e0 nouveau ses activit\u00e9s, en toute s\u00e9curit\u00e9. - Peoplesphere","og_description":"Les importateurs, garagistes et loueurs de v\u00e9hicules demandent au gouvernement qu\u2019il assouplisse les mesures restrictives en vigueur pour leur secteur lors du prochain ajustement qu\u2019il effectuera. Les concessionnaires et le secteur de la r\u00e9paration se disent parfaitement en mesure de [&hellip;]","og_url":"https:\/\/peoplesphere.be\/fr\/secteur-de-mobilite-reclame-lautorisation-dexercer-a-nouveau-activites-toute-securite\/","og_site_name":"Peoplesphere","article_publisher":"https:\/\/www.facebook.com\/peoplesphere","article_published_time":"2020-04-03T08:42:12+00:00","og_image":[{"url":"http:\/\/www.peoplesphere.be\/fr\/wp-content\/uploads\/2016\/07\/facebook-default-posting-1200x628px.jpg"}],"author":"Jean-Paul Erhard","twitter_card":"summary_large_image","twitter_creator":"@PeoplesphereMag","twitter_site":"@PeoplesphereMag","twitter_misc":{"\u00c9crit par":"Jean-Paul Erhard","Dur\u00e9e de lecture estim\u00e9e":"3 minutes"},"schema":{"@context":"https:\/\/schema.org","@graph":[{"@type":"Article","@id":"https:\/\/peoplesphere.be\/fr\/secteur-de-mobilite-reclame-lautorisation-dexercer-a-nouveau-activites-toute-securite\/#article","isPartOf":{"@id":"https:\/\/peoplesphere.be\/fr\/secteur-de-mobilite-reclame-lautorisation-dexercer-a-nouveau-activites-toute-securite\/"},"author":{"name":"Jean-Paul Erhard","@id":"https:\/\/peoplesphere.be\/fr\/#\/schema\/person\/7976225ff17988604334abb7b3536a7e"},"headline":"Le secteur de la mobilit\u00e9 r\u00e9clame l&rsquo;autorisation d&rsquo;exercer \u00e0 nouveau ses activit\u00e9s, en toute s\u00e9curit\u00e9.","datePublished":"2020-04-03T08:42:12+00:00","dateModified":"2020-04-03T08:42:12+00:00","mainEntityOfPage":{"@id":"https:\/\/peoplesphere.be\/fr\/secteur-de-mobilite-reclame-lautorisation-dexercer-a-nouveau-activites-toute-securite\/"},"wordCount":699,"publisher":{"@id":"https:\/\/peoplesphere.be\/fr\/#organization"},"keywords":["confinement","coronavirus","distanciation sociale","febiac","mobilit\u00e9","relance \u00e9conomique","renta","traxio"],"articleSection":["Actualit\u00e9s","Digital"],"inLanguage":"fr-FR"},{"@type":"WebPage","@id":"https:\/\/peoplesphere.be\/fr\/secteur-de-mobilite-reclame-lautorisation-dexercer-a-nouveau-activites-toute-securite\/","url":"https:\/\/peoplesphere.be\/fr\/secteur-de-mobilite-reclame-lautorisation-dexercer-a-nouveau-activites-toute-securite\/","name":"Le secteur de la mobilit\u00e9 r\u00e9clame l'autorisation d'exercer \u00e0 nouveau ses activit\u00e9s, en toute s\u00e9curit\u00e9. - Peoplesphere","isPartOf":{"@id":"https:\/\/peoplesphere.be\/fr\/#website"},"datePublished":"2020-04-03T08:42:12+00:00","dateModified":"2020-04-03T08:42:12+00:00","breadcrumb":{"@id":"https:\/\/peoplesphere.be\/fr\/secteur-de-mobilite-reclame-lautorisation-dexercer-a-nouveau-activites-toute-securite\/#breadcrumb"},"inLanguage":"fr-FR","potentialAction":[{"@type":"ReadAction","target":["https:\/\/peoplesphere.be\/fr\/secteur-de-mobilite-reclame-lautorisation-dexercer-a-nouveau-activites-toute-securite\/"]}]},{"@type":"BreadcrumbList","@id":"https:\/\/peoplesphere.be\/fr\/secteur-de-mobilite-reclame-lautorisation-dexercer-a-nouveau-activites-toute-securite\/#breadcrumb","itemListElement":[{"@type":"ListItem","position":1,"name":"Accueil","item":"https:\/\/peoplesphere.be\/fr\/"},{"@type":"ListItem","position":2,"name":"Le secteur de la mobilit\u00e9 r\u00e9clame l&rsquo;autorisation d&rsquo;exercer \u00e0 nouveau ses activit\u00e9s, en toute s\u00e9curit\u00e9."}]},{"@type":"WebSite","@id":"https:\/\/peoplesphere.be\/fr\/#website","url":"https:\/\/peoplesphere.be\/fr\/","name":"Peoplesphere","description":"The People Managers Magazine","publisher":{"@id":"https:\/\/peoplesphere.be\/fr\/#organization"},"potentialAction":[{"@type":"SearchAction","target":{"@type":"EntryPoint","urlTemplate":"https:\/\/peoplesphere.be\/fr\/?s={search_term_string}"},"query-input":"required name=search_term_string"}],"inLanguage":"fr-FR"},{"@type":"Organization","@id":"https:\/\/peoplesphere.be\/fr\/#organization","name":"Peoplesphere Company srl","url":"https:\/\/peoplesphere.be\/fr\/","logo":{"@type":"ImageObject","inLanguage":"fr-FR","@id":"https:\/\/peoplesphere.be\/fr\/#\/schema\/logo\/image\/","url":"https:\/\/peoplesphere.be\/fr\/wp-content\/uploads\/2023\/07\/peoplesphere-lgo-new-generik.jpg","contentUrl":"https:\/\/peoplesphere.be\/fr\/wp-content\/uploads\/2023\/07\/peoplesphere-lgo-new-generik.jpg","width":1031,"height":1479,"caption":"Peoplesphere Company srl"},"image":{"@id":"https:\/\/peoplesphere.be\/fr\/#\/schema\/logo\/image\/"},"sameAs":["https:\/\/www.facebook.com\/peoplesphere","https:\/\/twitter.com\/PeoplesphereMag","https:\/\/www.linkedin.com\/company\/7587361?trk","http:\/\/youtube.com\/peoplesphere"]},{"@type":"Person","@id":"https:\/\/peoplesphere.be\/fr\/#\/schema\/person\/7976225ff17988604334abb7b3536a7e","name":"Jean-Paul Erhard","image":{"@type":"ImageObject","inLanguage":"fr-FR","@id":"https:\/\/peoplesphere.be\/fr\/#\/schema\/person\/image\/","url":"https:\/\/secure.gravatar.com\/avatar\/f941e681460179738071629a51574930?s=96&d=mm&r=g","contentUrl":"https:\/\/secure.gravatar.com\/avatar\/f941e681460179738071629a51574930?s=96&d=mm&r=g","caption":"Jean-Paul Erhard"},"url":"https:\/\/peoplesphere.be\/fr\/author\/jpe\/"}]}},"_links":{"self":[{"href":"https:\/\/peoplesphere.be\/fr\/wp-json\/wp\/v2\/posts\/9356"}],"collection":[{"href":"https:\/\/peoplesphere.be\/fr\/wp-json\/wp\/v2\/posts"}],"about":[{"href":"https:\/\/peoplesphere.be\/fr\/wp-json\/wp\/v2\/types\/post"}],"author":[{"embeddable":true,"href":"https:\/\/peoplesphere.be\/fr\/wp-json\/wp\/v2\/users\/2"}],"replies":[{"embeddable":true,"href":"https:\/\/peoplesphere.be\/fr\/wp-json\/wp\/v2\/comments?post=9356"}],"version-history":[{"count":1,"href":"https:\/\/peoplesphere.be\/fr\/wp-json\/wp\/v2\/posts\/9356\/revisions"}],"predecessor-version":[{"id":9357,"href":"https:\/\/peoplesphere.be\/fr\/wp-json\/wp\/v2\/posts\/9356\/revisions\/9357"}],"wp:attachment":[{"href":"https:\/\/peoplesphere.be\/fr\/wp-json\/wp\/v2\/media?parent=9356"}],"wp:term":[{"taxonomy":"category","embeddable":true,"href":"https:\/\/peoplesphere.be\/fr\/wp-json\/wp\/v2\/categories?post=9356"},{"taxonomy":"post_tag","embeddable":true,"href":"https:\/\/peoplesphere.be\/fr\/wp-json\/wp\/v2\/tags?post=9356"}],"curies":[{"name":"wp","href":"https:\/\/api.w.org\/{rel}","templated":true}]}}