









{"id":9358,"date":"2020-04-04T11:07:17","date_gmt":"2020-04-04T09:07:17","guid":{"rendered":"https:\/\/peoplesphere.be\/fr\/?p=9358"},"modified":"2020-04-04T11:07:17","modified_gmt":"2020-04-04T09:07:17","slug":"leconomic-risk-management-group-sonde-entreprises-diminution-de-chiffre-daffaires-lexercice-dores-deja-estimee-a-de-30","status":"publish","type":"post","link":"https:\/\/peoplesphere.be\/fr\/leconomic-risk-management-group-sonde-entreprises-diminution-de-chiffre-daffaires-lexercice-dores-deja-estimee-a-de-30\/","title":{"rendered":"L&rsquo;Economic Risk Management Group sonde les entreprises: la diminution de chiffre d&rsquo;affaires pour l&rsquo;exercice est d&rsquo;ores et d\u00e9j\u00e0 estim\u00e9e \u00e0 + de 30%."},"content":{"rendered":"<p>Les entreprises et entrepreneurs belges accusent le coup depuis le d\u00e9but de la crise du coronavirus. Une enqu\u00eate men\u00e9e aupr\u00e8s de 4.725 entreprises situ\u00e9es en Belgique et sur la demande de l\u2019Economic Risk Management Group (ERMG) r\u00e9v\u00e8le que quatre firmes sur dix interrog\u00e9es rapportent une chute de plus de 75 % de leurs ventes. L\u2019horeca, le secteur des arts, spectacles et activit\u00e9s r\u00e9cr\u00e9atives et le commerce sont lourdement touch\u00e9s. En outre, 50% des entreprises \u00e9voquent des probl\u00e8mes de liquidit\u00e9.<!--more--><\/p>\n<p>Ces lundi 30 et mardi 31 mars, une enqu\u00eate a \u00e9t\u00e9 r\u00e9alis\u00e9e par certaines f\u00e9d\u00e9rations d\u2019entreprises et d\u2019ind\u00e9pendants (BECI, VOKA, UNIZO et UWE)1 aupr\u00e8s de 4.725 entreprises priv\u00e9es situ\u00e9es \u00e0 Bruxelles, en Flandre et en Wallonie. Il s&rsquo;agit d\u2019une tr\u00e8s grande enqu\u00eate qui a \u00e9t\u00e9 rendue possible gr\u00e2ce \u00e0 une collaboration unique entre les f\u00e9d\u00e9rations et une coordination par la BNB et la FEB. Cette initiative sera en principe r\u00e9p\u00e9t\u00e9e sur base hebdomadaire. Au travers de cette enqu\u00eate, on a pu \u00e9valuer l\u2019incidence de la crise du coronavirus sur l\u2019activit\u00e9 \u00e9conomique en Belgique et sur la sant\u00e9 financi\u00e8re des entreprises belges interrog\u00e9es. Notons au pr\u00e9alable que l\u2019enqu\u00eate visait principalement les entreprises priv\u00e9es. Il faut souligner que certains secteurs publics tels que l\u2019enseignement ne sont pas repr\u00e9sent\u00e9s, m\u00eame si ces derniers sont aussi impact\u00e9s.<\/p>\n<p>\u00c0 propos de l\u2019incidence de la crise du coronavirus, 87 % des entreprises interrog\u00e9es, qui pour rappel ne repr\u00e9sentent qu\u2019un \u00e9chantillon de la population totale des entreprises belges, rapportent une baisse de leur chiffre d\u2019affaires, et 40 % des entreprises interrog\u00e9es \u00e9voquent une chute drastique (plus de 75 %). La diminution moyenne du chiffre d&rsquo;affaires des r\u00e9pondants atteint plus de 50 %. En tenant compte de la taille des diff\u00e9rentes entreprises interrog\u00e9es, cela correspond \u00e0 une r\u00e9duction des ventes totales d&rsquo;environ un tiers. L\u2019ampleur de la contraction des ventes totales est \u00e0 peu pr\u00e8s identique dans les trois r\u00e9gions, les entreprises situ\u00e9es en R\u00e9gion flamande (-35%), en R\u00e9gion wallonne (-30%) et en R\u00e9gion de Bruxelles- Capitale (-31%) faisant \u00e9tat d\u2019une diminution moyenne proche de la moyenne nationale.<\/p>\n<p><strong><em>Tous les secteurs impact\u00e9s ?<\/em><\/strong><\/p>\n<p>La taille des entreprises est en effet un \u00e9l\u00e9ment d\u00e9cisif, et les petites et moyennes entreprises sont plus impact\u00e9es par la crise actuelle, en partie parce que ces derni\u00e8res sont davantage expos\u00e9es \u00e0 la fermeture impos\u00e9e par le gouvernement belge. Plus de la moiti\u00e9 des ind\u00e9pendants et des entreprises occupant moins de dix employ\u00e9s rapportent une chute de plus de 50 % de leurs ventes. Les plus grandes entreprises, qui sont majoritairement actives dans les secteurs reconnus comme \u00e9tant essentiels, voient, elles aussi, leurs ventes diminuer en moyenne, mais dans une moindre mesure. Au niveau agr\u00e9g\u00e9, la raison principalement \u00e9voqu\u00e9e par les entreprises pour expliquer la baisse de leur chiffre d\u2019affaires est la faiblesse de la demande. D\u2019autres motifs sont la fermeture impos\u00e9e par le gouvernement dans le cadre de la lutte contre la propagation du Covid-19, l\u2019impossibilit\u00e9 de respecter les obligations en mati\u00e8re de distanciation sociale, les probl\u00e8mes d\u2019approvisionnement, mais aussi le manque de personnel.<\/p>\n<p>La ventilation des r\u00e9sultats selon le secteur d\u2019activit\u00e9 sugg\u00e8re que, en moyenne, tous les secteurs sont n\u00e9gativement affect\u00e9s par la crise du coronavirus. Un \u00e9cart substantiel est toutefois observ\u00e9 au niveau de l\u2019ampleur de l\u2019impact. Ainsi, le secteur de l\u2019\u00e9nergie fait part d\u2019une baisse du chiffre d\u2019affaires d\u2019approximativement 5 %. \u00c0 l\u2019oppos\u00e9, les trois secteurs les plus touch\u00e9s sont l\u2019horeca, le secteur des arts, spectacles et activit\u00e9s r\u00e9cr\u00e9atives et le commerce, ces derniers ayant rapport\u00e9 des chutes moyennes de leur chiffre d\u2019affaires de l\u2019ordre de, respectivement, 93, 74 et 59 %. Au sein de ces trois secteurs, la majorit\u00e9 des entreprises d\u00e9clarent avoir recours au ch\u00f4mage temporaire pour une grande partie de leurs employ\u00e9s. Sur l\u2019ensemble des secteurs, La moiti\u00e9 des entreprises interrog\u00e9es a d\u00e9j\u00e0 recours au ch\u00f4mage temporaire, tandis que d\u2019autres pr\u00e9voient d\u2019effectuer les d\u00e9marches au cours du mois \u00e0 venir (13 % de l\u2019\u00e9chantillon).<\/p>\n<p>En conclusion, les r\u00e9sultats de cette enqu\u00eate de grande envergure confirment l\u2019effet important de la crise du coronavirus sur les entreprises. L\u2019enqu\u00eate sugg\u00e8re qu\u2019un grand nombre d\u2019entreprises belges interrog\u00e9es voit leurs ventes chuter drastiquement mettant en danger en particulier les plus petites structures. La perception actuelle des entreprises est teint\u00e9e de pessimisme, mais la baisse de la croissance du PIB en 2020 qui sera effectivement observ\u00e9e d\u00e9pendra surtout de la dur\u00e9e des mesures de confinement.<\/p>\n<p><em>Source: Banque Nationale de Belgique<\/em><\/p>\n","protected":false},"excerpt":{"rendered":"<p>Les entreprises et entrepreneurs belges accusent le coup depuis le d\u00e9but de la crise du coronavirus. Une enqu\u00eate men\u00e9e aupr\u00e8s de 4.725 entreprises situ\u00e9es en Belgique et sur la demande de l\u2019Economic Risk Management Group (ERMG) r\u00e9v\u00e8le que quatre firmes [&hellip;]<\/p>\n","protected":false},"author":2,"featured_media":0,"comment_status":"closed","ping_status":"open","sticky":false,"template":"","format":"standard","meta":[],"categories":[65,10],"tags":[1412,2947,2997,2996,2990],"yoast_head":"<!-- This site is optimized with the Yoast SEO plugin v21.0 - https:\/\/yoast.com\/wordpress\/plugins\/seo\/ -->\n<title>L&#039;Economic Risk Management Group sonde les entreprises: la diminution de chiffre d&#039;affaires pour l&#039;exercice est d&#039;ores et d\u00e9j\u00e0 estim\u00e9e \u00e0 + de 30%. - Peoplesphere<\/title>\n<meta name=\"robots\" content=\"index, follow, max-snippet:-1, max-image-preview:large, max-video-preview:-1\" \/>\n<link rel=\"canonical\" href=\"https:\/\/peoplesphere.be\/fr\/leconomic-risk-management-group-sonde-entreprises-diminution-de-chiffre-daffaires-lexercice-dores-deja-estimee-a-de-30\/\" \/>\n<meta property=\"og:locale\" content=\"fr_FR\" \/>\n<meta property=\"og:type\" content=\"article\" \/>\n<meta property=\"og:title\" content=\"L&#039;Economic Risk Management Group sonde les entreprises: la diminution de chiffre d&#039;affaires pour l&#039;exercice est d&#039;ores et d\u00e9j\u00e0 estim\u00e9e \u00e0 + de 30%. - Peoplesphere\" \/>\n<meta property=\"og:description\" content=\"Les entreprises et entrepreneurs belges accusent le coup depuis le d\u00e9but de la crise du coronavirus. Une enqu\u00eate men\u00e9e aupr\u00e8s de 4.725 entreprises situ\u00e9es en Belgique et sur la demande de l\u2019Economic Risk Management Group (ERMG) r\u00e9v\u00e8le que quatre firmes [&hellip;]\" \/>\n<meta property=\"og:url\" content=\"https:\/\/peoplesphere.be\/fr\/leconomic-risk-management-group-sonde-entreprises-diminution-de-chiffre-daffaires-lexercice-dores-deja-estimee-a-de-30\/\" \/>\n<meta property=\"og:site_name\" content=\"Peoplesphere\" \/>\n<meta property=\"article:publisher\" content=\"https:\/\/www.facebook.com\/peoplesphere\" \/>\n<meta property=\"article:published_time\" content=\"2020-04-04T09:07:17+00:00\" \/>\n<meta property=\"og:image\" content=\"http:\/\/www.peoplesphere.be\/fr\/wp-content\/uploads\/2016\/07\/facebook-default-posting-1200x628px.jpg\" \/>\n<meta name=\"author\" content=\"Jean-Paul Erhard\" \/>\n<meta name=\"twitter:card\" content=\"summary_large_image\" \/>\n<meta name=\"twitter:creator\" content=\"@PeoplesphereMag\" \/>\n<meta name=\"twitter:site\" content=\"@PeoplesphereMag\" \/>\n<meta name=\"twitter:label1\" content=\"\u00c9crit par\" \/>\n\t<meta name=\"twitter:data1\" content=\"Jean-Paul Erhard\" \/>\n\t<meta name=\"twitter:label2\" content=\"Dur\u00e9e de lecture estim\u00e9e\" \/>\n\t<meta name=\"twitter:data2\" content=\"4 minutes\" \/>\n<script type=\"application\/ld+json\" class=\"yoast-schema-graph\">{\"@context\":\"https:\/\/schema.org\",\"@graph\":[{\"@type\":\"Article\",\"@id\":\"https:\/\/peoplesphere.be\/fr\/leconomic-risk-management-group-sonde-entreprises-diminution-de-chiffre-daffaires-lexercice-dores-deja-estimee-a-de-30\/#article\",\"isPartOf\":{\"@id\":\"https:\/\/peoplesphere.be\/fr\/leconomic-risk-management-group-sonde-entreprises-diminution-de-chiffre-daffaires-lexercice-dores-deja-estimee-a-de-30\/\"},\"author\":{\"name\":\"Jean-Paul Erhard\",\"@id\":\"https:\/\/peoplesphere.be\/fr\/#\/schema\/person\/7976225ff17988604334abb7b3536a7e\"},\"headline\":\"L&rsquo;Economic Risk Management Group sonde les entreprises: la diminution de chiffre d&rsquo;affaires pour l&rsquo;exercice est d&rsquo;ores et d\u00e9j\u00e0 estim\u00e9e \u00e0 + de 30%.\",\"datePublished\":\"2020-04-04T09:07:17+00:00\",\"dateModified\":\"2020-04-04T09:07:17+00:00\",\"mainEntityOfPage\":{\"@id\":\"https:\/\/peoplesphere.be\/fr\/leconomic-risk-management-group-sonde-entreprises-diminution-de-chiffre-daffaires-lexercice-dores-deja-estimee-a-de-30\/\"},\"wordCount\":842,\"publisher\":{\"@id\":\"https:\/\/peoplesphere.be\/fr\/#organization\"},\"keywords\":[\"BNB\",\"coronavirus\",\"ERMG\",\"p\u00e9nurie de personnel\",\"performances \u00e9conomiques\"],\"articleSection\":[\"Actualit\u00e9s\",\"Digital\"],\"inLanguage\":\"fr-FR\"},{\"@type\":\"WebPage\",\"@id\":\"https:\/\/peoplesphere.be\/fr\/leconomic-risk-management-group-sonde-entreprises-diminution-de-chiffre-daffaires-lexercice-dores-deja-estimee-a-de-30\/\",\"url\":\"https:\/\/peoplesphere.be\/fr\/leconomic-risk-management-group-sonde-entreprises-diminution-de-chiffre-daffaires-lexercice-dores-deja-estimee-a-de-30\/\",\"name\":\"L'Economic Risk Management Group sonde les entreprises: la diminution de chiffre d'affaires pour l'exercice est d'ores et d\u00e9j\u00e0 estim\u00e9e \u00e0 + de 30%. - Peoplesphere\",\"isPartOf\":{\"@id\":\"https:\/\/peoplesphere.be\/fr\/#website\"},\"datePublished\":\"2020-04-04T09:07:17+00:00\",\"dateModified\":\"2020-04-04T09:07:17+00:00\",\"breadcrumb\":{\"@id\":\"https:\/\/peoplesphere.be\/fr\/leconomic-risk-management-group-sonde-entreprises-diminution-de-chiffre-daffaires-lexercice-dores-deja-estimee-a-de-30\/#breadcrumb\"},\"inLanguage\":\"fr-FR\",\"potentialAction\":[{\"@type\":\"ReadAction\",\"target\":[\"https:\/\/peoplesphere.be\/fr\/leconomic-risk-management-group-sonde-entreprises-diminution-de-chiffre-daffaires-lexercice-dores-deja-estimee-a-de-30\/\"]}]},{\"@type\":\"BreadcrumbList\",\"@id\":\"https:\/\/peoplesphere.be\/fr\/leconomic-risk-management-group-sonde-entreprises-diminution-de-chiffre-daffaires-lexercice-dores-deja-estimee-a-de-30\/#breadcrumb\",\"itemListElement\":[{\"@type\":\"ListItem\",\"position\":1,\"name\":\"Accueil\",\"item\":\"https:\/\/peoplesphere.be\/fr\/\"},{\"@type\":\"ListItem\",\"position\":2,\"name\":\"L&rsquo;Economic Risk Management Group sonde les entreprises: la diminution de chiffre d&rsquo;affaires pour l&rsquo;exercice est d&rsquo;ores et d\u00e9j\u00e0 estim\u00e9e \u00e0 + de 30%.\"}]},{\"@type\":\"WebSite\",\"@id\":\"https:\/\/peoplesphere.be\/fr\/#website\",\"url\":\"https:\/\/peoplesphere.be\/fr\/\",\"name\":\"Peoplesphere\",\"description\":\"The People Managers Magazine\",\"publisher\":{\"@id\":\"https:\/\/peoplesphere.be\/fr\/#organization\"},\"potentialAction\":[{\"@type\":\"SearchAction\",\"target\":{\"@type\":\"EntryPoint\",\"urlTemplate\":\"https:\/\/peoplesphere.be\/fr\/?s={search_term_string}\"},\"query-input\":\"required name=search_term_string\"}],\"inLanguage\":\"fr-FR\"},{\"@type\":\"Organization\",\"@id\":\"https:\/\/peoplesphere.be\/fr\/#organization\",\"name\":\"Peoplesphere Company srl\",\"url\":\"https:\/\/peoplesphere.be\/fr\/\",\"logo\":{\"@type\":\"ImageObject\",\"inLanguage\":\"fr-FR\",\"@id\":\"https:\/\/peoplesphere.be\/fr\/#\/schema\/logo\/image\/\",\"url\":\"https:\/\/peoplesphere.be\/fr\/wp-content\/uploads\/2023\/07\/peoplesphere-lgo-new-generik.jpg\",\"contentUrl\":\"https:\/\/peoplesphere.be\/fr\/wp-content\/uploads\/2023\/07\/peoplesphere-lgo-new-generik.jpg\",\"width\":1031,\"height\":1479,\"caption\":\"Peoplesphere Company srl\"},\"image\":{\"@id\":\"https:\/\/peoplesphere.be\/fr\/#\/schema\/logo\/image\/\"},\"sameAs\":[\"https:\/\/www.facebook.com\/peoplesphere\",\"https:\/\/twitter.com\/PeoplesphereMag\",\"https:\/\/www.linkedin.com\/company\/7587361?trk\",\"http:\/\/youtube.com\/peoplesphere\"]},{\"@type\":\"Person\",\"@id\":\"https:\/\/peoplesphere.be\/fr\/#\/schema\/person\/7976225ff17988604334abb7b3536a7e\",\"name\":\"Jean-Paul Erhard\",\"image\":{\"@type\":\"ImageObject\",\"inLanguage\":\"fr-FR\",\"@id\":\"https:\/\/peoplesphere.be\/fr\/#\/schema\/person\/image\/\",\"url\":\"https:\/\/secure.gravatar.com\/avatar\/f941e681460179738071629a51574930?s=96&d=mm&r=g\",\"contentUrl\":\"https:\/\/secure.gravatar.com\/avatar\/f941e681460179738071629a51574930?s=96&d=mm&r=g\",\"caption\":\"Jean-Paul Erhard\"},\"url\":\"https:\/\/peoplesphere.be\/fr\/author\/jpe\/\"}]}<\/script>\n<!-- \/ Yoast SEO plugin. -->","yoast_head_json":{"title":"L'Economic Risk Management Group sonde les entreprises: la diminution de chiffre d'affaires pour l'exercice est d'ores et d\u00e9j\u00e0 estim\u00e9e \u00e0 + de 30%. - Peoplesphere","robots":{"index":"index","follow":"follow","max-snippet":"max-snippet:-1","max-image-preview":"max-image-preview:large","max-video-preview":"max-video-preview:-1"},"canonical":"https:\/\/peoplesphere.be\/fr\/leconomic-risk-management-group-sonde-entreprises-diminution-de-chiffre-daffaires-lexercice-dores-deja-estimee-a-de-30\/","og_locale":"fr_FR","og_type":"article","og_title":"L'Economic Risk Management Group sonde les entreprises: la diminution de chiffre d'affaires pour l'exercice est d'ores et d\u00e9j\u00e0 estim\u00e9e \u00e0 + de 30%. - Peoplesphere","og_description":"Les entreprises et entrepreneurs belges accusent le coup depuis le d\u00e9but de la crise du coronavirus. Une enqu\u00eate men\u00e9e aupr\u00e8s de 4.725 entreprises situ\u00e9es en Belgique et sur la demande de l\u2019Economic Risk Management Group (ERMG) r\u00e9v\u00e8le que quatre firmes [&hellip;]","og_url":"https:\/\/peoplesphere.be\/fr\/leconomic-risk-management-group-sonde-entreprises-diminution-de-chiffre-daffaires-lexercice-dores-deja-estimee-a-de-30\/","og_site_name":"Peoplesphere","article_publisher":"https:\/\/www.facebook.com\/peoplesphere","article_published_time":"2020-04-04T09:07:17+00:00","og_image":[{"url":"http:\/\/www.peoplesphere.be\/fr\/wp-content\/uploads\/2016\/07\/facebook-default-posting-1200x628px.jpg"}],"author":"Jean-Paul Erhard","twitter_card":"summary_large_image","twitter_creator":"@PeoplesphereMag","twitter_site":"@PeoplesphereMag","twitter_misc":{"\u00c9crit par":"Jean-Paul Erhard","Dur\u00e9e de lecture estim\u00e9e":"4 minutes"},"schema":{"@context":"https:\/\/schema.org","@graph":[{"@type":"Article","@id":"https:\/\/peoplesphere.be\/fr\/leconomic-risk-management-group-sonde-entreprises-diminution-de-chiffre-daffaires-lexercice-dores-deja-estimee-a-de-30\/#article","isPartOf":{"@id":"https:\/\/peoplesphere.be\/fr\/leconomic-risk-management-group-sonde-entreprises-diminution-de-chiffre-daffaires-lexercice-dores-deja-estimee-a-de-30\/"},"author":{"name":"Jean-Paul Erhard","@id":"https:\/\/peoplesphere.be\/fr\/#\/schema\/person\/7976225ff17988604334abb7b3536a7e"},"headline":"L&rsquo;Economic Risk Management Group sonde les entreprises: la diminution de chiffre d&rsquo;affaires pour l&rsquo;exercice est d&rsquo;ores et d\u00e9j\u00e0 estim\u00e9e \u00e0 + de 30%.","datePublished":"2020-04-04T09:07:17+00:00","dateModified":"2020-04-04T09:07:17+00:00","mainEntityOfPage":{"@id":"https:\/\/peoplesphere.be\/fr\/leconomic-risk-management-group-sonde-entreprises-diminution-de-chiffre-daffaires-lexercice-dores-deja-estimee-a-de-30\/"},"wordCount":842,"publisher":{"@id":"https:\/\/peoplesphere.be\/fr\/#organization"},"keywords":["BNB","coronavirus","ERMG","p\u00e9nurie de personnel","performances \u00e9conomiques"],"articleSection":["Actualit\u00e9s","Digital"],"inLanguage":"fr-FR"},{"@type":"WebPage","@id":"https:\/\/peoplesphere.be\/fr\/leconomic-risk-management-group-sonde-entreprises-diminution-de-chiffre-daffaires-lexercice-dores-deja-estimee-a-de-30\/","url":"https:\/\/peoplesphere.be\/fr\/leconomic-risk-management-group-sonde-entreprises-diminution-de-chiffre-daffaires-lexercice-dores-deja-estimee-a-de-30\/","name":"L'Economic Risk Management Group sonde les entreprises: la diminution de chiffre d'affaires pour l'exercice est d'ores et d\u00e9j\u00e0 estim\u00e9e \u00e0 + de 30%. - Peoplesphere","isPartOf":{"@id":"https:\/\/peoplesphere.be\/fr\/#website"},"datePublished":"2020-04-04T09:07:17+00:00","dateModified":"2020-04-04T09:07:17+00:00","breadcrumb":{"@id":"https:\/\/peoplesphere.be\/fr\/leconomic-risk-management-group-sonde-entreprises-diminution-de-chiffre-daffaires-lexercice-dores-deja-estimee-a-de-30\/#breadcrumb"},"inLanguage":"fr-FR","potentialAction":[{"@type":"ReadAction","target":["https:\/\/peoplesphere.be\/fr\/leconomic-risk-management-group-sonde-entreprises-diminution-de-chiffre-daffaires-lexercice-dores-deja-estimee-a-de-30\/"]}]},{"@type":"BreadcrumbList","@id":"https:\/\/peoplesphere.be\/fr\/leconomic-risk-management-group-sonde-entreprises-diminution-de-chiffre-daffaires-lexercice-dores-deja-estimee-a-de-30\/#breadcrumb","itemListElement":[{"@type":"ListItem","position":1,"name":"Accueil","item":"https:\/\/peoplesphere.be\/fr\/"},{"@type":"ListItem","position":2,"name":"L&rsquo;Economic Risk Management Group sonde les entreprises: la diminution de chiffre d&rsquo;affaires pour l&rsquo;exercice est d&rsquo;ores et d\u00e9j\u00e0 estim\u00e9e \u00e0 + de 30%."}]},{"@type":"WebSite","@id":"https:\/\/peoplesphere.be\/fr\/#website","url":"https:\/\/peoplesphere.be\/fr\/","name":"Peoplesphere","description":"The People Managers Magazine","publisher":{"@id":"https:\/\/peoplesphere.be\/fr\/#organization"},"potentialAction":[{"@type":"SearchAction","target":{"@type":"EntryPoint","urlTemplate":"https:\/\/peoplesphere.be\/fr\/?s={search_term_string}"},"query-input":"required name=search_term_string"}],"inLanguage":"fr-FR"},{"@type":"Organization","@id":"https:\/\/peoplesphere.be\/fr\/#organization","name":"Peoplesphere Company srl","url":"https:\/\/peoplesphere.be\/fr\/","logo":{"@type":"ImageObject","inLanguage":"fr-FR","@id":"https:\/\/peoplesphere.be\/fr\/#\/schema\/logo\/image\/","url":"https:\/\/peoplesphere.be\/fr\/wp-content\/uploads\/2023\/07\/peoplesphere-lgo-new-generik.jpg","contentUrl":"https:\/\/peoplesphere.be\/fr\/wp-content\/uploads\/2023\/07\/peoplesphere-lgo-new-generik.jpg","width":1031,"height":1479,"caption":"Peoplesphere Company srl"},"image":{"@id":"https:\/\/peoplesphere.be\/fr\/#\/schema\/logo\/image\/"},"sameAs":["https:\/\/www.facebook.com\/peoplesphere","https:\/\/twitter.com\/PeoplesphereMag","https:\/\/www.linkedin.com\/company\/7587361?trk","http:\/\/youtube.com\/peoplesphere"]},{"@type":"Person","@id":"https:\/\/peoplesphere.be\/fr\/#\/schema\/person\/7976225ff17988604334abb7b3536a7e","name":"Jean-Paul Erhard","image":{"@type":"ImageObject","inLanguage":"fr-FR","@id":"https:\/\/peoplesphere.be\/fr\/#\/schema\/person\/image\/","url":"https:\/\/secure.gravatar.com\/avatar\/f941e681460179738071629a51574930?s=96&d=mm&r=g","contentUrl":"https:\/\/secure.gravatar.com\/avatar\/f941e681460179738071629a51574930?s=96&d=mm&r=g","caption":"Jean-Paul Erhard"},"url":"https:\/\/peoplesphere.be\/fr\/author\/jpe\/"}]}},"_links":{"self":[{"href":"https:\/\/peoplesphere.be\/fr\/wp-json\/wp\/v2\/posts\/9358"}],"collection":[{"href":"https:\/\/peoplesphere.be\/fr\/wp-json\/wp\/v2\/posts"}],"about":[{"href":"https:\/\/peoplesphere.be\/fr\/wp-json\/wp\/v2\/types\/post"}],"author":[{"embeddable":true,"href":"https:\/\/peoplesphere.be\/fr\/wp-json\/wp\/v2\/users\/2"}],"replies":[{"embeddable":true,"href":"https:\/\/peoplesphere.be\/fr\/wp-json\/wp\/v2\/comments?post=9358"}],"version-history":[{"count":1,"href":"https:\/\/peoplesphere.be\/fr\/wp-json\/wp\/v2\/posts\/9358\/revisions"}],"predecessor-version":[{"id":9359,"href":"https:\/\/peoplesphere.be\/fr\/wp-json\/wp\/v2\/posts\/9358\/revisions\/9359"}],"wp:attachment":[{"href":"https:\/\/peoplesphere.be\/fr\/wp-json\/wp\/v2\/media?parent=9358"}],"wp:term":[{"taxonomy":"category","embeddable":true,"href":"https:\/\/peoplesphere.be\/fr\/wp-json\/wp\/v2\/categories?post=9358"},{"taxonomy":"post_tag","embeddable":true,"href":"https:\/\/peoplesphere.be\/fr\/wp-json\/wp\/v2\/tags?post=9358"}],"curies":[{"name":"wp","href":"https:\/\/api.w.org\/{rel}","templated":true}]}}