









{"id":9436,"date":"2020-04-20T09:22:34","date_gmt":"2020-04-20T07:22:34","guid":{"rendered":"https:\/\/peoplesphere.be\/fr\/?p=9436"},"modified":"2020-04-20T09:22:34","modified_gmt":"2020-04-20T07:22:34","slug":"entreprises-belges-annoncent-report-massif-investissements-consequence-de-crise-coronavirus","status":"publish","type":"post","link":"https:\/\/peoplesphere.be\/fr\/entreprises-belges-annoncent-report-massif-investissements-consequence-de-crise-coronavirus\/","title":{"rendered":"Les entreprises belges annoncent un report massif des investissements en cons\u00e9quence de la crise du coronavirus."},"content":{"rendered":"<p>La crise du coronavirus conduit de nombreuses entreprises belges \u00e0 reconsid\u00e9rer leurs investissements et, pour une large majorit\u00e9 d\u2019entre elles, \u00e0 les reporter \u00e0 une date ult\u00e9rieure. C\u2019est ce qui ressort de la nouvelle vague de l\u2019enqu\u00eate hebdomadaire r\u00e9alis\u00e9e dans le cadre de l\u2019EMRG. Les entreprises interrog\u00e9es indiquent que la baisse du chiffre d\u2019affaires ainsi que les probl\u00e8mes de solvabilit\u00e9 et de liquidit\u00e9 se maintiennent \u00e0 peu pr\u00e8s au m\u00eame niveau depuis quelques semaines. <!--more--><\/p>\n<p>Pour la troisi\u00e8me semaine cons\u00e9cutive, une enqu\u00eate a \u00e9t\u00e9 r\u00e9alis\u00e9e par plusieurs f\u00e9d\u00e9rations d\u2019entreprises et d\u2019ind\u00e9pendants (BECI, SNI, UNIZO, UWE et VOKA). Cette initiative est coordonn\u00e9e par la BNB et par la FEB. L\u2019objectif consiste \u00e0 \u00e9valuer l\u2019incidence de la crise du coronavirus sur l\u2019activit\u00e9 \u00e9conomique en Belgique et sur la sant\u00e9 financi\u00e8re des entreprises belges de semaine en semaine. Au total, 5.005 entreprises et ind\u00e9pendants ont r\u00e9pondu \u00e0 l\u2019enqu\u00eate de cette semaine.<\/p>\n<p>La baisse du chiffre d\u2019affaires rapport\u00e9e par les entreprises sond\u00e9es reste cons\u00e9quente et est en ligne avec la moyenne observ\u00e9e au cours des trois semaines pr\u00e9c\u00e9dentes. En tenant compte du chiffre d\u2019affaires des entreprises et du poids des branches d\u2019activit\u00e9 dans l\u2019\u00e9conomie belge, la perception de la baisse du chiffre d\u2019affaires est en moyenne de 34 %. L\u2019incidence estim\u00e9e est une fois encore comparable d\u2019une r\u00e9gion \u00e0 l\u2019autre, m\u00eame si elle est l\u00e9g\u00e8rement plus faible dans la r\u00e9gion de Bruxelles-Capitale en raison de la part plus importante repr\u00e9sent\u00e9e par le secteur financier et de l\u2019assurance, relativement \u00e9pargn\u00e9, dans la valeur ajout\u00e9e de l\u2019\u00e9conomie bruxelloise.<\/p>\n<p><strong><em>Quels sont les risques de faillites ?<\/em><\/strong><\/p>\n<p>La proportion d\u2019entreprises interrog\u00e9es faisant face \u00e0 des probl\u00e8mes de liquidit\u00e9 est demeur\u00e9e dans un ordre de grandeur similaire \u00e0 celui de la semaine pass\u00e9e, retombant de 46 \u00e0 41 %, soit un chiffre qui reste \u00e9lev\u00e9 dans l\u2019absolu. Dans l\u2019enqu\u00eate men\u00e9e cette semaine, 9 % des entreprises sond\u00e9es d\u00e9clarent ne pas pouvoir maintenir leur position de liquidit\u00e9 durant les quatre semaines \u00e0 venir et cette proportion passe \u00e0 38 % si on consid\u00e8re un horizon de trois mois.<\/p>\n<p>La proportion des entreprises interrog\u00e9es indiquant un risque de faillite \u00e9lev\u00e9 (en d\u2019autres termes une faillite consid\u00e9r\u00e9e comme \u00ab probable \u00bb ou \u00ab tr\u00e8s probable \u00bb) est aussi rest\u00e9e \u00e0 peu pr\u00e8s constante, revenant de 8 \u00e0 7 %. Toutefois, les r\u00e9ponses varient sensiblement d\u2019une branche d\u2019activit\u00e9 \u00e0 l\u2019autre. Alors que la perception du risque de faillite est relativement faible dans la plupart des branches d\u2019activit\u00e9, les entreprises des secteurs de l\u2019horeca et des arts, spectacles et activit\u00e9s r\u00e9cr\u00e9atives\u20192 indiquent en moyenne un risque de faillite qui reste sensiblement plus \u00e9lev\u00e9.<\/p>\n<p>D\u2019une mani\u00e8re g\u00e9n\u00e9rale, la perception de l\u2019impact n\u00e9gatif est plus marqu\u00e9e pour les entreprises de petite taille, que ce soit en consid\u00e9rant les probl\u00e8mes de liquidit\u00e9, le risque de faillite, la baisse du chiffre d\u2019affaires ou encore le degr\u00e9 d\u2019inqui\u00e9tude. \u00c0 titre d\u2019illustration, dans notre \u00e9chantillon, 10 % des entreprises sond\u00e9es occupant moins de dix employ\u00e9s consid\u00e8rent qu\u2019une faillite est probable ou tr\u00e8s probable, contre moins de 1 % pour les entreprises de plus de 250 employ\u00e9s. Ce constat est naturellement indissociable des branches d\u2019activit\u00e9 dans lesquelles ces entreprises op\u00e8rent principalement.<\/p>\n<p>Plus d\u2019une entreprise interrog\u00e9e sur deux a d\u00e9sormais recours au ch\u00f4mage temporaire et la proportion a augment\u00e9 de 5 points de pourcentage environ en comparaison \u00e0 la semaine pr\u00e9c\u00e9dente. L\u2019horeca est le secteur le plus concern\u00e9 par le ch\u00f4mage temporaire puisque trois entreprises interrog\u00e9es sur quatre y ont actuellement recours. Par ailleurs, la proportion d\u2019entreprises sond\u00e9es actives dans l\u2019industrie (hors construction) ayant recours au syst\u00e8me de ch\u00f4mage temporaire a aussi sensiblement augment\u00e9 au cours des quatre derni\u00e8res semaines, passant progressivement de 59 % lors de la premi\u00e8re vague de cette enqu\u00eate (27 mars au 3 avril) \u00e0 65 % sur la semaine \u00e9coul\u00e9e.<\/p>\n<p><strong><em>Les investissements sont en vaste majorit\u00e9 report\u00e9s \u00e0 une date ult\u00e9rieure<\/em><\/strong><\/p>\n<p>Le niveau d\u2019inqui\u00e9tude des entreprises interrog\u00e9es ne faiblit pas en comparaison de l\u2019enqu\u00eate pr\u00e9c\u00e9dente et sur une \u00e9chelle allant de 1 (peu inquiet) \u00e0 10 (tr\u00e8s inquiet), les entreprises interrog\u00e9es estiment leur niveau d\u2019inqui\u00e9tude \u00e0 7,2 contre 7,1 la semaine derni\u00e8re et 7,0 il y a deux semaines. L\u2019incertitude latente a probablement eu comme cons\u00e9quence de pousser les entreprises \u00e0 retarder certains plans d\u2019investissement. En particulier, un tiers des entreprises interrog\u00e9es ont report\u00e9 \u00e0 une date ult\u00e9rieure en 2020 ou 2021 des investissements initialement pr\u00e9vus et un tiers des entreprises interrog\u00e9es les ont report\u00e9s \u00e0 une date post\u00e9rieure encore inconnue. Dans notre \u00e9chantillon, seule une entreprise interrog\u00e9e sur huit a maintenu ses plans d\u2019investissement.<\/p>\n<p><em>Sources : BECI, FEB, SNI, UNIZO, UWE, VOKA, BNB.<\/em><\/p>\n","protected":false},"excerpt":{"rendered":"<p>La crise du coronavirus conduit de nombreuses entreprises belges \u00e0 reconsid\u00e9rer leurs investissements et, pour une large majorit\u00e9 d\u2019entre elles, \u00e0 les reporter \u00e0 une date ult\u00e9rieure. C\u2019est ce qui ressort de la nouvelle vague de l\u2019enqu\u00eate hebdomadaire r\u00e9alis\u00e9e dans [&hellip;]<\/p>\n","protected":false},"author":2,"featured_media":0,"comment_status":"closed","ping_status":"open","sticky":false,"template":"","format":"standard","meta":[],"categories":[65,10],"tags":[1412,2947,2989,3025,352],"yoast_head":"<!-- This site is optimized with the Yoast SEO plugin v21.0 - https:\/\/yoast.com\/wordpress\/plugins\/seo\/ -->\n<title>Les entreprises belges annoncent un report massif des investissements en cons\u00e9quence de la crise du coronavirus. - Peoplesphere<\/title>\n<meta name=\"robots\" content=\"index, follow, max-snippet:-1, max-image-preview:large, max-video-preview:-1\" \/>\n<link rel=\"canonical\" href=\"https:\/\/peoplesphere.be\/fr\/entreprises-belges-annoncent-report-massif-investissements-consequence-de-crise-coronavirus\/\" \/>\n<meta property=\"og:locale\" content=\"fr_FR\" \/>\n<meta property=\"og:type\" content=\"article\" \/>\n<meta property=\"og:title\" content=\"Les entreprises belges annoncent un report massif des investissements en cons\u00e9quence de la crise du coronavirus. - Peoplesphere\" \/>\n<meta property=\"og:description\" content=\"La crise du coronavirus conduit de nombreuses entreprises belges \u00e0 reconsid\u00e9rer leurs investissements et, pour une large majorit\u00e9 d\u2019entre elles, \u00e0 les reporter \u00e0 une date ult\u00e9rieure. C\u2019est ce qui ressort de la nouvelle vague de l\u2019enqu\u00eate hebdomadaire r\u00e9alis\u00e9e dans [&hellip;]\" \/>\n<meta property=\"og:url\" content=\"https:\/\/peoplesphere.be\/fr\/entreprises-belges-annoncent-report-massif-investissements-consequence-de-crise-coronavirus\/\" \/>\n<meta property=\"og:site_name\" content=\"Peoplesphere\" \/>\n<meta property=\"article:publisher\" content=\"https:\/\/www.facebook.com\/peoplesphere\" \/>\n<meta property=\"article:published_time\" content=\"2020-04-20T07:22:34+00:00\" \/>\n<meta property=\"og:image\" content=\"http:\/\/www.peoplesphere.be\/fr\/wp-content\/uploads\/2016\/07\/facebook-default-posting-1200x628px.jpg\" \/>\n<meta name=\"author\" content=\"Jean-Paul Erhard\" \/>\n<meta name=\"twitter:card\" content=\"summary_large_image\" \/>\n<meta name=\"twitter:creator\" content=\"@PeoplesphereMag\" \/>\n<meta name=\"twitter:site\" content=\"@PeoplesphereMag\" \/>\n<meta name=\"twitter:label1\" content=\"\u00c9crit par\" \/>\n\t<meta name=\"twitter:data1\" content=\"Jean-Paul Erhard\" \/>\n\t<meta name=\"twitter:label2\" content=\"Dur\u00e9e de lecture estim\u00e9e\" \/>\n\t<meta name=\"twitter:data2\" content=\"4 minutes\" \/>\n<script type=\"application\/ld+json\" class=\"yoast-schema-graph\">{\"@context\":\"https:\/\/schema.org\",\"@graph\":[{\"@type\":\"Article\",\"@id\":\"https:\/\/peoplesphere.be\/fr\/entreprises-belges-annoncent-report-massif-investissements-consequence-de-crise-coronavirus\/#article\",\"isPartOf\":{\"@id\":\"https:\/\/peoplesphere.be\/fr\/entreprises-belges-annoncent-report-massif-investissements-consequence-de-crise-coronavirus\/\"},\"author\":{\"name\":\"Jean-Paul Erhard\",\"@id\":\"https:\/\/peoplesphere.be\/fr\/#\/schema\/person\/7976225ff17988604334abb7b3536a7e\"},\"headline\":\"Les entreprises belges annoncent un report massif des investissements en cons\u00e9quence de la crise du coronavirus.\",\"datePublished\":\"2020-04-20T07:22:34+00:00\",\"dateModified\":\"2020-04-20T07:22:34+00:00\",\"mainEntityOfPage\":{\"@id\":\"https:\/\/peoplesphere.be\/fr\/entreprises-belges-annoncent-report-massif-investissements-consequence-de-crise-coronavirus\/\"},\"wordCount\":861,\"publisher\":{\"@id\":\"https:\/\/peoplesphere.be\/fr\/#organization\"},\"keywords\":[\"BNB\",\"coronavirus\",\"crise \u00e9conomique\",\"EMRG\",\"investissement\"],\"articleSection\":[\"Actualit\u00e9s\",\"Digital\"],\"inLanguage\":\"fr-FR\"},{\"@type\":\"WebPage\",\"@id\":\"https:\/\/peoplesphere.be\/fr\/entreprises-belges-annoncent-report-massif-investissements-consequence-de-crise-coronavirus\/\",\"url\":\"https:\/\/peoplesphere.be\/fr\/entreprises-belges-annoncent-report-massif-investissements-consequence-de-crise-coronavirus\/\",\"name\":\"Les entreprises belges annoncent un report massif des investissements en cons\u00e9quence de la crise du coronavirus. - Peoplesphere\",\"isPartOf\":{\"@id\":\"https:\/\/peoplesphere.be\/fr\/#website\"},\"datePublished\":\"2020-04-20T07:22:34+00:00\",\"dateModified\":\"2020-04-20T07:22:34+00:00\",\"breadcrumb\":{\"@id\":\"https:\/\/peoplesphere.be\/fr\/entreprises-belges-annoncent-report-massif-investissements-consequence-de-crise-coronavirus\/#breadcrumb\"},\"inLanguage\":\"fr-FR\",\"potentialAction\":[{\"@type\":\"ReadAction\",\"target\":[\"https:\/\/peoplesphere.be\/fr\/entreprises-belges-annoncent-report-massif-investissements-consequence-de-crise-coronavirus\/\"]}]},{\"@type\":\"BreadcrumbList\",\"@id\":\"https:\/\/peoplesphere.be\/fr\/entreprises-belges-annoncent-report-massif-investissements-consequence-de-crise-coronavirus\/#breadcrumb\",\"itemListElement\":[{\"@type\":\"ListItem\",\"position\":1,\"name\":\"Accueil\",\"item\":\"https:\/\/peoplesphere.be\/fr\/\"},{\"@type\":\"ListItem\",\"position\":2,\"name\":\"Les entreprises belges annoncent un report massif des investissements en cons\u00e9quence de la crise du coronavirus.\"}]},{\"@type\":\"WebSite\",\"@id\":\"https:\/\/peoplesphere.be\/fr\/#website\",\"url\":\"https:\/\/peoplesphere.be\/fr\/\",\"name\":\"Peoplesphere\",\"description\":\"The People Managers Magazine\",\"publisher\":{\"@id\":\"https:\/\/peoplesphere.be\/fr\/#organization\"},\"potentialAction\":[{\"@type\":\"SearchAction\",\"target\":{\"@type\":\"EntryPoint\",\"urlTemplate\":\"https:\/\/peoplesphere.be\/fr\/?s={search_term_string}\"},\"query-input\":\"required name=search_term_string\"}],\"inLanguage\":\"fr-FR\"},{\"@type\":\"Organization\",\"@id\":\"https:\/\/peoplesphere.be\/fr\/#organization\",\"name\":\"Peoplesphere Company srl\",\"url\":\"https:\/\/peoplesphere.be\/fr\/\",\"logo\":{\"@type\":\"ImageObject\",\"inLanguage\":\"fr-FR\",\"@id\":\"https:\/\/peoplesphere.be\/fr\/#\/schema\/logo\/image\/\",\"url\":\"https:\/\/peoplesphere.be\/fr\/wp-content\/uploads\/2023\/07\/peoplesphere-lgo-new-generik.jpg\",\"contentUrl\":\"https:\/\/peoplesphere.be\/fr\/wp-content\/uploads\/2023\/07\/peoplesphere-lgo-new-generik.jpg\",\"width\":1031,\"height\":1479,\"caption\":\"Peoplesphere Company srl\"},\"image\":{\"@id\":\"https:\/\/peoplesphere.be\/fr\/#\/schema\/logo\/image\/\"},\"sameAs\":[\"https:\/\/www.facebook.com\/peoplesphere\",\"https:\/\/twitter.com\/PeoplesphereMag\",\"https:\/\/www.linkedin.com\/company\/7587361?trk\",\"http:\/\/youtube.com\/peoplesphere\"]},{\"@type\":\"Person\",\"@id\":\"https:\/\/peoplesphere.be\/fr\/#\/schema\/person\/7976225ff17988604334abb7b3536a7e\",\"name\":\"Jean-Paul Erhard\",\"image\":{\"@type\":\"ImageObject\",\"inLanguage\":\"fr-FR\",\"@id\":\"https:\/\/peoplesphere.be\/fr\/#\/schema\/person\/image\/\",\"url\":\"https:\/\/secure.gravatar.com\/avatar\/f941e681460179738071629a51574930?s=96&d=mm&r=g\",\"contentUrl\":\"https:\/\/secure.gravatar.com\/avatar\/f941e681460179738071629a51574930?s=96&d=mm&r=g\",\"caption\":\"Jean-Paul Erhard\"},\"url\":\"https:\/\/peoplesphere.be\/fr\/author\/jpe\/\"}]}<\/script>\n<!-- \/ Yoast SEO plugin. -->","yoast_head_json":{"title":"Les entreprises belges annoncent un report massif des investissements en cons\u00e9quence de la crise du coronavirus. - Peoplesphere","robots":{"index":"index","follow":"follow","max-snippet":"max-snippet:-1","max-image-preview":"max-image-preview:large","max-video-preview":"max-video-preview:-1"},"canonical":"https:\/\/peoplesphere.be\/fr\/entreprises-belges-annoncent-report-massif-investissements-consequence-de-crise-coronavirus\/","og_locale":"fr_FR","og_type":"article","og_title":"Les entreprises belges annoncent un report massif des investissements en cons\u00e9quence de la crise du coronavirus. - Peoplesphere","og_description":"La crise du coronavirus conduit de nombreuses entreprises belges \u00e0 reconsid\u00e9rer leurs investissements et, pour une large majorit\u00e9 d\u2019entre elles, \u00e0 les reporter \u00e0 une date ult\u00e9rieure. C\u2019est ce qui ressort de la nouvelle vague de l\u2019enqu\u00eate hebdomadaire r\u00e9alis\u00e9e dans [&hellip;]","og_url":"https:\/\/peoplesphere.be\/fr\/entreprises-belges-annoncent-report-massif-investissements-consequence-de-crise-coronavirus\/","og_site_name":"Peoplesphere","article_publisher":"https:\/\/www.facebook.com\/peoplesphere","article_published_time":"2020-04-20T07:22:34+00:00","og_image":[{"url":"http:\/\/www.peoplesphere.be\/fr\/wp-content\/uploads\/2016\/07\/facebook-default-posting-1200x628px.jpg"}],"author":"Jean-Paul Erhard","twitter_card":"summary_large_image","twitter_creator":"@PeoplesphereMag","twitter_site":"@PeoplesphereMag","twitter_misc":{"\u00c9crit par":"Jean-Paul Erhard","Dur\u00e9e de lecture estim\u00e9e":"4 minutes"},"schema":{"@context":"https:\/\/schema.org","@graph":[{"@type":"Article","@id":"https:\/\/peoplesphere.be\/fr\/entreprises-belges-annoncent-report-massif-investissements-consequence-de-crise-coronavirus\/#article","isPartOf":{"@id":"https:\/\/peoplesphere.be\/fr\/entreprises-belges-annoncent-report-massif-investissements-consequence-de-crise-coronavirus\/"},"author":{"name":"Jean-Paul Erhard","@id":"https:\/\/peoplesphere.be\/fr\/#\/schema\/person\/7976225ff17988604334abb7b3536a7e"},"headline":"Les entreprises belges annoncent un report massif des investissements en cons\u00e9quence de la crise du coronavirus.","datePublished":"2020-04-20T07:22:34+00:00","dateModified":"2020-04-20T07:22:34+00:00","mainEntityOfPage":{"@id":"https:\/\/peoplesphere.be\/fr\/entreprises-belges-annoncent-report-massif-investissements-consequence-de-crise-coronavirus\/"},"wordCount":861,"publisher":{"@id":"https:\/\/peoplesphere.be\/fr\/#organization"},"keywords":["BNB","coronavirus","crise \u00e9conomique","EMRG","investissement"],"articleSection":["Actualit\u00e9s","Digital"],"inLanguage":"fr-FR"},{"@type":"WebPage","@id":"https:\/\/peoplesphere.be\/fr\/entreprises-belges-annoncent-report-massif-investissements-consequence-de-crise-coronavirus\/","url":"https:\/\/peoplesphere.be\/fr\/entreprises-belges-annoncent-report-massif-investissements-consequence-de-crise-coronavirus\/","name":"Les entreprises belges annoncent un report massif des investissements en cons\u00e9quence de la crise du coronavirus. - Peoplesphere","isPartOf":{"@id":"https:\/\/peoplesphere.be\/fr\/#website"},"datePublished":"2020-04-20T07:22:34+00:00","dateModified":"2020-04-20T07:22:34+00:00","breadcrumb":{"@id":"https:\/\/peoplesphere.be\/fr\/entreprises-belges-annoncent-report-massif-investissements-consequence-de-crise-coronavirus\/#breadcrumb"},"inLanguage":"fr-FR","potentialAction":[{"@type":"ReadAction","target":["https:\/\/peoplesphere.be\/fr\/entreprises-belges-annoncent-report-massif-investissements-consequence-de-crise-coronavirus\/"]}]},{"@type":"BreadcrumbList","@id":"https:\/\/peoplesphere.be\/fr\/entreprises-belges-annoncent-report-massif-investissements-consequence-de-crise-coronavirus\/#breadcrumb","itemListElement":[{"@type":"ListItem","position":1,"name":"Accueil","item":"https:\/\/peoplesphere.be\/fr\/"},{"@type":"ListItem","position":2,"name":"Les entreprises belges annoncent un report massif des investissements en cons\u00e9quence de la crise du coronavirus."}]},{"@type":"WebSite","@id":"https:\/\/peoplesphere.be\/fr\/#website","url":"https:\/\/peoplesphere.be\/fr\/","name":"Peoplesphere","description":"The People Managers Magazine","publisher":{"@id":"https:\/\/peoplesphere.be\/fr\/#organization"},"potentialAction":[{"@type":"SearchAction","target":{"@type":"EntryPoint","urlTemplate":"https:\/\/peoplesphere.be\/fr\/?s={search_term_string}"},"query-input":"required name=search_term_string"}],"inLanguage":"fr-FR"},{"@type":"Organization","@id":"https:\/\/peoplesphere.be\/fr\/#organization","name":"Peoplesphere Company srl","url":"https:\/\/peoplesphere.be\/fr\/","logo":{"@type":"ImageObject","inLanguage":"fr-FR","@id":"https:\/\/peoplesphere.be\/fr\/#\/schema\/logo\/image\/","url":"https:\/\/peoplesphere.be\/fr\/wp-content\/uploads\/2023\/07\/peoplesphere-lgo-new-generik.jpg","contentUrl":"https:\/\/peoplesphere.be\/fr\/wp-content\/uploads\/2023\/07\/peoplesphere-lgo-new-generik.jpg","width":1031,"height":1479,"caption":"Peoplesphere Company srl"},"image":{"@id":"https:\/\/peoplesphere.be\/fr\/#\/schema\/logo\/image\/"},"sameAs":["https:\/\/www.facebook.com\/peoplesphere","https:\/\/twitter.com\/PeoplesphereMag","https:\/\/www.linkedin.com\/company\/7587361?trk","http:\/\/youtube.com\/peoplesphere"]},{"@type":"Person","@id":"https:\/\/peoplesphere.be\/fr\/#\/schema\/person\/7976225ff17988604334abb7b3536a7e","name":"Jean-Paul Erhard","image":{"@type":"ImageObject","inLanguage":"fr-FR","@id":"https:\/\/peoplesphere.be\/fr\/#\/schema\/person\/image\/","url":"https:\/\/secure.gravatar.com\/avatar\/f941e681460179738071629a51574930?s=96&d=mm&r=g","contentUrl":"https:\/\/secure.gravatar.com\/avatar\/f941e681460179738071629a51574930?s=96&d=mm&r=g","caption":"Jean-Paul Erhard"},"url":"https:\/\/peoplesphere.be\/fr\/author\/jpe\/"}]}},"_links":{"self":[{"href":"https:\/\/peoplesphere.be\/fr\/wp-json\/wp\/v2\/posts\/9436"}],"collection":[{"href":"https:\/\/peoplesphere.be\/fr\/wp-json\/wp\/v2\/posts"}],"about":[{"href":"https:\/\/peoplesphere.be\/fr\/wp-json\/wp\/v2\/types\/post"}],"author":[{"embeddable":true,"href":"https:\/\/peoplesphere.be\/fr\/wp-json\/wp\/v2\/users\/2"}],"replies":[{"embeddable":true,"href":"https:\/\/peoplesphere.be\/fr\/wp-json\/wp\/v2\/comments?post=9436"}],"version-history":[{"count":1,"href":"https:\/\/peoplesphere.be\/fr\/wp-json\/wp\/v2\/posts\/9436\/revisions"}],"predecessor-version":[{"id":9437,"href":"https:\/\/peoplesphere.be\/fr\/wp-json\/wp\/v2\/posts\/9436\/revisions\/9437"}],"wp:attachment":[{"href":"https:\/\/peoplesphere.be\/fr\/wp-json\/wp\/v2\/media?parent=9436"}],"wp:term":[{"taxonomy":"category","embeddable":true,"href":"https:\/\/peoplesphere.be\/fr\/wp-json\/wp\/v2\/categories?post=9436"},{"taxonomy":"post_tag","embeddable":true,"href":"https:\/\/peoplesphere.be\/fr\/wp-json\/wp\/v2\/tags?post=9436"}],"curies":[{"name":"wp","href":"https:\/\/api.w.org\/{rel}","templated":true}]}}