









{"id":9446,"date":"2020-04-22T10:53:50","date_gmt":"2020-04-22T08:53:50","guid":{"rendered":"https:\/\/peoplesphere.be\/fr\/?p=9446"},"modified":"2020-04-22T10:53:50","modified_gmt":"2020-04-22T08:53:50","slug":"faire-face-aux-comportements-agressifs-cette-periode-de-coronavirus","status":"publish","type":"post","link":"https:\/\/peoplesphere.be\/fr\/faire-face-aux-comportements-agressifs-cette-periode-de-coronavirus\/","title":{"rendered":"Comment faire face aux comportements agressifs en cette p\u00e9riode de coronavirus?"},"content":{"rendered":"<p>Cette crise met nos relations \u00e0 rude \u00e9preuve. La distanciation sociale est une nouvelle donne qui g\u00e9n\u00e8re in\u00e9vitablement des situations de repli sur soi. Incertitude, perte de libert\u00e9, contacts difficiles&#8230; L&rsquo;impact psychologique de la situation est ind\u00e9niable pour nombre d&rsquo;entre nous. Nous avons tous besoin d\u2019autonomie, de solidarit\u00e9 et d\u2019une certaine forme de contr\u00f4le de la situation. Ces besoins sont menac\u00e9s par la crise actuelle.<!--more--><\/p>\n<p>Nous traversons tous une p\u00e9riode incertaine et difficile. <em>\u00ab En tant que soci\u00e9t\u00e9, nous luttons contre un ennemi puissant, mais invisible. Cette incertitude peut accro\u00eetre la tension, ce qui met le feu aux poudres et finit par conduire \u00e0 l\u2019agression \u00bb<\/em>, d\u00e9clare Lode Godderis, directeur du d\u00e9partement Knowledge, Information and Research d\u2019IDEWE.<\/p>\n<p>La menace et l\u2019obstruction de nos besoins fondamentaux provoquent chez nous de la tension, de la nervosit\u00e9 et de la frustration. En temps de crise, nous sommes donc confront\u00e9s \u00e0 plus d\u2019agressions.<\/p>\n<p><strong><em>M\u00eame en temps de crise, les comportements agressifs restent inacceptables!<\/em><\/strong><\/p>\n<p>Si nous comprenons qu\u2019il peut y avoir davantage d\u2019agressions, nous ne les tol\u00e9rons pas pour autant. Les comportements agressifs nous affectent et ont quoi qu\u2019il arrive des cons\u00e9quences n\u00e9gatives pour toutes les parties concern\u00e9es.\u00a0Que pouvons-nous faire ensemble pour endiguer les agressions ?<\/p>\n<p>Les employeurs ont la t\u00e2che importante de garantir au mieux la s\u00e9curit\u00e9 et la sant\u00e9 de leurs collaborateurs, m\u00eame en temps de crise. Afin d\u2019\u00e9viter les agressions au sein de l\u2019organisation, un signal clair peut \u00eatre donn\u00e9 \u00e0 tous ceux qui y entrent : Ici, on dit non \u00e0 toute forme d\u2019agression. Vous pouvez placer un message visuel \u00e0 l\u2019entr\u00e9e et \u00e0 des endroits centraux du b\u00e2timent, par exemple au moyen d\u2019une affiche ou d\u2019une communication sur un \u00e9cran num\u00e9rique. Faites preuve de l\u00e9g\u00e8ret\u00e9 et d\u2019humour. Par exemple, un porte-manteau peut \u00eatre plac\u00e9 \u00e0 l\u2019entr\u00e9e avec le message suivant : <em>\u00ab Laissez votre agressivit\u00e9 au porte-manteau. \u00bb<\/em><\/p>\n<p>Si des agressions surviennent malgr\u00e9 tout, les conseils suivants peuvent s\u2019av\u00e9rer utiles :<\/p>\n<p><strong><em>Seule une attitude calme peut sauver la situation &#8211;\u00a0<\/em><\/strong>Tentez de rester calme \u00e0 tout moment lorsque vous avez affaire \u00e0 des personnes agressives, tant dans votre fa\u00e7on de parler que dans votre fa\u00e7on d\u2019agir. M\u00eame si vous ressentez de la col\u00e8re ou de l\u2019anxi\u00e9t\u00e9 \u00e0 l\u2019int\u00e9rieur, essayez de ne pas le laisser para\u00eetre. Car si vous manifestez vous aussi de la col\u00e8re, une lutte de pouvoir se d\u00e9clenche et la situation peut d\u00e9g\u00e9n\u00e9rer rapidement. Si vous montrez votre anxi\u00e9t\u00e9, l\u2019agresseur pourrait y voir un signal et persister dans son agression. Si vous restez calme, il y a plus de chances que l\u2019autre personne redevienne elle aussi calme. Nous avons en effet tendance \u00e0 reproduire le comportement des autres.<\/p>\n<p><strong><em>Essayez de montrer de la compr\u00e9hension &#8211;\u00a0<\/em><\/strong>Lorsqu\u2019une personne est agressive, c\u2019est souvent une mani\u00e8re (inappropri\u00e9e) de faire savoir que certains besoins et exigences ne sont pas satisfaits. Il est donc important de faire preuve, dans un premier temps, de compr\u00e9hension et de reconnaissance. Vous montrez ainsi votre implication et indiquez que vous comprenez la gravit\u00e9 de la situation. De cette fa\u00e7on, vous envoyez \u00e9galement le signal que le message est pass\u00e9, et qu\u2019il n\u2019est plus n\u00e9cessaire de le transmettre par un comportement agressif.<\/p>\n<p><strong><em>Quand faire preuve de compr\u00e9hension ne suffit plus &#8211;\u00a0<\/em><\/strong>Bien qu\u2019une r\u00e9action compr\u00e9hensive soit une bonne technique pour d\u00e9samorcer la situation, elle a ses limites. Si la situation d\u00e9g\u00e9n\u00e8re, il est important de fixer des limites \u00e0 l\u2019agresseur. Pour faire face \u00e0 une escalade imminente du conflit, il est possible de nommer bri\u00e8vement ce que vous voyez chez l\u2019agresseur (restez-en aux faits) et de limiter son comportement. Proposez alors une alternative. Par exemple : \u00ab Soit vous arr\u00eatez de crier, soit je vais devoir mettre un terme \u00e0 cette discussion \u00bb. Vous laissez ainsi le choix \u00e0 l\u2019agresseur, ce qui le rendra moins enclin \u00e0 continuer la lutte de pouvoir et \u00e0 devenir encore plus agressif. Lorsque la situation menace de devenir dangereuse, une seule r\u00e8gle pr\u00e9vaut : votre s\u00e9curit\u00e9 prime.<\/p>\n<p>Une crise ne fait pas ressortir que le mal en l\u2019homme, mais heureusement aussi (et surtout) le bien. Il est plus important que jamais d\u2019\u00eatre l\u00e0 les uns pour les autres. Prenez le temps de parler d\u2019un incident (\u00e0 une distance s\u00fbre) et pr\u00eatez une oreille attentive. En r\u00e9sum\u00e9 : prenez bien soin les uns des autres !<\/p>\n<p><em>Source: IDEWE<\/em><\/p>\n","protected":false},"excerpt":{"rendered":"<p>Cette crise met nos relations \u00e0 rude \u00e9preuve. La distanciation sociale est une nouvelle donne qui g\u00e9n\u00e8re in\u00e9vitablement des situations de repli sur soi. Incertitude, perte de libert\u00e9, contacts difficiles&#8230; L&rsquo;impact psychologique de la situation est ind\u00e9niable pour nombre d&rsquo;entre [&hellip;]<\/p>\n","protected":false},"author":2,"featured_media":0,"comment_status":"closed","ping_status":"open","sticky":false,"template":"","format":"standard","meta":[],"categories":[65,10],"tags":[3028,2947,2995,1139,18],"yoast_head":"<!-- This site is optimized with the Yoast SEO plugin v21.0 - https:\/\/yoast.com\/wordpress\/plugins\/seo\/ -->\n<title>Comment faire face aux comportements agressifs en cette p\u00e9riode de coronavirus? - Peoplesphere<\/title>\n<meta name=\"robots\" content=\"index, follow, max-snippet:-1, max-image-preview:large, max-video-preview:-1\" \/>\n<link rel=\"canonical\" href=\"https:\/\/peoplesphere.be\/fr\/faire-face-aux-comportements-agressifs-cette-periode-de-coronavirus\/\" \/>\n<meta property=\"og:locale\" content=\"fr_FR\" \/>\n<meta property=\"og:type\" content=\"article\" \/>\n<meta property=\"og:title\" content=\"Comment faire face aux comportements agressifs en cette p\u00e9riode de coronavirus? - Peoplesphere\" \/>\n<meta property=\"og:description\" content=\"Cette crise met nos relations \u00e0 rude \u00e9preuve. La distanciation sociale est une nouvelle donne qui g\u00e9n\u00e8re in\u00e9vitablement des situations de repli sur soi. Incertitude, perte de libert\u00e9, contacts difficiles&#8230; L&rsquo;impact psychologique de la situation est ind\u00e9niable pour nombre d&rsquo;entre [&hellip;]\" \/>\n<meta property=\"og:url\" content=\"https:\/\/peoplesphere.be\/fr\/faire-face-aux-comportements-agressifs-cette-periode-de-coronavirus\/\" \/>\n<meta property=\"og:site_name\" content=\"Peoplesphere\" \/>\n<meta property=\"article:publisher\" content=\"https:\/\/www.facebook.com\/peoplesphere\" \/>\n<meta property=\"article:published_time\" content=\"2020-04-22T08:53:50+00:00\" \/>\n<meta property=\"og:image\" content=\"http:\/\/www.peoplesphere.be\/fr\/wp-content\/uploads\/2016\/07\/facebook-default-posting-1200x628px.jpg\" \/>\n<meta name=\"author\" content=\"Jean-Paul Erhard\" \/>\n<meta name=\"twitter:card\" content=\"summary_large_image\" \/>\n<meta name=\"twitter:creator\" content=\"@PeoplesphereMag\" \/>\n<meta name=\"twitter:site\" content=\"@PeoplesphereMag\" \/>\n<meta name=\"twitter:label1\" content=\"\u00c9crit par\" \/>\n\t<meta name=\"twitter:data1\" content=\"Jean-Paul Erhard\" \/>\n\t<meta name=\"twitter:label2\" content=\"Dur\u00e9e de lecture estim\u00e9e\" \/>\n\t<meta name=\"twitter:data2\" content=\"4 minutes\" \/>\n<script type=\"application\/ld+json\" class=\"yoast-schema-graph\">{\"@context\":\"https:\/\/schema.org\",\"@graph\":[{\"@type\":\"Article\",\"@id\":\"https:\/\/peoplesphere.be\/fr\/faire-face-aux-comportements-agressifs-cette-periode-de-coronavirus\/#article\",\"isPartOf\":{\"@id\":\"https:\/\/peoplesphere.be\/fr\/faire-face-aux-comportements-agressifs-cette-periode-de-coronavirus\/\"},\"author\":{\"name\":\"Jean-Paul Erhard\",\"@id\":\"https:\/\/peoplesphere.be\/fr\/#\/schema\/person\/7976225ff17988604334abb7b3536a7e\"},\"headline\":\"Comment faire face aux comportements agressifs en cette p\u00e9riode de coronavirus?\",\"datePublished\":\"2020-04-22T08:53:50+00:00\",\"dateModified\":\"2020-04-22T08:53:50+00:00\",\"mainEntityOfPage\":{\"@id\":\"https:\/\/peoplesphere.be\/fr\/faire-face-aux-comportements-agressifs-cette-periode-de-coronavirus\/\"},\"wordCount\":790,\"publisher\":{\"@id\":\"https:\/\/peoplesphere.be\/fr\/#organization\"},\"keywords\":[\"agression au travail\",\"coronavirus\",\"distanciation sociale\",\"IDEWE\",\"Stress\"],\"articleSection\":[\"Actualit\u00e9s\",\"Digital\"],\"inLanguage\":\"fr-FR\"},{\"@type\":\"WebPage\",\"@id\":\"https:\/\/peoplesphere.be\/fr\/faire-face-aux-comportements-agressifs-cette-periode-de-coronavirus\/\",\"url\":\"https:\/\/peoplesphere.be\/fr\/faire-face-aux-comportements-agressifs-cette-periode-de-coronavirus\/\",\"name\":\"Comment faire face aux comportements agressifs en cette p\u00e9riode de coronavirus? - Peoplesphere\",\"isPartOf\":{\"@id\":\"https:\/\/peoplesphere.be\/fr\/#website\"},\"datePublished\":\"2020-04-22T08:53:50+00:00\",\"dateModified\":\"2020-04-22T08:53:50+00:00\",\"breadcrumb\":{\"@id\":\"https:\/\/peoplesphere.be\/fr\/faire-face-aux-comportements-agressifs-cette-periode-de-coronavirus\/#breadcrumb\"},\"inLanguage\":\"fr-FR\",\"potentialAction\":[{\"@type\":\"ReadAction\",\"target\":[\"https:\/\/peoplesphere.be\/fr\/faire-face-aux-comportements-agressifs-cette-periode-de-coronavirus\/\"]}]},{\"@type\":\"BreadcrumbList\",\"@id\":\"https:\/\/peoplesphere.be\/fr\/faire-face-aux-comportements-agressifs-cette-periode-de-coronavirus\/#breadcrumb\",\"itemListElement\":[{\"@type\":\"ListItem\",\"position\":1,\"name\":\"Accueil\",\"item\":\"https:\/\/peoplesphere.be\/fr\/\"},{\"@type\":\"ListItem\",\"position\":2,\"name\":\"Comment faire face aux comportements agressifs en cette p\u00e9riode de coronavirus?\"}]},{\"@type\":\"WebSite\",\"@id\":\"https:\/\/peoplesphere.be\/fr\/#website\",\"url\":\"https:\/\/peoplesphere.be\/fr\/\",\"name\":\"Peoplesphere\",\"description\":\"The People Managers Magazine\",\"publisher\":{\"@id\":\"https:\/\/peoplesphere.be\/fr\/#organization\"},\"potentialAction\":[{\"@type\":\"SearchAction\",\"target\":{\"@type\":\"EntryPoint\",\"urlTemplate\":\"https:\/\/peoplesphere.be\/fr\/?s={search_term_string}\"},\"query-input\":\"required name=search_term_string\"}],\"inLanguage\":\"fr-FR\"},{\"@type\":\"Organization\",\"@id\":\"https:\/\/peoplesphere.be\/fr\/#organization\",\"name\":\"Peoplesphere Company srl\",\"url\":\"https:\/\/peoplesphere.be\/fr\/\",\"logo\":{\"@type\":\"ImageObject\",\"inLanguage\":\"fr-FR\",\"@id\":\"https:\/\/peoplesphere.be\/fr\/#\/schema\/logo\/image\/\",\"url\":\"https:\/\/peoplesphere.be\/fr\/wp-content\/uploads\/2023\/07\/peoplesphere-lgo-new-generik.jpg\",\"contentUrl\":\"https:\/\/peoplesphere.be\/fr\/wp-content\/uploads\/2023\/07\/peoplesphere-lgo-new-generik.jpg\",\"width\":1031,\"height\":1479,\"caption\":\"Peoplesphere Company srl\"},\"image\":{\"@id\":\"https:\/\/peoplesphere.be\/fr\/#\/schema\/logo\/image\/\"},\"sameAs\":[\"https:\/\/www.facebook.com\/peoplesphere\",\"https:\/\/twitter.com\/PeoplesphereMag\",\"https:\/\/www.linkedin.com\/company\/7587361?trk\",\"http:\/\/youtube.com\/peoplesphere\"]},{\"@type\":\"Person\",\"@id\":\"https:\/\/peoplesphere.be\/fr\/#\/schema\/person\/7976225ff17988604334abb7b3536a7e\",\"name\":\"Jean-Paul Erhard\",\"image\":{\"@type\":\"ImageObject\",\"inLanguage\":\"fr-FR\",\"@id\":\"https:\/\/peoplesphere.be\/fr\/#\/schema\/person\/image\/\",\"url\":\"https:\/\/secure.gravatar.com\/avatar\/f941e681460179738071629a51574930?s=96&d=mm&r=g\",\"contentUrl\":\"https:\/\/secure.gravatar.com\/avatar\/f941e681460179738071629a51574930?s=96&d=mm&r=g\",\"caption\":\"Jean-Paul Erhard\"},\"url\":\"https:\/\/peoplesphere.be\/fr\/author\/jpe\/\"}]}<\/script>\n<!-- \/ Yoast SEO plugin. -->","yoast_head_json":{"title":"Comment faire face aux comportements agressifs en cette p\u00e9riode de coronavirus? - Peoplesphere","robots":{"index":"index","follow":"follow","max-snippet":"max-snippet:-1","max-image-preview":"max-image-preview:large","max-video-preview":"max-video-preview:-1"},"canonical":"https:\/\/peoplesphere.be\/fr\/faire-face-aux-comportements-agressifs-cette-periode-de-coronavirus\/","og_locale":"fr_FR","og_type":"article","og_title":"Comment faire face aux comportements agressifs en cette p\u00e9riode de coronavirus? - Peoplesphere","og_description":"Cette crise met nos relations \u00e0 rude \u00e9preuve. La distanciation sociale est une nouvelle donne qui g\u00e9n\u00e8re in\u00e9vitablement des situations de repli sur soi. Incertitude, perte de libert\u00e9, contacts difficiles&#8230; L&rsquo;impact psychologique de la situation est ind\u00e9niable pour nombre d&rsquo;entre [&hellip;]","og_url":"https:\/\/peoplesphere.be\/fr\/faire-face-aux-comportements-agressifs-cette-periode-de-coronavirus\/","og_site_name":"Peoplesphere","article_publisher":"https:\/\/www.facebook.com\/peoplesphere","article_published_time":"2020-04-22T08:53:50+00:00","og_image":[{"url":"http:\/\/www.peoplesphere.be\/fr\/wp-content\/uploads\/2016\/07\/facebook-default-posting-1200x628px.jpg"}],"author":"Jean-Paul Erhard","twitter_card":"summary_large_image","twitter_creator":"@PeoplesphereMag","twitter_site":"@PeoplesphereMag","twitter_misc":{"\u00c9crit par":"Jean-Paul Erhard","Dur\u00e9e de lecture estim\u00e9e":"4 minutes"},"schema":{"@context":"https:\/\/schema.org","@graph":[{"@type":"Article","@id":"https:\/\/peoplesphere.be\/fr\/faire-face-aux-comportements-agressifs-cette-periode-de-coronavirus\/#article","isPartOf":{"@id":"https:\/\/peoplesphere.be\/fr\/faire-face-aux-comportements-agressifs-cette-periode-de-coronavirus\/"},"author":{"name":"Jean-Paul Erhard","@id":"https:\/\/peoplesphere.be\/fr\/#\/schema\/person\/7976225ff17988604334abb7b3536a7e"},"headline":"Comment faire face aux comportements agressifs en cette p\u00e9riode de coronavirus?","datePublished":"2020-04-22T08:53:50+00:00","dateModified":"2020-04-22T08:53:50+00:00","mainEntityOfPage":{"@id":"https:\/\/peoplesphere.be\/fr\/faire-face-aux-comportements-agressifs-cette-periode-de-coronavirus\/"},"wordCount":790,"publisher":{"@id":"https:\/\/peoplesphere.be\/fr\/#organization"},"keywords":["agression au travail","coronavirus","distanciation sociale","IDEWE","Stress"],"articleSection":["Actualit\u00e9s","Digital"],"inLanguage":"fr-FR"},{"@type":"WebPage","@id":"https:\/\/peoplesphere.be\/fr\/faire-face-aux-comportements-agressifs-cette-periode-de-coronavirus\/","url":"https:\/\/peoplesphere.be\/fr\/faire-face-aux-comportements-agressifs-cette-periode-de-coronavirus\/","name":"Comment faire face aux comportements agressifs en cette p\u00e9riode de coronavirus? - Peoplesphere","isPartOf":{"@id":"https:\/\/peoplesphere.be\/fr\/#website"},"datePublished":"2020-04-22T08:53:50+00:00","dateModified":"2020-04-22T08:53:50+00:00","breadcrumb":{"@id":"https:\/\/peoplesphere.be\/fr\/faire-face-aux-comportements-agressifs-cette-periode-de-coronavirus\/#breadcrumb"},"inLanguage":"fr-FR","potentialAction":[{"@type":"ReadAction","target":["https:\/\/peoplesphere.be\/fr\/faire-face-aux-comportements-agressifs-cette-periode-de-coronavirus\/"]}]},{"@type":"BreadcrumbList","@id":"https:\/\/peoplesphere.be\/fr\/faire-face-aux-comportements-agressifs-cette-periode-de-coronavirus\/#breadcrumb","itemListElement":[{"@type":"ListItem","position":1,"name":"Accueil","item":"https:\/\/peoplesphere.be\/fr\/"},{"@type":"ListItem","position":2,"name":"Comment faire face aux comportements agressifs en cette p\u00e9riode de coronavirus?"}]},{"@type":"WebSite","@id":"https:\/\/peoplesphere.be\/fr\/#website","url":"https:\/\/peoplesphere.be\/fr\/","name":"Peoplesphere","description":"The People Managers Magazine","publisher":{"@id":"https:\/\/peoplesphere.be\/fr\/#organization"},"potentialAction":[{"@type":"SearchAction","target":{"@type":"EntryPoint","urlTemplate":"https:\/\/peoplesphere.be\/fr\/?s={search_term_string}"},"query-input":"required name=search_term_string"}],"inLanguage":"fr-FR"},{"@type":"Organization","@id":"https:\/\/peoplesphere.be\/fr\/#organization","name":"Peoplesphere Company srl","url":"https:\/\/peoplesphere.be\/fr\/","logo":{"@type":"ImageObject","inLanguage":"fr-FR","@id":"https:\/\/peoplesphere.be\/fr\/#\/schema\/logo\/image\/","url":"https:\/\/peoplesphere.be\/fr\/wp-content\/uploads\/2023\/07\/peoplesphere-lgo-new-generik.jpg","contentUrl":"https:\/\/peoplesphere.be\/fr\/wp-content\/uploads\/2023\/07\/peoplesphere-lgo-new-generik.jpg","width":1031,"height":1479,"caption":"Peoplesphere Company srl"},"image":{"@id":"https:\/\/peoplesphere.be\/fr\/#\/schema\/logo\/image\/"},"sameAs":["https:\/\/www.facebook.com\/peoplesphere","https:\/\/twitter.com\/PeoplesphereMag","https:\/\/www.linkedin.com\/company\/7587361?trk","http:\/\/youtube.com\/peoplesphere"]},{"@type":"Person","@id":"https:\/\/peoplesphere.be\/fr\/#\/schema\/person\/7976225ff17988604334abb7b3536a7e","name":"Jean-Paul Erhard","image":{"@type":"ImageObject","inLanguage":"fr-FR","@id":"https:\/\/peoplesphere.be\/fr\/#\/schema\/person\/image\/","url":"https:\/\/secure.gravatar.com\/avatar\/f941e681460179738071629a51574930?s=96&d=mm&r=g","contentUrl":"https:\/\/secure.gravatar.com\/avatar\/f941e681460179738071629a51574930?s=96&d=mm&r=g","caption":"Jean-Paul Erhard"},"url":"https:\/\/peoplesphere.be\/fr\/author\/jpe\/"}]}},"_links":{"self":[{"href":"https:\/\/peoplesphere.be\/fr\/wp-json\/wp\/v2\/posts\/9446"}],"collection":[{"href":"https:\/\/peoplesphere.be\/fr\/wp-json\/wp\/v2\/posts"}],"about":[{"href":"https:\/\/peoplesphere.be\/fr\/wp-json\/wp\/v2\/types\/post"}],"author":[{"embeddable":true,"href":"https:\/\/peoplesphere.be\/fr\/wp-json\/wp\/v2\/users\/2"}],"replies":[{"embeddable":true,"href":"https:\/\/peoplesphere.be\/fr\/wp-json\/wp\/v2\/comments?post=9446"}],"version-history":[{"count":3,"href":"https:\/\/peoplesphere.be\/fr\/wp-json\/wp\/v2\/posts\/9446\/revisions"}],"predecessor-version":[{"id":9449,"href":"https:\/\/peoplesphere.be\/fr\/wp-json\/wp\/v2\/posts\/9446\/revisions\/9449"}],"wp:attachment":[{"href":"https:\/\/peoplesphere.be\/fr\/wp-json\/wp\/v2\/media?parent=9446"}],"wp:term":[{"taxonomy":"category","embeddable":true,"href":"https:\/\/peoplesphere.be\/fr\/wp-json\/wp\/v2\/categories?post=9446"},{"taxonomy":"post_tag","embeddable":true,"href":"https:\/\/peoplesphere.be\/fr\/wp-json\/wp\/v2\/tags?post=9446"}],"curies":[{"name":"wp","href":"https:\/\/api.w.org\/{rel}","templated":true}]}}