









{"id":9455,"date":"2020-04-24T08:35:42","date_gmt":"2020-04-24T06:35:42","guid":{"rendered":"https:\/\/peoplesphere.be\/fr\/?p=9455"},"modified":"2020-04-24T08:35:42","modified_gmt":"2020-04-24T06:35:42","slug":"youtoo-linstitut-legalite-femmes-hommes-lance-enquete-afin-de-quantifier-question-de-discrimination","status":"publish","type":"post","link":"https:\/\/peoplesphere.be\/fr\/youtoo-linstitut-legalite-femmes-hommes-lance-enquete-afin-de-quantifier-question-de-discrimination\/","title":{"rendered":"#YouToo : l&rsquo;Institut pour l&rsquo;\u00e9galit\u00e9 des femmes et des hommes lance une enqu\u00eate afin de quantifier la question de la discrimination."},"content":{"rendered":"<p>Que pensent les Belges de l\u2019(in)\u00e9galit\u00e9 ? \u00c0 quelle fr\u00e9quence sont-ils\/elles trait\u00e9-e-s de fa\u00e7on sexiste ? L\u2019Institut pour l\u2019\u00e9galit\u00e9 des femmes et des hommes lance une enqu\u00eate nationale consacr\u00e9e au sexisme intitul\u00e9e \u00ab #YouToo? \u00bb. Cette enqu\u00eate permettra d\u2019\u00e9tudier les exp\u00e9riences et les opinions de la population. Compte tenu de l&rsquo;importance des ph\u00e9nom\u00e8nes de discrimination dans la sph\u00e8re professionnelle, il est logique que nous y soyons toutes et tous invit\u00e9s \u00e0 y participer \u00e0 la fois en tant qu&rsquo;individus et en tant que professionnels.<!--more--><\/p>\n<p>Bien qu\u2019actuellement la population ait d\u2019autres pr\u00e9occupations, le sexisme demeure un ph\u00e9nom\u00e8ne tr\u00e8s r\u00e9pandu. L\u2019impact de la crise li\u00e9e au coronavirus sur l\u2019\u00e9galit\u00e9 de genre n\u2019est pas encore connu, mais \u00e0 court terme, nous observons d\u00e9j\u00e0 un certain nombre d\u2019effets n\u00e9gatifs. Par exemple, la forte augmentation du nombre de signalements pour violences familiales (souvent \u00e0 l\u2019\u00e9gard des femmes) et l\u2019aggravation du harc\u00e8lement de rue. L\u2019Institut esp\u00e8re donc que la population comprendra l\u2019importance de cette enqu\u00eate consacr\u00e9e au sexisme, pr\u00e9cis\u00e9ment durant cette p\u00e9riode difficile.<\/p>\n<p><em>\u00ab\u00a0Bien que le sexisme constitue un important th\u00e8me de soci\u00e9t\u00e9, il existe peu de chiffres \u00e0 ce propos.\u00a0\u00bb<\/em>\u00a0explique le directeur de l\u2019Institut, Michel Pasteel. <em>\u00ab\u00a0Ces chiffres sont n\u00e9cessaires pour avoir une vision claire de la probl\u00e9matique. C\u2019est la raison pour laquelle l\u2019Institut souhaite investir dans une enqu\u00eate de grande \u00e9chelle, men\u00e9e tant aupr\u00e8s des hommes que des femmes, et dans toutes les couches de la population.\u00a0\u00bb<\/em><\/p>\n<p>L\u2019enqu\u00eate #YouToo? se compose d\u2019un questionnaire approfondi qui couvre diff\u00e9rents domaines : le lieu de travail, les m\u00e9dias, la maison, etc. L\u2019Institut souhaite faire appel \u00e0 un public aussi large et diversifi\u00e9 que possible pour r\u00e9pondre \u00e0 cette enqu\u00eate. <em>\u00ab\u00a0Ce n\u2019est pas une enqu\u00eate exclusivement destin\u00e9e aux femmes\u00a0\u00bb<\/em>, souligne Michel Pasteel ; <em>\u00ab\u00a0Le sexisme est un probl\u00e8me auquel tout le monde peut \u00eatre confront\u00e9. Il est important d\u2019\u00e9tudier les exp\u00e9riences quotidiennes des femmes ET des hommes en mati\u00e8re de sexisme. Dans quel contexte ils\/elles y sont confront\u00e9-e-s, ce qu\u2019ils\/elles en pensent et comment ils\/elles y font face.\u00a0\u00bb<\/em><\/p>\n<p>Vous pouvez participer \u00e0 l\u2019enqu\u00eate, qui est disponible en fran\u00e7ais, en n\u00e9erlandais et en anglais en vous rendant sur le site internet <a href=\"http:\/\/www.sexisme.be\">www.sexisme.be<\/a>. Parall\u00e8lement \u00e0 l\u2019enqu\u00eate ouverte adress\u00e9e \u00e0 toute la population, le questionnaire sera \u00e9galement soumis \u00e0 un \u00e9chantillon al\u00e9atoire de personnes constitu\u00e9 par le biais du Registre national.<\/p>\n<p><em>Source :<\/em> <em><span lang=\"FR-BE\" xml:lang=\"FR-BE\">Institut pour l&rsquo;\u00e9galit\u00e9 des femmes et des hommes<\/span><\/em><\/p>\n","protected":false},"excerpt":{"rendered":"<p>Que pensent les Belges de l\u2019(in)\u00e9galit\u00e9 ? \u00c0 quelle fr\u00e9quence sont-ils\/elles trait\u00e9-e-s de fa\u00e7on sexiste ? L\u2019Institut pour l\u2019\u00e9galit\u00e9 des femmes et des hommes lance une enqu\u00eate nationale consacr\u00e9e au sexisme intitul\u00e9e \u00ab #YouToo? \u00bb. Cette enqu\u00eate permettra d\u2019\u00e9tudier les [&hellip;]<\/p>\n","protected":false},"author":2,"featured_media":0,"comment_status":"closed","ping_status":"open","sticky":false,"template":"","format":"standard","meta":[],"categories":[65,10],"tags":[444,292,495,3030],"yoast_head":"<!-- This site is optimized with the Yoast SEO plugin v21.0 - https:\/\/yoast.com\/wordpress\/plugins\/seo\/ -->\n<title>#YouToo : l&#039;Institut pour l&#039;\u00e9galit\u00e9 des femmes et des hommes lance une enqu\u00eate afin de quantifier la question de la discrimination. - Peoplesphere<\/title>\n<meta name=\"robots\" content=\"index, follow, max-snippet:-1, max-image-preview:large, max-video-preview:-1\" \/>\n<link rel=\"canonical\" href=\"https:\/\/peoplesphere.be\/fr\/youtoo-linstitut-legalite-femmes-hommes-lance-enquete-afin-de-quantifier-question-de-discrimination\/\" \/>\n<meta property=\"og:locale\" content=\"fr_FR\" \/>\n<meta property=\"og:type\" content=\"article\" \/>\n<meta property=\"og:title\" content=\"#YouToo : l&#039;Institut pour l&#039;\u00e9galit\u00e9 des femmes et des hommes lance une enqu\u00eate afin de quantifier la question de la discrimination. - Peoplesphere\" \/>\n<meta property=\"og:description\" content=\"Que pensent les Belges de l\u2019(in)\u00e9galit\u00e9 ? \u00c0 quelle fr\u00e9quence sont-ils\/elles trait\u00e9-e-s de fa\u00e7on sexiste ? L\u2019Institut pour l\u2019\u00e9galit\u00e9 des femmes et des hommes lance une enqu\u00eate nationale consacr\u00e9e au sexisme intitul\u00e9e \u00ab #YouToo? \u00bb. Cette enqu\u00eate permettra d\u2019\u00e9tudier les [&hellip;]\" \/>\n<meta property=\"og:url\" content=\"https:\/\/peoplesphere.be\/fr\/youtoo-linstitut-legalite-femmes-hommes-lance-enquete-afin-de-quantifier-question-de-discrimination\/\" \/>\n<meta property=\"og:site_name\" content=\"Peoplesphere\" \/>\n<meta property=\"article:publisher\" content=\"https:\/\/www.facebook.com\/peoplesphere\" \/>\n<meta property=\"article:published_time\" content=\"2020-04-24T06:35:42+00:00\" \/>\n<meta property=\"og:image\" content=\"http:\/\/www.peoplesphere.be\/fr\/wp-content\/uploads\/2016\/07\/facebook-default-posting-1200x628px.jpg\" \/>\n<meta name=\"author\" content=\"Jean-Paul Erhard\" \/>\n<meta name=\"twitter:card\" content=\"summary_large_image\" \/>\n<meta name=\"twitter:creator\" content=\"@PeoplesphereMag\" \/>\n<meta name=\"twitter:site\" content=\"@PeoplesphereMag\" \/>\n<meta name=\"twitter:label1\" content=\"\u00c9crit par\" \/>\n\t<meta name=\"twitter:data1\" content=\"Jean-Paul Erhard\" \/>\n\t<meta name=\"twitter:label2\" content=\"Dur\u00e9e de lecture estim\u00e9e\" \/>\n\t<meta name=\"twitter:data2\" content=\"2 minutes\" \/>\n<script type=\"application\/ld+json\" class=\"yoast-schema-graph\">{\"@context\":\"https:\/\/schema.org\",\"@graph\":[{\"@type\":\"Article\",\"@id\":\"https:\/\/peoplesphere.be\/fr\/youtoo-linstitut-legalite-femmes-hommes-lance-enquete-afin-de-quantifier-question-de-discrimination\/#article\",\"isPartOf\":{\"@id\":\"https:\/\/peoplesphere.be\/fr\/youtoo-linstitut-legalite-femmes-hommes-lance-enquete-afin-de-quantifier-question-de-discrimination\/\"},\"author\":{\"name\":\"Jean-Paul Erhard\",\"@id\":\"https:\/\/peoplesphere.be\/fr\/#\/schema\/person\/7976225ff17988604334abb7b3536a7e\"},\"headline\":\"#YouToo : l&rsquo;Institut pour l&rsquo;\u00e9galit\u00e9 des femmes et des hommes lance une enqu\u00eate afin de quantifier la question de la discrimination.\",\"datePublished\":\"2020-04-24T06:35:42+00:00\",\"dateModified\":\"2020-04-24T06:35:42+00:00\",\"mainEntityOfPage\":{\"@id\":\"https:\/\/peoplesphere.be\/fr\/youtoo-linstitut-legalite-femmes-hommes-lance-enquete-afin-de-quantifier-question-de-discrimination\/\"},\"wordCount\":479,\"publisher\":{\"@id\":\"https:\/\/peoplesphere.be\/fr\/#organization\"},\"keywords\":[\"discrimination\",\"\u00e9galit\u00e9 des genres\",\"sexisme\",\"YouToo\"],\"articleSection\":[\"Actualit\u00e9s\",\"Digital\"],\"inLanguage\":\"fr-FR\"},{\"@type\":\"WebPage\",\"@id\":\"https:\/\/peoplesphere.be\/fr\/youtoo-linstitut-legalite-femmes-hommes-lance-enquete-afin-de-quantifier-question-de-discrimination\/\",\"url\":\"https:\/\/peoplesphere.be\/fr\/youtoo-linstitut-legalite-femmes-hommes-lance-enquete-afin-de-quantifier-question-de-discrimination\/\",\"name\":\"#YouToo : l'Institut pour l'\u00e9galit\u00e9 des femmes et des hommes lance une enqu\u00eate afin de quantifier la question de la discrimination. - Peoplesphere\",\"isPartOf\":{\"@id\":\"https:\/\/peoplesphere.be\/fr\/#website\"},\"datePublished\":\"2020-04-24T06:35:42+00:00\",\"dateModified\":\"2020-04-24T06:35:42+00:00\",\"breadcrumb\":{\"@id\":\"https:\/\/peoplesphere.be\/fr\/youtoo-linstitut-legalite-femmes-hommes-lance-enquete-afin-de-quantifier-question-de-discrimination\/#breadcrumb\"},\"inLanguage\":\"fr-FR\",\"potentialAction\":[{\"@type\":\"ReadAction\",\"target\":[\"https:\/\/peoplesphere.be\/fr\/youtoo-linstitut-legalite-femmes-hommes-lance-enquete-afin-de-quantifier-question-de-discrimination\/\"]}]},{\"@type\":\"BreadcrumbList\",\"@id\":\"https:\/\/peoplesphere.be\/fr\/youtoo-linstitut-legalite-femmes-hommes-lance-enquete-afin-de-quantifier-question-de-discrimination\/#breadcrumb\",\"itemListElement\":[{\"@type\":\"ListItem\",\"position\":1,\"name\":\"Accueil\",\"item\":\"https:\/\/peoplesphere.be\/fr\/\"},{\"@type\":\"ListItem\",\"position\":2,\"name\":\"#YouToo : l&rsquo;Institut pour l&rsquo;\u00e9galit\u00e9 des femmes et des hommes lance une enqu\u00eate afin de quantifier la question de la discrimination.\"}]},{\"@type\":\"WebSite\",\"@id\":\"https:\/\/peoplesphere.be\/fr\/#website\",\"url\":\"https:\/\/peoplesphere.be\/fr\/\",\"name\":\"Peoplesphere\",\"description\":\"The People Managers Magazine\",\"publisher\":{\"@id\":\"https:\/\/peoplesphere.be\/fr\/#organization\"},\"potentialAction\":[{\"@type\":\"SearchAction\",\"target\":{\"@type\":\"EntryPoint\",\"urlTemplate\":\"https:\/\/peoplesphere.be\/fr\/?s={search_term_string}\"},\"query-input\":\"required name=search_term_string\"}],\"inLanguage\":\"fr-FR\"},{\"@type\":\"Organization\",\"@id\":\"https:\/\/peoplesphere.be\/fr\/#organization\",\"name\":\"Peoplesphere Company srl\",\"url\":\"https:\/\/peoplesphere.be\/fr\/\",\"logo\":{\"@type\":\"ImageObject\",\"inLanguage\":\"fr-FR\",\"@id\":\"https:\/\/peoplesphere.be\/fr\/#\/schema\/logo\/image\/\",\"url\":\"https:\/\/peoplesphere.be\/fr\/wp-content\/uploads\/2023\/07\/peoplesphere-lgo-new-generik.jpg\",\"contentUrl\":\"https:\/\/peoplesphere.be\/fr\/wp-content\/uploads\/2023\/07\/peoplesphere-lgo-new-generik.jpg\",\"width\":1031,\"height\":1479,\"caption\":\"Peoplesphere Company srl\"},\"image\":{\"@id\":\"https:\/\/peoplesphere.be\/fr\/#\/schema\/logo\/image\/\"},\"sameAs\":[\"https:\/\/www.facebook.com\/peoplesphere\",\"https:\/\/twitter.com\/PeoplesphereMag\",\"https:\/\/www.linkedin.com\/company\/7587361?trk\",\"http:\/\/youtube.com\/peoplesphere\"]},{\"@type\":\"Person\",\"@id\":\"https:\/\/peoplesphere.be\/fr\/#\/schema\/person\/7976225ff17988604334abb7b3536a7e\",\"name\":\"Jean-Paul Erhard\",\"image\":{\"@type\":\"ImageObject\",\"inLanguage\":\"fr-FR\",\"@id\":\"https:\/\/peoplesphere.be\/fr\/#\/schema\/person\/image\/\",\"url\":\"https:\/\/secure.gravatar.com\/avatar\/f941e681460179738071629a51574930?s=96&d=mm&r=g\",\"contentUrl\":\"https:\/\/secure.gravatar.com\/avatar\/f941e681460179738071629a51574930?s=96&d=mm&r=g\",\"caption\":\"Jean-Paul Erhard\"},\"url\":\"https:\/\/peoplesphere.be\/fr\/author\/jpe\/\"}]}<\/script>\n<!-- \/ Yoast SEO plugin. -->","yoast_head_json":{"title":"#YouToo : l'Institut pour l'\u00e9galit\u00e9 des femmes et des hommes lance une enqu\u00eate afin de quantifier la question de la discrimination. - Peoplesphere","robots":{"index":"index","follow":"follow","max-snippet":"max-snippet:-1","max-image-preview":"max-image-preview:large","max-video-preview":"max-video-preview:-1"},"canonical":"https:\/\/peoplesphere.be\/fr\/youtoo-linstitut-legalite-femmes-hommes-lance-enquete-afin-de-quantifier-question-de-discrimination\/","og_locale":"fr_FR","og_type":"article","og_title":"#YouToo : l'Institut pour l'\u00e9galit\u00e9 des femmes et des hommes lance une enqu\u00eate afin de quantifier la question de la discrimination. - Peoplesphere","og_description":"Que pensent les Belges de l\u2019(in)\u00e9galit\u00e9 ? \u00c0 quelle fr\u00e9quence sont-ils\/elles trait\u00e9-e-s de fa\u00e7on sexiste ? L\u2019Institut pour l\u2019\u00e9galit\u00e9 des femmes et des hommes lance une enqu\u00eate nationale consacr\u00e9e au sexisme intitul\u00e9e \u00ab #YouToo? \u00bb. Cette enqu\u00eate permettra d\u2019\u00e9tudier les [&hellip;]","og_url":"https:\/\/peoplesphere.be\/fr\/youtoo-linstitut-legalite-femmes-hommes-lance-enquete-afin-de-quantifier-question-de-discrimination\/","og_site_name":"Peoplesphere","article_publisher":"https:\/\/www.facebook.com\/peoplesphere","article_published_time":"2020-04-24T06:35:42+00:00","og_image":[{"url":"http:\/\/www.peoplesphere.be\/fr\/wp-content\/uploads\/2016\/07\/facebook-default-posting-1200x628px.jpg"}],"author":"Jean-Paul Erhard","twitter_card":"summary_large_image","twitter_creator":"@PeoplesphereMag","twitter_site":"@PeoplesphereMag","twitter_misc":{"\u00c9crit par":"Jean-Paul Erhard","Dur\u00e9e de lecture estim\u00e9e":"2 minutes"},"schema":{"@context":"https:\/\/schema.org","@graph":[{"@type":"Article","@id":"https:\/\/peoplesphere.be\/fr\/youtoo-linstitut-legalite-femmes-hommes-lance-enquete-afin-de-quantifier-question-de-discrimination\/#article","isPartOf":{"@id":"https:\/\/peoplesphere.be\/fr\/youtoo-linstitut-legalite-femmes-hommes-lance-enquete-afin-de-quantifier-question-de-discrimination\/"},"author":{"name":"Jean-Paul Erhard","@id":"https:\/\/peoplesphere.be\/fr\/#\/schema\/person\/7976225ff17988604334abb7b3536a7e"},"headline":"#YouToo : l&rsquo;Institut pour l&rsquo;\u00e9galit\u00e9 des femmes et des hommes lance une enqu\u00eate afin de quantifier la question de la discrimination.","datePublished":"2020-04-24T06:35:42+00:00","dateModified":"2020-04-24T06:35:42+00:00","mainEntityOfPage":{"@id":"https:\/\/peoplesphere.be\/fr\/youtoo-linstitut-legalite-femmes-hommes-lance-enquete-afin-de-quantifier-question-de-discrimination\/"},"wordCount":479,"publisher":{"@id":"https:\/\/peoplesphere.be\/fr\/#organization"},"keywords":["discrimination","\u00e9galit\u00e9 des genres","sexisme","YouToo"],"articleSection":["Actualit\u00e9s","Digital"],"inLanguage":"fr-FR"},{"@type":"WebPage","@id":"https:\/\/peoplesphere.be\/fr\/youtoo-linstitut-legalite-femmes-hommes-lance-enquete-afin-de-quantifier-question-de-discrimination\/","url":"https:\/\/peoplesphere.be\/fr\/youtoo-linstitut-legalite-femmes-hommes-lance-enquete-afin-de-quantifier-question-de-discrimination\/","name":"#YouToo : l'Institut pour l'\u00e9galit\u00e9 des femmes et des hommes lance une enqu\u00eate afin de quantifier la question de la discrimination. - Peoplesphere","isPartOf":{"@id":"https:\/\/peoplesphere.be\/fr\/#website"},"datePublished":"2020-04-24T06:35:42+00:00","dateModified":"2020-04-24T06:35:42+00:00","breadcrumb":{"@id":"https:\/\/peoplesphere.be\/fr\/youtoo-linstitut-legalite-femmes-hommes-lance-enquete-afin-de-quantifier-question-de-discrimination\/#breadcrumb"},"inLanguage":"fr-FR","potentialAction":[{"@type":"ReadAction","target":["https:\/\/peoplesphere.be\/fr\/youtoo-linstitut-legalite-femmes-hommes-lance-enquete-afin-de-quantifier-question-de-discrimination\/"]}]},{"@type":"BreadcrumbList","@id":"https:\/\/peoplesphere.be\/fr\/youtoo-linstitut-legalite-femmes-hommes-lance-enquete-afin-de-quantifier-question-de-discrimination\/#breadcrumb","itemListElement":[{"@type":"ListItem","position":1,"name":"Accueil","item":"https:\/\/peoplesphere.be\/fr\/"},{"@type":"ListItem","position":2,"name":"#YouToo : l&rsquo;Institut pour l&rsquo;\u00e9galit\u00e9 des femmes et des hommes lance une enqu\u00eate afin de quantifier la question de la discrimination."}]},{"@type":"WebSite","@id":"https:\/\/peoplesphere.be\/fr\/#website","url":"https:\/\/peoplesphere.be\/fr\/","name":"Peoplesphere","description":"The People Managers Magazine","publisher":{"@id":"https:\/\/peoplesphere.be\/fr\/#organization"},"potentialAction":[{"@type":"SearchAction","target":{"@type":"EntryPoint","urlTemplate":"https:\/\/peoplesphere.be\/fr\/?s={search_term_string}"},"query-input":"required name=search_term_string"}],"inLanguage":"fr-FR"},{"@type":"Organization","@id":"https:\/\/peoplesphere.be\/fr\/#organization","name":"Peoplesphere Company srl","url":"https:\/\/peoplesphere.be\/fr\/","logo":{"@type":"ImageObject","inLanguage":"fr-FR","@id":"https:\/\/peoplesphere.be\/fr\/#\/schema\/logo\/image\/","url":"https:\/\/peoplesphere.be\/fr\/wp-content\/uploads\/2023\/07\/peoplesphere-lgo-new-generik.jpg","contentUrl":"https:\/\/peoplesphere.be\/fr\/wp-content\/uploads\/2023\/07\/peoplesphere-lgo-new-generik.jpg","width":1031,"height":1479,"caption":"Peoplesphere Company srl"},"image":{"@id":"https:\/\/peoplesphere.be\/fr\/#\/schema\/logo\/image\/"},"sameAs":["https:\/\/www.facebook.com\/peoplesphere","https:\/\/twitter.com\/PeoplesphereMag","https:\/\/www.linkedin.com\/company\/7587361?trk","http:\/\/youtube.com\/peoplesphere"]},{"@type":"Person","@id":"https:\/\/peoplesphere.be\/fr\/#\/schema\/person\/7976225ff17988604334abb7b3536a7e","name":"Jean-Paul Erhard","image":{"@type":"ImageObject","inLanguage":"fr-FR","@id":"https:\/\/peoplesphere.be\/fr\/#\/schema\/person\/image\/","url":"https:\/\/secure.gravatar.com\/avatar\/f941e681460179738071629a51574930?s=96&d=mm&r=g","contentUrl":"https:\/\/secure.gravatar.com\/avatar\/f941e681460179738071629a51574930?s=96&d=mm&r=g","caption":"Jean-Paul Erhard"},"url":"https:\/\/peoplesphere.be\/fr\/author\/jpe\/"}]}},"_links":{"self":[{"href":"https:\/\/peoplesphere.be\/fr\/wp-json\/wp\/v2\/posts\/9455"}],"collection":[{"href":"https:\/\/peoplesphere.be\/fr\/wp-json\/wp\/v2\/posts"}],"about":[{"href":"https:\/\/peoplesphere.be\/fr\/wp-json\/wp\/v2\/types\/post"}],"author":[{"embeddable":true,"href":"https:\/\/peoplesphere.be\/fr\/wp-json\/wp\/v2\/users\/2"}],"replies":[{"embeddable":true,"href":"https:\/\/peoplesphere.be\/fr\/wp-json\/wp\/v2\/comments?post=9455"}],"version-history":[{"count":1,"href":"https:\/\/peoplesphere.be\/fr\/wp-json\/wp\/v2\/posts\/9455\/revisions"}],"predecessor-version":[{"id":9456,"href":"https:\/\/peoplesphere.be\/fr\/wp-json\/wp\/v2\/posts\/9455\/revisions\/9456"}],"wp:attachment":[{"href":"https:\/\/peoplesphere.be\/fr\/wp-json\/wp\/v2\/media?parent=9455"}],"wp:term":[{"taxonomy":"category","embeddable":true,"href":"https:\/\/peoplesphere.be\/fr\/wp-json\/wp\/v2\/categories?post=9455"},{"taxonomy":"post_tag","embeddable":true,"href":"https:\/\/peoplesphere.be\/fr\/wp-json\/wp\/v2\/tags?post=9455"}],"curies":[{"name":"wp","href":"https:\/\/api.w.org\/{rel}","templated":true}]}}