









{"id":9457,"date":"2020-04-24T09:32:22","date_gmt":"2020-04-24T07:32:22","guid":{"rendered":"https:\/\/peoplesphere.be\/fr\/?p=9457"},"modified":"2020-04-24T09:32:22","modified_gmt":"2020-04-24T07:32:22","slug":"revenus-complementaires-exoneres-de-6-000-euros-an-sera-termine-31-decembre-2020","status":"publish","type":"post","link":"https:\/\/peoplesphere.be\/fr\/revenus-complementaires-exoneres-de-6-000-euros-an-sera-termine-31-decembre-2020\/","title":{"rendered":"Les revenus compl\u00e9mentaires exon\u00e9r\u00e9s de 6.000 euros par an, ce sera termin\u00e9 le 31 d\u00e9cembre 2020."},"content":{"rendered":"<p>La Cour constitutionnelle annule le syst\u00e8me des activit\u00e9s compl\u00e9mentaires exon\u00e9r\u00e9es d\u2019imp\u00f4t \u00e9tabli par la loi du 18 juillet 2018 relative \u00e0 la relance \u00e9conomique et au renforcement de la coh\u00e9sion sociale. La loi permettait de &lsquo;gagner&rsquo; 500 euros par mois d\u00e9fiscalis\u00e9s pour petits travaux. Elle sera annul\u00e9e \u00e0 la fin de cette ann\u00e9e.<!--more--><\/p>\n<p>Le syst\u00e8me permet \u00e0 ceux qui ont d\u00e9j\u00e0 un statut principal d\u2019ind\u00e9pendant, de travailleur salari\u00e9, fonctionnaire ou de pensionn\u00e9, de percevoir des revenus compl\u00e9mentaires jusqu\u2019\u00e0 6 000 euros par an dans le cadre du travail associatif, des services occasionnels entre citoyens et des services via des plateformes \u00e9lectroniques agr\u00e9\u00e9es.<br \/>\nLes prestations concern\u00e9es ne rel\u00e8vent pas de la l\u00e9gislation g\u00e9n\u00e9rale sur le travail et ne donnent pas lieu \u00e0 la constitution de droits sociaux. Aucune cotisation sociale ni taxe n\u2019est pr\u00e9lev\u00e9e sur l\u2019indemnisation de ces prestations.<\/p>\n<p>Colle le souligne la RTBF, la loi voulait cr\u00e9er la s\u00e9curit\u00e9 juridique pour les personnes qui fournissent des prestations occasionnelles pendant leur temps libre. Elle permettait aux travailleurs salari\u00e9s, ind\u00e9pendants, fonctionnaires ou pensionn\u00e9s de toucher un revenu compl\u00e9mentaire d\u00e9fiscalis\u00e9 et exon\u00e9r\u00e9 de cotisation sociale pour les activit\u00e9s qu&rsquo;ils fournissent dans le cadre du travail associatif, des services occasionnels entre citoyens et des services via les plateformes \u00e9lectroniques dites collaboratives. Le revenu mensuel ne pouvait d\u00e9passer 500 euros par mois.\u00a0Vot\u00e9 en juillet 2018, le texte faisait partie de l'\u00a0\u00bbaccord de l&rsquo;\u00e9t\u00e9\u00a0\u00bb 2017 conclu par le gouvernement f\u00e9d\u00e9ral.<\/p>\n<p>La Cour juge que le syst\u00e8me des activit\u00e9s compl\u00e9mentaires exon\u00e9r\u00e9es d\u2019imp\u00f4t viole le principe constitutionnel d\u2019\u00e9galit\u00e9 et de non-discrimination \u00e0 plusieurs \u00e9gards. Les personnes qui exercent les m\u00eames activit\u00e9s dans le cadre du syst\u00e8me des activit\u00e9s compl\u00e9mentaires exon\u00e9r\u00e9es d\u2019imp\u00f4t, en qualit\u00e9 de travailleur salari\u00e9 ou d\u2019ind\u00e9pendant, sont en effet trait\u00e9es de mani\u00e8re tr\u00e8s diff\u00e9rente, sans justification raisonnable, en ce qui concerne la l\u00e9gislation sur le travail, le r\u00e9gime de s\u00e9curit\u00e9 sociale et la fiscalit\u00e9.<\/p>\n<p>La Cour a ainsi donn\u00e9 raison aux organisations de d\u00e9fense des ind\u00e9pendants, aux f\u00e9d\u00e9rations sectorielles et aux syndicats. Elle a jug\u00e9 que le dispositif violait les principes d&rsquo;\u00e9galit\u00e9 et de non discrimination \u00e0 plusieurs \u00e9gards, notamment parce qu&rsquo;il traite diff\u00e9remment les travailleurs qui exercent l&rsquo;activit\u00e9 sous un contrat de travail classique ou comme ind\u00e9pendant de ceux qui exercent la m\u00eame activit\u00e9 en recourant \u00e0 cette formule.<\/p>\n<p>D\u00e8s lors que l\u2019annulation de la loi peut avoir des cons\u00e9quences d\u00e9favorables pour les personnes qui exercent une activit\u00e9 compl\u00e9mentaire non soumise \u00e0 l\u2019imp\u00f4t, la Cour maintient les effets des dispositions annul\u00e9es pour les activit\u00e9s exerc\u00e9es jusqu\u2019au 31 d\u00e9cembre 2020. Des prestations pourront donc \u00eatre fournies jusqu\u2019\u00e0 cette date sous l\u2019actuel syst\u00e8me des activit\u00e9s compl\u00e9mentaires exon\u00e9r\u00e9es d\u2019imp\u00f4t.<\/p>\n<p><em>Source: Cour Constitutionnelle &#8211; RTBF<\/em><\/p>\n","protected":false},"excerpt":{"rendered":"<p>La Cour constitutionnelle annule le syst\u00e8me des activit\u00e9s compl\u00e9mentaires exon\u00e9r\u00e9es d\u2019imp\u00f4t \u00e9tabli par la loi du 18 juillet 2018 relative \u00e0 la relance \u00e9conomique et au renforcement de la coh\u00e9sion sociale. La loi permettait de &lsquo;gagner&rsquo; 500 euros par mois [&hellip;]<\/p>\n","protected":false},"author":2,"featured_media":0,"comment_status":"closed","ping_status":"open","sticky":false,"template":"","format":"standard","meta":[],"categories":[65,10],"tags":[2894,2220,2218],"yoast_head":"<!-- This site is optimized with the Yoast SEO plugin v21.0 - https:\/\/yoast.com\/wordpress\/plugins\/seo\/ -->\n<title>Les revenus compl\u00e9mentaires exon\u00e9r\u00e9s de 6.000 euros par an, ce sera termin\u00e9 le 31 d\u00e9cembre 2020. - Peoplesphere<\/title>\n<meta name=\"robots\" content=\"index, follow, max-snippet:-1, max-image-preview:large, max-video-preview:-1\" \/>\n<link rel=\"canonical\" href=\"https:\/\/peoplesphere.be\/fr\/revenus-complementaires-exoneres-de-6-000-euros-an-sera-termine-31-decembre-2020\/\" \/>\n<meta property=\"og:locale\" content=\"fr_FR\" \/>\n<meta property=\"og:type\" content=\"article\" \/>\n<meta property=\"og:title\" content=\"Les revenus compl\u00e9mentaires exon\u00e9r\u00e9s de 6.000 euros par an, ce sera termin\u00e9 le 31 d\u00e9cembre 2020. - Peoplesphere\" \/>\n<meta property=\"og:description\" content=\"La Cour constitutionnelle annule le syst\u00e8me des activit\u00e9s compl\u00e9mentaires exon\u00e9r\u00e9es d\u2019imp\u00f4t \u00e9tabli par la loi du 18 juillet 2018 relative \u00e0 la relance \u00e9conomique et au renforcement de la coh\u00e9sion sociale. La loi permettait de &lsquo;gagner&rsquo; 500 euros par mois [&hellip;]\" \/>\n<meta property=\"og:url\" content=\"https:\/\/peoplesphere.be\/fr\/revenus-complementaires-exoneres-de-6-000-euros-an-sera-termine-31-decembre-2020\/\" \/>\n<meta property=\"og:site_name\" content=\"Peoplesphere\" \/>\n<meta property=\"article:publisher\" content=\"https:\/\/www.facebook.com\/peoplesphere\" \/>\n<meta property=\"article:published_time\" content=\"2020-04-24T07:32:22+00:00\" \/>\n<meta property=\"og:image\" content=\"http:\/\/www.peoplesphere.be\/fr\/wp-content\/uploads\/2016\/07\/facebook-default-posting-1200x628px.jpg\" \/>\n<meta name=\"author\" content=\"Jean-Paul Erhard\" \/>\n<meta name=\"twitter:card\" content=\"summary_large_image\" \/>\n<meta name=\"twitter:creator\" content=\"@PeoplesphereMag\" \/>\n<meta name=\"twitter:site\" content=\"@PeoplesphereMag\" \/>\n<meta name=\"twitter:label1\" content=\"\u00c9crit par\" \/>\n\t<meta name=\"twitter:data1\" content=\"Jean-Paul Erhard\" \/>\n\t<meta name=\"twitter:label2\" content=\"Dur\u00e9e de lecture estim\u00e9e\" \/>\n\t<meta name=\"twitter:data2\" content=\"3 minutes\" \/>\n<script type=\"application\/ld+json\" class=\"yoast-schema-graph\">{\"@context\":\"https:\/\/schema.org\",\"@graph\":[{\"@type\":\"Article\",\"@id\":\"https:\/\/peoplesphere.be\/fr\/revenus-complementaires-exoneres-de-6-000-euros-an-sera-termine-31-decembre-2020\/#article\",\"isPartOf\":{\"@id\":\"https:\/\/peoplesphere.be\/fr\/revenus-complementaires-exoneres-de-6-000-euros-an-sera-termine-31-decembre-2020\/\"},\"author\":{\"name\":\"Jean-Paul Erhard\",\"@id\":\"https:\/\/peoplesphere.be\/fr\/#\/schema\/person\/7976225ff17988604334abb7b3536a7e\"},\"headline\":\"Les revenus compl\u00e9mentaires exon\u00e9r\u00e9s de 6.000 euros par an, ce sera termin\u00e9 le 31 d\u00e9cembre 2020.\",\"datePublished\":\"2020-04-24T07:32:22+00:00\",\"dateModified\":\"2020-04-24T07:32:22+00:00\",\"mainEntityOfPage\":{\"@id\":\"https:\/\/peoplesphere.be\/fr\/revenus-complementaires-exoneres-de-6-000-euros-an-sera-termine-31-decembre-2020\/\"},\"wordCount\":531,\"publisher\":{\"@id\":\"https:\/\/peoplesphere.be\/fr\/#organization\"},\"keywords\":[\"Cour constitutionnelle\",\"revenus exon\u00e9r\u00e9s\",\"travail associatif\"],\"articleSection\":[\"Actualit\u00e9s\",\"Digital\"],\"inLanguage\":\"fr-FR\"},{\"@type\":\"WebPage\",\"@id\":\"https:\/\/peoplesphere.be\/fr\/revenus-complementaires-exoneres-de-6-000-euros-an-sera-termine-31-decembre-2020\/\",\"url\":\"https:\/\/peoplesphere.be\/fr\/revenus-complementaires-exoneres-de-6-000-euros-an-sera-termine-31-decembre-2020\/\",\"name\":\"Les revenus compl\u00e9mentaires exon\u00e9r\u00e9s de 6.000 euros par an, ce sera termin\u00e9 le 31 d\u00e9cembre 2020. - Peoplesphere\",\"isPartOf\":{\"@id\":\"https:\/\/peoplesphere.be\/fr\/#website\"},\"datePublished\":\"2020-04-24T07:32:22+00:00\",\"dateModified\":\"2020-04-24T07:32:22+00:00\",\"breadcrumb\":{\"@id\":\"https:\/\/peoplesphere.be\/fr\/revenus-complementaires-exoneres-de-6-000-euros-an-sera-termine-31-decembre-2020\/#breadcrumb\"},\"inLanguage\":\"fr-FR\",\"potentialAction\":[{\"@type\":\"ReadAction\",\"target\":[\"https:\/\/peoplesphere.be\/fr\/revenus-complementaires-exoneres-de-6-000-euros-an-sera-termine-31-decembre-2020\/\"]}]},{\"@type\":\"BreadcrumbList\",\"@id\":\"https:\/\/peoplesphere.be\/fr\/revenus-complementaires-exoneres-de-6-000-euros-an-sera-termine-31-decembre-2020\/#breadcrumb\",\"itemListElement\":[{\"@type\":\"ListItem\",\"position\":1,\"name\":\"Accueil\",\"item\":\"https:\/\/peoplesphere.be\/fr\/\"},{\"@type\":\"ListItem\",\"position\":2,\"name\":\"Les revenus compl\u00e9mentaires exon\u00e9r\u00e9s de 6.000 euros par an, ce sera termin\u00e9 le 31 d\u00e9cembre 2020.\"}]},{\"@type\":\"WebSite\",\"@id\":\"https:\/\/peoplesphere.be\/fr\/#website\",\"url\":\"https:\/\/peoplesphere.be\/fr\/\",\"name\":\"Peoplesphere\",\"description\":\"The People Managers Magazine\",\"publisher\":{\"@id\":\"https:\/\/peoplesphere.be\/fr\/#organization\"},\"potentialAction\":[{\"@type\":\"SearchAction\",\"target\":{\"@type\":\"EntryPoint\",\"urlTemplate\":\"https:\/\/peoplesphere.be\/fr\/?s={search_term_string}\"},\"query-input\":\"required name=search_term_string\"}],\"inLanguage\":\"fr-FR\"},{\"@type\":\"Organization\",\"@id\":\"https:\/\/peoplesphere.be\/fr\/#organization\",\"name\":\"Peoplesphere Company srl\",\"url\":\"https:\/\/peoplesphere.be\/fr\/\",\"logo\":{\"@type\":\"ImageObject\",\"inLanguage\":\"fr-FR\",\"@id\":\"https:\/\/peoplesphere.be\/fr\/#\/schema\/logo\/image\/\",\"url\":\"https:\/\/peoplesphere.be\/fr\/wp-content\/uploads\/2023\/07\/peoplesphere-lgo-new-generik.jpg\",\"contentUrl\":\"https:\/\/peoplesphere.be\/fr\/wp-content\/uploads\/2023\/07\/peoplesphere-lgo-new-generik.jpg\",\"width\":1031,\"height\":1479,\"caption\":\"Peoplesphere Company srl\"},\"image\":{\"@id\":\"https:\/\/peoplesphere.be\/fr\/#\/schema\/logo\/image\/\"},\"sameAs\":[\"https:\/\/www.facebook.com\/peoplesphere\",\"https:\/\/twitter.com\/PeoplesphereMag\",\"https:\/\/www.linkedin.com\/company\/7587361?trk\",\"http:\/\/youtube.com\/peoplesphere\"]},{\"@type\":\"Person\",\"@id\":\"https:\/\/peoplesphere.be\/fr\/#\/schema\/person\/7976225ff17988604334abb7b3536a7e\",\"name\":\"Jean-Paul Erhard\",\"image\":{\"@type\":\"ImageObject\",\"inLanguage\":\"fr-FR\",\"@id\":\"https:\/\/peoplesphere.be\/fr\/#\/schema\/person\/image\/\",\"url\":\"https:\/\/secure.gravatar.com\/avatar\/f941e681460179738071629a51574930?s=96&d=mm&r=g\",\"contentUrl\":\"https:\/\/secure.gravatar.com\/avatar\/f941e681460179738071629a51574930?s=96&d=mm&r=g\",\"caption\":\"Jean-Paul Erhard\"},\"url\":\"https:\/\/peoplesphere.be\/fr\/author\/jpe\/\"}]}<\/script>\n<!-- \/ Yoast SEO plugin. -->","yoast_head_json":{"title":"Les revenus compl\u00e9mentaires exon\u00e9r\u00e9s de 6.000 euros par an, ce sera termin\u00e9 le 31 d\u00e9cembre 2020. - Peoplesphere","robots":{"index":"index","follow":"follow","max-snippet":"max-snippet:-1","max-image-preview":"max-image-preview:large","max-video-preview":"max-video-preview:-1"},"canonical":"https:\/\/peoplesphere.be\/fr\/revenus-complementaires-exoneres-de-6-000-euros-an-sera-termine-31-decembre-2020\/","og_locale":"fr_FR","og_type":"article","og_title":"Les revenus compl\u00e9mentaires exon\u00e9r\u00e9s de 6.000 euros par an, ce sera termin\u00e9 le 31 d\u00e9cembre 2020. - Peoplesphere","og_description":"La Cour constitutionnelle annule le syst\u00e8me des activit\u00e9s compl\u00e9mentaires exon\u00e9r\u00e9es d\u2019imp\u00f4t \u00e9tabli par la loi du 18 juillet 2018 relative \u00e0 la relance \u00e9conomique et au renforcement de la coh\u00e9sion sociale. La loi permettait de &lsquo;gagner&rsquo; 500 euros par mois [&hellip;]","og_url":"https:\/\/peoplesphere.be\/fr\/revenus-complementaires-exoneres-de-6-000-euros-an-sera-termine-31-decembre-2020\/","og_site_name":"Peoplesphere","article_publisher":"https:\/\/www.facebook.com\/peoplesphere","article_published_time":"2020-04-24T07:32:22+00:00","og_image":[{"url":"http:\/\/www.peoplesphere.be\/fr\/wp-content\/uploads\/2016\/07\/facebook-default-posting-1200x628px.jpg"}],"author":"Jean-Paul Erhard","twitter_card":"summary_large_image","twitter_creator":"@PeoplesphereMag","twitter_site":"@PeoplesphereMag","twitter_misc":{"\u00c9crit par":"Jean-Paul Erhard","Dur\u00e9e de lecture estim\u00e9e":"3 minutes"},"schema":{"@context":"https:\/\/schema.org","@graph":[{"@type":"Article","@id":"https:\/\/peoplesphere.be\/fr\/revenus-complementaires-exoneres-de-6-000-euros-an-sera-termine-31-decembre-2020\/#article","isPartOf":{"@id":"https:\/\/peoplesphere.be\/fr\/revenus-complementaires-exoneres-de-6-000-euros-an-sera-termine-31-decembre-2020\/"},"author":{"name":"Jean-Paul Erhard","@id":"https:\/\/peoplesphere.be\/fr\/#\/schema\/person\/7976225ff17988604334abb7b3536a7e"},"headline":"Les revenus compl\u00e9mentaires exon\u00e9r\u00e9s de 6.000 euros par an, ce sera termin\u00e9 le 31 d\u00e9cembre 2020.","datePublished":"2020-04-24T07:32:22+00:00","dateModified":"2020-04-24T07:32:22+00:00","mainEntityOfPage":{"@id":"https:\/\/peoplesphere.be\/fr\/revenus-complementaires-exoneres-de-6-000-euros-an-sera-termine-31-decembre-2020\/"},"wordCount":531,"publisher":{"@id":"https:\/\/peoplesphere.be\/fr\/#organization"},"keywords":["Cour constitutionnelle","revenus exon\u00e9r\u00e9s","travail associatif"],"articleSection":["Actualit\u00e9s","Digital"],"inLanguage":"fr-FR"},{"@type":"WebPage","@id":"https:\/\/peoplesphere.be\/fr\/revenus-complementaires-exoneres-de-6-000-euros-an-sera-termine-31-decembre-2020\/","url":"https:\/\/peoplesphere.be\/fr\/revenus-complementaires-exoneres-de-6-000-euros-an-sera-termine-31-decembre-2020\/","name":"Les revenus compl\u00e9mentaires exon\u00e9r\u00e9s de 6.000 euros par an, ce sera termin\u00e9 le 31 d\u00e9cembre 2020. - Peoplesphere","isPartOf":{"@id":"https:\/\/peoplesphere.be\/fr\/#website"},"datePublished":"2020-04-24T07:32:22+00:00","dateModified":"2020-04-24T07:32:22+00:00","breadcrumb":{"@id":"https:\/\/peoplesphere.be\/fr\/revenus-complementaires-exoneres-de-6-000-euros-an-sera-termine-31-decembre-2020\/#breadcrumb"},"inLanguage":"fr-FR","potentialAction":[{"@type":"ReadAction","target":["https:\/\/peoplesphere.be\/fr\/revenus-complementaires-exoneres-de-6-000-euros-an-sera-termine-31-decembre-2020\/"]}]},{"@type":"BreadcrumbList","@id":"https:\/\/peoplesphere.be\/fr\/revenus-complementaires-exoneres-de-6-000-euros-an-sera-termine-31-decembre-2020\/#breadcrumb","itemListElement":[{"@type":"ListItem","position":1,"name":"Accueil","item":"https:\/\/peoplesphere.be\/fr\/"},{"@type":"ListItem","position":2,"name":"Les revenus compl\u00e9mentaires exon\u00e9r\u00e9s de 6.000 euros par an, ce sera termin\u00e9 le 31 d\u00e9cembre 2020."}]},{"@type":"WebSite","@id":"https:\/\/peoplesphere.be\/fr\/#website","url":"https:\/\/peoplesphere.be\/fr\/","name":"Peoplesphere","description":"The People Managers Magazine","publisher":{"@id":"https:\/\/peoplesphere.be\/fr\/#organization"},"potentialAction":[{"@type":"SearchAction","target":{"@type":"EntryPoint","urlTemplate":"https:\/\/peoplesphere.be\/fr\/?s={search_term_string}"},"query-input":"required name=search_term_string"}],"inLanguage":"fr-FR"},{"@type":"Organization","@id":"https:\/\/peoplesphere.be\/fr\/#organization","name":"Peoplesphere Company srl","url":"https:\/\/peoplesphere.be\/fr\/","logo":{"@type":"ImageObject","inLanguage":"fr-FR","@id":"https:\/\/peoplesphere.be\/fr\/#\/schema\/logo\/image\/","url":"https:\/\/peoplesphere.be\/fr\/wp-content\/uploads\/2023\/07\/peoplesphere-lgo-new-generik.jpg","contentUrl":"https:\/\/peoplesphere.be\/fr\/wp-content\/uploads\/2023\/07\/peoplesphere-lgo-new-generik.jpg","width":1031,"height":1479,"caption":"Peoplesphere Company srl"},"image":{"@id":"https:\/\/peoplesphere.be\/fr\/#\/schema\/logo\/image\/"},"sameAs":["https:\/\/www.facebook.com\/peoplesphere","https:\/\/twitter.com\/PeoplesphereMag","https:\/\/www.linkedin.com\/company\/7587361?trk","http:\/\/youtube.com\/peoplesphere"]},{"@type":"Person","@id":"https:\/\/peoplesphere.be\/fr\/#\/schema\/person\/7976225ff17988604334abb7b3536a7e","name":"Jean-Paul Erhard","image":{"@type":"ImageObject","inLanguage":"fr-FR","@id":"https:\/\/peoplesphere.be\/fr\/#\/schema\/person\/image\/","url":"https:\/\/secure.gravatar.com\/avatar\/f941e681460179738071629a51574930?s=96&d=mm&r=g","contentUrl":"https:\/\/secure.gravatar.com\/avatar\/f941e681460179738071629a51574930?s=96&d=mm&r=g","caption":"Jean-Paul Erhard"},"url":"https:\/\/peoplesphere.be\/fr\/author\/jpe\/"}]}},"_links":{"self":[{"href":"https:\/\/peoplesphere.be\/fr\/wp-json\/wp\/v2\/posts\/9457"}],"collection":[{"href":"https:\/\/peoplesphere.be\/fr\/wp-json\/wp\/v2\/posts"}],"about":[{"href":"https:\/\/peoplesphere.be\/fr\/wp-json\/wp\/v2\/types\/post"}],"author":[{"embeddable":true,"href":"https:\/\/peoplesphere.be\/fr\/wp-json\/wp\/v2\/users\/2"}],"replies":[{"embeddable":true,"href":"https:\/\/peoplesphere.be\/fr\/wp-json\/wp\/v2\/comments?post=9457"}],"version-history":[{"count":1,"href":"https:\/\/peoplesphere.be\/fr\/wp-json\/wp\/v2\/posts\/9457\/revisions"}],"predecessor-version":[{"id":9458,"href":"https:\/\/peoplesphere.be\/fr\/wp-json\/wp\/v2\/posts\/9457\/revisions\/9458"}],"wp:attachment":[{"href":"https:\/\/peoplesphere.be\/fr\/wp-json\/wp\/v2\/media?parent=9457"}],"wp:term":[{"taxonomy":"category","embeddable":true,"href":"https:\/\/peoplesphere.be\/fr\/wp-json\/wp\/v2\/categories?post=9457"},{"taxonomy":"post_tag","embeddable":true,"href":"https:\/\/peoplesphere.be\/fr\/wp-json\/wp\/v2\/tags?post=9457"}],"curies":[{"name":"wp","href":"https:\/\/api.w.org\/{rel}","templated":true}]}}