









{"id":9488,"date":"2020-04-29T08:39:49","date_gmt":"2020-04-29T06:39:49","guid":{"rendered":"https:\/\/peoplesphere.be\/fr\/?p=9488"},"modified":"2020-04-29T15:07:59","modified_gmt":"2020-04-29T13:07:59","slug":"drole-fete-travail-perspective-1er-mai-pourtant-grande-majorite-belges-aime-travailler-dur","status":"publish","type":"post","link":"https:\/\/peoplesphere.be\/fr\/drole-fete-travail-perspective-1er-mai-pourtant-grande-majorite-belges-aime-travailler-dur\/","title":{"rendered":"Dr\u00f4le de f\u00eate du Travail en perspective ce 1er mai&#8230; et pourtant, la grande majorit\u00e9 des Belges aime &lsquo;travailler dur&rsquo;."},"content":{"rendered":"<p>Avec plus d\u2019un million de Belges au ch\u00f4mage temporaire, la F\u00eate du travail n\u2019est pas tout \u00e0 fait une f\u00eate cette ann\u00e9e. Surtout en sachant que les Belges aiment travailler dur. C\u2019est ce que r\u00e9v\u00e8le une enqu\u00eate annuelle r\u00e9alis\u00e9e par SD Worx aupr\u00e8s de 2 500 Belges : huit Belges sur dix appr\u00e9cient de travailler dur, et ce, quels que soient leur sexe et leur \u00e2ge. Ceux qui aiment travailler dur changent moins vite d\u2019employeur et sont pr\u00eats \u00e0 prendre leur pension plus tard. Il existe un lien \u00e9troit entre le contenu de la fonction, la reconnaissance et les possibilit\u00e9s d\u2019\u00e9volution.<!--more--><\/p>\n<p>Lorenzo Andolfi, Conseiller HR chez SD Worx : \u00ab\u00a0<em>En cette p\u00e9riode difficile, nous pensons qu\u2019il est important de mettre en lumi\u00e8re les points forts de notre pays. L\u2019enqu\u00eate annuelle de SD Worx aupr\u00e8s d\u2019un \u00e9chantillon repr\u00e9sentatif de 2.500 travailleurs belges nous apprend que presque tous les Belges appr\u00e9cient de travailler dur. Ils sont en effet huit sur dix (83 %) \u00e0 \u00eatre d\u2019accord avec l\u2019affirmation \u00ab\u00a0j\u2019aime travailler dur\u00a0\u00bb.\u00a0\u00bb<\/em><\/p>\n<p>Les femmes et les hommes obtiennent des r\u00e9sultats \u00e9lev\u00e9s sur cet indicateur de performance. Les femmes obtiennent un score l\u00e9g\u00e8rement plus \u00e9lev\u00e9, mais la diff\u00e9rence n\u2019est pas significative. Aucune diff\u00e9rence significative n\u2019est \u00e0 signaler en fonction de l\u2019\u00e2ge. L\u2019emploi \u00e0 temps plein ou \u00e0 temps partiel ne fait non plus aucune diff\u00e9rence.<\/p>\n<p>Les employ\u00e9s affichent un r\u00e9sultat quelque peu plus \u00e9lev\u00e9 que les ouvriers. Il en va de m\u00eame pour les dirigeants. Plus les r\u00e9pondants ont un dipl\u00f4me \u00e9lev\u00e9, plus ils d\u00e9clarent aimer travailler dur. Ceux qui gagnent plus signalent plus souvent appr\u00e9cier de travailler dur.<\/p>\n<p><em>\u00ab\u00a0Le contenu de la fonction, la reconnaissance et les possibilit\u00e9s d\u2019\u00e9volution sont fortement corr\u00e9l\u00e9s avec la pr\u00e9f\u00e9rence pour le travail acharn\u00e9 : les personnes qui disposent d\u2019une certaine autonomie et responsabilit\u00e9 dans leur travail, d\u2019une bonne reconnaissance et de possibilit\u00e9s d\u2019\u00e9volution travailleront dur plus volontiers et vice versa. Ces facteurs ont un impact cons\u00e9quent sur leur engagement\u00a0\u00bb<\/em>, analyse Lorenzo Andolfi.<\/p>\n<p>Autre avantage d\u00e9cel\u00e9 dans l\u2019enqu\u00eate de SD Worx : \u00ab\u00a0<em>Les r\u00e9pondants qui affichent un score \u00e9lev\u00e9 en ce qui concerne leur pr\u00e9f\u00e9rence pour le travail acharn\u00e9 sont moins enclins \u00e0 chercher un autre employeur. Dans le m\u00eame temps, ils sont convaincus qu\u2019il leur serait plut\u00f4t facile de trouver un autre emploi sur le march\u00e9.\u00a0\u00bb<\/em><\/p>\n<p><strong><em>Travailler plus longtemps et partir plus tard \u00e0 la pension<\/em><\/strong><\/p>\n<p>En moyenne, la majorit\u00e9 (53 %) des r\u00e9pondants aimeraient prendre leur pension entre 60 et 65 ans. Un quart (25 %) indique vouloir rester actif apr\u00e8s 65 ans. Dans ce groupe, pr\u00e8s de 90 % (86 %) aiment actuellement travailler dur.<\/p>\n<p><em>\u00ab\u00a0Cette attitude en faveur du travail acharn\u00e9 peut en outre aider \u00e0 rester actif plus longtemps. Ces 10 derni\u00e8res ann\u00e9es, \u00ab\u00a0l\u2019\u00e2ge de la retraite moyen souhait\u00e9\u00a0\u00bb est pass\u00e9 \u00e0 60 ans. \u00ab\u00a0L\u2019\u00e2ge de la retraite pr\u00e9vu\u00a0\u00bb constitue une estimation plus r\u00e9aliste et est plus \u00e9lev\u00e9 (en moyenne 65 ans). Chez les jeunes (de moins de 30 ans), l\u2019estimation atteint m\u00eame 67 ans\u00a0\u00bb<\/em>, conclut Lorenzo Andolfi de SD Worx.<\/p>\n<p>&nbsp;<\/p>\n<p><em>\u00c0 propos de l\u2019enqu\u00eate &#8211; Depuis 2009, SD Worx r\u00e9alise une enqu\u00eate annuelle aupr\u00e8s de 2.500 travailleurs belges afin de sonder leur satisfaction au travail, leur motivation, leur implication et leur engagement au travail. L\u2019enqu\u00eate est r\u00e9alis\u00e9e en ligne par le bureau d\u2019\u00e9tudes iVox aupr\u00e8s de la population active sous contrat. L\u2019\u00e9chantillon est repr\u00e9sentatif du march\u00e9 de l\u2019emploi belge et comprend une composition similaire en mati\u00e8re de statut, de sexe, de r\u00e9gime de travail, de langue, de formation et de taille de l\u2019organisation.<\/em><\/p>\n","protected":false},"excerpt":{"rendered":"<p>Avec plus d\u2019un million de Belges au ch\u00f4mage temporaire, la F\u00eate du travail n\u2019est pas tout \u00e0 fait une f\u00eate cette ann\u00e9e. Surtout en sachant que les Belges aiment travailler dur. C\u2019est ce que r\u00e9v\u00e8le une enqu\u00eate annuelle r\u00e9alis\u00e9e par [&hellip;]<\/p>\n","protected":false},"author":2,"featured_media":0,"comment_status":"closed","ping_status":"open","sticky":false,"template":"","format":"standard","meta":[],"categories":[65,10],"tags":[208,1766,3024,136,13,652,671],"yoast_head":"<!-- This site is optimized with the Yoast SEO plugin v21.0 - https:\/\/yoast.com\/wordpress\/plugins\/seo\/ -->\n<title>Dr\u00f4le de f\u00eate du Travail en perspective ce 1er mai... et pourtant, la grande majorit\u00e9 des Belges aime &#039;travailler dur&#039;. - Peoplesphere<\/title>\n<meta name=\"robots\" content=\"index, follow, max-snippet:-1, max-image-preview:large, max-video-preview:-1\" \/>\n<link rel=\"canonical\" href=\"https:\/\/peoplesphere.be\/fr\/drole-fete-travail-perspective-1er-mai-pourtant-grande-majorite-belges-aime-travailler-dur\/\" \/>\n<meta property=\"og:locale\" content=\"fr_FR\" \/>\n<meta property=\"og:type\" content=\"article\" \/>\n<meta property=\"og:title\" content=\"Dr\u00f4le de f\u00eate du Travail en perspective ce 1er mai... et pourtant, la grande majorit\u00e9 des Belges aime &#039;travailler dur&#039;. - Peoplesphere\" \/>\n<meta property=\"og:description\" content=\"Avec plus d\u2019un million de Belges au ch\u00f4mage temporaire, la F\u00eate du travail n\u2019est pas tout \u00e0 fait une f\u00eate cette ann\u00e9e. Surtout en sachant que les Belges aiment travailler dur. C\u2019est ce que r\u00e9v\u00e8le une enqu\u00eate annuelle r\u00e9alis\u00e9e par [&hellip;]\" \/>\n<meta property=\"og:url\" content=\"https:\/\/peoplesphere.be\/fr\/drole-fete-travail-perspective-1er-mai-pourtant-grande-majorite-belges-aime-travailler-dur\/\" \/>\n<meta property=\"og:site_name\" content=\"Peoplesphere\" \/>\n<meta property=\"article:publisher\" content=\"https:\/\/www.facebook.com\/peoplesphere\" \/>\n<meta property=\"article:published_time\" content=\"2020-04-29T06:39:49+00:00\" \/>\n<meta property=\"article:modified_time\" content=\"2020-04-29T13:07:59+00:00\" \/>\n<meta property=\"og:image\" content=\"http:\/\/www.peoplesphere.be\/fr\/wp-content\/uploads\/2016\/07\/facebook-default-posting-1200x628px.jpg\" \/>\n<meta name=\"author\" content=\"Jean-Paul Erhard\" \/>\n<meta name=\"twitter:card\" content=\"summary_large_image\" \/>\n<meta name=\"twitter:creator\" content=\"@PeoplesphereMag\" \/>\n<meta name=\"twitter:site\" content=\"@PeoplesphereMag\" \/>\n<meta name=\"twitter:label1\" content=\"\u00c9crit par\" \/>\n\t<meta name=\"twitter:data1\" content=\"Jean-Paul Erhard\" \/>\n\t<meta name=\"twitter:label2\" content=\"Dur\u00e9e de lecture estim\u00e9e\" \/>\n\t<meta name=\"twitter:data2\" content=\"3 minutes\" \/>\n<script type=\"application\/ld+json\" class=\"yoast-schema-graph\">{\"@context\":\"https:\/\/schema.org\",\"@graph\":[{\"@type\":\"Article\",\"@id\":\"https:\/\/peoplesphere.be\/fr\/drole-fete-travail-perspective-1er-mai-pourtant-grande-majorite-belges-aime-travailler-dur\/#article\",\"isPartOf\":{\"@id\":\"https:\/\/peoplesphere.be\/fr\/drole-fete-travail-perspective-1er-mai-pourtant-grande-majorite-belges-aime-travailler-dur\/\"},\"author\":{\"name\":\"Jean-Paul Erhard\",\"@id\":\"https:\/\/peoplesphere.be\/fr\/#\/schema\/person\/7976225ff17988604334abb7b3536a7e\"},\"headline\":\"Dr\u00f4le de f\u00eate du Travail en perspective ce 1er mai&#8230; et pourtant, la grande majorit\u00e9 des Belges aime &lsquo;travailler dur&rsquo;.\",\"datePublished\":\"2020-04-29T06:39:49+00:00\",\"dateModified\":\"2020-04-29T13:07:59+00:00\",\"mainEntityOfPage\":{\"@id\":\"https:\/\/peoplesphere.be\/fr\/drole-fete-travail-perspective-1er-mai-pourtant-grande-majorite-belges-aime-travailler-dur\/\"},\"wordCount\":662,\"publisher\":{\"@id\":\"https:\/\/peoplesphere.be\/fr\/#organization\"},\"keywords\":[\"engagement\",\"\u00e9volution professionnelle\",\"f\u00eate du travail\",\"mobilit\u00e9\",\"Pension\",\"reconnaissance\",\"SD Worx\"],\"articleSection\":[\"Actualit\u00e9s\",\"Digital\"],\"inLanguage\":\"fr-FR\"},{\"@type\":\"WebPage\",\"@id\":\"https:\/\/peoplesphere.be\/fr\/drole-fete-travail-perspective-1er-mai-pourtant-grande-majorite-belges-aime-travailler-dur\/\",\"url\":\"https:\/\/peoplesphere.be\/fr\/drole-fete-travail-perspective-1er-mai-pourtant-grande-majorite-belges-aime-travailler-dur\/\",\"name\":\"Dr\u00f4le de f\u00eate du Travail en perspective ce 1er mai... et pourtant, la grande majorit\u00e9 des Belges aime 'travailler dur'. - Peoplesphere\",\"isPartOf\":{\"@id\":\"https:\/\/peoplesphere.be\/fr\/#website\"},\"datePublished\":\"2020-04-29T06:39:49+00:00\",\"dateModified\":\"2020-04-29T13:07:59+00:00\",\"breadcrumb\":{\"@id\":\"https:\/\/peoplesphere.be\/fr\/drole-fete-travail-perspective-1er-mai-pourtant-grande-majorite-belges-aime-travailler-dur\/#breadcrumb\"},\"inLanguage\":\"fr-FR\",\"potentialAction\":[{\"@type\":\"ReadAction\",\"target\":[\"https:\/\/peoplesphere.be\/fr\/drole-fete-travail-perspective-1er-mai-pourtant-grande-majorite-belges-aime-travailler-dur\/\"]}]},{\"@type\":\"BreadcrumbList\",\"@id\":\"https:\/\/peoplesphere.be\/fr\/drole-fete-travail-perspective-1er-mai-pourtant-grande-majorite-belges-aime-travailler-dur\/#breadcrumb\",\"itemListElement\":[{\"@type\":\"ListItem\",\"position\":1,\"name\":\"Accueil\",\"item\":\"https:\/\/peoplesphere.be\/fr\/\"},{\"@type\":\"ListItem\",\"position\":2,\"name\":\"Dr\u00f4le de f\u00eate du Travail en perspective ce 1er mai&#8230; et pourtant, la grande majorit\u00e9 des Belges aime &lsquo;travailler dur&rsquo;.\"}]},{\"@type\":\"WebSite\",\"@id\":\"https:\/\/peoplesphere.be\/fr\/#website\",\"url\":\"https:\/\/peoplesphere.be\/fr\/\",\"name\":\"Peoplesphere\",\"description\":\"The People Managers Magazine\",\"publisher\":{\"@id\":\"https:\/\/peoplesphere.be\/fr\/#organization\"},\"potentialAction\":[{\"@type\":\"SearchAction\",\"target\":{\"@type\":\"EntryPoint\",\"urlTemplate\":\"https:\/\/peoplesphere.be\/fr\/?s={search_term_string}\"},\"query-input\":\"required name=search_term_string\"}],\"inLanguage\":\"fr-FR\"},{\"@type\":\"Organization\",\"@id\":\"https:\/\/peoplesphere.be\/fr\/#organization\",\"name\":\"Peoplesphere Company srl\",\"url\":\"https:\/\/peoplesphere.be\/fr\/\",\"logo\":{\"@type\":\"ImageObject\",\"inLanguage\":\"fr-FR\",\"@id\":\"https:\/\/peoplesphere.be\/fr\/#\/schema\/logo\/image\/\",\"url\":\"https:\/\/peoplesphere.be\/fr\/wp-content\/uploads\/2023\/07\/peoplesphere-lgo-new-generik.jpg\",\"contentUrl\":\"https:\/\/peoplesphere.be\/fr\/wp-content\/uploads\/2023\/07\/peoplesphere-lgo-new-generik.jpg\",\"width\":1031,\"height\":1479,\"caption\":\"Peoplesphere Company srl\"},\"image\":{\"@id\":\"https:\/\/peoplesphere.be\/fr\/#\/schema\/logo\/image\/\"},\"sameAs\":[\"https:\/\/www.facebook.com\/peoplesphere\",\"https:\/\/twitter.com\/PeoplesphereMag\",\"https:\/\/www.linkedin.com\/company\/7587361?trk\",\"http:\/\/youtube.com\/peoplesphere\"]},{\"@type\":\"Person\",\"@id\":\"https:\/\/peoplesphere.be\/fr\/#\/schema\/person\/7976225ff17988604334abb7b3536a7e\",\"name\":\"Jean-Paul Erhard\",\"image\":{\"@type\":\"ImageObject\",\"inLanguage\":\"fr-FR\",\"@id\":\"https:\/\/peoplesphere.be\/fr\/#\/schema\/person\/image\/\",\"url\":\"https:\/\/secure.gravatar.com\/avatar\/f941e681460179738071629a51574930?s=96&d=mm&r=g\",\"contentUrl\":\"https:\/\/secure.gravatar.com\/avatar\/f941e681460179738071629a51574930?s=96&d=mm&r=g\",\"caption\":\"Jean-Paul Erhard\"},\"url\":\"https:\/\/peoplesphere.be\/fr\/author\/jpe\/\"}]}<\/script>\n<!-- \/ Yoast SEO plugin. -->","yoast_head_json":{"title":"Dr\u00f4le de f\u00eate du Travail en perspective ce 1er mai... et pourtant, la grande majorit\u00e9 des Belges aime 'travailler dur'. - Peoplesphere","robots":{"index":"index","follow":"follow","max-snippet":"max-snippet:-1","max-image-preview":"max-image-preview:large","max-video-preview":"max-video-preview:-1"},"canonical":"https:\/\/peoplesphere.be\/fr\/drole-fete-travail-perspective-1er-mai-pourtant-grande-majorite-belges-aime-travailler-dur\/","og_locale":"fr_FR","og_type":"article","og_title":"Dr\u00f4le de f\u00eate du Travail en perspective ce 1er mai... et pourtant, la grande majorit\u00e9 des Belges aime 'travailler dur'. - Peoplesphere","og_description":"Avec plus d\u2019un million de Belges au ch\u00f4mage temporaire, la F\u00eate du travail n\u2019est pas tout \u00e0 fait une f\u00eate cette ann\u00e9e. Surtout en sachant que les Belges aiment travailler dur. C\u2019est ce que r\u00e9v\u00e8le une enqu\u00eate annuelle r\u00e9alis\u00e9e par [&hellip;]","og_url":"https:\/\/peoplesphere.be\/fr\/drole-fete-travail-perspective-1er-mai-pourtant-grande-majorite-belges-aime-travailler-dur\/","og_site_name":"Peoplesphere","article_publisher":"https:\/\/www.facebook.com\/peoplesphere","article_published_time":"2020-04-29T06:39:49+00:00","article_modified_time":"2020-04-29T13:07:59+00:00","og_image":[{"url":"http:\/\/www.peoplesphere.be\/fr\/wp-content\/uploads\/2016\/07\/facebook-default-posting-1200x628px.jpg"}],"author":"Jean-Paul Erhard","twitter_card":"summary_large_image","twitter_creator":"@PeoplesphereMag","twitter_site":"@PeoplesphereMag","twitter_misc":{"\u00c9crit par":"Jean-Paul Erhard","Dur\u00e9e de lecture estim\u00e9e":"3 minutes"},"schema":{"@context":"https:\/\/schema.org","@graph":[{"@type":"Article","@id":"https:\/\/peoplesphere.be\/fr\/drole-fete-travail-perspective-1er-mai-pourtant-grande-majorite-belges-aime-travailler-dur\/#article","isPartOf":{"@id":"https:\/\/peoplesphere.be\/fr\/drole-fete-travail-perspective-1er-mai-pourtant-grande-majorite-belges-aime-travailler-dur\/"},"author":{"name":"Jean-Paul Erhard","@id":"https:\/\/peoplesphere.be\/fr\/#\/schema\/person\/7976225ff17988604334abb7b3536a7e"},"headline":"Dr\u00f4le de f\u00eate du Travail en perspective ce 1er mai&#8230; et pourtant, la grande majorit\u00e9 des Belges aime &lsquo;travailler dur&rsquo;.","datePublished":"2020-04-29T06:39:49+00:00","dateModified":"2020-04-29T13:07:59+00:00","mainEntityOfPage":{"@id":"https:\/\/peoplesphere.be\/fr\/drole-fete-travail-perspective-1er-mai-pourtant-grande-majorite-belges-aime-travailler-dur\/"},"wordCount":662,"publisher":{"@id":"https:\/\/peoplesphere.be\/fr\/#organization"},"keywords":["engagement","\u00e9volution professionnelle","f\u00eate du travail","mobilit\u00e9","Pension","reconnaissance","SD Worx"],"articleSection":["Actualit\u00e9s","Digital"],"inLanguage":"fr-FR"},{"@type":"WebPage","@id":"https:\/\/peoplesphere.be\/fr\/drole-fete-travail-perspective-1er-mai-pourtant-grande-majorite-belges-aime-travailler-dur\/","url":"https:\/\/peoplesphere.be\/fr\/drole-fete-travail-perspective-1er-mai-pourtant-grande-majorite-belges-aime-travailler-dur\/","name":"Dr\u00f4le de f\u00eate du Travail en perspective ce 1er mai... et pourtant, la grande majorit\u00e9 des Belges aime 'travailler dur'. - Peoplesphere","isPartOf":{"@id":"https:\/\/peoplesphere.be\/fr\/#website"},"datePublished":"2020-04-29T06:39:49+00:00","dateModified":"2020-04-29T13:07:59+00:00","breadcrumb":{"@id":"https:\/\/peoplesphere.be\/fr\/drole-fete-travail-perspective-1er-mai-pourtant-grande-majorite-belges-aime-travailler-dur\/#breadcrumb"},"inLanguage":"fr-FR","potentialAction":[{"@type":"ReadAction","target":["https:\/\/peoplesphere.be\/fr\/drole-fete-travail-perspective-1er-mai-pourtant-grande-majorite-belges-aime-travailler-dur\/"]}]},{"@type":"BreadcrumbList","@id":"https:\/\/peoplesphere.be\/fr\/drole-fete-travail-perspective-1er-mai-pourtant-grande-majorite-belges-aime-travailler-dur\/#breadcrumb","itemListElement":[{"@type":"ListItem","position":1,"name":"Accueil","item":"https:\/\/peoplesphere.be\/fr\/"},{"@type":"ListItem","position":2,"name":"Dr\u00f4le de f\u00eate du Travail en perspective ce 1er mai&#8230; et pourtant, la grande majorit\u00e9 des Belges aime &lsquo;travailler dur&rsquo;."}]},{"@type":"WebSite","@id":"https:\/\/peoplesphere.be\/fr\/#website","url":"https:\/\/peoplesphere.be\/fr\/","name":"Peoplesphere","description":"The People Managers Magazine","publisher":{"@id":"https:\/\/peoplesphere.be\/fr\/#organization"},"potentialAction":[{"@type":"SearchAction","target":{"@type":"EntryPoint","urlTemplate":"https:\/\/peoplesphere.be\/fr\/?s={search_term_string}"},"query-input":"required name=search_term_string"}],"inLanguage":"fr-FR"},{"@type":"Organization","@id":"https:\/\/peoplesphere.be\/fr\/#organization","name":"Peoplesphere Company srl","url":"https:\/\/peoplesphere.be\/fr\/","logo":{"@type":"ImageObject","inLanguage":"fr-FR","@id":"https:\/\/peoplesphere.be\/fr\/#\/schema\/logo\/image\/","url":"https:\/\/peoplesphere.be\/fr\/wp-content\/uploads\/2023\/07\/peoplesphere-lgo-new-generik.jpg","contentUrl":"https:\/\/peoplesphere.be\/fr\/wp-content\/uploads\/2023\/07\/peoplesphere-lgo-new-generik.jpg","width":1031,"height":1479,"caption":"Peoplesphere Company srl"},"image":{"@id":"https:\/\/peoplesphere.be\/fr\/#\/schema\/logo\/image\/"},"sameAs":["https:\/\/www.facebook.com\/peoplesphere","https:\/\/twitter.com\/PeoplesphereMag","https:\/\/www.linkedin.com\/company\/7587361?trk","http:\/\/youtube.com\/peoplesphere"]},{"@type":"Person","@id":"https:\/\/peoplesphere.be\/fr\/#\/schema\/person\/7976225ff17988604334abb7b3536a7e","name":"Jean-Paul Erhard","image":{"@type":"ImageObject","inLanguage":"fr-FR","@id":"https:\/\/peoplesphere.be\/fr\/#\/schema\/person\/image\/","url":"https:\/\/secure.gravatar.com\/avatar\/f941e681460179738071629a51574930?s=96&d=mm&r=g","contentUrl":"https:\/\/secure.gravatar.com\/avatar\/f941e681460179738071629a51574930?s=96&d=mm&r=g","caption":"Jean-Paul Erhard"},"url":"https:\/\/peoplesphere.be\/fr\/author\/jpe\/"}]}},"_links":{"self":[{"href":"https:\/\/peoplesphere.be\/fr\/wp-json\/wp\/v2\/posts\/9488"}],"collection":[{"href":"https:\/\/peoplesphere.be\/fr\/wp-json\/wp\/v2\/posts"}],"about":[{"href":"https:\/\/peoplesphere.be\/fr\/wp-json\/wp\/v2\/types\/post"}],"author":[{"embeddable":true,"href":"https:\/\/peoplesphere.be\/fr\/wp-json\/wp\/v2\/users\/2"}],"replies":[{"embeddable":true,"href":"https:\/\/peoplesphere.be\/fr\/wp-json\/wp\/v2\/comments?post=9488"}],"version-history":[{"count":2,"href":"https:\/\/peoplesphere.be\/fr\/wp-json\/wp\/v2\/posts\/9488\/revisions"}],"predecessor-version":[{"id":9494,"href":"https:\/\/peoplesphere.be\/fr\/wp-json\/wp\/v2\/posts\/9488\/revisions\/9494"}],"wp:attachment":[{"href":"https:\/\/peoplesphere.be\/fr\/wp-json\/wp\/v2\/media?parent=9488"}],"wp:term":[{"taxonomy":"category","embeddable":true,"href":"https:\/\/peoplesphere.be\/fr\/wp-json\/wp\/v2\/categories?post=9488"},{"taxonomy":"post_tag","embeddable":true,"href":"https:\/\/peoplesphere.be\/fr\/wp-json\/wp\/v2\/tags?post=9488"}],"curies":[{"name":"wp","href":"https:\/\/api.w.org\/{rel}","templated":true}]}}