









{"id":9490,"date":"2020-04-29T13:23:48","date_gmt":"2020-04-29T11:23:48","guid":{"rendered":"https:\/\/peoplesphere.be\/fr\/?p=9490"},"modified":"2020-04-29T13:23:48","modified_gmt":"2020-04-29T11:23:48","slug":"limpact-covid-19-bien-etre-de-population-touche-premier-lieu-groupes-plus-vulnerables","status":"publish","type":"post","link":"https:\/\/peoplesphere.be\/fr\/limpact-covid-19-bien-etre-de-population-touche-premier-lieu-groupes-plus-vulnerables\/","title":{"rendered":"L&rsquo;impact du COVID-19 sur le bien-\u00eatre de la population touche en premier lieu les groupes les plus vuln\u00e9rables."},"content":{"rendered":"<p>Au-del\u00e0 des impacts sanitaires et \u00e9conomiques, la crise du covid-19 bouleverse la vie des personnes dans son ensemble. Cette crise a un impact n\u00e9gatif sur le bien-\u00eatre des Belges et ses principaux d\u00e9terminants, tels que la sant\u00e9, les relations sociales ou le niveau de vie. Certains groupes sont particuli\u00e8rement vuln\u00e9rables : les 16-49 ans, les personnes avec de faibles revenus, vivant seules, en incapacit\u00e9 de travail ou sans emploi. Dans l&rsquo;ensemble, les femmes sont plus expos\u00e9es que les hommes \u00e0 une baisse de bien-\u00eatre.<!--more--><\/p>\n<p>La sant\u00e9, le niveau de vie, la vie en soci\u00e9t\u00e9, le travail et l\u2019\u00e9ducation ont \u00e9t\u00e9 identifi\u00e9s par le Bureau f\u00e9d\u00e9ral du Plan (BFP) comme les principaux d\u00e9terminants du bien-\u00eatre des Belges. De plus, certains groupes ont un niveau de bien-\u00eatre plus bas que la moyenne : les personnes vivant seules (avec ou sans enfants), celles au ch\u00f4mage, en incapacit\u00e9 de travail, sans dipl\u00f4me ou avec de faibles revenus.<\/p>\n<p>Plusieurs enqu\u00eates montrent que la crise du covid-19 impacte n\u00e9gativement ces d\u00e9terminants. Sont particuli\u00e8rement touch\u00e9s les femmes et les groupes cit\u00e9s ci-dessus, dont le bien-\u00eatre devrait diminuer plus que la moyenne.<\/p>\n<p>D\u2019autres cons\u00e9quences de cette crise comme les faillites vont \u00e9galement augmenter le nombre de personnes dans ces groupes vuln\u00e9rables.<\/p>\n<p>\u00c0 partir de ces informations, le BFP estime que l\u2019impact de la crise du covid-19 sur le bien-\u00eatre moyen en Belgique est nettement plus important que lors de la crise \u00e9conomique et financi\u00e8re de 2008.<\/p>\n<p><em><strong>Un \u00e9tat de sant\u00e9 qui se d\u00e9grade<\/strong><\/em><\/p>\n<p>Les travaux du BFP montrent que la sant\u00e9, tant physique que mentale, est le principal d\u00e9terminant du bien-\u00eatre en Belgique. Une analyse plus d\u00e9taill\u00e9e de certains groupes de la population r\u00e9v\u00e8le aussi qu\u2019une d\u00e9t\u00e9rioration de la sant\u00e9 a un impact relativement plus important sur le bien-\u00eatre des femmes et des ch\u00f4meurs.<\/p>\n<p>Les enqu\u00eates r\u00e9alis\u00e9es depuis le d\u00e9but de la crise montrent une nette d\u00e9t\u00e9rioration de la sant\u00e9 mentale des Belges. Environ 50% des sond\u00e9s exprime des sympt\u00f4mes qui rel\u00e8vent d\u2019une pathologie mentale probable (UCLouvain). Cette d\u00e9t\u00e9rioration affecte plus particuli\u00e8rement les femmes, les 16-45 ans, les personnes vivant seules (avec ou sans enfant(s)), non dipl\u00f4m\u00e9es du sup\u00e9rieur, en incapacit\u00e9 de travail et au ch\u00f4mage (Sciensano).<\/p>\n<p>Outre la sant\u00e9 mentale, l\u2019annulation massive de rendez-vous (para)m\u00e9dicaux (entre 25% et 90% en fonction des prestataires de soins selon Sciensano) font craindre une nouvelle d\u00e9t\u00e9rioration de la sant\u00e9 de la population.<\/p>\n<p><strong><em>Des relations sociales en souffrance<\/em><\/strong><\/p>\n<p>Dans ses travaux, le BFP montre l\u2019importance des relations sociales pour le bien-\u00eatre. Ce sont en particulier les relations avec nos proches (amis\/famille) qui comptent: avoir une personne \u00e0 qui se confier et \u00e0 qui demander de l\u2019aide. L\u2019impact de ces relations sur le bien-\u00eatre est relativement plus \u00e9lev\u00e9 pour les 16-49 ans.<\/p>\n<p>Les mesures de confinement et de distanciation sociale ont eu un impact majeur sur les relations avec les proches. Environ 60% des sond\u00e9s jugent leurs contacts sociaux insatisfaisants contre seulement 8% dans l\u2019enqu\u00eate de sant\u00e9 de 2018 (Sciensano). Ils sont 27% \u00e0 \u00e9voquer un support social (le fait de pouvoir compter sur des proches) faible, contre 16% en 2018 (Sciensano).<\/p>\n<p>Les plus touch\u00e9s par la perte de liens sociaux sont les m\u00eames personnes que celles qui ont vu leur sant\u00e9 mentale particuli\u00e8rement se d\u00e9t\u00e9riorer.<\/p>\n<p><strong><em>Un travail perturb\u00e9 et des revenus \u00e0 la baisse<\/em><\/strong><\/p>\n<p>Pouvoir travailler et disposer de revenus suffisants d\u00e9terminent \u00e9galement le niveau de bien-\u00eatre des Belges. Les travaux du BFP montrent en particulier que l\u2019acc\u00e8s \u00e0 un niveau de vie consid\u00e9r\u00e9 comme standard compte plus que le niveau de revenu. Sont particuli\u00e8rement concern\u00e9es les personnes disposant de faibles revenus, comme les personnes vivant sous le seuil de pauvret\u00e9 et celles b\u00e9n\u00e9ficiant d\u2019un revenu d\u2019int\u00e9gration sociale. Leur nombre risque d\u2019augmenter fortement dans les mois qui viennent.<\/p>\n<p>Outre le niveau de vie, le fait d&rsquo;\u00eatre au ch\u00f4mage a aussi un impact n\u00e9gatif sur le bien-\u00eatre. Cet impact est relativement plus \u00e9lev\u00e9 pour les jeunes de moins de 25 ans. Il est important de noter que cet impact persiste dans le temps, m\u00eame apr\u00e8s un retour \u00e0 l\u2019emploi.<\/p>\n<p>Les chiffres collect\u00e9s par L\u2019Economic Risk Management Group (ERMG) et les enqu\u00eates montrent que le travail et les revenus sont lourdement impact\u00e9s par la crise. Ainsi, environ 40% de salari\u00e9s du secteur priv\u00e9 (ERMG) et 55% des ind\u00e9pendants (ACASTI1) introduiraient une demande pour le ch\u00f4mage temporaire ou le droit passerelle. Dans le sc\u00e9nario \u00e9conomique propos\u00e9 par la Banque nationale de Belgique (BNB) et le BFP d\u00e9but avril, le pouvoir d\u2019achat des m\u00e9nages baisserait d\u2019environ 1,5% en 2020. Enfin, 1 m\u00e9nage sur 8 est consid\u00e9r\u00e9 comme financi\u00e8rement tr\u00e8s vuln\u00e9rable face \u00e0 la crise, en cumulant une perte de revenu et un faible niveau d\u2019\u00e9pargne (BNB).<\/p>\n<p><strong><em>Chute du bien \u00eatre en 2020<\/em><\/strong><\/p>\n<p>Une certitude : la crise du covid-19 a un impact n\u00e9gatif sur le bien-\u00eatre moyen des Belges.\u00a0Pour mesurer ce bien-\u00eatre, le BFP a d\u00e9velopp\u00e9 un indicateur de Bien-\u00eatre ici et maintenant (BEIM). Sa construction repose sur une analyse statistique sp\u00e9cifique \u00e0 la Belgique. Cet indicateur mesure l\u2019\u00e9volution du bien-\u00eatre actuel en synth\u00e9tisant ses principaux d\u00e9terminants: la sant\u00e9, le niveau de vie, la vie en soci\u00e9t\u00e9, le travail et l\u2019\u00e9ducation.<\/p>\n<p>Les donn\u00e9es disponibles aujourd\u2019hui montrent que la plupart des d\u00e9terminants du bien-\u00eatre sont affect\u00e9s par la crise. \u00c0 partir de ces informations, le BFP estime que la baisse du bien-\u00eatre en Belgique sera nettement plus importante que lors de la crise \u00e9conomique et financi\u00e8re de 2008.<\/p>\n<p>Dans cette estimation, le BFP fait les hypoth\u00e8ses que, par rapport \u00e0 2019, et \u00e0 partir des informations et donn\u00e9es disponibles aujourd\u2019hui :<\/p>\n<ul>\n<li>la part de la population qui d\u00e9clare \u00eatre en mauvaise sant\u00e9 augmente de 8,6% en 2019 \u00e0 10,8% en 2020;<\/li>\n<li>la part de la population en privation mat\u00e9rielle s\u00e9v\u00e8re augmente de 4,6% \u00e0 6,6%;<\/li>\n<li>la part de la population en manque de support social augmente de 11,6% \u00e0 17,4%;<\/li>\n<li>le nombre de ch\u00f4meurs augmente de 64.500 personnes.<\/li>\n<\/ul>\n<p>Les autres composantes de l\u2019indicateur BEIM restent inchang\u00e9es par rapport \u00e0 leur niveau de 2019. Ces hypoth\u00e8ses seront revues en fonction des donn\u00e9es disponibles dans le futur.<\/p>\n<p><strong><em>Quelle sortie de crise ?<\/em><\/strong><\/p>\n<p>En 2019, l&rsquo;indicateur de bien-\u00eatre BEIM n&rsquo;avait pas encore retrouv\u00e9 son niveau d\u2019avant la crise \u00e9conomique et financi\u00e8re de 2008. Comment faire pour que le bien-\u00eatre s\u2019am\u00e9liore plus rapidement apr\u00e8s la crise du covid-19 ?<br \/>\nLes travaux du BFP combin\u00e9s aux enqu\u00eates permettent d&rsquo;identifier certains groupes vuln\u00e9rables, c&rsquo;est-\u00e0-dire ceux pour lesquels le bien-\u00eatre est le plus impact\u00e9 par la crise.<\/p>\n<p>Il s&rsquo;agit des femmes (ce qui invite \u00e0 \u00eatre attentif aux discriminations hommes\/femmes), des 16-49 ans, des personnes non dipl\u00f4m\u00e9es du sup\u00e9rieur, celles vivants seules (avec ou sans enfant(s)), qui sont en incapacit\u00e9 de travail ou au ch\u00f4mage (en particulier les jeunes) et des personnes disposant de faibles revenus. Afin d\u2019am\u00e9liorer le bien-\u00eatre en Belgique, les politiques de sortie de crise devraient se concentrer en priorit\u00e9 sur ces groupes vuln\u00e9rables.<\/p>\n<p>&nbsp;<\/p>\n<p><em>Source: Bureau du Plan &#8211; Afin d\u2019\u00e9valuer l\u2019impact de la crise du covid-19 sur le bien-\u00eatre, le BFP s\u2019est pench\u00e9 sur les premiers r\u00e9sultats des enqu\u00eates r\u00e9alis\u00e9es par la Banque nationale de Belgique (BNB &#8211; enqu\u00eate mensuelle aupr\u00e8s des m\u00e9nages), Sciensano (enqu\u00eate de sant\u00e9 covid-19), l\u2019UAntwerpen (\u00ab Coronastudie \u00bb en collaboration avec la KULeuven, l\u2019UHasselt et l\u2019ULB) et l\u2019UCLouvain (enqu\u00eate \u00ab Covid et moi \u00bb ). Une majorit\u00e9 des enqu\u00eates a \u00e9t\u00e9 r\u00e9alis\u00e9e dans le courant du mois d\u2019avril. Ces enqu\u00eates concernent la population \u00e2g\u00e9e de 16-18 ans ou plus. Leur \u00e9chantillon n\u2019est pas toujours repr\u00e9sentatif de la population en Belgique.<\/em><\/p>\n","protected":false},"excerpt":{"rendered":"<p>Au-del\u00e0 des impacts sanitaires et \u00e9conomiques, la crise du covid-19 bouleverse la vie des personnes dans son ensemble. Cette crise a un impact n\u00e9gatif sur le bien-\u00eatre des Belges et ses principaux d\u00e9terminants, tels que la sant\u00e9, les relations sociales [&hellip;]<\/p>\n","protected":false},"author":2,"featured_media":0,"comment_status":"closed","ping_status":"open","sticky":false,"template":"","format":"standard","meta":[],"categories":[65,10],"tags":[96,1374,2998,42,17],"yoast_head":"<!-- This site is optimized with the Yoast SEO plugin v21.0 - https:\/\/yoast.com\/wordpress\/plugins\/seo\/ -->\n<title>L&#039;impact du COVID-19 sur le bien-\u00eatre de la population touche en premier lieu les groupes les plus vuln\u00e9rables. - Peoplesphere<\/title>\n<meta name=\"robots\" content=\"index, follow, max-snippet:-1, max-image-preview:large, max-video-preview:-1\" \/>\n<link rel=\"canonical\" href=\"https:\/\/peoplesphere.be\/fr\/limpact-covid-19-bien-etre-de-population-touche-premier-lieu-groupes-plus-vulnerables\/\" \/>\n<meta property=\"og:locale\" content=\"fr_FR\" \/>\n<meta property=\"og:type\" content=\"article\" \/>\n<meta property=\"og:title\" content=\"L&#039;impact du COVID-19 sur le bien-\u00eatre de la population touche en premier lieu les groupes les plus vuln\u00e9rables. - Peoplesphere\" \/>\n<meta property=\"og:description\" content=\"Au-del\u00e0 des impacts sanitaires et \u00e9conomiques, la crise du covid-19 bouleverse la vie des personnes dans son ensemble. Cette crise a un impact n\u00e9gatif sur le bien-\u00eatre des Belges et ses principaux d\u00e9terminants, tels que la sant\u00e9, les relations sociales [&hellip;]\" \/>\n<meta property=\"og:url\" content=\"https:\/\/peoplesphere.be\/fr\/limpact-covid-19-bien-etre-de-population-touche-premier-lieu-groupes-plus-vulnerables\/\" \/>\n<meta property=\"og:site_name\" content=\"Peoplesphere\" \/>\n<meta property=\"article:publisher\" content=\"https:\/\/www.facebook.com\/peoplesphere\" \/>\n<meta property=\"article:published_time\" content=\"2020-04-29T11:23:48+00:00\" \/>\n<meta property=\"og:image\" content=\"http:\/\/www.peoplesphere.be\/fr\/wp-content\/uploads\/2016\/07\/facebook-default-posting-1200x628px.jpg\" \/>\n<meta name=\"author\" content=\"Jean-Paul Erhard\" \/>\n<meta name=\"twitter:card\" content=\"summary_large_image\" \/>\n<meta name=\"twitter:creator\" content=\"@PeoplesphereMag\" \/>\n<meta name=\"twitter:site\" content=\"@PeoplesphereMag\" \/>\n<meta name=\"twitter:label1\" content=\"\u00c9crit par\" \/>\n\t<meta name=\"twitter:data1\" content=\"Jean-Paul Erhard\" \/>\n\t<meta name=\"twitter:label2\" content=\"Dur\u00e9e de lecture estim\u00e9e\" \/>\n\t<meta name=\"twitter:data2\" content=\"7 minutes\" \/>\n<script type=\"application\/ld+json\" class=\"yoast-schema-graph\">{\"@context\":\"https:\/\/schema.org\",\"@graph\":[{\"@type\":\"Article\",\"@id\":\"https:\/\/peoplesphere.be\/fr\/limpact-covid-19-bien-etre-de-population-touche-premier-lieu-groupes-plus-vulnerables\/#article\",\"isPartOf\":{\"@id\":\"https:\/\/peoplesphere.be\/fr\/limpact-covid-19-bien-etre-de-population-touche-premier-lieu-groupes-plus-vulnerables\/\"},\"author\":{\"name\":\"Jean-Paul Erhard\",\"@id\":\"https:\/\/peoplesphere.be\/fr\/#\/schema\/person\/7976225ff17988604334abb7b3536a7e\"},\"headline\":\"L&rsquo;impact du COVID-19 sur le bien-\u00eatre de la population touche en premier lieu les groupes les plus vuln\u00e9rables.\",\"datePublished\":\"2020-04-29T11:23:48+00:00\",\"dateModified\":\"2020-04-29T11:23:48+00:00\",\"mainEntityOfPage\":{\"@id\":\"https:\/\/peoplesphere.be\/fr\/limpact-covid-19-bien-etre-de-population-touche-premier-lieu-groupes-plus-vulnerables\/\"},\"wordCount\":1390,\"publisher\":{\"@id\":\"https:\/\/peoplesphere.be\/fr\/#organization\"},\"keywords\":[\"bien-\u00eatre\",\"bureau f\u00e9d\u00e9ral du plan\",\"covid-19\",\"Pr\u00e9vention\",\"Sant\u00e9\"],\"articleSection\":[\"Actualit\u00e9s\",\"Digital\"],\"inLanguage\":\"fr-FR\"},{\"@type\":\"WebPage\",\"@id\":\"https:\/\/peoplesphere.be\/fr\/limpact-covid-19-bien-etre-de-population-touche-premier-lieu-groupes-plus-vulnerables\/\",\"url\":\"https:\/\/peoplesphere.be\/fr\/limpact-covid-19-bien-etre-de-population-touche-premier-lieu-groupes-plus-vulnerables\/\",\"name\":\"L'impact du COVID-19 sur le bien-\u00eatre de la population touche en premier lieu les groupes les plus vuln\u00e9rables. - Peoplesphere\",\"isPartOf\":{\"@id\":\"https:\/\/peoplesphere.be\/fr\/#website\"},\"datePublished\":\"2020-04-29T11:23:48+00:00\",\"dateModified\":\"2020-04-29T11:23:48+00:00\",\"breadcrumb\":{\"@id\":\"https:\/\/peoplesphere.be\/fr\/limpact-covid-19-bien-etre-de-population-touche-premier-lieu-groupes-plus-vulnerables\/#breadcrumb\"},\"inLanguage\":\"fr-FR\",\"potentialAction\":[{\"@type\":\"ReadAction\",\"target\":[\"https:\/\/peoplesphere.be\/fr\/limpact-covid-19-bien-etre-de-population-touche-premier-lieu-groupes-plus-vulnerables\/\"]}]},{\"@type\":\"BreadcrumbList\",\"@id\":\"https:\/\/peoplesphere.be\/fr\/limpact-covid-19-bien-etre-de-population-touche-premier-lieu-groupes-plus-vulnerables\/#breadcrumb\",\"itemListElement\":[{\"@type\":\"ListItem\",\"position\":1,\"name\":\"Accueil\",\"item\":\"https:\/\/peoplesphere.be\/fr\/\"},{\"@type\":\"ListItem\",\"position\":2,\"name\":\"L&rsquo;impact du COVID-19 sur le bien-\u00eatre de la population touche en premier lieu les groupes les plus vuln\u00e9rables.\"}]},{\"@type\":\"WebSite\",\"@id\":\"https:\/\/peoplesphere.be\/fr\/#website\",\"url\":\"https:\/\/peoplesphere.be\/fr\/\",\"name\":\"Peoplesphere\",\"description\":\"The People Managers Magazine\",\"publisher\":{\"@id\":\"https:\/\/peoplesphere.be\/fr\/#organization\"},\"potentialAction\":[{\"@type\":\"SearchAction\",\"target\":{\"@type\":\"EntryPoint\",\"urlTemplate\":\"https:\/\/peoplesphere.be\/fr\/?s={search_term_string}\"},\"query-input\":\"required name=search_term_string\"}],\"inLanguage\":\"fr-FR\"},{\"@type\":\"Organization\",\"@id\":\"https:\/\/peoplesphere.be\/fr\/#organization\",\"name\":\"Peoplesphere Company srl\",\"url\":\"https:\/\/peoplesphere.be\/fr\/\",\"logo\":{\"@type\":\"ImageObject\",\"inLanguage\":\"fr-FR\",\"@id\":\"https:\/\/peoplesphere.be\/fr\/#\/schema\/logo\/image\/\",\"url\":\"https:\/\/peoplesphere.be\/fr\/wp-content\/uploads\/2023\/07\/peoplesphere-lgo-new-generik.jpg\",\"contentUrl\":\"https:\/\/peoplesphere.be\/fr\/wp-content\/uploads\/2023\/07\/peoplesphere-lgo-new-generik.jpg\",\"width\":1031,\"height\":1479,\"caption\":\"Peoplesphere Company srl\"},\"image\":{\"@id\":\"https:\/\/peoplesphere.be\/fr\/#\/schema\/logo\/image\/\"},\"sameAs\":[\"https:\/\/www.facebook.com\/peoplesphere\",\"https:\/\/twitter.com\/PeoplesphereMag\",\"https:\/\/www.linkedin.com\/company\/7587361?trk\",\"http:\/\/youtube.com\/peoplesphere\"]},{\"@type\":\"Person\",\"@id\":\"https:\/\/peoplesphere.be\/fr\/#\/schema\/person\/7976225ff17988604334abb7b3536a7e\",\"name\":\"Jean-Paul Erhard\",\"image\":{\"@type\":\"ImageObject\",\"inLanguage\":\"fr-FR\",\"@id\":\"https:\/\/peoplesphere.be\/fr\/#\/schema\/person\/image\/\",\"url\":\"https:\/\/secure.gravatar.com\/avatar\/f941e681460179738071629a51574930?s=96&d=mm&r=g\",\"contentUrl\":\"https:\/\/secure.gravatar.com\/avatar\/f941e681460179738071629a51574930?s=96&d=mm&r=g\",\"caption\":\"Jean-Paul Erhard\"},\"url\":\"https:\/\/peoplesphere.be\/fr\/author\/jpe\/\"}]}<\/script>\n<!-- \/ Yoast SEO plugin. -->","yoast_head_json":{"title":"L'impact du COVID-19 sur le bien-\u00eatre de la population touche en premier lieu les groupes les plus vuln\u00e9rables. - Peoplesphere","robots":{"index":"index","follow":"follow","max-snippet":"max-snippet:-1","max-image-preview":"max-image-preview:large","max-video-preview":"max-video-preview:-1"},"canonical":"https:\/\/peoplesphere.be\/fr\/limpact-covid-19-bien-etre-de-population-touche-premier-lieu-groupes-plus-vulnerables\/","og_locale":"fr_FR","og_type":"article","og_title":"L'impact du COVID-19 sur le bien-\u00eatre de la population touche en premier lieu les groupes les plus vuln\u00e9rables. - Peoplesphere","og_description":"Au-del\u00e0 des impacts sanitaires et \u00e9conomiques, la crise du covid-19 bouleverse la vie des personnes dans son ensemble. Cette crise a un impact n\u00e9gatif sur le bien-\u00eatre des Belges et ses principaux d\u00e9terminants, tels que la sant\u00e9, les relations sociales [&hellip;]","og_url":"https:\/\/peoplesphere.be\/fr\/limpact-covid-19-bien-etre-de-population-touche-premier-lieu-groupes-plus-vulnerables\/","og_site_name":"Peoplesphere","article_publisher":"https:\/\/www.facebook.com\/peoplesphere","article_published_time":"2020-04-29T11:23:48+00:00","og_image":[{"url":"http:\/\/www.peoplesphere.be\/fr\/wp-content\/uploads\/2016\/07\/facebook-default-posting-1200x628px.jpg"}],"author":"Jean-Paul Erhard","twitter_card":"summary_large_image","twitter_creator":"@PeoplesphereMag","twitter_site":"@PeoplesphereMag","twitter_misc":{"\u00c9crit par":"Jean-Paul Erhard","Dur\u00e9e de lecture estim\u00e9e":"7 minutes"},"schema":{"@context":"https:\/\/schema.org","@graph":[{"@type":"Article","@id":"https:\/\/peoplesphere.be\/fr\/limpact-covid-19-bien-etre-de-population-touche-premier-lieu-groupes-plus-vulnerables\/#article","isPartOf":{"@id":"https:\/\/peoplesphere.be\/fr\/limpact-covid-19-bien-etre-de-population-touche-premier-lieu-groupes-plus-vulnerables\/"},"author":{"name":"Jean-Paul Erhard","@id":"https:\/\/peoplesphere.be\/fr\/#\/schema\/person\/7976225ff17988604334abb7b3536a7e"},"headline":"L&rsquo;impact du COVID-19 sur le bien-\u00eatre de la population touche en premier lieu les groupes les plus vuln\u00e9rables.","datePublished":"2020-04-29T11:23:48+00:00","dateModified":"2020-04-29T11:23:48+00:00","mainEntityOfPage":{"@id":"https:\/\/peoplesphere.be\/fr\/limpact-covid-19-bien-etre-de-population-touche-premier-lieu-groupes-plus-vulnerables\/"},"wordCount":1390,"publisher":{"@id":"https:\/\/peoplesphere.be\/fr\/#organization"},"keywords":["bien-\u00eatre","bureau f\u00e9d\u00e9ral du plan","covid-19","Pr\u00e9vention","Sant\u00e9"],"articleSection":["Actualit\u00e9s","Digital"],"inLanguage":"fr-FR"},{"@type":"WebPage","@id":"https:\/\/peoplesphere.be\/fr\/limpact-covid-19-bien-etre-de-population-touche-premier-lieu-groupes-plus-vulnerables\/","url":"https:\/\/peoplesphere.be\/fr\/limpact-covid-19-bien-etre-de-population-touche-premier-lieu-groupes-plus-vulnerables\/","name":"L'impact du COVID-19 sur le bien-\u00eatre de la population touche en premier lieu les groupes les plus vuln\u00e9rables. - Peoplesphere","isPartOf":{"@id":"https:\/\/peoplesphere.be\/fr\/#website"},"datePublished":"2020-04-29T11:23:48+00:00","dateModified":"2020-04-29T11:23:48+00:00","breadcrumb":{"@id":"https:\/\/peoplesphere.be\/fr\/limpact-covid-19-bien-etre-de-population-touche-premier-lieu-groupes-plus-vulnerables\/#breadcrumb"},"inLanguage":"fr-FR","potentialAction":[{"@type":"ReadAction","target":["https:\/\/peoplesphere.be\/fr\/limpact-covid-19-bien-etre-de-population-touche-premier-lieu-groupes-plus-vulnerables\/"]}]},{"@type":"BreadcrumbList","@id":"https:\/\/peoplesphere.be\/fr\/limpact-covid-19-bien-etre-de-population-touche-premier-lieu-groupes-plus-vulnerables\/#breadcrumb","itemListElement":[{"@type":"ListItem","position":1,"name":"Accueil","item":"https:\/\/peoplesphere.be\/fr\/"},{"@type":"ListItem","position":2,"name":"L&rsquo;impact du COVID-19 sur le bien-\u00eatre de la population touche en premier lieu les groupes les plus vuln\u00e9rables."}]},{"@type":"WebSite","@id":"https:\/\/peoplesphere.be\/fr\/#website","url":"https:\/\/peoplesphere.be\/fr\/","name":"Peoplesphere","description":"The People Managers Magazine","publisher":{"@id":"https:\/\/peoplesphere.be\/fr\/#organization"},"potentialAction":[{"@type":"SearchAction","target":{"@type":"EntryPoint","urlTemplate":"https:\/\/peoplesphere.be\/fr\/?s={search_term_string}"},"query-input":"required name=search_term_string"}],"inLanguage":"fr-FR"},{"@type":"Organization","@id":"https:\/\/peoplesphere.be\/fr\/#organization","name":"Peoplesphere Company srl","url":"https:\/\/peoplesphere.be\/fr\/","logo":{"@type":"ImageObject","inLanguage":"fr-FR","@id":"https:\/\/peoplesphere.be\/fr\/#\/schema\/logo\/image\/","url":"https:\/\/peoplesphere.be\/fr\/wp-content\/uploads\/2023\/07\/peoplesphere-lgo-new-generik.jpg","contentUrl":"https:\/\/peoplesphere.be\/fr\/wp-content\/uploads\/2023\/07\/peoplesphere-lgo-new-generik.jpg","width":1031,"height":1479,"caption":"Peoplesphere Company srl"},"image":{"@id":"https:\/\/peoplesphere.be\/fr\/#\/schema\/logo\/image\/"},"sameAs":["https:\/\/www.facebook.com\/peoplesphere","https:\/\/twitter.com\/PeoplesphereMag","https:\/\/www.linkedin.com\/company\/7587361?trk","http:\/\/youtube.com\/peoplesphere"]},{"@type":"Person","@id":"https:\/\/peoplesphere.be\/fr\/#\/schema\/person\/7976225ff17988604334abb7b3536a7e","name":"Jean-Paul Erhard","image":{"@type":"ImageObject","inLanguage":"fr-FR","@id":"https:\/\/peoplesphere.be\/fr\/#\/schema\/person\/image\/","url":"https:\/\/secure.gravatar.com\/avatar\/f941e681460179738071629a51574930?s=96&d=mm&r=g","contentUrl":"https:\/\/secure.gravatar.com\/avatar\/f941e681460179738071629a51574930?s=96&d=mm&r=g","caption":"Jean-Paul Erhard"},"url":"https:\/\/peoplesphere.be\/fr\/author\/jpe\/"}]}},"_links":{"self":[{"href":"https:\/\/peoplesphere.be\/fr\/wp-json\/wp\/v2\/posts\/9490"}],"collection":[{"href":"https:\/\/peoplesphere.be\/fr\/wp-json\/wp\/v2\/posts"}],"about":[{"href":"https:\/\/peoplesphere.be\/fr\/wp-json\/wp\/v2\/types\/post"}],"author":[{"embeddable":true,"href":"https:\/\/peoplesphere.be\/fr\/wp-json\/wp\/v2\/users\/2"}],"replies":[{"embeddable":true,"href":"https:\/\/peoplesphere.be\/fr\/wp-json\/wp\/v2\/comments?post=9490"}],"version-history":[{"count":1,"href":"https:\/\/peoplesphere.be\/fr\/wp-json\/wp\/v2\/posts\/9490\/revisions"}],"predecessor-version":[{"id":9491,"href":"https:\/\/peoplesphere.be\/fr\/wp-json\/wp\/v2\/posts\/9490\/revisions\/9491"}],"wp:attachment":[{"href":"https:\/\/peoplesphere.be\/fr\/wp-json\/wp\/v2\/media?parent=9490"}],"wp:term":[{"taxonomy":"category","embeddable":true,"href":"https:\/\/peoplesphere.be\/fr\/wp-json\/wp\/v2\/categories?post=9490"},{"taxonomy":"post_tag","embeddable":true,"href":"https:\/\/peoplesphere.be\/fr\/wp-json\/wp\/v2\/tags?post=9490"}],"curies":[{"name":"wp","href":"https:\/\/api.w.org\/{rel}","templated":true}]}}