









{"id":9492,"date":"2020-04-29T14:31:02","date_gmt":"2020-04-29T12:31:02","guid":{"rendered":"https:\/\/peoplesphere.be\/fr\/?p=9492"},"modified":"2020-04-29T14:31:02","modified_gmt":"2020-04-29T12:31:02","slug":"mesures-prendre-afin-dassurer-protection-travailleurs-pendant-periode-de-deconfinement","status":"publish","type":"post","link":"https:\/\/peoplesphere.be\/fr\/mesures-prendre-afin-dassurer-protection-travailleurs-pendant-periode-de-deconfinement\/","title":{"rendered":"Quelles mesures prendre afin d&rsquo;assurer la protection des travailleurs pendant la p\u00e9riode de d\u00e9confinement?"},"content":{"rendered":"<p>L&rsquo;Organisation Internationale du Travail OIT appelle les gouvernements \u00e0 intervenir afin de pr\u00e9venir et de contr\u00f4ler la pand\u00e9mie de COVID-19 au travail en s\u2019engageant de mani\u00e8re active et en dialoguant avec les organisations d\u2019employeurs et de travailleurs. Elle tient \u00e0 partager des recommandations concr\u00e8tes alors que la pression monte sur les diff\u00e9rents pays en vue d\u2019un assouplissement des mesures de confinement, l\u2019Organisation internationale du Travail (OIT). Le temps du d\u00e9confinement semble se pr\u00e9ciser&#8230; Comment l&rsquo;appr\u00e9hender de la meilleure des mani\u00e8res?<!--more--><\/p>\n<p>L\u2019OIT indique que tous les employeurs doivent proc\u00e9der \u00e0 une \u00e9valuation des risques pour s\u2019assurer que leurs locaux respectent d\u00e8s le d\u00e9part des crit\u00e8res tr\u00e8s stricts en mati\u00e8re de s\u00e9curit\u00e9 et de sant\u00e9 afin de minimiser le danger pour les travailleurs d\u2019\u00eatre expos\u00e9s au COVID-19.\u00a0En l\u2019absence de ces v\u00e9rifications, il existe un risque bien r\u00e9el d\u2019une r\u00e9surgence du virus dans les diff\u00e9rents pays. La mise en place des mesures n\u00e9cessaires minimisera ainsi les risques d\u2019une deuxi\u00e8me vague de contaminations contract\u00e9es sur le lieu de travail.<\/p>\n<p><em>\u00abAujourd\u2019hui, la s\u00e9curit\u00e9 et la sant\u00e9 de l\u2019ensemble des travailleurs sont primordiales. Alors que nous sommes confront\u00e9s \u00e0 une maladie contagieuse, c\u2019est la fa\u00e7on dont nous prot\u00e9geons celles et ceux qui vont au travail qui doit, de mani\u00e8re tr\u00e8s claire, dicter la mani\u00e8re dont nous assurons la s\u00e9curit\u00e9 des populations et la solidit\u00e9 de nos entreprises \u00e0 mesure que la pand\u00e9mie \u00e9volue\u00bb<\/em>, affirme Guy Ryder, Directeur g\u00e9n\u00e9ral de l\u2019OIT.<\/p>\n<p>En particulier, les mesures de contr\u00f4le des risques doivent \u00eatre adapt\u00e9es de mani\u00e8re sp\u00e9cifique aux besoins des travailleurs qui se trouvent en premi\u00e8re ligne de la pand\u00e9mie. Cela concerne notamment les personnels de sant\u00e9, les infirmi\u00e8res, les m\u00e9decins, les employ\u00e9s des services d\u2019urgence ainsi que ceux des commerces alimentaires et des services de nettoyage.<\/p>\n<p>Par ailleurs, l\u2019OIT souligne \u00e9galement les besoins des travailleurs et des commerces les plus vuln\u00e9rables, notamment ceux de l\u2019\u00e9conomie informelle, les travailleurs migrants et les travailleurs domestiques. Les mesures sp\u00e9cifiques pour ces personnes comprennent, notamment, l\u2019\u00e9ducation et la formation \u00e0 des pratiques respectant la s\u00e9curit\u00e9 et la sant\u00e9 au travail, la mise \u00e0 disposition gratuite d\u2019\u00e9quipements de protection individuelle (EPI) quand cela est n\u00e9cessaire, l\u2019acc\u00e8s aux services de sant\u00e9 publique ainsi qu\u2019\u00e0 des moyens de subsistance alternatifs.<\/p>\n<p><em>\u00abLa pand\u00e9mie de COVID-19 a mis en \u00e9vidence le besoin urgent de programmes cons\u00e9quents au niveau national afin de prot\u00e9ger la s\u00e9curit\u00e9 et la sant\u00e9 de l\u2019ensemble des personnels de sant\u00e9, du corps m\u00e9dical, des intervenants des services d\u2019urgence et de beaucoup d\u2019autres travailleurs qui risquent leurs vies pour nous\u00bb<\/em>, d\u00e9clare le Dr Tedros Adhanom Ghebreyesus, Directeur g\u00e9n\u00e9ral de l\u2019Organisation mondiale de la Sant\u00e9 (OMS). <em>\u00abA l\u2019occasion de la Journ\u00e9e mondiale de la s\u00e9curit\u00e9 et de la sant\u00e9 au travail, j\u2019appelle l\u2019ensemble des pays \u00e0 assurer \u00e0 l\u2019ensemble des personnels de sant\u00e9 des conditions de travail bien d\u00e9finies, d\u00e9centes et s\u00fbres\u00bb.<\/em><\/p>\n<p>Afin d\u2019assurer un retour au travail dans de bonnes conditions de s\u00e9curit\u00e9 et d\u2019\u00e9viter de nouvelles interruptions de travail, l\u2019OIT recommande de prendre les mesures suivantes:<br \/>\n&#8211; Identifier les dangers, \u00e9valuer tous les risques de contagion li\u00e9s au travail et poursuivre cette \u00e9valuation apr\u00e8s la reprise du travail.<br \/>\n&#8211; Adopter des mesures de contr\u00f4le des risques adapt\u00e9es \u00e0 chaque secteur et aux sp\u00e9cificit\u00e9s de chaque lieu de travail. Il peut s\u2019agir notamment de:<\/p>\n<ul>\n<li>r\u00e9duire l\u2019interaction physique entre les travailleurs, les fournisseurs, les clients et les visiteurs et respecter les mesures de distance sociale en cas de n\u00e9cessit\u00e9 d\u2019interaction;<\/li>\n<li>am\u00e9liorer la ventilation sur le lieu de travail;<\/li>\n<li>proc\u00e9der au nettoyage r\u00e9gulier des surfaces, v\u00e9rifier la propret\u00e9 du lieu de travail, assurer de bonnes conditions d\u2019hygi\u00e8ne et mettre \u00e0 disposition les moyens n\u00e9cessaires pour se laver les mains et pour assurer la d\u00e9sinfection.<\/li>\n<\/ul>\n<p>&#8211; Fournir gratuitement au personnel des \u00e9quipements de protection individuelle (EPI) quand c\u2019est n\u00e9cessaire.<br \/>\n&#8211; Pr\u00e9voir la possibilit\u00e9 d\u2019isoler les cas suspects en retra\u00e7ant chacun de leurs contacts.<br \/>\n&#8211; Offrir au personnel un soutien psychologique.<br \/>\n&#8211; Prodiguer des formations et mettre \u00e0 disposition du mat\u00e9riel d\u2019\u00e9ducation et d\u2019information sur la s\u00e9curit\u00e9 et la sant\u00e9 au travail, y compris les bonnes pratiques en mati\u00e8re d\u2019hygi\u00e8ne et l\u2019utilisation d\u2019\u00e9l\u00e9ments de protection pour travailler comme les \u00e9quipements de protection individuelle (EPI).<\/p>\n<p><em>Source: OIT<\/em><\/p>\n","protected":false},"excerpt":{"rendered":"<p>L&rsquo;Organisation Internationale du Travail OIT appelle les gouvernements \u00e0 intervenir afin de pr\u00e9venir et de contr\u00f4ler la pand\u00e9mie de COVID-19 au travail en s\u2019engageant de mani\u00e8re active et en dialoguant avec les organisations d\u2019employeurs et de travailleurs. Elle tient \u00e0 [&hellip;]<\/p>\n","protected":false},"author":2,"featured_media":0,"comment_status":"closed","ping_status":"open","sticky":false,"template":"","format":"standard","meta":[],"categories":[65,10],"tags":[2998,2995,3038,584,42,43,17,23],"yoast_head":"<!-- This site is optimized with the Yoast SEO plugin v21.0 - https:\/\/yoast.com\/wordpress\/plugins\/seo\/ -->\n<title>Quelles mesures prendre afin d&#039;assurer la protection des travailleurs pendant la p\u00e9riode de d\u00e9confinement? - Peoplesphere<\/title>\n<meta name=\"robots\" content=\"index, follow, max-snippet:-1, max-image-preview:large, max-video-preview:-1\" \/>\n<link rel=\"canonical\" href=\"https:\/\/peoplesphere.be\/fr\/mesures-prendre-afin-dassurer-protection-travailleurs-pendant-periode-de-deconfinement\/\" \/>\n<meta property=\"og:locale\" content=\"fr_FR\" \/>\n<meta property=\"og:type\" content=\"article\" \/>\n<meta property=\"og:title\" content=\"Quelles mesures prendre afin d&#039;assurer la protection des travailleurs pendant la p\u00e9riode de d\u00e9confinement? - Peoplesphere\" \/>\n<meta property=\"og:description\" content=\"L&rsquo;Organisation Internationale du Travail OIT appelle les gouvernements \u00e0 intervenir afin de pr\u00e9venir et de contr\u00f4ler la pand\u00e9mie de COVID-19 au travail en s\u2019engageant de mani\u00e8re active et en dialoguant avec les organisations d\u2019employeurs et de travailleurs. Elle tient \u00e0 [&hellip;]\" \/>\n<meta property=\"og:url\" content=\"https:\/\/peoplesphere.be\/fr\/mesures-prendre-afin-dassurer-protection-travailleurs-pendant-periode-de-deconfinement\/\" \/>\n<meta property=\"og:site_name\" content=\"Peoplesphere\" \/>\n<meta property=\"article:publisher\" content=\"https:\/\/www.facebook.com\/peoplesphere\" \/>\n<meta property=\"article:published_time\" content=\"2020-04-29T12:31:02+00:00\" \/>\n<meta property=\"og:image\" content=\"http:\/\/www.peoplesphere.be\/fr\/wp-content\/uploads\/2016\/07\/facebook-default-posting-1200x628px.jpg\" \/>\n<meta name=\"author\" content=\"Jean-Paul Erhard\" \/>\n<meta name=\"twitter:card\" content=\"summary_large_image\" \/>\n<meta name=\"twitter:creator\" content=\"@PeoplesphereMag\" \/>\n<meta name=\"twitter:site\" content=\"@PeoplesphereMag\" \/>\n<meta name=\"twitter:label1\" content=\"\u00c9crit par\" \/>\n\t<meta name=\"twitter:data1\" content=\"Jean-Paul Erhard\" \/>\n\t<meta name=\"twitter:label2\" content=\"Dur\u00e9e de lecture estim\u00e9e\" \/>\n\t<meta name=\"twitter:data2\" content=\"4 minutes\" \/>\n<script type=\"application\/ld+json\" class=\"yoast-schema-graph\">{\"@context\":\"https:\/\/schema.org\",\"@graph\":[{\"@type\":\"Article\",\"@id\":\"https:\/\/peoplesphere.be\/fr\/mesures-prendre-afin-dassurer-protection-travailleurs-pendant-periode-de-deconfinement\/#article\",\"isPartOf\":{\"@id\":\"https:\/\/peoplesphere.be\/fr\/mesures-prendre-afin-dassurer-protection-travailleurs-pendant-periode-de-deconfinement\/\"},\"author\":{\"name\":\"Jean-Paul Erhard\",\"@id\":\"https:\/\/peoplesphere.be\/fr\/#\/schema\/person\/7976225ff17988604334abb7b3536a7e\"},\"headline\":\"Quelles mesures prendre afin d&rsquo;assurer la protection des travailleurs pendant la p\u00e9riode de d\u00e9confinement?\",\"datePublished\":\"2020-04-29T12:31:02+00:00\",\"dateModified\":\"2020-04-29T12:31:02+00:00\",\"mainEntityOfPage\":{\"@id\":\"https:\/\/peoplesphere.be\/fr\/mesures-prendre-afin-dassurer-protection-travailleurs-pendant-periode-de-deconfinement\/\"},\"wordCount\":821,\"publisher\":{\"@id\":\"https:\/\/peoplesphere.be\/fr\/#organization\"},\"keywords\":[\"covid-19\",\"distanciation sociale\",\"Equipements de protection individuelle\",\"OIT\",\"Pr\u00e9vention\",\"Risques\",\"Sant\u00e9\",\"S\u00e9curit\u00e9\"],\"articleSection\":[\"Actualit\u00e9s\",\"Digital\"],\"inLanguage\":\"fr-FR\"},{\"@type\":\"WebPage\",\"@id\":\"https:\/\/peoplesphere.be\/fr\/mesures-prendre-afin-dassurer-protection-travailleurs-pendant-periode-de-deconfinement\/\",\"url\":\"https:\/\/peoplesphere.be\/fr\/mesures-prendre-afin-dassurer-protection-travailleurs-pendant-periode-de-deconfinement\/\",\"name\":\"Quelles mesures prendre afin d'assurer la protection des travailleurs pendant la p\u00e9riode de d\u00e9confinement? - Peoplesphere\",\"isPartOf\":{\"@id\":\"https:\/\/peoplesphere.be\/fr\/#website\"},\"datePublished\":\"2020-04-29T12:31:02+00:00\",\"dateModified\":\"2020-04-29T12:31:02+00:00\",\"breadcrumb\":{\"@id\":\"https:\/\/peoplesphere.be\/fr\/mesures-prendre-afin-dassurer-protection-travailleurs-pendant-periode-de-deconfinement\/#breadcrumb\"},\"inLanguage\":\"fr-FR\",\"potentialAction\":[{\"@type\":\"ReadAction\",\"target\":[\"https:\/\/peoplesphere.be\/fr\/mesures-prendre-afin-dassurer-protection-travailleurs-pendant-periode-de-deconfinement\/\"]}]},{\"@type\":\"BreadcrumbList\",\"@id\":\"https:\/\/peoplesphere.be\/fr\/mesures-prendre-afin-dassurer-protection-travailleurs-pendant-periode-de-deconfinement\/#breadcrumb\",\"itemListElement\":[{\"@type\":\"ListItem\",\"position\":1,\"name\":\"Accueil\",\"item\":\"https:\/\/peoplesphere.be\/fr\/\"},{\"@type\":\"ListItem\",\"position\":2,\"name\":\"Quelles mesures prendre afin d&rsquo;assurer la protection des travailleurs pendant la p\u00e9riode de d\u00e9confinement?\"}]},{\"@type\":\"WebSite\",\"@id\":\"https:\/\/peoplesphere.be\/fr\/#website\",\"url\":\"https:\/\/peoplesphere.be\/fr\/\",\"name\":\"Peoplesphere\",\"description\":\"The People Managers Magazine\",\"publisher\":{\"@id\":\"https:\/\/peoplesphere.be\/fr\/#organization\"},\"potentialAction\":[{\"@type\":\"SearchAction\",\"target\":{\"@type\":\"EntryPoint\",\"urlTemplate\":\"https:\/\/peoplesphere.be\/fr\/?s={search_term_string}\"},\"query-input\":\"required name=search_term_string\"}],\"inLanguage\":\"fr-FR\"},{\"@type\":\"Organization\",\"@id\":\"https:\/\/peoplesphere.be\/fr\/#organization\",\"name\":\"Peoplesphere Company srl\",\"url\":\"https:\/\/peoplesphere.be\/fr\/\",\"logo\":{\"@type\":\"ImageObject\",\"inLanguage\":\"fr-FR\",\"@id\":\"https:\/\/peoplesphere.be\/fr\/#\/schema\/logo\/image\/\",\"url\":\"https:\/\/peoplesphere.be\/fr\/wp-content\/uploads\/2023\/07\/peoplesphere-lgo-new-generik.jpg\",\"contentUrl\":\"https:\/\/peoplesphere.be\/fr\/wp-content\/uploads\/2023\/07\/peoplesphere-lgo-new-generik.jpg\",\"width\":1031,\"height\":1479,\"caption\":\"Peoplesphere Company srl\"},\"image\":{\"@id\":\"https:\/\/peoplesphere.be\/fr\/#\/schema\/logo\/image\/\"},\"sameAs\":[\"https:\/\/www.facebook.com\/peoplesphere\",\"https:\/\/twitter.com\/PeoplesphereMag\",\"https:\/\/www.linkedin.com\/company\/7587361?trk\",\"http:\/\/youtube.com\/peoplesphere\"]},{\"@type\":\"Person\",\"@id\":\"https:\/\/peoplesphere.be\/fr\/#\/schema\/person\/7976225ff17988604334abb7b3536a7e\",\"name\":\"Jean-Paul Erhard\",\"image\":{\"@type\":\"ImageObject\",\"inLanguage\":\"fr-FR\",\"@id\":\"https:\/\/peoplesphere.be\/fr\/#\/schema\/person\/image\/\",\"url\":\"https:\/\/secure.gravatar.com\/avatar\/f941e681460179738071629a51574930?s=96&d=mm&r=g\",\"contentUrl\":\"https:\/\/secure.gravatar.com\/avatar\/f941e681460179738071629a51574930?s=96&d=mm&r=g\",\"caption\":\"Jean-Paul Erhard\"},\"url\":\"https:\/\/peoplesphere.be\/fr\/author\/jpe\/\"}]}<\/script>\n<!-- \/ Yoast SEO plugin. -->","yoast_head_json":{"title":"Quelles mesures prendre afin d'assurer la protection des travailleurs pendant la p\u00e9riode de d\u00e9confinement? - Peoplesphere","robots":{"index":"index","follow":"follow","max-snippet":"max-snippet:-1","max-image-preview":"max-image-preview:large","max-video-preview":"max-video-preview:-1"},"canonical":"https:\/\/peoplesphere.be\/fr\/mesures-prendre-afin-dassurer-protection-travailleurs-pendant-periode-de-deconfinement\/","og_locale":"fr_FR","og_type":"article","og_title":"Quelles mesures prendre afin d'assurer la protection des travailleurs pendant la p\u00e9riode de d\u00e9confinement? - Peoplesphere","og_description":"L&rsquo;Organisation Internationale du Travail OIT appelle les gouvernements \u00e0 intervenir afin de pr\u00e9venir et de contr\u00f4ler la pand\u00e9mie de COVID-19 au travail en s\u2019engageant de mani\u00e8re active et en dialoguant avec les organisations d\u2019employeurs et de travailleurs. Elle tient \u00e0 [&hellip;]","og_url":"https:\/\/peoplesphere.be\/fr\/mesures-prendre-afin-dassurer-protection-travailleurs-pendant-periode-de-deconfinement\/","og_site_name":"Peoplesphere","article_publisher":"https:\/\/www.facebook.com\/peoplesphere","article_published_time":"2020-04-29T12:31:02+00:00","og_image":[{"url":"http:\/\/www.peoplesphere.be\/fr\/wp-content\/uploads\/2016\/07\/facebook-default-posting-1200x628px.jpg"}],"author":"Jean-Paul Erhard","twitter_card":"summary_large_image","twitter_creator":"@PeoplesphereMag","twitter_site":"@PeoplesphereMag","twitter_misc":{"\u00c9crit par":"Jean-Paul Erhard","Dur\u00e9e de lecture estim\u00e9e":"4 minutes"},"schema":{"@context":"https:\/\/schema.org","@graph":[{"@type":"Article","@id":"https:\/\/peoplesphere.be\/fr\/mesures-prendre-afin-dassurer-protection-travailleurs-pendant-periode-de-deconfinement\/#article","isPartOf":{"@id":"https:\/\/peoplesphere.be\/fr\/mesures-prendre-afin-dassurer-protection-travailleurs-pendant-periode-de-deconfinement\/"},"author":{"name":"Jean-Paul Erhard","@id":"https:\/\/peoplesphere.be\/fr\/#\/schema\/person\/7976225ff17988604334abb7b3536a7e"},"headline":"Quelles mesures prendre afin d&rsquo;assurer la protection des travailleurs pendant la p\u00e9riode de d\u00e9confinement?","datePublished":"2020-04-29T12:31:02+00:00","dateModified":"2020-04-29T12:31:02+00:00","mainEntityOfPage":{"@id":"https:\/\/peoplesphere.be\/fr\/mesures-prendre-afin-dassurer-protection-travailleurs-pendant-periode-de-deconfinement\/"},"wordCount":821,"publisher":{"@id":"https:\/\/peoplesphere.be\/fr\/#organization"},"keywords":["covid-19","distanciation sociale","Equipements de protection individuelle","OIT","Pr\u00e9vention","Risques","Sant\u00e9","S\u00e9curit\u00e9"],"articleSection":["Actualit\u00e9s","Digital"],"inLanguage":"fr-FR"},{"@type":"WebPage","@id":"https:\/\/peoplesphere.be\/fr\/mesures-prendre-afin-dassurer-protection-travailleurs-pendant-periode-de-deconfinement\/","url":"https:\/\/peoplesphere.be\/fr\/mesures-prendre-afin-dassurer-protection-travailleurs-pendant-periode-de-deconfinement\/","name":"Quelles mesures prendre afin d'assurer la protection des travailleurs pendant la p\u00e9riode de d\u00e9confinement? - Peoplesphere","isPartOf":{"@id":"https:\/\/peoplesphere.be\/fr\/#website"},"datePublished":"2020-04-29T12:31:02+00:00","dateModified":"2020-04-29T12:31:02+00:00","breadcrumb":{"@id":"https:\/\/peoplesphere.be\/fr\/mesures-prendre-afin-dassurer-protection-travailleurs-pendant-periode-de-deconfinement\/#breadcrumb"},"inLanguage":"fr-FR","potentialAction":[{"@type":"ReadAction","target":["https:\/\/peoplesphere.be\/fr\/mesures-prendre-afin-dassurer-protection-travailleurs-pendant-periode-de-deconfinement\/"]}]},{"@type":"BreadcrumbList","@id":"https:\/\/peoplesphere.be\/fr\/mesures-prendre-afin-dassurer-protection-travailleurs-pendant-periode-de-deconfinement\/#breadcrumb","itemListElement":[{"@type":"ListItem","position":1,"name":"Accueil","item":"https:\/\/peoplesphere.be\/fr\/"},{"@type":"ListItem","position":2,"name":"Quelles mesures prendre afin d&rsquo;assurer la protection des travailleurs pendant la p\u00e9riode de d\u00e9confinement?"}]},{"@type":"WebSite","@id":"https:\/\/peoplesphere.be\/fr\/#website","url":"https:\/\/peoplesphere.be\/fr\/","name":"Peoplesphere","description":"The People Managers Magazine","publisher":{"@id":"https:\/\/peoplesphere.be\/fr\/#organization"},"potentialAction":[{"@type":"SearchAction","target":{"@type":"EntryPoint","urlTemplate":"https:\/\/peoplesphere.be\/fr\/?s={search_term_string}"},"query-input":"required name=search_term_string"}],"inLanguage":"fr-FR"},{"@type":"Organization","@id":"https:\/\/peoplesphere.be\/fr\/#organization","name":"Peoplesphere Company srl","url":"https:\/\/peoplesphere.be\/fr\/","logo":{"@type":"ImageObject","inLanguage":"fr-FR","@id":"https:\/\/peoplesphere.be\/fr\/#\/schema\/logo\/image\/","url":"https:\/\/peoplesphere.be\/fr\/wp-content\/uploads\/2023\/07\/peoplesphere-lgo-new-generik.jpg","contentUrl":"https:\/\/peoplesphere.be\/fr\/wp-content\/uploads\/2023\/07\/peoplesphere-lgo-new-generik.jpg","width":1031,"height":1479,"caption":"Peoplesphere Company srl"},"image":{"@id":"https:\/\/peoplesphere.be\/fr\/#\/schema\/logo\/image\/"},"sameAs":["https:\/\/www.facebook.com\/peoplesphere","https:\/\/twitter.com\/PeoplesphereMag","https:\/\/www.linkedin.com\/company\/7587361?trk","http:\/\/youtube.com\/peoplesphere"]},{"@type":"Person","@id":"https:\/\/peoplesphere.be\/fr\/#\/schema\/person\/7976225ff17988604334abb7b3536a7e","name":"Jean-Paul Erhard","image":{"@type":"ImageObject","inLanguage":"fr-FR","@id":"https:\/\/peoplesphere.be\/fr\/#\/schema\/person\/image\/","url":"https:\/\/secure.gravatar.com\/avatar\/f941e681460179738071629a51574930?s=96&d=mm&r=g","contentUrl":"https:\/\/secure.gravatar.com\/avatar\/f941e681460179738071629a51574930?s=96&d=mm&r=g","caption":"Jean-Paul Erhard"},"url":"https:\/\/peoplesphere.be\/fr\/author\/jpe\/"}]}},"_links":{"self":[{"href":"https:\/\/peoplesphere.be\/fr\/wp-json\/wp\/v2\/posts\/9492"}],"collection":[{"href":"https:\/\/peoplesphere.be\/fr\/wp-json\/wp\/v2\/posts"}],"about":[{"href":"https:\/\/peoplesphere.be\/fr\/wp-json\/wp\/v2\/types\/post"}],"author":[{"embeddable":true,"href":"https:\/\/peoplesphere.be\/fr\/wp-json\/wp\/v2\/users\/2"}],"replies":[{"embeddable":true,"href":"https:\/\/peoplesphere.be\/fr\/wp-json\/wp\/v2\/comments?post=9492"}],"version-history":[{"count":1,"href":"https:\/\/peoplesphere.be\/fr\/wp-json\/wp\/v2\/posts\/9492\/revisions"}],"predecessor-version":[{"id":9493,"href":"https:\/\/peoplesphere.be\/fr\/wp-json\/wp\/v2\/posts\/9492\/revisions\/9493"}],"wp:attachment":[{"href":"https:\/\/peoplesphere.be\/fr\/wp-json\/wp\/v2\/media?parent=9492"}],"wp:term":[{"taxonomy":"category","embeddable":true,"href":"https:\/\/peoplesphere.be\/fr\/wp-json\/wp\/v2\/categories?post=9492"},{"taxonomy":"post_tag","embeddable":true,"href":"https:\/\/peoplesphere.be\/fr\/wp-json\/wp\/v2\/tags?post=9492"}],"curies":[{"name":"wp","href":"https:\/\/api.w.org\/{rel}","templated":true}]}}