









{"id":9560,"date":"2020-05-13T07:33:50","date_gmt":"2020-05-13T05:33:50","guid":{"rendered":"https:\/\/peoplesphere.be\/fr\/?p=9560"},"modified":"2020-05-13T07:33:50","modified_gmt":"2020-05-13T05:33:50","slug":"retour-travail-services-publics-federaux-guide-permet-dassouplir-progressivement-mesures-de-protection-contre-covid-19","status":"publish","type":"post","link":"https:\/\/peoplesphere.be\/fr\/retour-travail-services-publics-federaux-guide-permet-dassouplir-progressivement-mesures-de-protection-contre-covid-19\/","title":{"rendered":"Retour au travail dans les services publics f\u00e9d\u00e9raux: un guide permet d&rsquo;assouplir progressivement les mesures de protection contre le COVID-19."},"content":{"rendered":"<p>\u00c0 la suite des d\u00e9cisions du Conseil national de s\u00e9curit\u00e9, l\u2019administration f\u00e9d\u00e9rale assouplit progressivement les mesures qui ont \u00e9t\u00e9 prises pour limiter la propagation du COVID-19. Un guide aide les organisations f\u00e9d\u00e9rales \u00e0 pr\u00e9parer le retour sur le lieu de travail.<!--more--><\/p>\n<p>L\u2019administration f\u00e9d\u00e9rale a continu\u00e9 de fonctionner pendant la crise COVID. Afin d\u2019accompagner les organisations f\u00e9d\u00e9rales dans le retour progressif sur le lieu de travail, le SPF Strat\u00e9gie et Appui et le SPF Sant\u00e9 publique, S\u00e9curit\u00e9 de la Cha\u00eene alimentaire et Environnement ont ensemble, en cocr\u00e9ation avec les fonctionnaires dirigeants et les directeurs P&amp;O, \u00e9labor\u00e9 un guide avec des recommandations. Son objectif est d\u2019assurer la continuit\u00e9 de la prestation des services publics tout en prot\u00e9geant les fonctionnaires, les clients et les partenaires.<\/p>\n<p><em><strong>La sant\u00e9 et la s\u00e9curit\u00e9 des collaborateurs avant tout<\/strong><\/em><\/p>\n<p>Ce guide fournit un cadre avec des mesures qui doivent \u00eatre adapt\u00e9es par les diff\u00e9rentes organisations. Les mesures d\u00e9velopp\u00e9es visent \u00e0 garantir que les membres du personnel f\u00e9d\u00e9ral puissent retourner au travail dans les conditions les plus s\u00fbres et les plus saines possibles, de mani\u00e8re \u00e0 \u00e9viter un nouveau pic de contaminations au coronavirus. Ainsi, \u00e0 partir du 18 mai, et si les prescriptions sanitaires le permettent, les activit\u00e9s sur le terrain qui avaient \u00e9t\u00e9 arr\u00eat\u00e9es, reprendront progressivement.<\/p>\n<p>Le guide contient, outre une s\u00e9rie d\u2019accords g\u00e9n\u00e9raux sur le t\u00e9l\u00e9travail et sur le respect des distances de s\u00e9curit\u00e9 et de l\u2019hygi\u00e8ne, des recommandations pour un retour progressif sur le lieu de travail, pour l\u2019utilisation de masques ainsi que des recommandations concernant les b\u00e2timents et la restauration. Il accorde \u00e9galement une attention particuli\u00e8re au bien-\u00eatre psychosocial des membres du personnel f\u00e9d\u00e9ral.<\/p>\n<p><em>\u00ab\u00a0L\u2019administration f\u00e9d\u00e9rale se veut un employeur attentif \u00e0 son personnel. Gr\u00e2ce \u00e0 ce cadre d\u2019accords, les diff\u00e9rentes organisations f\u00e9d\u00e9rales peuvent organiser le retour progressif de leurs collaborateurs en toute s\u00e9curit\u00e9. Elles peuvent aussi l\u2019adapter \u00e0 leur situation sp\u00e9cifique de sorte qu\u2019elles puissent garantir la continuit\u00e9 de leurs services,\u00a0\u00bb<\/em> explique Ben Smeets, Pr\u00e9sident a.i. du SPF Strat\u00e9gie et Appui<\/p>\n<p>Les principales recommandations contenues dans ce guide concernent les aspects suivants :<\/p>\n<ul>\n<li>Le recours maximal, dans la mesure du possible, au t\u00e9l\u00e9travail<\/li>\n<li>L\u2019utilisation maximale des applications num\u00e9riques<\/li>\n<li>L\u2019apprentissage \u00e0 distance et par voie num\u00e9rique<\/li>\n<li>Le recours \u00e0 des nouveaux canaux de communication<\/li>\n<li>Le respect de la distanciation sociale<\/li>\n<li>L\u2019application des mesures d\u2019hygi\u00e8ne et des gestes barri\u00e8res&#8230;<\/li>\n<\/ul>\n<p>Ces recommandations entrent en vigueur le 4 mai 2020 et sont d\u2019application jusqu\u2019\u00e0 la communication de nouvelles recommandations.<\/p>\n<p><a href=\"https:\/\/fedweb.belgium.be\/sites\/default\/files\/downloads\/Covid-19%20%20approche%20pour%20un%20retour%20progressif%20sur%20le%20lieu%20de%20travail.pdf\">Guide disponible en t\u00e9l\u00e9chargement ici .<\/a><\/p>\n<p><em>Source : SPF BOSA<\/em><\/p>\n","protected":false},"excerpt":{"rendered":"<p>\u00c0 la suite des d\u00e9cisions du Conseil national de s\u00e9curit\u00e9, l\u2019administration f\u00e9d\u00e9rale assouplit progressivement les mesures qui ont \u00e9t\u00e9 prises pour limiter la propagation du COVID-19. Un guide aide les organisations f\u00e9d\u00e9rales \u00e0 pr\u00e9parer le retour sur le lieu de [&hellip;]<\/p>\n","protected":false},"author":2,"featured_media":0,"comment_status":"closed","ping_status":"open","sticky":false,"template":"","format":"standard","meta":[],"categories":[65,10],"tags":[2947,2995,3053,42,2269,17,23,520,3054],"yoast_head":"<!-- This site is optimized with the Yoast SEO plugin v21.0 - https:\/\/yoast.com\/wordpress\/plugins\/seo\/ -->\n<title>Retour au travail dans les services publics f\u00e9d\u00e9raux: un guide permet d&#039;assouplir progressivement les mesures de protection contre le COVID-19. - Peoplesphere<\/title>\n<meta name=\"robots\" content=\"index, follow, max-snippet:-1, max-image-preview:large, max-video-preview:-1\" \/>\n<link rel=\"canonical\" href=\"https:\/\/peoplesphere.be\/fr\/retour-travail-services-publics-federaux-guide-permet-dassouplir-progressivement-mesures-de-protection-contre-covid-19\/\" \/>\n<meta property=\"og:locale\" content=\"fr_FR\" \/>\n<meta property=\"og:type\" content=\"article\" \/>\n<meta property=\"og:title\" content=\"Retour au travail dans les services publics f\u00e9d\u00e9raux: un guide permet d&#039;assouplir progressivement les mesures de protection contre le COVID-19. - Peoplesphere\" \/>\n<meta property=\"og:description\" content=\"\u00c0 la suite des d\u00e9cisions du Conseil national de s\u00e9curit\u00e9, l\u2019administration f\u00e9d\u00e9rale assouplit progressivement les mesures qui ont \u00e9t\u00e9 prises pour limiter la propagation du COVID-19. Un guide aide les organisations f\u00e9d\u00e9rales \u00e0 pr\u00e9parer le retour sur le lieu de [&hellip;]\" \/>\n<meta property=\"og:url\" content=\"https:\/\/peoplesphere.be\/fr\/retour-travail-services-publics-federaux-guide-permet-dassouplir-progressivement-mesures-de-protection-contre-covid-19\/\" \/>\n<meta property=\"og:site_name\" content=\"Peoplesphere\" \/>\n<meta property=\"article:publisher\" content=\"https:\/\/www.facebook.com\/peoplesphere\" \/>\n<meta property=\"article:published_time\" content=\"2020-05-13T05:33:50+00:00\" \/>\n<meta property=\"og:image\" content=\"http:\/\/www.peoplesphere.be\/fr\/wp-content\/uploads\/2016\/07\/facebook-default-posting-1200x628px.jpg\" \/>\n<meta name=\"author\" content=\"Jean-Paul Erhard\" \/>\n<meta name=\"twitter:card\" content=\"summary_large_image\" \/>\n<meta name=\"twitter:creator\" content=\"@PeoplesphereMag\" \/>\n<meta name=\"twitter:site\" content=\"@PeoplesphereMag\" \/>\n<meta name=\"twitter:label1\" content=\"\u00c9crit par\" \/>\n\t<meta name=\"twitter:data1\" content=\"Jean-Paul Erhard\" \/>\n\t<meta name=\"twitter:label2\" content=\"Dur\u00e9e de lecture estim\u00e9e\" \/>\n\t<meta name=\"twitter:data2\" content=\"2 minutes\" \/>\n<script type=\"application\/ld+json\" class=\"yoast-schema-graph\">{\"@context\":\"https:\/\/schema.org\",\"@graph\":[{\"@type\":\"Article\",\"@id\":\"https:\/\/peoplesphere.be\/fr\/retour-travail-services-publics-federaux-guide-permet-dassouplir-progressivement-mesures-de-protection-contre-covid-19\/#article\",\"isPartOf\":{\"@id\":\"https:\/\/peoplesphere.be\/fr\/retour-travail-services-publics-federaux-guide-permet-dassouplir-progressivement-mesures-de-protection-contre-covid-19\/\"},\"author\":{\"name\":\"Jean-Paul Erhard\",\"@id\":\"https:\/\/peoplesphere.be\/fr\/#\/schema\/person\/7976225ff17988604334abb7b3536a7e\"},\"headline\":\"Retour au travail dans les services publics f\u00e9d\u00e9raux: un guide permet d&rsquo;assouplir progressivement les mesures de protection contre le COVID-19.\",\"datePublished\":\"2020-05-13T05:33:50+00:00\",\"dateModified\":\"2020-05-13T05:33:50+00:00\",\"mainEntityOfPage\":{\"@id\":\"https:\/\/peoplesphere.be\/fr\/retour-travail-services-publics-federaux-guide-permet-dassouplir-progressivement-mesures-de-protection-contre-covid-19\/\"},\"wordCount\":495,\"publisher\":{\"@id\":\"https:\/\/peoplesphere.be\/fr\/#organization\"},\"keywords\":[\"coronavirus\",\"distanciation sociale\",\"hygi\u00e8ne\",\"Pr\u00e9vention\",\"retour au travail\",\"Sant\u00e9\",\"S\u00e9curit\u00e9\",\"services publics\",\"SPF Bosa\"],\"articleSection\":[\"Actualit\u00e9s\",\"Digital\"],\"inLanguage\":\"fr-FR\"},{\"@type\":\"WebPage\",\"@id\":\"https:\/\/peoplesphere.be\/fr\/retour-travail-services-publics-federaux-guide-permet-dassouplir-progressivement-mesures-de-protection-contre-covid-19\/\",\"url\":\"https:\/\/peoplesphere.be\/fr\/retour-travail-services-publics-federaux-guide-permet-dassouplir-progressivement-mesures-de-protection-contre-covid-19\/\",\"name\":\"Retour au travail dans les services publics f\u00e9d\u00e9raux: un guide permet d'assouplir progressivement les mesures de protection contre le COVID-19. - Peoplesphere\",\"isPartOf\":{\"@id\":\"https:\/\/peoplesphere.be\/fr\/#website\"},\"datePublished\":\"2020-05-13T05:33:50+00:00\",\"dateModified\":\"2020-05-13T05:33:50+00:00\",\"breadcrumb\":{\"@id\":\"https:\/\/peoplesphere.be\/fr\/retour-travail-services-publics-federaux-guide-permet-dassouplir-progressivement-mesures-de-protection-contre-covid-19\/#breadcrumb\"},\"inLanguage\":\"fr-FR\",\"potentialAction\":[{\"@type\":\"ReadAction\",\"target\":[\"https:\/\/peoplesphere.be\/fr\/retour-travail-services-publics-federaux-guide-permet-dassouplir-progressivement-mesures-de-protection-contre-covid-19\/\"]}]},{\"@type\":\"BreadcrumbList\",\"@id\":\"https:\/\/peoplesphere.be\/fr\/retour-travail-services-publics-federaux-guide-permet-dassouplir-progressivement-mesures-de-protection-contre-covid-19\/#breadcrumb\",\"itemListElement\":[{\"@type\":\"ListItem\",\"position\":1,\"name\":\"Accueil\",\"item\":\"https:\/\/peoplesphere.be\/fr\/\"},{\"@type\":\"ListItem\",\"position\":2,\"name\":\"Retour au travail dans les services publics f\u00e9d\u00e9raux: un guide permet d&rsquo;assouplir progressivement les mesures de protection contre le COVID-19.\"}]},{\"@type\":\"WebSite\",\"@id\":\"https:\/\/peoplesphere.be\/fr\/#website\",\"url\":\"https:\/\/peoplesphere.be\/fr\/\",\"name\":\"Peoplesphere\",\"description\":\"The People Managers Magazine\",\"publisher\":{\"@id\":\"https:\/\/peoplesphere.be\/fr\/#organization\"},\"potentialAction\":[{\"@type\":\"SearchAction\",\"target\":{\"@type\":\"EntryPoint\",\"urlTemplate\":\"https:\/\/peoplesphere.be\/fr\/?s={search_term_string}\"},\"query-input\":\"required name=search_term_string\"}],\"inLanguage\":\"fr-FR\"},{\"@type\":\"Organization\",\"@id\":\"https:\/\/peoplesphere.be\/fr\/#organization\",\"name\":\"Peoplesphere Company srl\",\"url\":\"https:\/\/peoplesphere.be\/fr\/\",\"logo\":{\"@type\":\"ImageObject\",\"inLanguage\":\"fr-FR\",\"@id\":\"https:\/\/peoplesphere.be\/fr\/#\/schema\/logo\/image\/\",\"url\":\"https:\/\/peoplesphere.be\/fr\/wp-content\/uploads\/2023\/07\/peoplesphere-lgo-new-generik.jpg\",\"contentUrl\":\"https:\/\/peoplesphere.be\/fr\/wp-content\/uploads\/2023\/07\/peoplesphere-lgo-new-generik.jpg\",\"width\":1031,\"height\":1479,\"caption\":\"Peoplesphere Company srl\"},\"image\":{\"@id\":\"https:\/\/peoplesphere.be\/fr\/#\/schema\/logo\/image\/\"},\"sameAs\":[\"https:\/\/www.facebook.com\/peoplesphere\",\"https:\/\/twitter.com\/PeoplesphereMag\",\"https:\/\/www.linkedin.com\/company\/7587361?trk\",\"http:\/\/youtube.com\/peoplesphere\"]},{\"@type\":\"Person\",\"@id\":\"https:\/\/peoplesphere.be\/fr\/#\/schema\/person\/7976225ff17988604334abb7b3536a7e\",\"name\":\"Jean-Paul Erhard\",\"image\":{\"@type\":\"ImageObject\",\"inLanguage\":\"fr-FR\",\"@id\":\"https:\/\/peoplesphere.be\/fr\/#\/schema\/person\/image\/\",\"url\":\"https:\/\/secure.gravatar.com\/avatar\/f941e681460179738071629a51574930?s=96&d=mm&r=g\",\"contentUrl\":\"https:\/\/secure.gravatar.com\/avatar\/f941e681460179738071629a51574930?s=96&d=mm&r=g\",\"caption\":\"Jean-Paul Erhard\"},\"url\":\"https:\/\/peoplesphere.be\/fr\/author\/jpe\/\"}]}<\/script>\n<!-- \/ Yoast SEO plugin. -->","yoast_head_json":{"title":"Retour au travail dans les services publics f\u00e9d\u00e9raux: un guide permet d'assouplir progressivement les mesures de protection contre le COVID-19. - Peoplesphere","robots":{"index":"index","follow":"follow","max-snippet":"max-snippet:-1","max-image-preview":"max-image-preview:large","max-video-preview":"max-video-preview:-1"},"canonical":"https:\/\/peoplesphere.be\/fr\/retour-travail-services-publics-federaux-guide-permet-dassouplir-progressivement-mesures-de-protection-contre-covid-19\/","og_locale":"fr_FR","og_type":"article","og_title":"Retour au travail dans les services publics f\u00e9d\u00e9raux: un guide permet d'assouplir progressivement les mesures de protection contre le COVID-19. - Peoplesphere","og_description":"\u00c0 la suite des d\u00e9cisions du Conseil national de s\u00e9curit\u00e9, l\u2019administration f\u00e9d\u00e9rale assouplit progressivement les mesures qui ont \u00e9t\u00e9 prises pour limiter la propagation du COVID-19. Un guide aide les organisations f\u00e9d\u00e9rales \u00e0 pr\u00e9parer le retour sur le lieu de [&hellip;]","og_url":"https:\/\/peoplesphere.be\/fr\/retour-travail-services-publics-federaux-guide-permet-dassouplir-progressivement-mesures-de-protection-contre-covid-19\/","og_site_name":"Peoplesphere","article_publisher":"https:\/\/www.facebook.com\/peoplesphere","article_published_time":"2020-05-13T05:33:50+00:00","og_image":[{"url":"http:\/\/www.peoplesphere.be\/fr\/wp-content\/uploads\/2016\/07\/facebook-default-posting-1200x628px.jpg"}],"author":"Jean-Paul Erhard","twitter_card":"summary_large_image","twitter_creator":"@PeoplesphereMag","twitter_site":"@PeoplesphereMag","twitter_misc":{"\u00c9crit par":"Jean-Paul Erhard","Dur\u00e9e de lecture estim\u00e9e":"2 minutes"},"schema":{"@context":"https:\/\/schema.org","@graph":[{"@type":"Article","@id":"https:\/\/peoplesphere.be\/fr\/retour-travail-services-publics-federaux-guide-permet-dassouplir-progressivement-mesures-de-protection-contre-covid-19\/#article","isPartOf":{"@id":"https:\/\/peoplesphere.be\/fr\/retour-travail-services-publics-federaux-guide-permet-dassouplir-progressivement-mesures-de-protection-contre-covid-19\/"},"author":{"name":"Jean-Paul Erhard","@id":"https:\/\/peoplesphere.be\/fr\/#\/schema\/person\/7976225ff17988604334abb7b3536a7e"},"headline":"Retour au travail dans les services publics f\u00e9d\u00e9raux: un guide permet d&rsquo;assouplir progressivement les mesures de protection contre le COVID-19.","datePublished":"2020-05-13T05:33:50+00:00","dateModified":"2020-05-13T05:33:50+00:00","mainEntityOfPage":{"@id":"https:\/\/peoplesphere.be\/fr\/retour-travail-services-publics-federaux-guide-permet-dassouplir-progressivement-mesures-de-protection-contre-covid-19\/"},"wordCount":495,"publisher":{"@id":"https:\/\/peoplesphere.be\/fr\/#organization"},"keywords":["coronavirus","distanciation sociale","hygi\u00e8ne","Pr\u00e9vention","retour au travail","Sant\u00e9","S\u00e9curit\u00e9","services publics","SPF Bosa"],"articleSection":["Actualit\u00e9s","Digital"],"inLanguage":"fr-FR"},{"@type":"WebPage","@id":"https:\/\/peoplesphere.be\/fr\/retour-travail-services-publics-federaux-guide-permet-dassouplir-progressivement-mesures-de-protection-contre-covid-19\/","url":"https:\/\/peoplesphere.be\/fr\/retour-travail-services-publics-federaux-guide-permet-dassouplir-progressivement-mesures-de-protection-contre-covid-19\/","name":"Retour au travail dans les services publics f\u00e9d\u00e9raux: un guide permet d'assouplir progressivement les mesures de protection contre le COVID-19. - Peoplesphere","isPartOf":{"@id":"https:\/\/peoplesphere.be\/fr\/#website"},"datePublished":"2020-05-13T05:33:50+00:00","dateModified":"2020-05-13T05:33:50+00:00","breadcrumb":{"@id":"https:\/\/peoplesphere.be\/fr\/retour-travail-services-publics-federaux-guide-permet-dassouplir-progressivement-mesures-de-protection-contre-covid-19\/#breadcrumb"},"inLanguage":"fr-FR","potentialAction":[{"@type":"ReadAction","target":["https:\/\/peoplesphere.be\/fr\/retour-travail-services-publics-federaux-guide-permet-dassouplir-progressivement-mesures-de-protection-contre-covid-19\/"]}]},{"@type":"BreadcrumbList","@id":"https:\/\/peoplesphere.be\/fr\/retour-travail-services-publics-federaux-guide-permet-dassouplir-progressivement-mesures-de-protection-contre-covid-19\/#breadcrumb","itemListElement":[{"@type":"ListItem","position":1,"name":"Accueil","item":"https:\/\/peoplesphere.be\/fr\/"},{"@type":"ListItem","position":2,"name":"Retour au travail dans les services publics f\u00e9d\u00e9raux: un guide permet d&rsquo;assouplir progressivement les mesures de protection contre le COVID-19."}]},{"@type":"WebSite","@id":"https:\/\/peoplesphere.be\/fr\/#website","url":"https:\/\/peoplesphere.be\/fr\/","name":"Peoplesphere","description":"The People Managers Magazine","publisher":{"@id":"https:\/\/peoplesphere.be\/fr\/#organization"},"potentialAction":[{"@type":"SearchAction","target":{"@type":"EntryPoint","urlTemplate":"https:\/\/peoplesphere.be\/fr\/?s={search_term_string}"},"query-input":"required name=search_term_string"}],"inLanguage":"fr-FR"},{"@type":"Organization","@id":"https:\/\/peoplesphere.be\/fr\/#organization","name":"Peoplesphere Company srl","url":"https:\/\/peoplesphere.be\/fr\/","logo":{"@type":"ImageObject","inLanguage":"fr-FR","@id":"https:\/\/peoplesphere.be\/fr\/#\/schema\/logo\/image\/","url":"https:\/\/peoplesphere.be\/fr\/wp-content\/uploads\/2023\/07\/peoplesphere-lgo-new-generik.jpg","contentUrl":"https:\/\/peoplesphere.be\/fr\/wp-content\/uploads\/2023\/07\/peoplesphere-lgo-new-generik.jpg","width":1031,"height":1479,"caption":"Peoplesphere Company srl"},"image":{"@id":"https:\/\/peoplesphere.be\/fr\/#\/schema\/logo\/image\/"},"sameAs":["https:\/\/www.facebook.com\/peoplesphere","https:\/\/twitter.com\/PeoplesphereMag","https:\/\/www.linkedin.com\/company\/7587361?trk","http:\/\/youtube.com\/peoplesphere"]},{"@type":"Person","@id":"https:\/\/peoplesphere.be\/fr\/#\/schema\/person\/7976225ff17988604334abb7b3536a7e","name":"Jean-Paul Erhard","image":{"@type":"ImageObject","inLanguage":"fr-FR","@id":"https:\/\/peoplesphere.be\/fr\/#\/schema\/person\/image\/","url":"https:\/\/secure.gravatar.com\/avatar\/f941e681460179738071629a51574930?s=96&d=mm&r=g","contentUrl":"https:\/\/secure.gravatar.com\/avatar\/f941e681460179738071629a51574930?s=96&d=mm&r=g","caption":"Jean-Paul Erhard"},"url":"https:\/\/peoplesphere.be\/fr\/author\/jpe\/"}]}},"_links":{"self":[{"href":"https:\/\/peoplesphere.be\/fr\/wp-json\/wp\/v2\/posts\/9560"}],"collection":[{"href":"https:\/\/peoplesphere.be\/fr\/wp-json\/wp\/v2\/posts"}],"about":[{"href":"https:\/\/peoplesphere.be\/fr\/wp-json\/wp\/v2\/types\/post"}],"author":[{"embeddable":true,"href":"https:\/\/peoplesphere.be\/fr\/wp-json\/wp\/v2\/users\/2"}],"replies":[{"embeddable":true,"href":"https:\/\/peoplesphere.be\/fr\/wp-json\/wp\/v2\/comments?post=9560"}],"version-history":[{"count":1,"href":"https:\/\/peoplesphere.be\/fr\/wp-json\/wp\/v2\/posts\/9560\/revisions"}],"predecessor-version":[{"id":9561,"href":"https:\/\/peoplesphere.be\/fr\/wp-json\/wp\/v2\/posts\/9560\/revisions\/9561"}],"wp:attachment":[{"href":"https:\/\/peoplesphere.be\/fr\/wp-json\/wp\/v2\/media?parent=9560"}],"wp:term":[{"taxonomy":"category","embeddable":true,"href":"https:\/\/peoplesphere.be\/fr\/wp-json\/wp\/v2\/categories?post=9560"},{"taxonomy":"post_tag","embeddable":true,"href":"https:\/\/peoplesphere.be\/fr\/wp-json\/wp\/v2\/tags?post=9560"}],"curies":[{"name":"wp","href":"https:\/\/api.w.org\/{rel}","templated":true}]}}