









{"id":9580,"date":"2020-05-14T15:48:34","date_gmt":"2020-05-14T13:48:34","guid":{"rendered":"https:\/\/peoplesphere.be\/fr\/?p=9580"},"modified":"2020-05-14T15:48:34","modified_gmt":"2020-05-14T13:48:34","slug":"combler-lacunes-matiere-de-protection-sociale-evidence-a-lumiere-de-crise-covid-19","status":"publish","type":"post","link":"https:\/\/peoplesphere.be\/fr\/combler-lacunes-matiere-de-protection-sociale-evidence-a-lumiere-de-crise-covid-19\/","title":{"rendered":"Combler les lacunes en mati\u00e8re de protection sociale, une \u00e9vidence \u00e0 la lumi\u00e8re de la crise du COVID-19."},"content":{"rendered":"<p>Quatre milliards de personnes potentiellement concern\u00e9es&#8230; La crise du COVID-19 a r\u00e9v\u00e9l\u00e9 des lacunes d\u00e9sastreuses dans la couverture de protection sociale des pays en d\u00e9veloppement, et la reprise ne sera durable et les futures crises \u00e9vit\u00e9es que s\u2019ils parviennent \u00e0 convertir leurs mesures ponctuelles de r\u00e9ponse \u00e0 la crise en syst\u00e8mes de protection sociale complets, selon de nouvelles analyses de l\u2019Organisation internationale du Travail (OIT).\u00a0Deux notes d\u2019information publi\u00e9es par l\u2019OIT avertissent que les lacunes actuelles en mati\u00e8re de protection sociale pourraient compromettre les plans de relance, exposer des millions de personnes \u00e0 la pauvret\u00e9 et affecter la pr\u00e9paration mondiale \u00e0 faire face \u00e0 des crises similaires \u00e0 l\u2019avenir.<!--more--><\/p>\n<p>Les documents font une analyse d\u00e9taill\u00e9e du r\u00f4le des mesures de protection sociale dans la lutte contre l\u2019\u00e9pid\u00e9mie de COVID-19 dans les pays en d\u00e9veloppement, notamment l\u2019octroi de prestations de maladie pendant la crise.<\/p>\n<p>La note sur les r\u00e9ponses de la protection sociale \u00e0 la pand\u00e9mie de COVID-19 dans les pays en d\u00e9veloppement d\u00e9crit la protection sociale comme <em>\u00abun m\u00e9canisme indispensable pour apporter un soutien aux individus pendant la crise\u00bb<\/em>. Elle analyse les mesures de r\u00e9ponse mises en place dans certains pays, y compris la suppression des obstacles financiers aux soins de sant\u00e9 de qualit\u00e9, le renforcement de la s\u00e9curit\u00e9 du revenu, l\u2019inclusion des travailleurs de l\u2019\u00e9conomie informelle, la protection des revenus et des emplois, et l\u2019am\u00e9lioration de la protection sociale, de l\u2019emploi et d\u2019autres interventions.<\/p>\n<p><em>\u00abSi le virus ne fait pas de distinction entre riches et pauvres, ses effets sont tr\u00e8s in\u00e9gaux\u00bb,<\/em> indique la note, ajoutant que la possibilit\u00e9 d\u2019acc\u00e9der \u00e0 des soins de sant\u00e9 abordables et de qualit\u00e9 est devenue <em>\u00abune question de vie ou de mort\u00bb.<\/em><\/p>\n<p>La note met aussi en garde les responsables politiques pour qu\u2019ils \u00e9vitent de se focaliser uniquement sur le COVID-19 car cela pourrait r\u00e9duire la disponibilit\u00e9 des syst\u00e8mes de sant\u00e9 pour r\u00e9pondre \u00e0 \u00abd\u2019autres maladies qui font des morts tous les jours\u00bb. Elle cite l\u2019exemple de l\u2019\u00e9pid\u00e9mie d\u2019Ebola et comment la priorit\u00e9 donn\u00e9e \u00e0 ce virus avait aggrav\u00e9 la mortalit\u00e9 due au paludisme, \u00e0 la tuberculose et au VIH\/sida.<\/p>\n<p>Selon les donn\u00e9es de cette note, 55% de la population mondiale \u2013 pas moins de quatre milliards de personnes \u2013 ne sont pas couverts par l\u2019assurance sociale ou l\u2019assistance sociale. A l\u2019\u00e9chelle mondiale, seuls 20 pour cent des ch\u00f4meurs sont couverts par les allocations de ch\u00f4mage, et, dans certaines r\u00e9gions, la couverture est bien plus faible.<\/p>\n<p>L\u2019autre note, Coup de projecteur sur la protection sociale, concerne Les prestations de maladie pendant les cong\u00e9s de maladie et le confinement: R\u00e9ponses et consid\u00e9rations politiques nationales dans le contexte du COVID-19.<\/p>\n<p>Elle avertit que la crise sanitaire du COVID-19 a r\u00e9v\u00e9l\u00e9 deux grands effets n\u00e9gatifs des lacunes en mati\u00e8re de prestations de maladie. Premi\u00e8rement, ces d\u00e9ficits de protection peuvent forcer les personnes \u00e0 aller travailler quand elles sont malades ou devraient s\u2019autoconfiner, augmentant ainsi le risque de contaminer d\u2019autres personnes. Deuxi\u00e8mement, la perte de revenu associ\u00e9e augmente le risque de pauvret\u00e9 pour les travailleurs et leurs familles, ce qui pourrait avoir des r\u00e9percussions durables.<\/p>\n<p>La note r\u00e9clame l\u2019adoption d\u2019urgence de mesures de court terme pour combler les lacunes en mati\u00e8re de couverture et d\u2019ad\u00e9quation des prestations de maladie, en soulignant que cela pr\u00e9senterait un triple avantage: soutenir la sant\u00e9 publique, pr\u00e9venir la pauvret\u00e9 et promouvoir les droits humains \u00e0 la sant\u00e9 et \u00e0 la s\u00e9curit\u00e9 sociale.<\/p>\n<p>Les mesures propos\u00e9es incluent l\u2019extension de la couverture de prestations de maladie \u00e0 tous, en accordant une attention particuli\u00e8re aux femmes et aux hommes qui occupent des emplois atypiques ou informels, aux travailleurs ind\u00e9pendants, aux migrants et aux groupes vuln\u00e9rables.<\/p>\n<p>Les autres recommandations visent \u00e0 augmenter le niveau des prestations afin de garantir la s\u00e9curit\u00e9 du revenu, d\u2019acc\u00e9l\u00e9rer le versement des prestations et d\u2019\u00e9largir le champ d\u2019application des prestations afin d\u2019int\u00e9grer des mesures de pr\u00e9vention, de diagnostic et de traitement, ainsi que le temps pass\u00e9 en confinement ou \u00e0 s\u2019occuper de malades \u00e0 charge.<\/p>\n<p><em>\u00abLa crise du COVID-19 est un signal d\u2019alarme. Elle a montr\u00e9 que l\u2019absence de protection sociale ne touche pas seulement les pauvres, elle d\u00e9voile \u00e9galement la vuln\u00e9rabilit\u00e9 de ceux qui s\u2019en sortent relativement bien, car les frais m\u00e9dicaux et la perte de revenus peuvent ais\u00e9ment r\u00e9duire \u00e0 n\u00e9ant des d\u00e9cennies de travail et d\u2019\u00e9pargne des familles\u00bb,<\/em> a d\u00e9clar\u00e9 Shahra Razavi, Directrice du D\u00e9partement de la protection sociale de l\u2019OIT.<\/p>\n<p><em>\u00abCes exemples venus du monde entier d\u00e9montrent clairement, une fois encore, que les pays dot\u00e9s de syst\u00e8mes de protection sociale complets et robustes sont dans une bien meilleure position pour faire face \u00e0 une crise et pour s\u2019en relever. Les responsables politiques doivent s\u2019appuyer sur l\u2019\u00e9lan g\u00e9n\u00e9r\u00e9 par la sensibilisation grandissante du public \u00e0 l\u2019importance de la protection sociale et \u00e0 l\u2019urgence d\u2019y investir en tant que soci\u00e9t\u00e9, pour garantir la pr\u00e9paration aux futures crises.\u00bb<\/em><\/p>\n<p><em>Source : Organisation Internationale du Travail (OIT)<\/em><\/p>\n","protected":false},"excerpt":{"rendered":"<p>Quatre milliards de personnes potentiellement concern\u00e9es&#8230; La crise du COVID-19 a r\u00e9v\u00e9l\u00e9 des lacunes d\u00e9sastreuses dans la couverture de protection sociale des pays en d\u00e9veloppement, et la reprise ne sera durable et les futures crises \u00e9vit\u00e9es que s\u2019ils parviennent \u00e0 [&hellip;]<\/p>\n","protected":false},"author":2,"featured_media":0,"comment_status":"closed","ping_status":"open","sticky":false,"template":"","format":"standard","meta":[],"categories":[65,10],"tags":[92,2998,584,893,3008,201],"yoast_head":"<!-- This site is optimized with the Yoast SEO plugin v21.0 - https:\/\/yoast.com\/wordpress\/plugins\/seo\/ -->\n<title>Combler les lacunes en mati\u00e8re de protection sociale, une \u00e9vidence \u00e0 la lumi\u00e8re de la crise du COVID-19. - Peoplesphere<\/title>\n<meta name=\"robots\" content=\"index, follow, max-snippet:-1, max-image-preview:large, max-video-preview:-1\" \/>\n<link rel=\"canonical\" href=\"https:\/\/peoplesphere.be\/fr\/combler-lacunes-matiere-de-protection-sociale-evidence-a-lumiere-de-crise-covid-19\/\" \/>\n<meta property=\"og:locale\" content=\"fr_FR\" \/>\n<meta property=\"og:type\" content=\"article\" \/>\n<meta property=\"og:title\" content=\"Combler les lacunes en mati\u00e8re de protection sociale, une \u00e9vidence \u00e0 la lumi\u00e8re de la crise du COVID-19. - Peoplesphere\" \/>\n<meta property=\"og:description\" content=\"Quatre milliards de personnes potentiellement concern\u00e9es&#8230; La crise du COVID-19 a r\u00e9v\u00e9l\u00e9 des lacunes d\u00e9sastreuses dans la couverture de protection sociale des pays en d\u00e9veloppement, et la reprise ne sera durable et les futures crises \u00e9vit\u00e9es que s\u2019ils parviennent \u00e0 [&hellip;]\" \/>\n<meta property=\"og:url\" content=\"https:\/\/peoplesphere.be\/fr\/combler-lacunes-matiere-de-protection-sociale-evidence-a-lumiere-de-crise-covid-19\/\" \/>\n<meta property=\"og:site_name\" content=\"Peoplesphere\" \/>\n<meta property=\"article:publisher\" content=\"https:\/\/www.facebook.com\/peoplesphere\" \/>\n<meta property=\"article:published_time\" content=\"2020-05-14T13:48:34+00:00\" \/>\n<meta property=\"og:image\" content=\"http:\/\/www.peoplesphere.be\/fr\/wp-content\/uploads\/2016\/07\/facebook-default-posting-1200x628px.jpg\" \/>\n<meta name=\"author\" content=\"Jean-Paul Erhard\" \/>\n<meta name=\"twitter:card\" content=\"summary_large_image\" \/>\n<meta name=\"twitter:creator\" content=\"@PeoplesphereMag\" \/>\n<meta name=\"twitter:site\" content=\"@PeoplesphereMag\" \/>\n<meta name=\"twitter:label1\" content=\"\u00c9crit par\" \/>\n\t<meta name=\"twitter:data1\" content=\"Jean-Paul Erhard\" \/>\n\t<meta name=\"twitter:label2\" content=\"Dur\u00e9e de lecture estim\u00e9e\" \/>\n\t<meta name=\"twitter:data2\" content=\"5 minutes\" \/>\n<script type=\"application\/ld+json\" class=\"yoast-schema-graph\">{\"@context\":\"https:\/\/schema.org\",\"@graph\":[{\"@type\":\"Article\",\"@id\":\"https:\/\/peoplesphere.be\/fr\/combler-lacunes-matiere-de-protection-sociale-evidence-a-lumiere-de-crise-covid-19\/#article\",\"isPartOf\":{\"@id\":\"https:\/\/peoplesphere.be\/fr\/combler-lacunes-matiere-de-protection-sociale-evidence-a-lumiere-de-crise-covid-19\/\"},\"author\":{\"name\":\"Jean-Paul Erhard\",\"@id\":\"https:\/\/peoplesphere.be\/fr\/#\/schema\/person\/7976225ff17988604334abb7b3536a7e\"},\"headline\":\"Combler les lacunes en mati\u00e8re de protection sociale, une \u00e9vidence \u00e0 la lumi\u00e8re de la crise du COVID-19.\",\"datePublished\":\"2020-05-14T13:48:34+00:00\",\"dateModified\":\"2020-05-14T13:48:34+00:00\",\"mainEntityOfPage\":{\"@id\":\"https:\/\/peoplesphere.be\/fr\/combler-lacunes-matiere-de-protection-sociale-evidence-a-lumiere-de-crise-covid-19\/\"},\"wordCount\":920,\"publisher\":{\"@id\":\"https:\/\/peoplesphere.be\/fr\/#organization\"},\"keywords\":[\"ch\u00f4mage\",\"covid-19\",\"OIT\",\"pauvret\u00e9\",\"perte de revenus\",\"protection sociale\"],\"articleSection\":[\"Actualit\u00e9s\",\"Digital\"],\"inLanguage\":\"fr-FR\"},{\"@type\":\"WebPage\",\"@id\":\"https:\/\/peoplesphere.be\/fr\/combler-lacunes-matiere-de-protection-sociale-evidence-a-lumiere-de-crise-covid-19\/\",\"url\":\"https:\/\/peoplesphere.be\/fr\/combler-lacunes-matiere-de-protection-sociale-evidence-a-lumiere-de-crise-covid-19\/\",\"name\":\"Combler les lacunes en mati\u00e8re de protection sociale, une \u00e9vidence \u00e0 la lumi\u00e8re de la crise du COVID-19. - Peoplesphere\",\"isPartOf\":{\"@id\":\"https:\/\/peoplesphere.be\/fr\/#website\"},\"datePublished\":\"2020-05-14T13:48:34+00:00\",\"dateModified\":\"2020-05-14T13:48:34+00:00\",\"breadcrumb\":{\"@id\":\"https:\/\/peoplesphere.be\/fr\/combler-lacunes-matiere-de-protection-sociale-evidence-a-lumiere-de-crise-covid-19\/#breadcrumb\"},\"inLanguage\":\"fr-FR\",\"potentialAction\":[{\"@type\":\"ReadAction\",\"target\":[\"https:\/\/peoplesphere.be\/fr\/combler-lacunes-matiere-de-protection-sociale-evidence-a-lumiere-de-crise-covid-19\/\"]}]},{\"@type\":\"BreadcrumbList\",\"@id\":\"https:\/\/peoplesphere.be\/fr\/combler-lacunes-matiere-de-protection-sociale-evidence-a-lumiere-de-crise-covid-19\/#breadcrumb\",\"itemListElement\":[{\"@type\":\"ListItem\",\"position\":1,\"name\":\"Accueil\",\"item\":\"https:\/\/peoplesphere.be\/fr\/\"},{\"@type\":\"ListItem\",\"position\":2,\"name\":\"Combler les lacunes en mati\u00e8re de protection sociale, une \u00e9vidence \u00e0 la lumi\u00e8re de la crise du COVID-19.\"}]},{\"@type\":\"WebSite\",\"@id\":\"https:\/\/peoplesphere.be\/fr\/#website\",\"url\":\"https:\/\/peoplesphere.be\/fr\/\",\"name\":\"Peoplesphere\",\"description\":\"The People Managers Magazine\",\"publisher\":{\"@id\":\"https:\/\/peoplesphere.be\/fr\/#organization\"},\"potentialAction\":[{\"@type\":\"SearchAction\",\"target\":{\"@type\":\"EntryPoint\",\"urlTemplate\":\"https:\/\/peoplesphere.be\/fr\/?s={search_term_string}\"},\"query-input\":\"required name=search_term_string\"}],\"inLanguage\":\"fr-FR\"},{\"@type\":\"Organization\",\"@id\":\"https:\/\/peoplesphere.be\/fr\/#organization\",\"name\":\"Peoplesphere Company srl\",\"url\":\"https:\/\/peoplesphere.be\/fr\/\",\"logo\":{\"@type\":\"ImageObject\",\"inLanguage\":\"fr-FR\",\"@id\":\"https:\/\/peoplesphere.be\/fr\/#\/schema\/logo\/image\/\",\"url\":\"https:\/\/peoplesphere.be\/fr\/wp-content\/uploads\/2023\/07\/peoplesphere-lgo-new-generik.jpg\",\"contentUrl\":\"https:\/\/peoplesphere.be\/fr\/wp-content\/uploads\/2023\/07\/peoplesphere-lgo-new-generik.jpg\",\"width\":1031,\"height\":1479,\"caption\":\"Peoplesphere Company srl\"},\"image\":{\"@id\":\"https:\/\/peoplesphere.be\/fr\/#\/schema\/logo\/image\/\"},\"sameAs\":[\"https:\/\/www.facebook.com\/peoplesphere\",\"https:\/\/twitter.com\/PeoplesphereMag\",\"https:\/\/www.linkedin.com\/company\/7587361?trk\",\"http:\/\/youtube.com\/peoplesphere\"]},{\"@type\":\"Person\",\"@id\":\"https:\/\/peoplesphere.be\/fr\/#\/schema\/person\/7976225ff17988604334abb7b3536a7e\",\"name\":\"Jean-Paul Erhard\",\"image\":{\"@type\":\"ImageObject\",\"inLanguage\":\"fr-FR\",\"@id\":\"https:\/\/peoplesphere.be\/fr\/#\/schema\/person\/image\/\",\"url\":\"https:\/\/secure.gravatar.com\/avatar\/f941e681460179738071629a51574930?s=96&d=mm&r=g\",\"contentUrl\":\"https:\/\/secure.gravatar.com\/avatar\/f941e681460179738071629a51574930?s=96&d=mm&r=g\",\"caption\":\"Jean-Paul Erhard\"},\"url\":\"https:\/\/peoplesphere.be\/fr\/author\/jpe\/\"}]}<\/script>\n<!-- \/ Yoast SEO plugin. -->","yoast_head_json":{"title":"Combler les lacunes en mati\u00e8re de protection sociale, une \u00e9vidence \u00e0 la lumi\u00e8re de la crise du COVID-19. - Peoplesphere","robots":{"index":"index","follow":"follow","max-snippet":"max-snippet:-1","max-image-preview":"max-image-preview:large","max-video-preview":"max-video-preview:-1"},"canonical":"https:\/\/peoplesphere.be\/fr\/combler-lacunes-matiere-de-protection-sociale-evidence-a-lumiere-de-crise-covid-19\/","og_locale":"fr_FR","og_type":"article","og_title":"Combler les lacunes en mati\u00e8re de protection sociale, une \u00e9vidence \u00e0 la lumi\u00e8re de la crise du COVID-19. - Peoplesphere","og_description":"Quatre milliards de personnes potentiellement concern\u00e9es&#8230; La crise du COVID-19 a r\u00e9v\u00e9l\u00e9 des lacunes d\u00e9sastreuses dans la couverture de protection sociale des pays en d\u00e9veloppement, et la reprise ne sera durable et les futures crises \u00e9vit\u00e9es que s\u2019ils parviennent \u00e0 [&hellip;]","og_url":"https:\/\/peoplesphere.be\/fr\/combler-lacunes-matiere-de-protection-sociale-evidence-a-lumiere-de-crise-covid-19\/","og_site_name":"Peoplesphere","article_publisher":"https:\/\/www.facebook.com\/peoplesphere","article_published_time":"2020-05-14T13:48:34+00:00","og_image":[{"url":"http:\/\/www.peoplesphere.be\/fr\/wp-content\/uploads\/2016\/07\/facebook-default-posting-1200x628px.jpg"}],"author":"Jean-Paul Erhard","twitter_card":"summary_large_image","twitter_creator":"@PeoplesphereMag","twitter_site":"@PeoplesphereMag","twitter_misc":{"\u00c9crit par":"Jean-Paul Erhard","Dur\u00e9e de lecture estim\u00e9e":"5 minutes"},"schema":{"@context":"https:\/\/schema.org","@graph":[{"@type":"Article","@id":"https:\/\/peoplesphere.be\/fr\/combler-lacunes-matiere-de-protection-sociale-evidence-a-lumiere-de-crise-covid-19\/#article","isPartOf":{"@id":"https:\/\/peoplesphere.be\/fr\/combler-lacunes-matiere-de-protection-sociale-evidence-a-lumiere-de-crise-covid-19\/"},"author":{"name":"Jean-Paul Erhard","@id":"https:\/\/peoplesphere.be\/fr\/#\/schema\/person\/7976225ff17988604334abb7b3536a7e"},"headline":"Combler les lacunes en mati\u00e8re de protection sociale, une \u00e9vidence \u00e0 la lumi\u00e8re de la crise du COVID-19.","datePublished":"2020-05-14T13:48:34+00:00","dateModified":"2020-05-14T13:48:34+00:00","mainEntityOfPage":{"@id":"https:\/\/peoplesphere.be\/fr\/combler-lacunes-matiere-de-protection-sociale-evidence-a-lumiere-de-crise-covid-19\/"},"wordCount":920,"publisher":{"@id":"https:\/\/peoplesphere.be\/fr\/#organization"},"keywords":["ch\u00f4mage","covid-19","OIT","pauvret\u00e9","perte de revenus","protection sociale"],"articleSection":["Actualit\u00e9s","Digital"],"inLanguage":"fr-FR"},{"@type":"WebPage","@id":"https:\/\/peoplesphere.be\/fr\/combler-lacunes-matiere-de-protection-sociale-evidence-a-lumiere-de-crise-covid-19\/","url":"https:\/\/peoplesphere.be\/fr\/combler-lacunes-matiere-de-protection-sociale-evidence-a-lumiere-de-crise-covid-19\/","name":"Combler les lacunes en mati\u00e8re de protection sociale, une \u00e9vidence \u00e0 la lumi\u00e8re de la crise du COVID-19. - Peoplesphere","isPartOf":{"@id":"https:\/\/peoplesphere.be\/fr\/#website"},"datePublished":"2020-05-14T13:48:34+00:00","dateModified":"2020-05-14T13:48:34+00:00","breadcrumb":{"@id":"https:\/\/peoplesphere.be\/fr\/combler-lacunes-matiere-de-protection-sociale-evidence-a-lumiere-de-crise-covid-19\/#breadcrumb"},"inLanguage":"fr-FR","potentialAction":[{"@type":"ReadAction","target":["https:\/\/peoplesphere.be\/fr\/combler-lacunes-matiere-de-protection-sociale-evidence-a-lumiere-de-crise-covid-19\/"]}]},{"@type":"BreadcrumbList","@id":"https:\/\/peoplesphere.be\/fr\/combler-lacunes-matiere-de-protection-sociale-evidence-a-lumiere-de-crise-covid-19\/#breadcrumb","itemListElement":[{"@type":"ListItem","position":1,"name":"Accueil","item":"https:\/\/peoplesphere.be\/fr\/"},{"@type":"ListItem","position":2,"name":"Combler les lacunes en mati\u00e8re de protection sociale, une \u00e9vidence \u00e0 la lumi\u00e8re de la crise du COVID-19."}]},{"@type":"WebSite","@id":"https:\/\/peoplesphere.be\/fr\/#website","url":"https:\/\/peoplesphere.be\/fr\/","name":"Peoplesphere","description":"The People Managers Magazine","publisher":{"@id":"https:\/\/peoplesphere.be\/fr\/#organization"},"potentialAction":[{"@type":"SearchAction","target":{"@type":"EntryPoint","urlTemplate":"https:\/\/peoplesphere.be\/fr\/?s={search_term_string}"},"query-input":"required name=search_term_string"}],"inLanguage":"fr-FR"},{"@type":"Organization","@id":"https:\/\/peoplesphere.be\/fr\/#organization","name":"Peoplesphere Company srl","url":"https:\/\/peoplesphere.be\/fr\/","logo":{"@type":"ImageObject","inLanguage":"fr-FR","@id":"https:\/\/peoplesphere.be\/fr\/#\/schema\/logo\/image\/","url":"https:\/\/peoplesphere.be\/fr\/wp-content\/uploads\/2023\/07\/peoplesphere-lgo-new-generik.jpg","contentUrl":"https:\/\/peoplesphere.be\/fr\/wp-content\/uploads\/2023\/07\/peoplesphere-lgo-new-generik.jpg","width":1031,"height":1479,"caption":"Peoplesphere Company srl"},"image":{"@id":"https:\/\/peoplesphere.be\/fr\/#\/schema\/logo\/image\/"},"sameAs":["https:\/\/www.facebook.com\/peoplesphere","https:\/\/twitter.com\/PeoplesphereMag","https:\/\/www.linkedin.com\/company\/7587361?trk","http:\/\/youtube.com\/peoplesphere"]},{"@type":"Person","@id":"https:\/\/peoplesphere.be\/fr\/#\/schema\/person\/7976225ff17988604334abb7b3536a7e","name":"Jean-Paul Erhard","image":{"@type":"ImageObject","inLanguage":"fr-FR","@id":"https:\/\/peoplesphere.be\/fr\/#\/schema\/person\/image\/","url":"https:\/\/secure.gravatar.com\/avatar\/f941e681460179738071629a51574930?s=96&d=mm&r=g","contentUrl":"https:\/\/secure.gravatar.com\/avatar\/f941e681460179738071629a51574930?s=96&d=mm&r=g","caption":"Jean-Paul Erhard"},"url":"https:\/\/peoplesphere.be\/fr\/author\/jpe\/"}]}},"_links":{"self":[{"href":"https:\/\/peoplesphere.be\/fr\/wp-json\/wp\/v2\/posts\/9580"}],"collection":[{"href":"https:\/\/peoplesphere.be\/fr\/wp-json\/wp\/v2\/posts"}],"about":[{"href":"https:\/\/peoplesphere.be\/fr\/wp-json\/wp\/v2\/types\/post"}],"author":[{"embeddable":true,"href":"https:\/\/peoplesphere.be\/fr\/wp-json\/wp\/v2\/users\/2"}],"replies":[{"embeddable":true,"href":"https:\/\/peoplesphere.be\/fr\/wp-json\/wp\/v2\/comments?post=9580"}],"version-history":[{"count":1,"href":"https:\/\/peoplesphere.be\/fr\/wp-json\/wp\/v2\/posts\/9580\/revisions"}],"predecessor-version":[{"id":9581,"href":"https:\/\/peoplesphere.be\/fr\/wp-json\/wp\/v2\/posts\/9580\/revisions\/9581"}],"wp:attachment":[{"href":"https:\/\/peoplesphere.be\/fr\/wp-json\/wp\/v2\/media?parent=9580"}],"wp:term":[{"taxonomy":"category","embeddable":true,"href":"https:\/\/peoplesphere.be\/fr\/wp-json\/wp\/v2\/categories?post=9580"},{"taxonomy":"post_tag","embeddable":true,"href":"https:\/\/peoplesphere.be\/fr\/wp-json\/wp\/v2\/tags?post=9580"}],"curies":[{"name":"wp","href":"https:\/\/api.w.org\/{rel}","templated":true}]}}