









{"id":9632,"date":"2020-05-28T08:10:57","date_gmt":"2020-05-28T06:10:57","guid":{"rendered":"https:\/\/peoplesphere.be\/fr\/?p=9632"},"modified":"2020-05-28T08:10:57","modified_gmt":"2020-05-28T06:10:57","slug":"licencies-cause-de-pandemie-rancuniers-27-travailleurs-ont-perdu-job-se-disent-prets-a-retrouver-leurs-ex-employeurs","status":"publish","type":"post","link":"https:\/\/peoplesphere.be\/fr\/licencies-cause-de-pandemie-rancuniers-27-travailleurs-ont-perdu-job-se-disent-prets-a-retrouver-leurs-ex-employeurs\/","title":{"rendered":"Licenci\u00e9s pour cause de pand\u00e9mie et pas rancuniers&#8230; 27% des travailleurs qui ont perdu leur job se disent pr\u00eats \u00e0 retrouver leurs ex-employeurs."},"content":{"rendered":"<p>Plus d\u2019un quart des travailleurs licenci\u00e9s (27 %) est pr\u00eat \u00e0 retourner travailler chez son ancien employeur. Pour ceux qui entretenaient de bons rapports avec leur ancien employeur, ce pourcentage s\u2019\u00e9l\u00e8ve m\u00eame \u00e0 plus de la moiti\u00e9 (54,6 %). Ces chiffres montrent \u00e0 quel point il est important de mettre en place un bon offboarding, surtout maintenant que de nombreuses entreprises auront probablement du mal \u00e0 \u00e9viter un certain nombre de \u00ab\u00a0licenciements li\u00e9s au coronavirus\u00a0\u00bb dans les mois \u00e0 venir. <!--more--><\/p>\n<p>Dans son enqu\u00eate annuelle men\u00e9e aupr\u00e8s de 1020 travailleurs, Acerta a demand\u00e9 \u00e0 des ex-collaborateurs s\u2019ils envisageaient de retourner travailler pour leur ancien employeur.<\/p>\n<p>D\u2019apr\u00e8s l&rsquo;enqu\u00eate, 45 % des licenciements s\u2019accompagnent d\u2019un entretien de sortie entre l\u2019ex-employeur et l\u2019ex-travailleur. Lorsque le licenciement a eu lieu \u00e0 l\u2019initiative de l\u2019employeur, ce pourcentage tombe \u00e0 41 %. Parmi ceux qui ont b\u00e9n\u00e9fici\u00e9 d\u2019un dernier entretien formel avec leur employeur, seule la moiti\u00e9 (51 %) a estim\u00e9 qu\u2019ils pouvaient donner un feed-back au cours de cet entretien sur leur ressenti vis-\u00e0-vis de leur employeur\u2009; 31 % avaient l\u2019impression que ce feed-back aurait des cons\u00e9quences effectives.<\/p>\n<p>Beno\u00eet Caufriez, Director Acerta Consult : <em>\u00ab\u2009L\u2019offboarding va plus loin que l\u2019entretien de licenciement ou de sortie. Bien entendu, il est important de prendre soi-m\u00eame le temps d\u2019\u00e9couter l\u2019(ex-)collaborateur et d\u2019en tirer les le\u00e7ons au moment du d\u00e9part. Nos chiffres montrent que ce n\u2019est pas si souvent le cas. Cela est logique, car le moment difficile o\u00f9 vous licenciez quelqu\u2019un n\u2019est pas le meilleur moment pour demander du feed-back dont votre entreprise peut tirer des enseignements. Il est naturellement aussi possible de manifester son int\u00e9r\u00eat pour le feed-back d\u2019un ex-collaborateur plus tard. Cet int\u00e9r\u00eat sinc\u00e8re commence par demander aux ex-collaborateurs comment ils vont, comment se passe la recherche d\u2019un nouvel emploi et si vous pouvez les aider, par exemple en r\u00e9digeant une recommandation. Les r\u00e9seaux num\u00e9riques tels que LinkedIn s\u2019y pr\u00eatent parfaitement.\u2009\u00bb<\/em><\/p>\n<p><strong><em>Un bon contact commence par de la transparence tout au long de la p\u00e9riode de crise<\/em><\/strong><\/p>\n<p>La premi\u00e8re \u00e9tape d\u2019un bon contact avec les collaborateurs est la transparence. Celle-ci commence avant m\u00eame que la d\u00e9cision effective de possibles licenciements soit prise.<\/p>\n<p><em>\u00ab\u2009Il est tout \u00e0 fait possible pour des ex-employeurs et des ex-travailleurs de devenir ambassadeurs les uns des autres apr\u00e8s un licenciement non voulu. Les employeurs ne doivent pas \u00eatre les seuls \u00e0 chercher comme s\u2019y prendre. D\u2019apr\u00e8s les questions que nous recevons, nous constatons que les employeurs se pr\u00e9parent \u00e0 tous les sc\u00e9narios et que les travailleurs appr\u00e9cient que leur employeur leur en fasse part. Nous recevons \u00e9galement des questions des employeurs sur la mani\u00e8re d\u2019aborder les \u00e9ventuels licenciements. Les \u201clicenciements li\u00e9s au coronavirus\u201d placent les employeurs dans une situation de licenciement totalement diff\u00e9rente qu\u2019en \u201ctemps normal\u201d. Annoncer un licenciement \u201c\u00e0 distance\u201d est nouveau pour la plupart des employeurs et cela demander de faire attention \u00e0 certains points\u2009\u00bb<\/em>, d\u00e9clare Beno\u00eet Caufriez.<\/p>\n<p>&nbsp;<\/p>\n<p><em>Source: les chiffres proviennent du Talent Pulse 2020, l\u2019enqu\u00eate annuelle men\u00e9e par Acerta aupr\u00e8s de 1020 travailleurs. Celle-ci a \u00e9t\u00e9 effectu\u00e9e en avril 2020 pour la 11e fois. L\u2019enqu\u00eate s\u2019est focalis\u00e9e sur les employ\u00e9s.<\/em><\/p>\n","protected":false},"excerpt":{"rendered":"<p>Plus d\u2019un quart des travailleurs licenci\u00e9s (27 %) est pr\u00eat \u00e0 retourner travailler chez son ancien employeur. Pour ceux qui entretenaient de bons rapports avec leur ancien employeur, ce pourcentage s\u2019\u00e9l\u00e8ve m\u00eame \u00e0 plus de la moiti\u00e9 (54,6 %). Ces [&hellip;]<\/p>\n","protected":false},"author":2,"featured_media":0,"comment_status":"closed","ping_status":"open","sticky":false,"template":"","format":"standard","meta":[],"categories":[65,10],"tags":[271,134,2522,299,2115],"yoast_head":"<!-- This site is optimized with the Yoast SEO plugin v21.0 - https:\/\/yoast.com\/wordpress\/plugins\/seo\/ -->\n<title>Licenci\u00e9s pour cause de pand\u00e9mie et pas rancuniers... 27% des travailleurs qui ont perdu leur job se disent pr\u00eats \u00e0 retrouver leurs ex-employeurs. - Peoplesphere<\/title>\n<meta name=\"robots\" content=\"index, follow, max-snippet:-1, max-image-preview:large, max-video-preview:-1\" \/>\n<link rel=\"canonical\" href=\"https:\/\/peoplesphere.be\/fr\/licencies-cause-de-pandemie-rancuniers-27-travailleurs-ont-perdu-job-se-disent-prets-a-retrouver-leurs-ex-employeurs\/\" \/>\n<meta property=\"og:locale\" content=\"fr_FR\" \/>\n<meta property=\"og:type\" content=\"article\" \/>\n<meta property=\"og:title\" content=\"Licenci\u00e9s pour cause de pand\u00e9mie et pas rancuniers... 27% des travailleurs qui ont perdu leur job se disent pr\u00eats \u00e0 retrouver leurs ex-employeurs. - Peoplesphere\" \/>\n<meta property=\"og:description\" content=\"Plus d\u2019un quart des travailleurs licenci\u00e9s (27 %) est pr\u00eat \u00e0 retourner travailler chez son ancien employeur. Pour ceux qui entretenaient de bons rapports avec leur ancien employeur, ce pourcentage s\u2019\u00e9l\u00e8ve m\u00eame \u00e0 plus de la moiti\u00e9 (54,6 %). Ces [&hellip;]\" \/>\n<meta property=\"og:url\" content=\"https:\/\/peoplesphere.be\/fr\/licencies-cause-de-pandemie-rancuniers-27-travailleurs-ont-perdu-job-se-disent-prets-a-retrouver-leurs-ex-employeurs\/\" \/>\n<meta property=\"og:site_name\" content=\"Peoplesphere\" \/>\n<meta property=\"article:publisher\" content=\"https:\/\/www.facebook.com\/peoplesphere\" \/>\n<meta property=\"article:published_time\" content=\"2020-05-28T06:10:57+00:00\" \/>\n<meta property=\"og:image\" content=\"http:\/\/www.peoplesphere.be\/fr\/wp-content\/uploads\/2016\/07\/facebook-default-posting-1200x628px.jpg\" \/>\n<meta name=\"author\" content=\"Jean-Paul Erhard\" \/>\n<meta name=\"twitter:card\" content=\"summary_large_image\" \/>\n<meta name=\"twitter:creator\" content=\"@PeoplesphereMag\" \/>\n<meta name=\"twitter:site\" content=\"@PeoplesphereMag\" \/>\n<meta name=\"twitter:label1\" content=\"\u00c9crit par\" \/>\n\t<meta name=\"twitter:data1\" content=\"Jean-Paul Erhard\" \/>\n\t<meta name=\"twitter:label2\" content=\"Dur\u00e9e de lecture estim\u00e9e\" \/>\n\t<meta name=\"twitter:data2\" content=\"3 minutes\" \/>\n<script type=\"application\/ld+json\" class=\"yoast-schema-graph\">{\"@context\":\"https:\/\/schema.org\",\"@graph\":[{\"@type\":\"Article\",\"@id\":\"https:\/\/peoplesphere.be\/fr\/licencies-cause-de-pandemie-rancuniers-27-travailleurs-ont-perdu-job-se-disent-prets-a-retrouver-leurs-ex-employeurs\/#article\",\"isPartOf\":{\"@id\":\"https:\/\/peoplesphere.be\/fr\/licencies-cause-de-pandemie-rancuniers-27-travailleurs-ont-perdu-job-se-disent-prets-a-retrouver-leurs-ex-employeurs\/\"},\"author\":{\"name\":\"Jean-Paul Erhard\",\"@id\":\"https:\/\/peoplesphere.be\/fr\/#\/schema\/person\/7976225ff17988604334abb7b3536a7e\"},\"headline\":\"Licenci\u00e9s pour cause de pand\u00e9mie et pas rancuniers&#8230; 27% des travailleurs qui ont perdu leur job se disent pr\u00eats \u00e0 retrouver leurs ex-employeurs.\",\"datePublished\":\"2020-05-28T06:10:57+00:00\",\"dateModified\":\"2020-05-28T06:10:57+00:00\",\"mainEntityOfPage\":{\"@id\":\"https:\/\/peoplesphere.be\/fr\/licencies-cause-de-pandemie-rancuniers-27-travailleurs-ont-perdu-job-se-disent-prets-a-retrouver-leurs-ex-employeurs\/\"},\"wordCount\":587,\"publisher\":{\"@id\":\"https:\/\/peoplesphere.be\/fr\/#organization\"},\"keywords\":[\"acerta\",\"licenciement\",\"offboarding\",\"r\u00e9tention\",\"Talent pulse\"],\"articleSection\":[\"Actualit\u00e9s\",\"Digital\"],\"inLanguage\":\"fr-FR\"},{\"@type\":\"WebPage\",\"@id\":\"https:\/\/peoplesphere.be\/fr\/licencies-cause-de-pandemie-rancuniers-27-travailleurs-ont-perdu-job-se-disent-prets-a-retrouver-leurs-ex-employeurs\/\",\"url\":\"https:\/\/peoplesphere.be\/fr\/licencies-cause-de-pandemie-rancuniers-27-travailleurs-ont-perdu-job-se-disent-prets-a-retrouver-leurs-ex-employeurs\/\",\"name\":\"Licenci\u00e9s pour cause de pand\u00e9mie et pas rancuniers... 27% des travailleurs qui ont perdu leur job se disent pr\u00eats \u00e0 retrouver leurs ex-employeurs. - Peoplesphere\",\"isPartOf\":{\"@id\":\"https:\/\/peoplesphere.be\/fr\/#website\"},\"datePublished\":\"2020-05-28T06:10:57+00:00\",\"dateModified\":\"2020-05-28T06:10:57+00:00\",\"breadcrumb\":{\"@id\":\"https:\/\/peoplesphere.be\/fr\/licencies-cause-de-pandemie-rancuniers-27-travailleurs-ont-perdu-job-se-disent-prets-a-retrouver-leurs-ex-employeurs\/#breadcrumb\"},\"inLanguage\":\"fr-FR\",\"potentialAction\":[{\"@type\":\"ReadAction\",\"target\":[\"https:\/\/peoplesphere.be\/fr\/licencies-cause-de-pandemie-rancuniers-27-travailleurs-ont-perdu-job-se-disent-prets-a-retrouver-leurs-ex-employeurs\/\"]}]},{\"@type\":\"BreadcrumbList\",\"@id\":\"https:\/\/peoplesphere.be\/fr\/licencies-cause-de-pandemie-rancuniers-27-travailleurs-ont-perdu-job-se-disent-prets-a-retrouver-leurs-ex-employeurs\/#breadcrumb\",\"itemListElement\":[{\"@type\":\"ListItem\",\"position\":1,\"name\":\"Accueil\",\"item\":\"https:\/\/peoplesphere.be\/fr\/\"},{\"@type\":\"ListItem\",\"position\":2,\"name\":\"Licenci\u00e9s pour cause de pand\u00e9mie et pas rancuniers&#8230; 27% des travailleurs qui ont perdu leur job se disent pr\u00eats \u00e0 retrouver leurs ex-employeurs.\"}]},{\"@type\":\"WebSite\",\"@id\":\"https:\/\/peoplesphere.be\/fr\/#website\",\"url\":\"https:\/\/peoplesphere.be\/fr\/\",\"name\":\"Peoplesphere\",\"description\":\"The People Managers Magazine\",\"publisher\":{\"@id\":\"https:\/\/peoplesphere.be\/fr\/#organization\"},\"potentialAction\":[{\"@type\":\"SearchAction\",\"target\":{\"@type\":\"EntryPoint\",\"urlTemplate\":\"https:\/\/peoplesphere.be\/fr\/?s={search_term_string}\"},\"query-input\":\"required name=search_term_string\"}],\"inLanguage\":\"fr-FR\"},{\"@type\":\"Organization\",\"@id\":\"https:\/\/peoplesphere.be\/fr\/#organization\",\"name\":\"Peoplesphere Company srl\",\"url\":\"https:\/\/peoplesphere.be\/fr\/\",\"logo\":{\"@type\":\"ImageObject\",\"inLanguage\":\"fr-FR\",\"@id\":\"https:\/\/peoplesphere.be\/fr\/#\/schema\/logo\/image\/\",\"url\":\"https:\/\/peoplesphere.be\/fr\/wp-content\/uploads\/2023\/07\/peoplesphere-lgo-new-generik.jpg\",\"contentUrl\":\"https:\/\/peoplesphere.be\/fr\/wp-content\/uploads\/2023\/07\/peoplesphere-lgo-new-generik.jpg\",\"width\":1031,\"height\":1479,\"caption\":\"Peoplesphere Company srl\"},\"image\":{\"@id\":\"https:\/\/peoplesphere.be\/fr\/#\/schema\/logo\/image\/\"},\"sameAs\":[\"https:\/\/www.facebook.com\/peoplesphere\",\"https:\/\/twitter.com\/PeoplesphereMag\",\"https:\/\/www.linkedin.com\/company\/7587361?trk\",\"http:\/\/youtube.com\/peoplesphere\"]},{\"@type\":\"Person\",\"@id\":\"https:\/\/peoplesphere.be\/fr\/#\/schema\/person\/7976225ff17988604334abb7b3536a7e\",\"name\":\"Jean-Paul Erhard\",\"image\":{\"@type\":\"ImageObject\",\"inLanguage\":\"fr-FR\",\"@id\":\"https:\/\/peoplesphere.be\/fr\/#\/schema\/person\/image\/\",\"url\":\"https:\/\/secure.gravatar.com\/avatar\/f941e681460179738071629a51574930?s=96&d=mm&r=g\",\"contentUrl\":\"https:\/\/secure.gravatar.com\/avatar\/f941e681460179738071629a51574930?s=96&d=mm&r=g\",\"caption\":\"Jean-Paul Erhard\"},\"url\":\"https:\/\/peoplesphere.be\/fr\/author\/jpe\/\"}]}<\/script>\n<!-- \/ Yoast SEO plugin. -->","yoast_head_json":{"title":"Licenci\u00e9s pour cause de pand\u00e9mie et pas rancuniers... 27% des travailleurs qui ont perdu leur job se disent pr\u00eats \u00e0 retrouver leurs ex-employeurs. - Peoplesphere","robots":{"index":"index","follow":"follow","max-snippet":"max-snippet:-1","max-image-preview":"max-image-preview:large","max-video-preview":"max-video-preview:-1"},"canonical":"https:\/\/peoplesphere.be\/fr\/licencies-cause-de-pandemie-rancuniers-27-travailleurs-ont-perdu-job-se-disent-prets-a-retrouver-leurs-ex-employeurs\/","og_locale":"fr_FR","og_type":"article","og_title":"Licenci\u00e9s pour cause de pand\u00e9mie et pas rancuniers... 27% des travailleurs qui ont perdu leur job se disent pr\u00eats \u00e0 retrouver leurs ex-employeurs. - Peoplesphere","og_description":"Plus d\u2019un quart des travailleurs licenci\u00e9s (27 %) est pr\u00eat \u00e0 retourner travailler chez son ancien employeur. Pour ceux qui entretenaient de bons rapports avec leur ancien employeur, ce pourcentage s\u2019\u00e9l\u00e8ve m\u00eame \u00e0 plus de la moiti\u00e9 (54,6 %). Ces [&hellip;]","og_url":"https:\/\/peoplesphere.be\/fr\/licencies-cause-de-pandemie-rancuniers-27-travailleurs-ont-perdu-job-se-disent-prets-a-retrouver-leurs-ex-employeurs\/","og_site_name":"Peoplesphere","article_publisher":"https:\/\/www.facebook.com\/peoplesphere","article_published_time":"2020-05-28T06:10:57+00:00","og_image":[{"url":"http:\/\/www.peoplesphere.be\/fr\/wp-content\/uploads\/2016\/07\/facebook-default-posting-1200x628px.jpg"}],"author":"Jean-Paul Erhard","twitter_card":"summary_large_image","twitter_creator":"@PeoplesphereMag","twitter_site":"@PeoplesphereMag","twitter_misc":{"\u00c9crit par":"Jean-Paul Erhard","Dur\u00e9e de lecture estim\u00e9e":"3 minutes"},"schema":{"@context":"https:\/\/schema.org","@graph":[{"@type":"Article","@id":"https:\/\/peoplesphere.be\/fr\/licencies-cause-de-pandemie-rancuniers-27-travailleurs-ont-perdu-job-se-disent-prets-a-retrouver-leurs-ex-employeurs\/#article","isPartOf":{"@id":"https:\/\/peoplesphere.be\/fr\/licencies-cause-de-pandemie-rancuniers-27-travailleurs-ont-perdu-job-se-disent-prets-a-retrouver-leurs-ex-employeurs\/"},"author":{"name":"Jean-Paul Erhard","@id":"https:\/\/peoplesphere.be\/fr\/#\/schema\/person\/7976225ff17988604334abb7b3536a7e"},"headline":"Licenci\u00e9s pour cause de pand\u00e9mie et pas rancuniers&#8230; 27% des travailleurs qui ont perdu leur job se disent pr\u00eats \u00e0 retrouver leurs ex-employeurs.","datePublished":"2020-05-28T06:10:57+00:00","dateModified":"2020-05-28T06:10:57+00:00","mainEntityOfPage":{"@id":"https:\/\/peoplesphere.be\/fr\/licencies-cause-de-pandemie-rancuniers-27-travailleurs-ont-perdu-job-se-disent-prets-a-retrouver-leurs-ex-employeurs\/"},"wordCount":587,"publisher":{"@id":"https:\/\/peoplesphere.be\/fr\/#organization"},"keywords":["acerta","licenciement","offboarding","r\u00e9tention","Talent pulse"],"articleSection":["Actualit\u00e9s","Digital"],"inLanguage":"fr-FR"},{"@type":"WebPage","@id":"https:\/\/peoplesphere.be\/fr\/licencies-cause-de-pandemie-rancuniers-27-travailleurs-ont-perdu-job-se-disent-prets-a-retrouver-leurs-ex-employeurs\/","url":"https:\/\/peoplesphere.be\/fr\/licencies-cause-de-pandemie-rancuniers-27-travailleurs-ont-perdu-job-se-disent-prets-a-retrouver-leurs-ex-employeurs\/","name":"Licenci\u00e9s pour cause de pand\u00e9mie et pas rancuniers... 27% des travailleurs qui ont perdu leur job se disent pr\u00eats \u00e0 retrouver leurs ex-employeurs. - Peoplesphere","isPartOf":{"@id":"https:\/\/peoplesphere.be\/fr\/#website"},"datePublished":"2020-05-28T06:10:57+00:00","dateModified":"2020-05-28T06:10:57+00:00","breadcrumb":{"@id":"https:\/\/peoplesphere.be\/fr\/licencies-cause-de-pandemie-rancuniers-27-travailleurs-ont-perdu-job-se-disent-prets-a-retrouver-leurs-ex-employeurs\/#breadcrumb"},"inLanguage":"fr-FR","potentialAction":[{"@type":"ReadAction","target":["https:\/\/peoplesphere.be\/fr\/licencies-cause-de-pandemie-rancuniers-27-travailleurs-ont-perdu-job-se-disent-prets-a-retrouver-leurs-ex-employeurs\/"]}]},{"@type":"BreadcrumbList","@id":"https:\/\/peoplesphere.be\/fr\/licencies-cause-de-pandemie-rancuniers-27-travailleurs-ont-perdu-job-se-disent-prets-a-retrouver-leurs-ex-employeurs\/#breadcrumb","itemListElement":[{"@type":"ListItem","position":1,"name":"Accueil","item":"https:\/\/peoplesphere.be\/fr\/"},{"@type":"ListItem","position":2,"name":"Licenci\u00e9s pour cause de pand\u00e9mie et pas rancuniers&#8230; 27% des travailleurs qui ont perdu leur job se disent pr\u00eats \u00e0 retrouver leurs ex-employeurs."}]},{"@type":"WebSite","@id":"https:\/\/peoplesphere.be\/fr\/#website","url":"https:\/\/peoplesphere.be\/fr\/","name":"Peoplesphere","description":"The People Managers Magazine","publisher":{"@id":"https:\/\/peoplesphere.be\/fr\/#organization"},"potentialAction":[{"@type":"SearchAction","target":{"@type":"EntryPoint","urlTemplate":"https:\/\/peoplesphere.be\/fr\/?s={search_term_string}"},"query-input":"required name=search_term_string"}],"inLanguage":"fr-FR"},{"@type":"Organization","@id":"https:\/\/peoplesphere.be\/fr\/#organization","name":"Peoplesphere Company srl","url":"https:\/\/peoplesphere.be\/fr\/","logo":{"@type":"ImageObject","inLanguage":"fr-FR","@id":"https:\/\/peoplesphere.be\/fr\/#\/schema\/logo\/image\/","url":"https:\/\/peoplesphere.be\/fr\/wp-content\/uploads\/2023\/07\/peoplesphere-lgo-new-generik.jpg","contentUrl":"https:\/\/peoplesphere.be\/fr\/wp-content\/uploads\/2023\/07\/peoplesphere-lgo-new-generik.jpg","width":1031,"height":1479,"caption":"Peoplesphere Company srl"},"image":{"@id":"https:\/\/peoplesphere.be\/fr\/#\/schema\/logo\/image\/"},"sameAs":["https:\/\/www.facebook.com\/peoplesphere","https:\/\/twitter.com\/PeoplesphereMag","https:\/\/www.linkedin.com\/company\/7587361?trk","http:\/\/youtube.com\/peoplesphere"]},{"@type":"Person","@id":"https:\/\/peoplesphere.be\/fr\/#\/schema\/person\/7976225ff17988604334abb7b3536a7e","name":"Jean-Paul Erhard","image":{"@type":"ImageObject","inLanguage":"fr-FR","@id":"https:\/\/peoplesphere.be\/fr\/#\/schema\/person\/image\/","url":"https:\/\/secure.gravatar.com\/avatar\/f941e681460179738071629a51574930?s=96&d=mm&r=g","contentUrl":"https:\/\/secure.gravatar.com\/avatar\/f941e681460179738071629a51574930?s=96&d=mm&r=g","caption":"Jean-Paul Erhard"},"url":"https:\/\/peoplesphere.be\/fr\/author\/jpe\/"}]}},"_links":{"self":[{"href":"https:\/\/peoplesphere.be\/fr\/wp-json\/wp\/v2\/posts\/9632"}],"collection":[{"href":"https:\/\/peoplesphere.be\/fr\/wp-json\/wp\/v2\/posts"}],"about":[{"href":"https:\/\/peoplesphere.be\/fr\/wp-json\/wp\/v2\/types\/post"}],"author":[{"embeddable":true,"href":"https:\/\/peoplesphere.be\/fr\/wp-json\/wp\/v2\/users\/2"}],"replies":[{"embeddable":true,"href":"https:\/\/peoplesphere.be\/fr\/wp-json\/wp\/v2\/comments?post=9632"}],"version-history":[{"count":1,"href":"https:\/\/peoplesphere.be\/fr\/wp-json\/wp\/v2\/posts\/9632\/revisions"}],"predecessor-version":[{"id":9633,"href":"https:\/\/peoplesphere.be\/fr\/wp-json\/wp\/v2\/posts\/9632\/revisions\/9633"}],"wp:attachment":[{"href":"https:\/\/peoplesphere.be\/fr\/wp-json\/wp\/v2\/media?parent=9632"}],"wp:term":[{"taxonomy":"category","embeddable":true,"href":"https:\/\/peoplesphere.be\/fr\/wp-json\/wp\/v2\/categories?post=9632"},{"taxonomy":"post_tag","embeddable":true,"href":"https:\/\/peoplesphere.be\/fr\/wp-json\/wp\/v2\/tags?post=9632"}],"curies":[{"name":"wp","href":"https:\/\/api.w.org\/{rel}","templated":true}]}}