









{"id":9677,"date":"2020-06-06T14:52:16","date_gmt":"2020-06-06T12:52:16","guid":{"rendered":"https:\/\/peoplesphere.be\/fr\/?p=9677"},"modified":"2020-06-06T14:52:16","modified_gmt":"2020-06-06T12:52:16","slug":"petit-dejeuner-servi-a-domicile-ladp-liege-12-juin-tele-travail-tele-presence-tele-confiance-vrai-sens-allons-donner-travail-monde-de-demain","status":"publish","type":"post","link":"https:\/\/peoplesphere.be\/fr\/petit-dejeuner-servi-a-domicile-ladp-liege-12-juin-tele-travail-tele-presence-tele-confiance-vrai-sens-allons-donner-travail-monde-de-demain\/","title":{"rendered":"Petit-d\u00e9jeuner servi \u00e0 domicile par l&rsquo;ADP Li\u00e8ge le 12 juin: &lsquo;T\u00e9l\u00e9-travail, t\u00e9l\u00e9-pr\u00e9sence, t\u00e9l\u00e9-confiance: quel (vrai) sens allons-nous donner au travail du monde de demain?&rsquo;"},"content":{"rendered":"<p>Compte tenu des mesures de confinement en vigueur, le dernier \u00ab\u00a0Petit D\u00e9jeuner Ressources Humaines\u00a0\u00bb de la saison 2019-2020 organis\u00e9 par l\u2019ADP Li\u00e8ge se tiendra sous la forme d\u2019un Webinaire. Il aura lieu ce vendredi 12 juin 2020 de 8h30 \u00e0 10h15. La th\u00e9matique retenue : &lsquo;T\u00e9l\u00e9-travail, t\u00e9l\u00e9-pr\u00e9sence, t\u00e9l\u00e9-confiance: quel (vrai) sens allons-nous donner au travail du monde de demain&rsquo;?&rsquo; par : Michel Dupuis, docteur en philosophie, professeur ordinaire \u00e0 l\u2019Universit\u00e9 catholique de Louvain et Pr\u00e9sident du Comit\u00e9 consultatif de bio\u00e9thique de Belgique.<!--more--><\/p>\n<p>Ces derni\u00e8res semaines, nombreuses sont les entreprises qui ont d\u00fb r\u00e9inventer leur fa\u00e7on de travailler.<br \/>\nEt \u00e0 l\u2019heure o\u00f9 le d\u00e9confinement devient une r\u00e9alit\u00e9 dans nos vies professionnelles et priv\u00e9es, Michel Dupuis nous aidera \u00e0 aborder certaines questions qui affluent \u00e0 propos du \u00ab new normal \u00bb du monde du travail, au travers d\u2019une r\u00e9flexion ax\u00e9e positivement vers \u00abl\u2019apr\u00e8s\u00bb :<\/p>\n<p>\u2022 Comment organiser le bilan de cette p\u00e9riode et assurer la r\u00e9silience individuelle et collective ?<br \/>\n\u2022 L\u2019objectif commun de l\u2019entreprise a\u2013t-il chang\u00e9 ?<br \/>\n\u2022 Dans quel \u00e9tat en ressortent les relations humaines ?<br \/>\n\u2022 Avec quelle image l\u2019entreprise ressort-elle de la crise ?<br \/>\n\u2022 La gestion du temps de travail et de la confiance manag\u00e9riale sont-elles d\u00e9sormais diff\u00e9rentes ?<\/p>\n<p>L\u2019expos\u00e9 sera pr\u00e9c\u00e9d\u00e9 des traditionnelles \u00ab\u00a010 minutes d\u2019actualit\u00e9s socio-juridiques\u00a0\u00bb pr\u00e9sent\u00e9es par Jean-Paul Lacomble, avocat associ\u00e9 chez Claeys &amp; Engels. L\u2019\u00e9v\u00e9nement inclura une quinzaine de minutes de \u00ab social talk \u00bb dans l\u2019esprit de convivialit\u00e9 qui caract\u00e9rise l\u2019ADP Li\u00e8ge, ainsi qu\u2019une session de questions-r\u00e9ponses.<\/p>\n<p>INSCRIPTION OBLIGATOIRE<br \/>\nvia <a href=\"http:\/\/www.adp-liege.be\/fr\/inscription-petit-dejeuner-adp\">http:\/\/www.adp-liege.be\/fr\/inscription-petit-dejeuner-adp<\/a><\/p>\n<p>Participation aux frais : gratuit pour tous les participants<\/p>\n<p>Pour une bonne organisation pratique, les inscriptions seront cl\u00f4tur\u00e9es le mercredi 10 juin \u00e0 minuit. Un lien Internet leur permettant de se connecter sera envoy\u00e9 avant le webinaire \u00e0 tous les participants inscrits.<\/p>\n","protected":false},"excerpt":{"rendered":"<p>Compte tenu des mesures de confinement en vigueur, le dernier \u00ab\u00a0Petit D\u00e9jeuner Ressources Humaines\u00a0\u00bb de la saison 2019-2020 organis\u00e9 par l\u2019ADP Li\u00e8ge se tiendra sous la forme d\u2019un Webinaire. Il aura lieu ce vendredi 12 juin 2020 de 8h30 \u00e0 [&hellip;]<\/p>\n","protected":false},"author":2,"featured_media":0,"comment_status":"closed","ping_status":"open","sticky":false,"template":"","format":"standard","meta":[],"categories":[65,67,10,8],"tags":[274,320,189,232,219],"yoast_head":"<!-- This site is optimized with the Yoast SEO plugin v21.0 - https:\/\/yoast.com\/wordpress\/plugins\/seo\/ -->\n<title>Petit-d\u00e9jeuner servi \u00e0 domicile par l&#039;ADP Li\u00e8ge le 12 juin: &#039;T\u00e9l\u00e9-travail, t\u00e9l\u00e9-pr\u00e9sence, t\u00e9l\u00e9-confiance: quel (vrai) sens allons-nous donner au travail du monde de demain?&#039; - Peoplesphere<\/title>\n<meta name=\"robots\" content=\"index, follow, max-snippet:-1, max-image-preview:large, max-video-preview:-1\" \/>\n<link rel=\"canonical\" href=\"https:\/\/peoplesphere.be\/fr\/petit-dejeuner-servi-a-domicile-ladp-liege-12-juin-tele-travail-tele-presence-tele-confiance-vrai-sens-allons-donner-travail-monde-de-demain\/\" \/>\n<meta property=\"og:locale\" content=\"fr_FR\" \/>\n<meta property=\"og:type\" content=\"article\" \/>\n<meta property=\"og:title\" content=\"Petit-d\u00e9jeuner servi \u00e0 domicile par l&#039;ADP Li\u00e8ge le 12 juin: &#039;T\u00e9l\u00e9-travail, t\u00e9l\u00e9-pr\u00e9sence, t\u00e9l\u00e9-confiance: quel (vrai) sens allons-nous donner au travail du monde de demain?&#039; - Peoplesphere\" \/>\n<meta property=\"og:description\" content=\"Compte tenu des mesures de confinement en vigueur, le dernier \u00ab\u00a0Petit D\u00e9jeuner Ressources Humaines\u00a0\u00bb de la saison 2019-2020 organis\u00e9 par l\u2019ADP Li\u00e8ge se tiendra sous la forme d\u2019un Webinaire. Il aura lieu ce vendredi 12 juin 2020 de 8h30 \u00e0 [&hellip;]\" \/>\n<meta property=\"og:url\" content=\"https:\/\/peoplesphere.be\/fr\/petit-dejeuner-servi-a-domicile-ladp-liege-12-juin-tele-travail-tele-presence-tele-confiance-vrai-sens-allons-donner-travail-monde-de-demain\/\" \/>\n<meta property=\"og:site_name\" content=\"Peoplesphere\" \/>\n<meta property=\"article:publisher\" content=\"https:\/\/www.facebook.com\/peoplesphere\" \/>\n<meta property=\"article:published_time\" content=\"2020-06-06T12:52:16+00:00\" \/>\n<meta property=\"og:image\" content=\"http:\/\/www.peoplesphere.be\/fr\/wp-content\/uploads\/2016\/07\/facebook-default-posting-1200x628px.jpg\" \/>\n<meta name=\"author\" content=\"Jean-Paul Erhard\" \/>\n<meta name=\"twitter:card\" content=\"summary_large_image\" \/>\n<meta name=\"twitter:creator\" content=\"@PeoplesphereMag\" \/>\n<meta name=\"twitter:site\" content=\"@PeoplesphereMag\" \/>\n<meta name=\"twitter:label1\" content=\"\u00c9crit par\" \/>\n\t<meta name=\"twitter:data1\" content=\"Jean-Paul Erhard\" \/>\n\t<meta name=\"twitter:label2\" content=\"Dur\u00e9e de lecture estim\u00e9e\" \/>\n\t<meta name=\"twitter:data2\" content=\"2 minutes\" \/>\n<script type=\"application\/ld+json\" class=\"yoast-schema-graph\">{\"@context\":\"https:\/\/schema.org\",\"@graph\":[{\"@type\":\"Article\",\"@id\":\"https:\/\/peoplesphere.be\/fr\/petit-dejeuner-servi-a-domicile-ladp-liege-12-juin-tele-travail-tele-presence-tele-confiance-vrai-sens-allons-donner-travail-monde-de-demain\/#article\",\"isPartOf\":{\"@id\":\"https:\/\/peoplesphere.be\/fr\/petit-dejeuner-servi-a-domicile-ladp-liege-12-juin-tele-travail-tele-presence-tele-confiance-vrai-sens-allons-donner-travail-monde-de-demain\/\"},\"author\":{\"name\":\"Jean-Paul Erhard\",\"@id\":\"https:\/\/peoplesphere.be\/fr\/#\/schema\/person\/7976225ff17988604334abb7b3536a7e\"},\"headline\":\"Petit-d\u00e9jeuner servi \u00e0 domicile par l&rsquo;ADP Li\u00e8ge le 12 juin: &lsquo;T\u00e9l\u00e9-travail, t\u00e9l\u00e9-pr\u00e9sence, t\u00e9l\u00e9-confiance: quel (vrai) sens allons-nous donner au travail du monde de demain?&rsquo;\",\"datePublished\":\"2020-06-06T12:52:16+00:00\",\"dateModified\":\"2020-06-06T12:52:16+00:00\",\"mainEntityOfPage\":{\"@id\":\"https:\/\/peoplesphere.be\/fr\/petit-dejeuner-servi-a-domicile-ladp-liege-12-juin-tele-travail-tele-presence-tele-confiance-vrai-sens-allons-donner-travail-monde-de-demain\/\"},\"wordCount\":353,\"publisher\":{\"@id\":\"https:\/\/peoplesphere.be\/fr\/#organization\"},\"keywords\":[\"ADP Li\u00e8ge\",\"confiance\",\"leadership\",\"people management\",\"t\u00e9l\u00e9travail\"],\"articleSection\":[\"Actualit\u00e9s\",\"Calendrier\",\"Digital\",\"Events\"],\"inLanguage\":\"fr-FR\"},{\"@type\":\"WebPage\",\"@id\":\"https:\/\/peoplesphere.be\/fr\/petit-dejeuner-servi-a-domicile-ladp-liege-12-juin-tele-travail-tele-presence-tele-confiance-vrai-sens-allons-donner-travail-monde-de-demain\/\",\"url\":\"https:\/\/peoplesphere.be\/fr\/petit-dejeuner-servi-a-domicile-ladp-liege-12-juin-tele-travail-tele-presence-tele-confiance-vrai-sens-allons-donner-travail-monde-de-demain\/\",\"name\":\"Petit-d\u00e9jeuner servi \u00e0 domicile par l'ADP Li\u00e8ge le 12 juin: 'T\u00e9l\u00e9-travail, t\u00e9l\u00e9-pr\u00e9sence, t\u00e9l\u00e9-confiance: quel (vrai) sens allons-nous donner au travail du monde de demain?' - Peoplesphere\",\"isPartOf\":{\"@id\":\"https:\/\/peoplesphere.be\/fr\/#website\"},\"datePublished\":\"2020-06-06T12:52:16+00:00\",\"dateModified\":\"2020-06-06T12:52:16+00:00\",\"breadcrumb\":{\"@id\":\"https:\/\/peoplesphere.be\/fr\/petit-dejeuner-servi-a-domicile-ladp-liege-12-juin-tele-travail-tele-presence-tele-confiance-vrai-sens-allons-donner-travail-monde-de-demain\/#breadcrumb\"},\"inLanguage\":\"fr-FR\",\"potentialAction\":[{\"@type\":\"ReadAction\",\"target\":[\"https:\/\/peoplesphere.be\/fr\/petit-dejeuner-servi-a-domicile-ladp-liege-12-juin-tele-travail-tele-presence-tele-confiance-vrai-sens-allons-donner-travail-monde-de-demain\/\"]}]},{\"@type\":\"BreadcrumbList\",\"@id\":\"https:\/\/peoplesphere.be\/fr\/petit-dejeuner-servi-a-domicile-ladp-liege-12-juin-tele-travail-tele-presence-tele-confiance-vrai-sens-allons-donner-travail-monde-de-demain\/#breadcrumb\",\"itemListElement\":[{\"@type\":\"ListItem\",\"position\":1,\"name\":\"Accueil\",\"item\":\"https:\/\/peoplesphere.be\/fr\/\"},{\"@type\":\"ListItem\",\"position\":2,\"name\":\"Petit-d\u00e9jeuner servi \u00e0 domicile par l&rsquo;ADP Li\u00e8ge le 12 juin: &lsquo;T\u00e9l\u00e9-travail, t\u00e9l\u00e9-pr\u00e9sence, t\u00e9l\u00e9-confiance: quel (vrai) sens allons-nous donner au travail du monde de demain?&rsquo;\"}]},{\"@type\":\"WebSite\",\"@id\":\"https:\/\/peoplesphere.be\/fr\/#website\",\"url\":\"https:\/\/peoplesphere.be\/fr\/\",\"name\":\"Peoplesphere\",\"description\":\"The People Managers Magazine\",\"publisher\":{\"@id\":\"https:\/\/peoplesphere.be\/fr\/#organization\"},\"potentialAction\":[{\"@type\":\"SearchAction\",\"target\":{\"@type\":\"EntryPoint\",\"urlTemplate\":\"https:\/\/peoplesphere.be\/fr\/?s={search_term_string}\"},\"query-input\":\"required name=search_term_string\"}],\"inLanguage\":\"fr-FR\"},{\"@type\":\"Organization\",\"@id\":\"https:\/\/peoplesphere.be\/fr\/#organization\",\"name\":\"Peoplesphere Company srl\",\"url\":\"https:\/\/peoplesphere.be\/fr\/\",\"logo\":{\"@type\":\"ImageObject\",\"inLanguage\":\"fr-FR\",\"@id\":\"https:\/\/peoplesphere.be\/fr\/#\/schema\/logo\/image\/\",\"url\":\"https:\/\/peoplesphere.be\/fr\/wp-content\/uploads\/2023\/07\/peoplesphere-lgo-new-generik.jpg\",\"contentUrl\":\"https:\/\/peoplesphere.be\/fr\/wp-content\/uploads\/2023\/07\/peoplesphere-lgo-new-generik.jpg\",\"width\":1031,\"height\":1479,\"caption\":\"Peoplesphere Company srl\"},\"image\":{\"@id\":\"https:\/\/peoplesphere.be\/fr\/#\/schema\/logo\/image\/\"},\"sameAs\":[\"https:\/\/www.facebook.com\/peoplesphere\",\"https:\/\/twitter.com\/PeoplesphereMag\",\"https:\/\/www.linkedin.com\/company\/7587361?trk\",\"http:\/\/youtube.com\/peoplesphere\"]},{\"@type\":\"Person\",\"@id\":\"https:\/\/peoplesphere.be\/fr\/#\/schema\/person\/7976225ff17988604334abb7b3536a7e\",\"name\":\"Jean-Paul Erhard\",\"image\":{\"@type\":\"ImageObject\",\"inLanguage\":\"fr-FR\",\"@id\":\"https:\/\/peoplesphere.be\/fr\/#\/schema\/person\/image\/\",\"url\":\"https:\/\/secure.gravatar.com\/avatar\/f941e681460179738071629a51574930?s=96&d=mm&r=g\",\"contentUrl\":\"https:\/\/secure.gravatar.com\/avatar\/f941e681460179738071629a51574930?s=96&d=mm&r=g\",\"caption\":\"Jean-Paul Erhard\"},\"url\":\"https:\/\/peoplesphere.be\/fr\/author\/jpe\/\"}]}<\/script>\n<!-- \/ Yoast SEO plugin. -->","yoast_head_json":{"title":"Petit-d\u00e9jeuner servi \u00e0 domicile par l'ADP Li\u00e8ge le 12 juin: 'T\u00e9l\u00e9-travail, t\u00e9l\u00e9-pr\u00e9sence, t\u00e9l\u00e9-confiance: quel (vrai) sens allons-nous donner au travail du monde de demain?' - Peoplesphere","robots":{"index":"index","follow":"follow","max-snippet":"max-snippet:-1","max-image-preview":"max-image-preview:large","max-video-preview":"max-video-preview:-1"},"canonical":"https:\/\/peoplesphere.be\/fr\/petit-dejeuner-servi-a-domicile-ladp-liege-12-juin-tele-travail-tele-presence-tele-confiance-vrai-sens-allons-donner-travail-monde-de-demain\/","og_locale":"fr_FR","og_type":"article","og_title":"Petit-d\u00e9jeuner servi \u00e0 domicile par l'ADP Li\u00e8ge le 12 juin: 'T\u00e9l\u00e9-travail, t\u00e9l\u00e9-pr\u00e9sence, t\u00e9l\u00e9-confiance: quel (vrai) sens allons-nous donner au travail du monde de demain?' - Peoplesphere","og_description":"Compte tenu des mesures de confinement en vigueur, le dernier \u00ab\u00a0Petit D\u00e9jeuner Ressources Humaines\u00a0\u00bb de la saison 2019-2020 organis\u00e9 par l\u2019ADP Li\u00e8ge se tiendra sous la forme d\u2019un Webinaire. Il aura lieu ce vendredi 12 juin 2020 de 8h30 \u00e0 [&hellip;]","og_url":"https:\/\/peoplesphere.be\/fr\/petit-dejeuner-servi-a-domicile-ladp-liege-12-juin-tele-travail-tele-presence-tele-confiance-vrai-sens-allons-donner-travail-monde-de-demain\/","og_site_name":"Peoplesphere","article_publisher":"https:\/\/www.facebook.com\/peoplesphere","article_published_time":"2020-06-06T12:52:16+00:00","og_image":[{"url":"http:\/\/www.peoplesphere.be\/fr\/wp-content\/uploads\/2016\/07\/facebook-default-posting-1200x628px.jpg"}],"author":"Jean-Paul Erhard","twitter_card":"summary_large_image","twitter_creator":"@PeoplesphereMag","twitter_site":"@PeoplesphereMag","twitter_misc":{"\u00c9crit par":"Jean-Paul Erhard","Dur\u00e9e de lecture estim\u00e9e":"2 minutes"},"schema":{"@context":"https:\/\/schema.org","@graph":[{"@type":"Article","@id":"https:\/\/peoplesphere.be\/fr\/petit-dejeuner-servi-a-domicile-ladp-liege-12-juin-tele-travail-tele-presence-tele-confiance-vrai-sens-allons-donner-travail-monde-de-demain\/#article","isPartOf":{"@id":"https:\/\/peoplesphere.be\/fr\/petit-dejeuner-servi-a-domicile-ladp-liege-12-juin-tele-travail-tele-presence-tele-confiance-vrai-sens-allons-donner-travail-monde-de-demain\/"},"author":{"name":"Jean-Paul Erhard","@id":"https:\/\/peoplesphere.be\/fr\/#\/schema\/person\/7976225ff17988604334abb7b3536a7e"},"headline":"Petit-d\u00e9jeuner servi \u00e0 domicile par l&rsquo;ADP Li\u00e8ge le 12 juin: &lsquo;T\u00e9l\u00e9-travail, t\u00e9l\u00e9-pr\u00e9sence, t\u00e9l\u00e9-confiance: quel (vrai) sens allons-nous donner au travail du monde de demain?&rsquo;","datePublished":"2020-06-06T12:52:16+00:00","dateModified":"2020-06-06T12:52:16+00:00","mainEntityOfPage":{"@id":"https:\/\/peoplesphere.be\/fr\/petit-dejeuner-servi-a-domicile-ladp-liege-12-juin-tele-travail-tele-presence-tele-confiance-vrai-sens-allons-donner-travail-monde-de-demain\/"},"wordCount":353,"publisher":{"@id":"https:\/\/peoplesphere.be\/fr\/#organization"},"keywords":["ADP Li\u00e8ge","confiance","leadership","people management","t\u00e9l\u00e9travail"],"articleSection":["Actualit\u00e9s","Calendrier","Digital","Events"],"inLanguage":"fr-FR"},{"@type":"WebPage","@id":"https:\/\/peoplesphere.be\/fr\/petit-dejeuner-servi-a-domicile-ladp-liege-12-juin-tele-travail-tele-presence-tele-confiance-vrai-sens-allons-donner-travail-monde-de-demain\/","url":"https:\/\/peoplesphere.be\/fr\/petit-dejeuner-servi-a-domicile-ladp-liege-12-juin-tele-travail-tele-presence-tele-confiance-vrai-sens-allons-donner-travail-monde-de-demain\/","name":"Petit-d\u00e9jeuner servi \u00e0 domicile par l'ADP Li\u00e8ge le 12 juin: 'T\u00e9l\u00e9-travail, t\u00e9l\u00e9-pr\u00e9sence, t\u00e9l\u00e9-confiance: quel (vrai) sens allons-nous donner au travail du monde de demain?' - Peoplesphere","isPartOf":{"@id":"https:\/\/peoplesphere.be\/fr\/#website"},"datePublished":"2020-06-06T12:52:16+00:00","dateModified":"2020-06-06T12:52:16+00:00","breadcrumb":{"@id":"https:\/\/peoplesphere.be\/fr\/petit-dejeuner-servi-a-domicile-ladp-liege-12-juin-tele-travail-tele-presence-tele-confiance-vrai-sens-allons-donner-travail-monde-de-demain\/#breadcrumb"},"inLanguage":"fr-FR","potentialAction":[{"@type":"ReadAction","target":["https:\/\/peoplesphere.be\/fr\/petit-dejeuner-servi-a-domicile-ladp-liege-12-juin-tele-travail-tele-presence-tele-confiance-vrai-sens-allons-donner-travail-monde-de-demain\/"]}]},{"@type":"BreadcrumbList","@id":"https:\/\/peoplesphere.be\/fr\/petit-dejeuner-servi-a-domicile-ladp-liege-12-juin-tele-travail-tele-presence-tele-confiance-vrai-sens-allons-donner-travail-monde-de-demain\/#breadcrumb","itemListElement":[{"@type":"ListItem","position":1,"name":"Accueil","item":"https:\/\/peoplesphere.be\/fr\/"},{"@type":"ListItem","position":2,"name":"Petit-d\u00e9jeuner servi \u00e0 domicile par l&rsquo;ADP Li\u00e8ge le 12 juin: &lsquo;T\u00e9l\u00e9-travail, t\u00e9l\u00e9-pr\u00e9sence, t\u00e9l\u00e9-confiance: quel (vrai) sens allons-nous donner au travail du monde de demain?&rsquo;"}]},{"@type":"WebSite","@id":"https:\/\/peoplesphere.be\/fr\/#website","url":"https:\/\/peoplesphere.be\/fr\/","name":"Peoplesphere","description":"The People Managers Magazine","publisher":{"@id":"https:\/\/peoplesphere.be\/fr\/#organization"},"potentialAction":[{"@type":"SearchAction","target":{"@type":"EntryPoint","urlTemplate":"https:\/\/peoplesphere.be\/fr\/?s={search_term_string}"},"query-input":"required name=search_term_string"}],"inLanguage":"fr-FR"},{"@type":"Organization","@id":"https:\/\/peoplesphere.be\/fr\/#organization","name":"Peoplesphere Company srl","url":"https:\/\/peoplesphere.be\/fr\/","logo":{"@type":"ImageObject","inLanguage":"fr-FR","@id":"https:\/\/peoplesphere.be\/fr\/#\/schema\/logo\/image\/","url":"https:\/\/peoplesphere.be\/fr\/wp-content\/uploads\/2023\/07\/peoplesphere-lgo-new-generik.jpg","contentUrl":"https:\/\/peoplesphere.be\/fr\/wp-content\/uploads\/2023\/07\/peoplesphere-lgo-new-generik.jpg","width":1031,"height":1479,"caption":"Peoplesphere Company srl"},"image":{"@id":"https:\/\/peoplesphere.be\/fr\/#\/schema\/logo\/image\/"},"sameAs":["https:\/\/www.facebook.com\/peoplesphere","https:\/\/twitter.com\/PeoplesphereMag","https:\/\/www.linkedin.com\/company\/7587361?trk","http:\/\/youtube.com\/peoplesphere"]},{"@type":"Person","@id":"https:\/\/peoplesphere.be\/fr\/#\/schema\/person\/7976225ff17988604334abb7b3536a7e","name":"Jean-Paul Erhard","image":{"@type":"ImageObject","inLanguage":"fr-FR","@id":"https:\/\/peoplesphere.be\/fr\/#\/schema\/person\/image\/","url":"https:\/\/secure.gravatar.com\/avatar\/f941e681460179738071629a51574930?s=96&d=mm&r=g","contentUrl":"https:\/\/secure.gravatar.com\/avatar\/f941e681460179738071629a51574930?s=96&d=mm&r=g","caption":"Jean-Paul Erhard"},"url":"https:\/\/peoplesphere.be\/fr\/author\/jpe\/"}]}},"_links":{"self":[{"href":"https:\/\/peoplesphere.be\/fr\/wp-json\/wp\/v2\/posts\/9677"}],"collection":[{"href":"https:\/\/peoplesphere.be\/fr\/wp-json\/wp\/v2\/posts"}],"about":[{"href":"https:\/\/peoplesphere.be\/fr\/wp-json\/wp\/v2\/types\/post"}],"author":[{"embeddable":true,"href":"https:\/\/peoplesphere.be\/fr\/wp-json\/wp\/v2\/users\/2"}],"replies":[{"embeddable":true,"href":"https:\/\/peoplesphere.be\/fr\/wp-json\/wp\/v2\/comments?post=9677"}],"version-history":[{"count":1,"href":"https:\/\/peoplesphere.be\/fr\/wp-json\/wp\/v2\/posts\/9677\/revisions"}],"predecessor-version":[{"id":9678,"href":"https:\/\/peoplesphere.be\/fr\/wp-json\/wp\/v2\/posts\/9677\/revisions\/9678"}],"wp:attachment":[{"href":"https:\/\/peoplesphere.be\/fr\/wp-json\/wp\/v2\/media?parent=9677"}],"wp:term":[{"taxonomy":"category","embeddable":true,"href":"https:\/\/peoplesphere.be\/fr\/wp-json\/wp\/v2\/categories?post=9677"},{"taxonomy":"post_tag","embeddable":true,"href":"https:\/\/peoplesphere.be\/fr\/wp-json\/wp\/v2\/tags?post=9677"}],"curies":[{"name":"wp","href":"https:\/\/api.w.org\/{rel}","templated":true}]}}